{"id":8562,"date":"2021-02-19T10:56:26","date_gmt":"2021-02-19T10:56:26","guid":{"rendered":"https:\/\/www.uaga.eus\/?p=8562"},"modified":"2021-02-19T10:58:37","modified_gmt":"2021-02-19T10:58:37","slug":"coag-asaja-y-upa-exigen-la-retirada-de-la-orden-del-ministerio-que-pretende-declarar-al-lobo-como-especie-protegida","status":"publish","type":"post","link":"https:\/\/www.uaga.eus\/eu\/coag-asaja-y-upa-exigen-la-retirada-de-la-orden-del-ministerio-que-pretende-declarar-al-lobo-como-especie-protegida\/","title":{"rendered":"COAG, ASAJA y UPA exigen la retirada de la Orden del Ministerio que pretende declarar al lobo como especie protegida \u00a0"},"content":{"rendered":"<p><span style=\"font-family: arial, helvetica neue, helvetica, sans-serif;\">Las tres principales organizaciones agrarias estatales, COAG, de la que forma parte UAGA, ASAJA y UPA trasladar\u00e1n al Ministerio de Medio Ambiente la petici\u00f3n de retirada inmediata de la Orden Ministerial que incluye al lobo como especie protegida.<\/p>\n<p>Adem\u00e1s, muestran su disposici\u00f3n para acordar medidas que permitan la actividad ganadera y la fauna silvestre.<\/p>\n<p>Ponen en cuesti\u00f3n la votaci\u00f3n que ha provocado esta situaci\u00f3n, con los votos en contra de las Comunidades Aut\u00f3nomas donde el lobo est\u00e1 implantado.<\/p>\n<p>Adem\u00e1s, argumentan que el censo de lobos y el informe sobre los que se ha basado la Orden de protecci\u00f3n no reflejan la situaci\u00f3n actual, y tampoco cuenta con el consenso de todas las organizaciones ecologistas y conservacionistas.<\/p>\n<p>Para resolver esta situaci\u00f3n, plantean la elaboraci\u00f3n de un Plan de Actuaci\u00f3n Global sobre el Lobo, que incluya datos actuales, ya que se encuentra en expansi\u00f3n, pasando de 10.000 ataques en 2019 a 15.000 en 2020, y que incluya tambi\u00e9n medidas de gesti\u00f3n, control y prevenci\u00f3n, as\u00ed como indemnizaciones al sector ganadero.\u00a0<\/span><\/p>\n<p>+info GUSTAVO: 635 704 865<\/p>","protected":false},"excerpt":{"rendered":"<p>Las tres principales organizaciones agrarias estatales, COAG, de la que forma parte UAGA, ASAJA y UPA trasladar\u00e1n al Ministerio de Medio Ambiente la petici\u00f3n de retirada inmediata de la Orden Ministerial que incluye al lobo como especie protegida. Adem\u00e1s, muestran su disposici\u00f3n para acordar medidas que permitan la actividad ganadera y la fauna silvestre. Ponen [&hellip;]<\/p>\n","protected":false},"author":4,"featured_media":8555,"comment_status":"closed","ping_status":"closed","sticky":false,"template":"","format":"standard","meta":{"footnotes":""},"categories":[8,11],"tags":[],"yoast_head":"<!-- This site is optimized with the Yoast SEO plugin v21.5 - https:\/\/yoast.com\/wordpress\/plugins\/seo\/ -->\n<title>COAG, ASAJA y UPA exigen la retirada de la Orden del Ministerio que pretende declarar al lobo como especie protegida \u00a0 - UAGA<\/title>\n<meta name=\"robots\" content=\"index, follow, max-snippet:-1, max-image-preview:large, max-video-preview:-1\" \/>\n<link rel=\"canonical\" href=\"https:\/\/www.uaga.eus\/eu\/coag-asaja-y-upa-exigen-la-retirada-de-la-orden-del-ministerio-que-pretende-declarar-al-lobo-como-especie-protegida\/\" \/>\n<meta property=\"og:locale\" content=\"en_US\" \/>\n<meta property=\"og:type\" content=\"article\" \/>\n<meta property=\"og:title\" content=\"COAG, ASAJA y UPA exigen la retirada de la Orden del Ministerio que pretende declarar al lobo como especie protegida \u00a0 - UAGA\" \/>\n<meta property=\"og:description\" content=\"Las tres principales organizaciones agrarias estatales, COAG, de la que forma parte UAGA, ASAJA y UPA trasladar\u00e1n al Ministerio de Medio Ambiente la petici\u00f3n de retirada inmediata de la Orden Ministerial que incluye al lobo como especie protegida. Adem\u00e1s, muestran su disposici\u00f3n para acordar medidas que permitan la actividad ganadera y la fauna silvestre. Ponen [&hellip;]\" \/>\n<meta property=\"og:url\" content=\"https:\/\/www.uaga.eus\/eu\/coag-asaja-y-upa-exigen-la-retirada-de-la-orden-del-ministerio-que-pretende-declarar-al-lobo-como-especie-protegida\/\" \/>\n<meta property=\"og:site_name\" content=\"UAGA\" \/>\n<meta property=\"article:published_time\" content=\"2021-02-19T10:56:26+00:00\" \/>\n<meta property=\"article:modified_time\" content=\"2021-02-19T10:58:37+00:00\" \/>\n<meta property=\"og:image\" content=\"https:\/\/www.uaga.eus\/wp-content\/uploads\/2021\/02\/LOBO-IBERICO-e1613731848905.jpg\" \/>\n\t<meta property=\"og:image:width\" content=\"650\" \/>\n\t<meta property=\"og:image:height\" content=\"344\" \/>\n\t<meta property=\"og:image:type\" content=\"image\/jpeg\" \/>\n<meta name=\"author\" content=\"Blanca S\u00e1nchez\" \/>\n<meta name=\"twitter:card\" content=\"summary_large_image\" \/>\n<meta name=\"twitter:label1\" content=\"Written by\" \/>\n\t<meta name=\"twitter:data1\" content=\"Blanca S\u00e1nchez\" \/>\n\t<meta name=\"twitter:label2\" content=\"Est. reading time\" \/>\n\t<meta name=\"twitter:data2\" content=\"2 minutua\" \/>\n<script type=\"application\/ld+json\" class=\"yoast-schema-graph\">{\"@context\":\"https:\/\/schema.org\",\"@graph\":[{\"@type\":\"WebPage\",\"@id\":\"https:\/\/www.uaga.eus\/eu\/coag-asaja-y-upa-exigen-la-retirada-de-la-orden-del-ministerio-que-pretende-declarar-al-lobo-como-especie-protegida\/\",\"url\":\"https:\/\/www.uaga.eus\/eu\/coag-asaja-y-upa-exigen-la-retirada-de-la-orden-del-ministerio-que-pretende-declarar-al-lobo-como-especie-protegida\/\",\"name\":\"COAG, ASAJA y UPA exigen la retirada de la Orden del Ministerio que pretende declarar al lobo como especie protegida \u00a0 - UAGA\",\"isPartOf\":{\"@id\":\"https:\/\/www.uaga.eus\/#website\"},\"datePublished\":\"2021-02-19T10:56:26+00:00\",\"dateModified\":\"2021-02-19T10:58:37+00:00\",\"author\":{\"@id\":\"https:\/\/www.uaga.eus\/#\/schema\/person\/48c3cbf0f33d1b788226dbb6518689cf\"},\"breadcrumb\":{\"@id\":\"https:\/\/www.uaga.eus\/eu\/coag-asaja-y-upa-exigen-la-retirada-de-la-orden-del-ministerio-que-pretende-declarar-al-lobo-como-especie-protegida\/#breadcrumb\"},\"inLanguage\":\"eu\",\"potentialAction\":[{\"@type\":\"ReadAction\",\"target\":[\"https:\/\/www.uaga.eus\/eu\/coag-asaja-y-upa-exigen-la-retirada-de-la-orden-del-ministerio-que-pretende-declarar-al-lobo-como-especie-protegida\/\"]}]},{\"@type\":\"BreadcrumbList\",\"@id\":\"https:\/\/www.uaga.eus\/eu\/coag-asaja-y-upa-exigen-la-retirada-de-la-orden-del-ministerio-que-pretende-declarar-al-lobo-como-especie-protegida\/#breadcrumb\",\"itemListElement\":[{\"@type\":\"ListItem\",\"position\":1,\"name\":\"Inicio\",\"item\":\"https:\/\/www.uaga.eus\/\"},{\"@type\":\"ListItem\",\"position\":2,\"name\":\"COAG, ASAJA y UPA exigen la retirada de la Orden del Ministerio que pretende declarar al lobo como especie protegida \u00a0\"}]},{\"@type\":\"WebSite\",\"@id\":\"https:\/\/www.uaga.eus\/#website\",\"url\":\"https:\/\/www.uaga.eus\/\",\"name\":\"UAGA\",\"description\":\"Uni\u00f3n Agroganadera de \u00c1lava - Araba Nekazarien Elkartea\",\"potentialAction\":[{\"@type\":\"SearchAction\",\"target\":{\"@type\":\"EntryPoint\",\"urlTemplate\":\"https:\/\/www.uaga.eus\/?s={search_term_string}\"},\"query-input\":\"required name=search_term_string\"}],\"inLanguage\":\"eu\"},{\"@type\":\"Person\",\"@id\":\"https:\/\/www.uaga.eus\/#\/schema\/person\/48c3cbf0f33d1b788226dbb6518689cf\",\"name\":\"Blanca S\u00e1nchez\",\"image\":{\"@type\":\"ImageObject\",\"inLanguage\":\"eu\",\"@id\":\"https:\/\/www.uaga.eus\/#\/schema\/person\/image\/\",\"url\":\"https:\/\/secure.gravatar.com\/avatar\/0dc91c20648254b1ce84877283f6751b?s=96&d=mm&r=g\",\"contentUrl\":\"https:\/\/secure.gravatar.com\/avatar\/0dc91c20648254b1ce84877283f6751b?s=96&d=mm&r=g\",\"caption\":\"Blanca S\u00e1nchez\"},\"url\":\"https:\/\/www.uaga.eus\/eu\/author\/bsanchez\/\"}]}<\/script>\n<!-- \/ Yoast SEO plugin. -->","yoast_head_json":{"title":"COAG, ASAJA y UPA exigen la retirada de la Orden del Ministerio que pretende declarar al lobo como especie protegida \u00a0 - UAGA","robots":{"index":"index","follow":"follow","max-snippet":"max-snippet:-1","max-image-preview":"max-image-preview:large","max-video-preview":"max-video-preview:-1"},"canonical":"https:\/\/www.uaga.eus\/eu\/coag-asaja-y-upa-exigen-la-retirada-de-la-orden-del-ministerio-que-pretende-declarar-al-lobo-como-especie-protegida\/","og_locale":"en_US","og_type":"article","og_title":"COAG, ASAJA y UPA exigen la retirada de la Orden del Ministerio que pretende declarar al lobo como especie protegida \u00a0 - UAGA","og_description":"Las tres principales organizaciones agrarias estatales, COAG, de la que forma parte UAGA, ASAJA y UPA trasladar\u00e1n al Ministerio de Medio Ambiente la petici\u00f3n de retirada inmediata de la Orden Ministerial que incluye al lobo como especie protegida. Adem\u00e1s, muestran su disposici\u00f3n para acordar medidas que permitan la actividad ganadera y la fauna silvestre. Ponen [&hellip;]","og_url":"https:\/\/www.uaga.eus\/eu\/coag-asaja-y-upa-exigen-la-retirada-de-la-orden-del-ministerio-que-pretende-declarar-al-lobo-como-especie-protegida\/","og_site_name":"UAGA","article_published_time":"2021-02-19T10:56:26+00:00","article_modified_time":"2021-02-19T10:58:37+00:00","og_image":[{"width":650,"height":344,"url":"https:\/\/www.uaga.eus\/wp-content\/uploads\/2021\/02\/LOBO-IBERICO-e1613731848905.jpg","type":"image\/jpeg"}],"author":"Blanca S\u00e1nchez","twitter_card":"summary_large_image","twitter_misc":{"Written by":"Blanca S\u00e1nchez","Est. reading time":"2 minutua"},"schema":{"@context":"https:\/\/schema.org","@graph":[{"@type":"WebPage","@id":"https:\/\/www.uaga.eus\/eu\/coag-asaja-y-upa-exigen-la-retirada-de-la-orden-del-ministerio-que-pretende-declarar-al-lobo-como-especie-protegida\/","url":"https:\/\/www.uaga.eus\/eu\/coag-asaja-y-upa-exigen-la-retirada-de-la-orden-del-ministerio-que-pretende-declarar-al-lobo-como-especie-protegida\/","name":"COAG, ASAJA y UPA exigen la retirada de la Orden del Ministerio que pretende declarar al lobo como especie protegida \u00a0 - UAGA","isPartOf":{"@id":"https:\/\/www.uaga.eus\/#website"},"datePublished":"2021-02-19T10:56:26+00:00","dateModified":"2021-02-19T10:58:37+00:00","author":{"@id":"https:\/\/www.uaga.eus\/#\/schema\/person\/48c3cbf0f33d1b788226dbb6518689cf"},"breadcrumb":{"@id":"https:\/\/www.uaga.eus\/eu\/coag-asaja-y-upa-exigen-la-retirada-de-la-orden-del-ministerio-que-pretende-declarar-al-lobo-como-especie-protegida\/#breadcrumb"},"inLanguage":"eu","potentialAction":[{"@type":"ReadAction","target":["https:\/\/www.uaga.eus\/eu\/coag-asaja-y-upa-exigen-la-retirada-de-la-orden-del-ministerio-que-pretende-declarar-al-lobo-como-especie-protegida\/"]}]},{"@type":"BreadcrumbList","@id":"https:\/\/www.uaga.eus\/eu\/coag-asaja-y-upa-exigen-la-retirada-de-la-orden-del-ministerio-que-pretende-declarar-al-lobo-como-especie-protegida\/#breadcrumb","itemListElement":[{"@type":"ListItem","position":1,"name":"Inicio","item":"https:\/\/www.uaga.eus\/"},{"@type":"ListItem","position":2,"name":"COAG, ASAJA y UPA exigen la retirada de la Orden del Ministerio que pretende declarar al lobo como especie protegida \u00a0"}]},{"@type":"WebSite","@id":"https:\/\/www.uaga.eus\/#website","url":"https:\/\/www.uaga.eus\/","name":"UAGA","description":"Uni\u00f3n Agroganadera de \u00c1lava - Araba Nekazarien Elkartea","potentialAction":[{"@type":"SearchAction","target":{"@type":"EntryPoint","urlTemplate":"https:\/\/www.uaga.eus\/?s={search_term_string}"},"query-input":"required name=search_term_string"}],"inLanguage":"eu"},{"@type":"Person","@id":"https:\/\/www.uaga.eus\/#\/schema\/person\/48c3cbf0f33d1b788226dbb6518689cf","name":"Blanca S\u00e1nchez","image":{"@type":"ImageObject","inLanguage":"eu","@id":"https:\/\/www.uaga.eus\/#\/schema\/person\/image\/","url":"https:\/\/secure.gravatar.com\/avatar\/0dc91c20648254b1ce84877283f6751b?s=96&d=mm&r=g","contentUrl":"https:\/\/secure.gravatar.com\/avatar\/0dc91c20648254b1ce84877283f6751b?s=96&d=mm&r=g","caption":"Blanca S\u00e1nchez"},"url":"https:\/\/www.uaga.eus\/eu\/author\/bsanchez\/"}]}},"_links":{"self":[{"href":"https:\/\/www.uaga.eus\/eu\/wp-json\/wp\/v2\/posts\/8562"}],"collection":[{"href":"https:\/\/www.uaga.eus\/eu\/wp-json\/wp\/v2\/posts"}],"about":[{"href":"https:\/\/www.uaga.eus\/eu\/wp-json\/wp\/v2\/types\/post"}],"author":[{"embeddable":true,"href":"https:\/\/www.uaga.eus\/eu\/wp-json\/wp\/v2\/users\/4"}],"replies":[{"embeddable":true,"href":"https:\/\/www.uaga.eus\/eu\/wp-json\/wp\/v2\/comments?post=8562"}],"version-history":[{"count":1,"href":"https:\/\/www.uaga.eus\/eu\/wp-json\/wp\/v2\/posts\/8562\/revisions"}],"predecessor-version":[{"id":8563,"href":"https:\/\/www.uaga.eus\/eu\/wp-json\/wp\/v2\/posts\/8562\/revisions\/8563"}],"wp:featuredmedia":[{"embeddable":true,"href":"https:\/\/www.uaga.eus\/eu\/wp-json\/wp\/v2\/media\/8555"}],"wp:attachment":[{"href":"https:\/\/www.uaga.eus\/eu\/wp-json\/wp\/v2\/media?parent=8562"}],"wp:term":[{"taxonomy":"category","embeddable":true,"href":"https:\/\/www.uaga.eus\/eu\/wp-json\/wp\/v2\/categories?post=8562"},{"taxonomy":"post_tag","embeddable":true,"href":"https:\/\/www.uaga.eus\/eu\/wp-json\/wp\/v2\/tags?post=8562"}],"curies":[{"name":"wp","href":"https:\/\/api.w.org\/{rel}","templated":true}]}}