{"id":8552,"date":"2021-02-19T10:48:17","date_gmt":"2021-02-19T10:48:17","guid":{"rendered":"https:\/\/www.uaga.eus\/?p=8552"},"modified":"2021-02-19T10:48:17","modified_gmt":"2021-02-19T10:48:17","slug":"el-copa-cogeca-actualiza-su-informe-sobre-el-impacto-del-covid-19-en-el-sector-agroalimentario-2","status":"publish","type":"post","link":"https:\/\/www.uaga.eus\/eu\/el-copa-cogeca-actualiza-su-informe-sobre-el-impacto-del-covid-19-en-el-sector-agroalimentario-2\/","title":{"rendered":"El COPA-COGECA actualiza su informe sobre el impacto del Covid-19 en el sector agroalimentario"},"content":{"rendered":"<p>COPA-COGECA, organizaci\u00f3n representante del sector a nivel europeo y del que forma parte UAGA, a trav\u00e9s de COAG, ha actualizado el informe que viene realizando peri\u00f3dicamene para dar a conocer el impacto del Covid-19 en el sector agroalimentario.<\/p>\n<p>El informe se\u00f1ala perspectivas negativas del mercado agr\u00edcola de la UE para los pr\u00f3ximos meses por el endurecimiento de algunas restricciones en ciertos Estados miembros, as\u00ed como por la evoluci\u00f3n de la situaci\u00f3n comercial de varios productos y diversos problemas de salud animal.<\/p>\n<p>Puedes consultar <a href=\"https:\/\/mcusercontent.com\/498b950ccfc4b8d0e600d7e48\/files\/b0762315-b2ee-4946-b53e-80757e20ce46\/informe_copa.pdf\" target=\"_blank\" rel=\"noopener\" data-cke-saved-href=\"https:\/\/mcusercontent.com\/498b950ccfc4b8d0e600d7e48\/files\/b0762315-b2ee-4946-b53e-80757e20ce46\/informe_copa.pdf\">aqu\u00ed<\/a> el informe.<\/p>","protected":false},"excerpt":{"rendered":"<p>COPA-COGECA, organizaci\u00f3n representante del sector a nivel europeo y del que forma parte UAGA, a trav\u00e9s de COAG, ha actualizado el informe que viene realizando peri\u00f3dicamene para dar a conocer el impacto del Covid-19 en el sector agroalimentario. El informe se\u00f1ala perspectivas negativas del mercado agr\u00edcola de la UE para los pr\u00f3ximos meses por el [&hellip;]<\/p>\n","protected":false},"author":4,"featured_media":6341,"comment_status":"closed","ping_status":"closed","sticky":false,"template":"","format":"standard","meta":{"footnotes":""},"categories":[7,111,8],"tags":[],"yoast_head":"<!-- This site is optimized with the Yoast SEO plugin v21.5 - https:\/\/yoast.com\/wordpress\/plugins\/seo\/ -->\n<title>El COPA-COGECA actualiza su informe sobre el impacto del Covid-19 en el sector agroalimentario - UAGA<\/title>\n<meta name=\"robots\" content=\"index, follow, max-snippet:-1, max-image-preview:large, max-video-preview:-1\" \/>\n<link rel=\"canonical\" href=\"https:\/\/www.uaga.eus\/eu\/el-copa-cogeca-actualiza-su-informe-sobre-el-impacto-del-covid-19-en-el-sector-agroalimentario-2\/\" \/>\n<meta property=\"og:locale\" content=\"en_US\" \/>\n<meta property=\"og:type\" content=\"article\" \/>\n<meta property=\"og:title\" content=\"El COPA-COGECA actualiza su informe sobre el impacto del Covid-19 en el sector agroalimentario - UAGA\" \/>\n<meta property=\"og:description\" content=\"COPA-COGECA, organizaci\u00f3n representante del sector a nivel europeo y del que forma parte UAGA, a trav\u00e9s de COAG, ha actualizado el informe que viene realizando peri\u00f3dicamene para dar a conocer el impacto del Covid-19 en el sector agroalimentario. El informe se\u00f1ala perspectivas negativas del mercado agr\u00edcola de la UE para los pr\u00f3ximos meses por el [&hellip;]\" \/>\n<meta property=\"og:url\" content=\"https:\/\/www.uaga.eus\/eu\/el-copa-cogeca-actualiza-su-informe-sobre-el-impacto-del-covid-19-en-el-sector-agroalimentario-2\/\" \/>\n<meta property=\"og:site_name\" content=\"UAGA\" \/>\n<meta property=\"article:published_time\" content=\"2021-02-19T10:48:17+00:00\" \/>\n<meta property=\"og:image\" content=\"https:\/\/www.uaga.eus\/wp-content\/uploads\/2019\/07\/finca-forrajera.jpg\" \/>\n\t<meta property=\"og:image:width\" content=\"650\" \/>\n\t<meta property=\"og:image:height\" content=\"366\" \/>\n\t<meta property=\"og:image:type\" content=\"image\/jpeg\" \/>\n<meta name=\"author\" content=\"Blanca S\u00e1nchez\" \/>\n<meta name=\"twitter:card\" content=\"summary_large_image\" \/>\n<meta name=\"twitter:label1\" content=\"Written by\" \/>\n\t<meta name=\"twitter:data1\" content=\"Blanca S\u00e1nchez\" \/>\n\t<meta name=\"twitter:label2\" content=\"Est. reading time\" \/>\n\t<meta name=\"twitter:data2\" content=\"1 minutua\" \/>\n<script type=\"application\/ld+json\" class=\"yoast-schema-graph\">{\"@context\":\"https:\/\/schema.org\",\"@graph\":[{\"@type\":\"WebPage\",\"@id\":\"https:\/\/www.uaga.eus\/eu\/el-copa-cogeca-actualiza-su-informe-sobre-el-impacto-del-covid-19-en-el-sector-agroalimentario-2\/\",\"url\":\"https:\/\/www.uaga.eus\/eu\/el-copa-cogeca-actualiza-su-informe-sobre-el-impacto-del-covid-19-en-el-sector-agroalimentario-2\/\",\"name\":\"El COPA-COGECA actualiza su informe sobre el impacto del Covid-19 en el sector agroalimentario - UAGA\",\"isPartOf\":{\"@id\":\"https:\/\/www.uaga.eus\/#website\"},\"datePublished\":\"2021-02-19T10:48:17+00:00\",\"dateModified\":\"2021-02-19T10:48:17+00:00\",\"author\":{\"@id\":\"https:\/\/www.uaga.eus\/#\/schema\/person\/48c3cbf0f33d1b788226dbb6518689cf\"},\"breadcrumb\":{\"@id\":\"https:\/\/www.uaga.eus\/eu\/el-copa-cogeca-actualiza-su-informe-sobre-el-impacto-del-covid-19-en-el-sector-agroalimentario-2\/#breadcrumb\"},\"inLanguage\":\"eu\",\"potentialAction\":[{\"@type\":\"ReadAction\",\"target\":[\"https:\/\/www.uaga.eus\/eu\/el-copa-cogeca-actualiza-su-informe-sobre-el-impacto-del-covid-19-en-el-sector-agroalimentario-2\/\"]}]},{\"@type\":\"BreadcrumbList\",\"@id\":\"https:\/\/www.uaga.eus\/eu\/el-copa-cogeca-actualiza-su-informe-sobre-el-impacto-del-covid-19-en-el-sector-agroalimentario-2\/#breadcrumb\",\"itemListElement\":[{\"@type\":\"ListItem\",\"position\":1,\"name\":\"Inicio\",\"item\":\"https:\/\/www.uaga.eus\/\"},{\"@type\":\"ListItem\",\"position\":2,\"name\":\"El COPA-COGECA actualiza su informe sobre el impacto del Covid-19 en el sector agroalimentario\"}]},{\"@type\":\"WebSite\",\"@id\":\"https:\/\/www.uaga.eus\/#website\",\"url\":\"https:\/\/www.uaga.eus\/\",\"name\":\"UAGA\",\"description\":\"Uni\u00f3n Agroganadera de \u00c1lava - Araba Nekazarien Elkartea\",\"potentialAction\":[{\"@type\":\"SearchAction\",\"target\":{\"@type\":\"EntryPoint\",\"urlTemplate\":\"https:\/\/www.uaga.eus\/?s={search_term_string}\"},\"query-input\":\"required name=search_term_string\"}],\"inLanguage\":\"eu\"},{\"@type\":\"Person\",\"@id\":\"https:\/\/www.uaga.eus\/#\/schema\/person\/48c3cbf0f33d1b788226dbb6518689cf\",\"name\":\"Blanca S\u00e1nchez\",\"image\":{\"@type\":\"ImageObject\",\"inLanguage\":\"eu\",\"@id\":\"https:\/\/www.uaga.eus\/#\/schema\/person\/image\/\",\"url\":\"https:\/\/secure.gravatar.com\/avatar\/0dc91c20648254b1ce84877283f6751b?s=96&d=mm&r=g\",\"contentUrl\":\"https:\/\/secure.gravatar.com\/avatar\/0dc91c20648254b1ce84877283f6751b?s=96&d=mm&r=g\",\"caption\":\"Blanca S\u00e1nchez\"},\"url\":\"https:\/\/www.uaga.eus\/eu\/author\/bsanchez\/\"}]}<\/script>\n<!-- \/ Yoast SEO plugin. -->","yoast_head_json":{"title":"El COPA-COGECA actualiza su informe sobre el impacto del Covid-19 en el sector agroalimentario - UAGA","robots":{"index":"index","follow":"follow","max-snippet":"max-snippet:-1","max-image-preview":"max-image-preview:large","max-video-preview":"max-video-preview:-1"},"canonical":"https:\/\/www.uaga.eus\/eu\/el-copa-cogeca-actualiza-su-informe-sobre-el-impacto-del-covid-19-en-el-sector-agroalimentario-2\/","og_locale":"en_US","og_type":"article","og_title":"El COPA-COGECA actualiza su informe sobre el impacto del Covid-19 en el sector agroalimentario - UAGA","og_description":"COPA-COGECA, organizaci\u00f3n representante del sector a nivel europeo y del que forma parte UAGA, a trav\u00e9s de COAG, ha actualizado el informe que viene realizando peri\u00f3dicamene para dar a conocer el impacto del Covid-19 en el sector agroalimentario. El informe se\u00f1ala perspectivas negativas del mercado agr\u00edcola de la UE para los pr\u00f3ximos meses por el [&hellip;]","og_url":"https:\/\/www.uaga.eus\/eu\/el-copa-cogeca-actualiza-su-informe-sobre-el-impacto-del-covid-19-en-el-sector-agroalimentario-2\/","og_site_name":"UAGA","article_published_time":"2021-02-19T10:48:17+00:00","og_image":[{"width":650,"height":366,"url":"https:\/\/www.uaga.eus\/wp-content\/uploads\/2019\/07\/finca-forrajera.jpg","type":"image\/jpeg"}],"author":"Blanca S\u00e1nchez","twitter_card":"summary_large_image","twitter_misc":{"Written by":"Blanca S\u00e1nchez","Est. reading time":"1 minutua"},"schema":{"@context":"https:\/\/schema.org","@graph":[{"@type":"WebPage","@id":"https:\/\/www.uaga.eus\/eu\/el-copa-cogeca-actualiza-su-informe-sobre-el-impacto-del-covid-19-en-el-sector-agroalimentario-2\/","url":"https:\/\/www.uaga.eus\/eu\/el-copa-cogeca-actualiza-su-informe-sobre-el-impacto-del-covid-19-en-el-sector-agroalimentario-2\/","name":"El COPA-COGECA actualiza su informe sobre el impacto del Covid-19 en el sector agroalimentario - UAGA","isPartOf":{"@id":"https:\/\/www.uaga.eus\/#website"},"datePublished":"2021-02-19T10:48:17+00:00","dateModified":"2021-02-19T10:48:17+00:00","author":{"@id":"https:\/\/www.uaga.eus\/#\/schema\/person\/48c3cbf0f33d1b788226dbb6518689cf"},"breadcrumb":{"@id":"https:\/\/www.uaga.eus\/eu\/el-copa-cogeca-actualiza-su-informe-sobre-el-impacto-del-covid-19-en-el-sector-agroalimentario-2\/#breadcrumb"},"inLanguage":"eu","potentialAction":[{"@type":"ReadAction","target":["https:\/\/www.uaga.eus\/eu\/el-copa-cogeca-actualiza-su-informe-sobre-el-impacto-del-covid-19-en-el-sector-agroalimentario-2\/"]}]},{"@type":"BreadcrumbList","@id":"https:\/\/www.uaga.eus\/eu\/el-copa-cogeca-actualiza-su-informe-sobre-el-impacto-del-covid-19-en-el-sector-agroalimentario-2\/#breadcrumb","itemListElement":[{"@type":"ListItem","position":1,"name":"Inicio","item":"https:\/\/www.uaga.eus\/"},{"@type":"ListItem","position":2,"name":"El COPA-COGECA actualiza su informe sobre el impacto del Covid-19 en el sector agroalimentario"}]},{"@type":"WebSite","@id":"https:\/\/www.uaga.eus\/#website","url":"https:\/\/www.uaga.eus\/","name":"UAGA","description":"Uni\u00f3n Agroganadera de \u00c1lava - Araba Nekazarien Elkartea","potentialAction":[{"@type":"SearchAction","target":{"@type":"EntryPoint","urlTemplate":"https:\/\/www.uaga.eus\/?s={search_term_string}"},"query-input":"required name=search_term_string"}],"inLanguage":"eu"},{"@type":"Person","@id":"https:\/\/www.uaga.eus\/#\/schema\/person\/48c3cbf0f33d1b788226dbb6518689cf","name":"Blanca S\u00e1nchez","image":{"@type":"ImageObject","inLanguage":"eu","@id":"https:\/\/www.uaga.eus\/#\/schema\/person\/image\/","url":"https:\/\/secure.gravatar.com\/avatar\/0dc91c20648254b1ce84877283f6751b?s=96&d=mm&r=g","contentUrl":"https:\/\/secure.gravatar.com\/avatar\/0dc91c20648254b1ce84877283f6751b?s=96&d=mm&r=g","caption":"Blanca S\u00e1nchez"},"url":"https:\/\/www.uaga.eus\/eu\/author\/bsanchez\/"}]}},"_links":{"self":[{"href":"https:\/\/www.uaga.eus\/eu\/wp-json\/wp\/v2\/posts\/8552"}],"collection":[{"href":"https:\/\/www.uaga.eus\/eu\/wp-json\/wp\/v2\/posts"}],"about":[{"href":"https:\/\/www.uaga.eus\/eu\/wp-json\/wp\/v2\/types\/post"}],"author":[{"embeddable":true,"href":"https:\/\/www.uaga.eus\/eu\/wp-json\/wp\/v2\/users\/4"}],"replies":[{"embeddable":true,"href":"https:\/\/www.uaga.eus\/eu\/wp-json\/wp\/v2\/comments?post=8552"}],"version-history":[{"count":1,"href":"https:\/\/www.uaga.eus\/eu\/wp-json\/wp\/v2\/posts\/8552\/revisions"}],"predecessor-version":[{"id":8553,"href":"https:\/\/www.uaga.eus\/eu\/wp-json\/wp\/v2\/posts\/8552\/revisions\/8553"}],"wp:featuredmedia":[{"embeddable":true,"href":"https:\/\/www.uaga.eus\/eu\/wp-json\/wp\/v2\/media\/6341"}],"wp:attachment":[{"href":"https:\/\/www.uaga.eus\/eu\/wp-json\/wp\/v2\/media?parent=8552"}],"wp:term":[{"taxonomy":"category","embeddable":true,"href":"https:\/\/www.uaga.eus\/eu\/wp-json\/wp\/v2\/categories?post=8552"},{"taxonomy":"post_tag","embeddable":true,"href":"https:\/\/www.uaga.eus\/eu\/wp-json\/wp\/v2\/tags?post=8552"}],"curies":[{"name":"wp","href":"https:\/\/api.w.org\/{rel}","templated":true}]}}