{"id":8547,"date":"2021-02-12T12:48:36","date_gmt":"2021-02-12T12:48:36","guid":{"rendered":"https:\/\/www.uaga.eus\/?p=8547"},"modified":"2021-02-13T08:54:14","modified_gmt":"2021-02-13T08:54:14","slug":"uaga-sigue-expresando-su-rechazo-a-la-proteccion-del-lobo","status":"publish","type":"post","link":"https:\/\/www.uaga.eus\/eu\/uaga-sigue-expresando-su-rechazo-a-la-proteccion-del-lobo\/","title":{"rendered":"UAGA sigue expresando su rechazo a la protecci\u00f3n del lobo"},"content":{"rendered":"<p>UAGA viene mostrando su total rechazo a proteger al lobo, por su incompatibilidad con la ganader\u00eda extensiva.<\/p>\n<p>Las tres principales organizaciones agrarias estatales, COAG, en la que se integra UAGA, ASAJA y UPA, han realizado esta semana una rueda de prensa conjunta para denunciar la situaci\u00f3n en la que queda la ganader\u00eda extensiva tras la decisi\u00f3n de incluir el lobo en el listado especial de especies protegidas.<\/p>\n<p>A nivel del Pa\u00eds Vasco y Navarra,\u00a0 y a trav\u00e9s de EHNE, hoy hemos enviado una nota de prensa a los medios de comunicaci\u00f3n, mostrando nuestro total rechazo a la protecci\u00f3n del lobo y poniendo de relieve la funci\u00f3n que ejercen las actividades y poblaciones rurales como sustento de la biodiversidad, conservaci\u00f3n del patrimonio cultural y agentes econ\u00f3micos, adem\u00e1s de trinchera contra el cambio clim\u00e1tico.<\/p>\n<p>Puedes consultar aqu\u00ed la nota de prensa de <a href=\"https:\/\/mcusercontent.com\/498b950ccfc4b8d0e600d7e48\/files\/846fe021-e2cf-4246-aae7-b0485d5d3a7e\/210211_OPAS_LOBO.pdf\" target=\"_blank\" rel=\"noopener\" data-cke-saved-href=\"https:\/\/mcusercontent.com\/498b950ccfc4b8d0e600d7e48\/files\/846fe021-e2cf-4246-aae7-b0485d5d3a7e\/210211_OPAS_LOBO.pdf\">COAG <\/a>y la de <a href=\"https:\/\/mcusercontent.com\/498b950ccfc4b8d0e600d7e48\/files\/4b79d4c9-aeb8-4c0b-a70d-e431beebb4f1\/NP_EHNE__OTSOA.pdf\" target=\"_blank\" rel=\"noopener\" data-cke-saved-href=\"https:\/\/mcusercontent.com\/498b950ccfc4b8d0e600d7e48\/files\/4b79d4c9-aeb8-4c0b-a70d-e431beebb4f1\/NP_EHNE__OTSOA.pdf\">EHNE.<\/a><\/p>\n<p>+INFO GUSTAVO: 635 704 865<\/p>","protected":false},"excerpt":{"rendered":"<p>UAGA viene mostrando su total rechazo a proteger al lobo, por su incompatibilidad con la ganader\u00eda extensiva. Las tres principales organizaciones agrarias estatales, COAG, en la que se integra UAGA, ASAJA y UPA, han realizado esta semana una rueda de prensa conjunta para denunciar la situaci\u00f3n en la que queda la ganader\u00eda extensiva tras la [&hellip;]<\/p>\n","protected":false},"author":4,"featured_media":6472,"comment_status":"closed","ping_status":"closed","sticky":false,"template":"","format":"standard","meta":{"footnotes":""},"categories":[8,11],"tags":[],"yoast_head":"<!-- This site is optimized with the Yoast SEO plugin v21.5 - https:\/\/yoast.com\/wordpress\/plugins\/seo\/ -->\n<title>UAGA sigue expresando su rechazo a la protecci\u00f3n del lobo - UAGA<\/title>\n<meta name=\"robots\" content=\"index, follow, max-snippet:-1, max-image-preview:large, max-video-preview:-1\" \/>\n<link rel=\"canonical\" href=\"https:\/\/www.uaga.eus\/eu\/uaga-sigue-expresando-su-rechazo-a-la-proteccion-del-lobo\/\" \/>\n<meta property=\"og:locale\" content=\"en_US\" \/>\n<meta property=\"og:type\" content=\"article\" \/>\n<meta property=\"og:title\" content=\"UAGA sigue expresando su rechazo a la protecci\u00f3n del lobo - UAGA\" \/>\n<meta property=\"og:description\" content=\"UAGA viene mostrando su total rechazo a proteger al lobo, por su incompatibilidad con la ganader\u00eda extensiva. Las tres principales organizaciones agrarias estatales, COAG, en la que se integra UAGA, ASAJA y UPA, han realizado esta semana una rueda de prensa conjunta para denunciar la situaci\u00f3n en la que queda la ganader\u00eda extensiva tras la [&hellip;]\" \/>\n<meta property=\"og:url\" content=\"https:\/\/www.uaga.eus\/eu\/uaga-sigue-expresando-su-rechazo-a-la-proteccion-del-lobo\/\" \/>\n<meta property=\"og:site_name\" content=\"UAGA\" \/>\n<meta property=\"article:published_time\" content=\"2021-02-12T12:48:36+00:00\" \/>\n<meta property=\"article:modified_time\" content=\"2021-02-13T08:54:14+00:00\" \/>\n<meta property=\"og:image\" content=\"https:\/\/www.uaga.eus\/wp-content\/uploads\/2019\/09\/pastor-y-ovejas-e1568374098928.jpg\" \/>\n\t<meta property=\"og:image:width\" content=\"700\" \/>\n\t<meta property=\"og:image:height\" content=\"337\" \/>\n\t<meta property=\"og:image:type\" content=\"image\/jpeg\" \/>\n<meta name=\"author\" content=\"Blanca S\u00e1nchez\" \/>\n<meta name=\"twitter:card\" content=\"summary_large_image\" \/>\n<meta name=\"twitter:label1\" content=\"Written by\" \/>\n\t<meta name=\"twitter:data1\" content=\"Blanca S\u00e1nchez\" \/>\n\t<meta name=\"twitter:label2\" content=\"Est. reading time\" \/>\n\t<meta name=\"twitter:data2\" content=\"2 minutua\" \/>\n<script type=\"application\/ld+json\" class=\"yoast-schema-graph\">{\"@context\":\"https:\/\/schema.org\",\"@graph\":[{\"@type\":\"WebPage\",\"@id\":\"https:\/\/www.uaga.eus\/eu\/uaga-sigue-expresando-su-rechazo-a-la-proteccion-del-lobo\/\",\"url\":\"https:\/\/www.uaga.eus\/eu\/uaga-sigue-expresando-su-rechazo-a-la-proteccion-del-lobo\/\",\"name\":\"UAGA sigue expresando su rechazo a la protecci\u00f3n del lobo - UAGA\",\"isPartOf\":{\"@id\":\"https:\/\/www.uaga.eus\/#website\"},\"datePublished\":\"2021-02-12T12:48:36+00:00\",\"dateModified\":\"2021-02-13T08:54:14+00:00\",\"author\":{\"@id\":\"https:\/\/www.uaga.eus\/#\/schema\/person\/48c3cbf0f33d1b788226dbb6518689cf\"},\"breadcrumb\":{\"@id\":\"https:\/\/www.uaga.eus\/eu\/uaga-sigue-expresando-su-rechazo-a-la-proteccion-del-lobo\/#breadcrumb\"},\"inLanguage\":\"eu\",\"potentialAction\":[{\"@type\":\"ReadAction\",\"target\":[\"https:\/\/www.uaga.eus\/eu\/uaga-sigue-expresando-su-rechazo-a-la-proteccion-del-lobo\/\"]}]},{\"@type\":\"BreadcrumbList\",\"@id\":\"https:\/\/www.uaga.eus\/eu\/uaga-sigue-expresando-su-rechazo-a-la-proteccion-del-lobo\/#breadcrumb\",\"itemListElement\":[{\"@type\":\"ListItem\",\"position\":1,\"name\":\"Inicio\",\"item\":\"https:\/\/www.uaga.eus\/\"},{\"@type\":\"ListItem\",\"position\":2,\"name\":\"UAGA sigue expresando su rechazo a la protecci\u00f3n del lobo\"}]},{\"@type\":\"WebSite\",\"@id\":\"https:\/\/www.uaga.eus\/#website\",\"url\":\"https:\/\/www.uaga.eus\/\",\"name\":\"UAGA\",\"description\":\"Uni\u00f3n Agroganadera de \u00c1lava - Araba Nekazarien Elkartea\",\"potentialAction\":[{\"@type\":\"SearchAction\",\"target\":{\"@type\":\"EntryPoint\",\"urlTemplate\":\"https:\/\/www.uaga.eus\/?s={search_term_string}\"},\"query-input\":\"required name=search_term_string\"}],\"inLanguage\":\"eu\"},{\"@type\":\"Person\",\"@id\":\"https:\/\/www.uaga.eus\/#\/schema\/person\/48c3cbf0f33d1b788226dbb6518689cf\",\"name\":\"Blanca S\u00e1nchez\",\"image\":{\"@type\":\"ImageObject\",\"inLanguage\":\"eu\",\"@id\":\"https:\/\/www.uaga.eus\/#\/schema\/person\/image\/\",\"url\":\"https:\/\/secure.gravatar.com\/avatar\/0dc91c20648254b1ce84877283f6751b?s=96&d=mm&r=g\",\"contentUrl\":\"https:\/\/secure.gravatar.com\/avatar\/0dc91c20648254b1ce84877283f6751b?s=96&d=mm&r=g\",\"caption\":\"Blanca S\u00e1nchez\"},\"url\":\"https:\/\/www.uaga.eus\/eu\/author\/bsanchez\/\"}]}<\/script>\n<!-- \/ Yoast SEO plugin. -->","yoast_head_json":{"title":"UAGA sigue expresando su rechazo a la protecci\u00f3n del lobo - UAGA","robots":{"index":"index","follow":"follow","max-snippet":"max-snippet:-1","max-image-preview":"max-image-preview:large","max-video-preview":"max-video-preview:-1"},"canonical":"https:\/\/www.uaga.eus\/eu\/uaga-sigue-expresando-su-rechazo-a-la-proteccion-del-lobo\/","og_locale":"en_US","og_type":"article","og_title":"UAGA sigue expresando su rechazo a la protecci\u00f3n del lobo - UAGA","og_description":"UAGA viene mostrando su total rechazo a proteger al lobo, por su incompatibilidad con la ganader\u00eda extensiva. Las tres principales organizaciones agrarias estatales, COAG, en la que se integra UAGA, ASAJA y UPA, han realizado esta semana una rueda de prensa conjunta para denunciar la situaci\u00f3n en la que queda la ganader\u00eda extensiva tras la [&hellip;]","og_url":"https:\/\/www.uaga.eus\/eu\/uaga-sigue-expresando-su-rechazo-a-la-proteccion-del-lobo\/","og_site_name":"UAGA","article_published_time":"2021-02-12T12:48:36+00:00","article_modified_time":"2021-02-13T08:54:14+00:00","og_image":[{"width":700,"height":337,"url":"https:\/\/www.uaga.eus\/wp-content\/uploads\/2019\/09\/pastor-y-ovejas-e1568374098928.jpg","type":"image\/jpeg"}],"author":"Blanca S\u00e1nchez","twitter_card":"summary_large_image","twitter_misc":{"Written by":"Blanca S\u00e1nchez","Est. reading time":"2 minutua"},"schema":{"@context":"https:\/\/schema.org","@graph":[{"@type":"WebPage","@id":"https:\/\/www.uaga.eus\/eu\/uaga-sigue-expresando-su-rechazo-a-la-proteccion-del-lobo\/","url":"https:\/\/www.uaga.eus\/eu\/uaga-sigue-expresando-su-rechazo-a-la-proteccion-del-lobo\/","name":"UAGA sigue expresando su rechazo a la protecci\u00f3n del lobo - UAGA","isPartOf":{"@id":"https:\/\/www.uaga.eus\/#website"},"datePublished":"2021-02-12T12:48:36+00:00","dateModified":"2021-02-13T08:54:14+00:00","author":{"@id":"https:\/\/www.uaga.eus\/#\/schema\/person\/48c3cbf0f33d1b788226dbb6518689cf"},"breadcrumb":{"@id":"https:\/\/www.uaga.eus\/eu\/uaga-sigue-expresando-su-rechazo-a-la-proteccion-del-lobo\/#breadcrumb"},"inLanguage":"eu","potentialAction":[{"@type":"ReadAction","target":["https:\/\/www.uaga.eus\/eu\/uaga-sigue-expresando-su-rechazo-a-la-proteccion-del-lobo\/"]}]},{"@type":"BreadcrumbList","@id":"https:\/\/www.uaga.eus\/eu\/uaga-sigue-expresando-su-rechazo-a-la-proteccion-del-lobo\/#breadcrumb","itemListElement":[{"@type":"ListItem","position":1,"name":"Inicio","item":"https:\/\/www.uaga.eus\/"},{"@type":"ListItem","position":2,"name":"UAGA sigue expresando su rechazo a la protecci\u00f3n del lobo"}]},{"@type":"WebSite","@id":"https:\/\/www.uaga.eus\/#website","url":"https:\/\/www.uaga.eus\/","name":"UAGA","description":"Uni\u00f3n Agroganadera de \u00c1lava - Araba Nekazarien Elkartea","potentialAction":[{"@type":"SearchAction","target":{"@type":"EntryPoint","urlTemplate":"https:\/\/www.uaga.eus\/?s={search_term_string}"},"query-input":"required name=search_term_string"}],"inLanguage":"eu"},{"@type":"Person","@id":"https:\/\/www.uaga.eus\/#\/schema\/person\/48c3cbf0f33d1b788226dbb6518689cf","name":"Blanca S\u00e1nchez","image":{"@type":"ImageObject","inLanguage":"eu","@id":"https:\/\/www.uaga.eus\/#\/schema\/person\/image\/","url":"https:\/\/secure.gravatar.com\/avatar\/0dc91c20648254b1ce84877283f6751b?s=96&d=mm&r=g","contentUrl":"https:\/\/secure.gravatar.com\/avatar\/0dc91c20648254b1ce84877283f6751b?s=96&d=mm&r=g","caption":"Blanca S\u00e1nchez"},"url":"https:\/\/www.uaga.eus\/eu\/author\/bsanchez\/"}]}},"_links":{"self":[{"href":"https:\/\/www.uaga.eus\/eu\/wp-json\/wp\/v2\/posts\/8547"}],"collection":[{"href":"https:\/\/www.uaga.eus\/eu\/wp-json\/wp\/v2\/posts"}],"about":[{"href":"https:\/\/www.uaga.eus\/eu\/wp-json\/wp\/v2\/types\/post"}],"author":[{"embeddable":true,"href":"https:\/\/www.uaga.eus\/eu\/wp-json\/wp\/v2\/users\/4"}],"replies":[{"embeddable":true,"href":"https:\/\/www.uaga.eus\/eu\/wp-json\/wp\/v2\/comments?post=8547"}],"version-history":[{"count":4,"href":"https:\/\/www.uaga.eus\/eu\/wp-json\/wp\/v2\/posts\/8547\/revisions"}],"predecessor-version":[{"id":8551,"href":"https:\/\/www.uaga.eus\/eu\/wp-json\/wp\/v2\/posts\/8547\/revisions\/8551"}],"wp:featuredmedia":[{"embeddable":true,"href":"https:\/\/www.uaga.eus\/eu\/wp-json\/wp\/v2\/media\/6472"}],"wp:attachment":[{"href":"https:\/\/www.uaga.eus\/eu\/wp-json\/wp\/v2\/media?parent=8547"}],"wp:term":[{"taxonomy":"category","embeddable":true,"href":"https:\/\/www.uaga.eus\/eu\/wp-json\/wp\/v2\/categories?post=8547"},{"taxonomy":"post_tag","embeddable":true,"href":"https:\/\/www.uaga.eus\/eu\/wp-json\/wp\/v2\/tags?post=8547"}],"curies":[{"name":"wp","href":"https:\/\/api.w.org\/{rel}","templated":true}]}}