{"id":8544,"date":"2021-02-12T11:05:38","date_gmt":"2021-02-12T11:05:38","guid":{"rendered":"https:\/\/www.uaga.eus\/?p=8544"},"modified":"2021-02-12T12:46:55","modified_gmt":"2021-02-12T12:46:55","slug":"uaga-participa-en-la-reunion-del-sector-de-agricultura-y-ganaderia-ecologica-de-coag","status":"publish","type":"post","link":"https:\/\/www.uaga.eus\/eu\/uaga-participa-en-la-reunion-del-sector-de-agricultura-y-ganaderia-ecologica-de-coag\/","title":{"rendered":"UAGA participa en la reuni\u00f3n del Sector de Agricultura y Ganader\u00eda Ecol\u00f3gica de COAG"},"content":{"rendered":"<p>UAGA ha participado esta semana en la reuni\u00f3n de COAG del Sector de Agricultura y Ganader\u00eda Ecol\u00f3gica, en la que se han tratado diferentes asuntos.<\/p>\n<p>Se ha informado sobre el <strong>aplazamiento de la\u00a0<\/strong><strong>entrada en vigor del nuevo Reglamento\u00a0<\/strong><strong>de Producci\u00f3n Ecol\u00f3gica<\/strong>, que ser\u00e1 de aplicaci\u00f3n a partir de enero de 2022.<\/p>\n<p>Se han\u00a0analizado los <strong>costes de certificaci\u00f3n<\/strong>, con valores muy dispares entre Comunidades Aut\u00f3nomas y certificadoras p\u00fablicas y privadas.<\/p>\n<p>En referencia a la <strong>situaci\u00f3n generada por el Covid-19<\/strong>, se ha puesto en com\u00fan su repercusi\u00f3n en los distintos sectores, donde los mayores afectados est\u00e1n siendo los que comercializan sus productos al canal HORECA.<\/p>\n<p>En referencia a los <strong>Organismos Gen\u00e9ticamente Modificados<\/strong> (OGM), se ha comentado que a\u00a0nivel de la UE las nuevas t\u00e9cnicas de modificaci\u00f3n de genes\u00a0se encuentran en entredicho y ser\u00e1n los\u00a0tribunales europeos los que determinen su futuro.<\/p>\n<p>Por \u00faltimo, se han\u00a0valorado las <strong>estrategias del Pacto Verde Europeo<\/strong>, donde la sostenibilidad y el cuidado del medio ambiente son ejes principales y la agricultura ecol\u00f3gica\u00a0debe ser el mayor exponente de esos ejes.<\/p>\n<p>+INFO SUGOI: 675 707 696<\/p>\n<hr \/>\n<p>&nbsp;<\/p>","protected":false},"excerpt":{"rendered":"<p>UAGA ha participado esta semana en la reuni\u00f3n de COAG del Sector de Agricultura y Ganader\u00eda Ecol\u00f3gica, en la que se han tratado diferentes asuntos. Se ha informado sobre el aplazamiento de la\u00a0entrada en vigor del nuevo Reglamento\u00a0de Producci\u00f3n Ecol\u00f3gica, que ser\u00e1 de aplicaci\u00f3n a partir de enero de 2022. Se han\u00a0analizado los costes de [&hellip;]<\/p>\n","protected":false},"author":4,"featured_media":8545,"comment_status":"closed","ping_status":"closed","sticky":false,"template":"","format":"standard","meta":{"footnotes":""},"categories":[10],"tags":[],"yoast_head":"<!-- This site is optimized with the Yoast SEO plugin v21.5 - https:\/\/yoast.com\/wordpress\/plugins\/seo\/ -->\n<title>UAGA participa en la reuni\u00f3n del Sector de Agricultura y Ganader\u00eda Ecol\u00f3gica de COAG - UAGA<\/title>\n<meta name=\"robots\" content=\"index, follow, max-snippet:-1, max-image-preview:large, max-video-preview:-1\" \/>\n<link rel=\"canonical\" href=\"https:\/\/www.uaga.eus\/uaga-participa-en-la-reunion-del-sector-de-agricultura-y-ganaderia-ecologica-de-coag\/\" \/>\n<meta property=\"og:locale\" content=\"en_US\" \/>\n<meta property=\"og:type\" content=\"article\" \/>\n<meta property=\"og:title\" content=\"UAGA participa en la reuni\u00f3n del Sector de Agricultura y Ganader\u00eda Ecol\u00f3gica de COAG - UAGA\" \/>\n<meta property=\"og:description\" content=\"UAGA ha participado esta semana en la reuni\u00f3n de COAG del Sector de Agricultura y Ganader\u00eda Ecol\u00f3gica, en la que se han tratado diferentes asuntos. Se ha informado sobre el aplazamiento de la\u00a0entrada en vigor del nuevo Reglamento\u00a0de Producci\u00f3n Ecol\u00f3gica, que ser\u00e1 de aplicaci\u00f3n a partir de enero de 2022. Se han\u00a0analizado los costes de [&hellip;]\" \/>\n<meta property=\"og:url\" content=\"https:\/\/www.uaga.eus\/uaga-participa-en-la-reunion-del-sector-de-agricultura-y-ganaderia-ecologica-de-coag\/\" \/>\n<meta property=\"og:site_name\" content=\"UAGA\" \/>\n<meta property=\"article:published_time\" content=\"2021-02-12T11:05:38+00:00\" \/>\n<meta property=\"article:modified_time\" content=\"2021-02-12T12:46:55+00:00\" \/>\n<meta property=\"og:image\" content=\"https:\/\/www.uaga.eus\/wp-content\/uploads\/2021\/02\/cartel-agricultura-ecologica.jpg\" \/>\n\t<meta property=\"og:image:width\" content=\"650\" \/>\n\t<meta property=\"og:image:height\" content=\"330\" \/>\n\t<meta property=\"og:image:type\" content=\"image\/jpeg\" \/>\n<meta name=\"author\" content=\"Blanca S\u00e1nchez\" \/>\n<meta name=\"twitter:card\" content=\"summary_large_image\" \/>\n<meta name=\"twitter:label1\" content=\"Written by\" \/>\n\t<meta name=\"twitter:data1\" content=\"Blanca S\u00e1nchez\" \/>\n\t<meta name=\"twitter:label2\" content=\"Est. reading time\" \/>\n\t<meta name=\"twitter:data2\" content=\"2 minutua\" \/>\n<script type=\"application\/ld+json\" class=\"yoast-schema-graph\">{\"@context\":\"https:\/\/schema.org\",\"@graph\":[{\"@type\":\"WebPage\",\"@id\":\"https:\/\/www.uaga.eus\/uaga-participa-en-la-reunion-del-sector-de-agricultura-y-ganaderia-ecologica-de-coag\/\",\"url\":\"https:\/\/www.uaga.eus\/uaga-participa-en-la-reunion-del-sector-de-agricultura-y-ganaderia-ecologica-de-coag\/\",\"name\":\"UAGA participa en la reuni\u00f3n del Sector de Agricultura y Ganader\u00eda Ecol\u00f3gica de COAG - UAGA\",\"isPartOf\":{\"@id\":\"https:\/\/www.uaga.eus\/#website\"},\"datePublished\":\"2021-02-12T11:05:38+00:00\",\"dateModified\":\"2021-02-12T12:46:55+00:00\",\"author\":{\"@id\":\"https:\/\/www.uaga.eus\/#\/schema\/person\/48c3cbf0f33d1b788226dbb6518689cf\"},\"breadcrumb\":{\"@id\":\"https:\/\/www.uaga.eus\/uaga-participa-en-la-reunion-del-sector-de-agricultura-y-ganaderia-ecologica-de-coag\/#breadcrumb\"},\"inLanguage\":\"eu\",\"potentialAction\":[{\"@type\":\"ReadAction\",\"target\":[\"https:\/\/www.uaga.eus\/uaga-participa-en-la-reunion-del-sector-de-agricultura-y-ganaderia-ecologica-de-coag\/\"]}]},{\"@type\":\"BreadcrumbList\",\"@id\":\"https:\/\/www.uaga.eus\/uaga-participa-en-la-reunion-del-sector-de-agricultura-y-ganaderia-ecologica-de-coag\/#breadcrumb\",\"itemListElement\":[{\"@type\":\"ListItem\",\"position\":1,\"name\":\"Inicio\",\"item\":\"https:\/\/www.uaga.eus\/\"},{\"@type\":\"ListItem\",\"position\":2,\"name\":\"UAGA participa en la reuni\u00f3n del Sector de Agricultura y Ganader\u00eda Ecol\u00f3gica de COAG\"}]},{\"@type\":\"WebSite\",\"@id\":\"https:\/\/www.uaga.eus\/#website\",\"url\":\"https:\/\/www.uaga.eus\/\",\"name\":\"UAGA\",\"description\":\"Uni\u00f3n Agroganadera de \u00c1lava - Araba Nekazarien Elkartea\",\"potentialAction\":[{\"@type\":\"SearchAction\",\"target\":{\"@type\":\"EntryPoint\",\"urlTemplate\":\"https:\/\/www.uaga.eus\/?s={search_term_string}\"},\"query-input\":\"required name=search_term_string\"}],\"inLanguage\":\"eu\"},{\"@type\":\"Person\",\"@id\":\"https:\/\/www.uaga.eus\/#\/schema\/person\/48c3cbf0f33d1b788226dbb6518689cf\",\"name\":\"Blanca S\u00e1nchez\",\"image\":{\"@type\":\"ImageObject\",\"inLanguage\":\"eu\",\"@id\":\"https:\/\/www.uaga.eus\/#\/schema\/person\/image\/\",\"url\":\"https:\/\/secure.gravatar.com\/avatar\/0dc91c20648254b1ce84877283f6751b?s=96&d=mm&r=g\",\"contentUrl\":\"https:\/\/secure.gravatar.com\/avatar\/0dc91c20648254b1ce84877283f6751b?s=96&d=mm&r=g\",\"caption\":\"Blanca S\u00e1nchez\"},\"url\":\"https:\/\/www.uaga.eus\/eu\/author\/bsanchez\/\"}]}<\/script>\n<!-- \/ Yoast SEO plugin. -->","yoast_head_json":{"title":"UAGA participa en la reuni\u00f3n del Sector de Agricultura y Ganader\u00eda Ecol\u00f3gica de COAG - UAGA","robots":{"index":"index","follow":"follow","max-snippet":"max-snippet:-1","max-image-preview":"max-image-preview:large","max-video-preview":"max-video-preview:-1"},"canonical":"https:\/\/www.uaga.eus\/uaga-participa-en-la-reunion-del-sector-de-agricultura-y-ganaderia-ecologica-de-coag\/","og_locale":"en_US","og_type":"article","og_title":"UAGA participa en la reuni\u00f3n del Sector de Agricultura y Ganader\u00eda Ecol\u00f3gica de COAG - UAGA","og_description":"UAGA ha participado esta semana en la reuni\u00f3n de COAG del Sector de Agricultura y Ganader\u00eda Ecol\u00f3gica, en la que se han tratado diferentes asuntos. Se ha informado sobre el aplazamiento de la\u00a0entrada en vigor del nuevo Reglamento\u00a0de Producci\u00f3n Ecol\u00f3gica, que ser\u00e1 de aplicaci\u00f3n a partir de enero de 2022. Se han\u00a0analizado los costes de [&hellip;]","og_url":"https:\/\/www.uaga.eus\/uaga-participa-en-la-reunion-del-sector-de-agricultura-y-ganaderia-ecologica-de-coag\/","og_site_name":"UAGA","article_published_time":"2021-02-12T11:05:38+00:00","article_modified_time":"2021-02-12T12:46:55+00:00","og_image":[{"width":650,"height":330,"url":"https:\/\/www.uaga.eus\/wp-content\/uploads\/2021\/02\/cartel-agricultura-ecologica.jpg","type":"image\/jpeg"}],"author":"Blanca S\u00e1nchez","twitter_card":"summary_large_image","twitter_misc":{"Written by":"Blanca S\u00e1nchez","Est. reading time":"2 minutua"},"schema":{"@context":"https:\/\/schema.org","@graph":[{"@type":"WebPage","@id":"https:\/\/www.uaga.eus\/uaga-participa-en-la-reunion-del-sector-de-agricultura-y-ganaderia-ecologica-de-coag\/","url":"https:\/\/www.uaga.eus\/uaga-participa-en-la-reunion-del-sector-de-agricultura-y-ganaderia-ecologica-de-coag\/","name":"UAGA participa en la reuni\u00f3n del Sector de Agricultura y Ganader\u00eda Ecol\u00f3gica de COAG - UAGA","isPartOf":{"@id":"https:\/\/www.uaga.eus\/#website"},"datePublished":"2021-02-12T11:05:38+00:00","dateModified":"2021-02-12T12:46:55+00:00","author":{"@id":"https:\/\/www.uaga.eus\/#\/schema\/person\/48c3cbf0f33d1b788226dbb6518689cf"},"breadcrumb":{"@id":"https:\/\/www.uaga.eus\/uaga-participa-en-la-reunion-del-sector-de-agricultura-y-ganaderia-ecologica-de-coag\/#breadcrumb"},"inLanguage":"eu","potentialAction":[{"@type":"ReadAction","target":["https:\/\/www.uaga.eus\/uaga-participa-en-la-reunion-del-sector-de-agricultura-y-ganaderia-ecologica-de-coag\/"]}]},{"@type":"BreadcrumbList","@id":"https:\/\/www.uaga.eus\/uaga-participa-en-la-reunion-del-sector-de-agricultura-y-ganaderia-ecologica-de-coag\/#breadcrumb","itemListElement":[{"@type":"ListItem","position":1,"name":"Inicio","item":"https:\/\/www.uaga.eus\/"},{"@type":"ListItem","position":2,"name":"UAGA participa en la reuni\u00f3n del Sector de Agricultura y Ganader\u00eda Ecol\u00f3gica de COAG"}]},{"@type":"WebSite","@id":"https:\/\/www.uaga.eus\/#website","url":"https:\/\/www.uaga.eus\/","name":"UAGA","description":"Uni\u00f3n Agroganadera de \u00c1lava - Araba Nekazarien Elkartea","potentialAction":[{"@type":"SearchAction","target":{"@type":"EntryPoint","urlTemplate":"https:\/\/www.uaga.eus\/?s={search_term_string}"},"query-input":"required name=search_term_string"}],"inLanguage":"eu"},{"@type":"Person","@id":"https:\/\/www.uaga.eus\/#\/schema\/person\/48c3cbf0f33d1b788226dbb6518689cf","name":"Blanca S\u00e1nchez","image":{"@type":"ImageObject","inLanguage":"eu","@id":"https:\/\/www.uaga.eus\/#\/schema\/person\/image\/","url":"https:\/\/secure.gravatar.com\/avatar\/0dc91c20648254b1ce84877283f6751b?s=96&d=mm&r=g","contentUrl":"https:\/\/secure.gravatar.com\/avatar\/0dc91c20648254b1ce84877283f6751b?s=96&d=mm&r=g","caption":"Blanca S\u00e1nchez"},"url":"https:\/\/www.uaga.eus\/eu\/author\/bsanchez\/"}]}},"_links":{"self":[{"href":"https:\/\/www.uaga.eus\/eu\/wp-json\/wp\/v2\/posts\/8544"}],"collection":[{"href":"https:\/\/www.uaga.eus\/eu\/wp-json\/wp\/v2\/posts"}],"about":[{"href":"https:\/\/www.uaga.eus\/eu\/wp-json\/wp\/v2\/types\/post"}],"author":[{"embeddable":true,"href":"https:\/\/www.uaga.eus\/eu\/wp-json\/wp\/v2\/users\/4"}],"replies":[{"embeddable":true,"href":"https:\/\/www.uaga.eus\/eu\/wp-json\/wp\/v2\/comments?post=8544"}],"version-history":[{"count":1,"href":"https:\/\/www.uaga.eus\/eu\/wp-json\/wp\/v2\/posts\/8544\/revisions"}],"predecessor-version":[{"id":8546,"href":"https:\/\/www.uaga.eus\/eu\/wp-json\/wp\/v2\/posts\/8544\/revisions\/8546"}],"wp:featuredmedia":[{"embeddable":true,"href":"https:\/\/www.uaga.eus\/eu\/wp-json\/wp\/v2\/media\/8545"}],"wp:attachment":[{"href":"https:\/\/www.uaga.eus\/eu\/wp-json\/wp\/v2\/media?parent=8544"}],"wp:term":[{"taxonomy":"category","embeddable":true,"href":"https:\/\/www.uaga.eus\/eu\/wp-json\/wp\/v2\/categories?post=8544"},{"taxonomy":"post_tag","embeddable":true,"href":"https:\/\/www.uaga.eus\/eu\/wp-json\/wp\/v2\/tags?post=8544"}],"curies":[{"name":"wp","href":"https:\/\/api.w.org\/{rel}","templated":true}]}}