{"id":8523,"date":"2021-02-05T12:24:23","date_gmt":"2021-02-05T12:24:23","guid":{"rendered":"https:\/\/www.uaga.eus\/?p=8523"},"modified":"2021-02-05T12:24:23","modified_gmt":"2021-02-05T12:24:23","slug":"abierto-el-plazo-para-solicitar-las-ayudas-de-la-pac-hasta-el-30-de-abril","status":"publish","type":"post","link":"https:\/\/www.uaga.eus\/eu\/abierto-el-plazo-para-solicitar-las-ayudas-de-la-pac-hasta-el-30-de-abril\/","title":{"rendered":"Abierto el plazo para solicitar las ayudas de la PAC hasta el 30 de abril"},"content":{"rendered":"<p>El plazo para la presentaci\u00f3n de Solicitudes de Pago B\u00e1sico y Ayudas Asociadas agr\u00edcolas y\/o ganaderas correspondientes al a\u00f1o 2021 est\u00e1 abierto desde el\u00a0<strong>1 de febrero hasta el 30 de abril<\/strong>.<br \/>\nEl lugar para realizar la declaraci\u00f3n es la Oficina Comarcal Agraria (OCA) y se debe pedir cita previa. En este sentido, la Diputaci\u00f3n aconseja solicitar <strong>cita previa<\/strong> antes del 15 de abril.<\/p>\n<p>Las principales novedades para este a\u00f1o son las siguientes:<\/p>\n<ul>\n<li><strong>Ayudas de Agroambiente y Clima: no se admiten incrementos de superficies o UGM<\/strong><\/li>\n<\/ul>\n<ul>\n<li><strong>Ayudas ICM<\/strong> (Zonas con limitaciones naturales y otras limitaciones espec\u00edficas): \u00fanicamente convocatoria para <em>Pagos Compensatorios en Zonas de Monta\u00f1a<\/em>, <strong>se eliminan los <em>Pagos Compensatorios en Zonas Desfavorecidas<\/em>\u00a0<\/strong><\/li>\n<\/ul>\n<p>En relaci\u00f3n con las ICMs, <strong>UAGA no comparte eliminar las zonas desfavorecidas de las ayudas y reclama atender a las zonas desfavorecidas, <\/strong>cuesti\u00f3n que hemos trasladado a Diputaci\u00f3n. La distribuci\u00f3n de los pagos compensatorios se debe realizar considerando la situaci\u00f3n concreta a nivel de pueblo o incluso de parcela, de manera que los pagos se realicen de forma l\u00f3gica y justa.<\/p>\n<p>Puedes consultar el folleto informativo sobre la PAC 2021 de la DFA en el siguiente\u00a0<a href=\"https:\/\/web.araba.eus\/documents\/105044\/238657\/02+PAC+2021+normas+folleto+A5+castellano.pdf\/45aecf50-68b5-5c98-8026-84fc7fbd562b?t=1611828778817\" data-cke-saved-href=\"https:\/\/web.araba.eus\/documents\/105044\/238657\/02+PAC+2021+normas+folleto+A5+castellano.pdf\/45aecf50-68b5-5c98-8026-84fc7fbd562b?t=1611828778817\">enlace<\/a>.<\/p>\n<p>+INFO SUGOI: 675 707 696<\/p>\n","protected":false},"excerpt":{"rendered":"<p>El plazo para la presentaci\u00f3n de Solicitudes de Pago B\u00e1sico y Ayudas Asociadas agr\u00edcolas y\/o ganaderas correspondientes al a\u00f1o 2021 est\u00e1 abierto desde el\u00a01 de febrero hasta el 30 de abril. El lugar para realizar la declaraci\u00f3n es la Oficina Comarcal Agraria (OCA) y se debe pedir cita previa. En este sentido, la Diputaci\u00f3n aconseja [&hellip;]<\/p>\n","protected":false},"author":4,"featured_media":6016,"comment_status":"closed","ping_status":"closed","sticky":false,"template":"","format":"standard","meta":{"footnotes":""},"categories":[7,5,8,4],"tags":[],"yoast_head":"<!-- This site is optimized with the Yoast SEO plugin v21.5 - https:\/\/yoast.com\/wordpress\/plugins\/seo\/ -->\n<title>Abierto el plazo para solicitar las ayudas de la PAC hasta el 30 de abril - UAGA<\/title>\n<meta name=\"robots\" content=\"index, follow, max-snippet:-1, max-image-preview:large, max-video-preview:-1\" \/>\n<link rel=\"canonical\" href=\"https:\/\/www.uaga.eus\/abierto-el-plazo-para-solicitar-las-ayudas-de-la-pac-hasta-el-30-de-abril\/\" \/>\n<meta property=\"og:locale\" content=\"en_US\" \/>\n<meta property=\"og:type\" content=\"article\" \/>\n<meta property=\"og:title\" content=\"Abierto el plazo para solicitar las ayudas de la PAC hasta el 30 de abril - UAGA\" \/>\n<meta property=\"og:description\" content=\"El plazo para la presentaci\u00f3n de Solicitudes de Pago B\u00e1sico y Ayudas Asociadas agr\u00edcolas y\/o ganaderas correspondientes al a\u00f1o 2021 est\u00e1 abierto desde el\u00a01 de febrero hasta el 30 de abril. El lugar para realizar la declaraci\u00f3n es la Oficina Comarcal Agraria (OCA) y se debe pedir cita previa. En este sentido, la Diputaci\u00f3n aconseja [&hellip;]\" \/>\n<meta property=\"og:url\" content=\"https:\/\/www.uaga.eus\/abierto-el-plazo-para-solicitar-las-ayudas-de-la-pac-hasta-el-30-de-abril\/\" \/>\n<meta property=\"og:site_name\" content=\"UAGA\" \/>\n<meta property=\"article:published_time\" content=\"2021-02-05T12:24:23+00:00\" \/>\n<meta property=\"og:image\" content=\"https:\/\/www.uaga.eus\/wp-content\/uploads\/2019\/05\/ganadera.jpg\" \/>\n\t<meta property=\"og:image:width\" content=\"650\" \/>\n\t<meta property=\"og:image:height\" content=\"343\" \/>\n\t<meta property=\"og:image:type\" content=\"image\/jpeg\" \/>\n<meta name=\"author\" content=\"Blanca S\u00e1nchez\" \/>\n<meta name=\"twitter:card\" content=\"summary_large_image\" \/>\n<meta name=\"twitter:label1\" content=\"Written by\" \/>\n\t<meta name=\"twitter:data1\" content=\"Blanca S\u00e1nchez\" \/>\n\t<meta name=\"twitter:label2\" content=\"Est. reading time\" \/>\n\t<meta name=\"twitter:data2\" content=\"1 minutua\" \/>\n<script type=\"application\/ld+json\" class=\"yoast-schema-graph\">{\"@context\":\"https:\/\/schema.org\",\"@graph\":[{\"@type\":\"WebPage\",\"@id\":\"https:\/\/www.uaga.eus\/abierto-el-plazo-para-solicitar-las-ayudas-de-la-pac-hasta-el-30-de-abril\/\",\"url\":\"https:\/\/www.uaga.eus\/abierto-el-plazo-para-solicitar-las-ayudas-de-la-pac-hasta-el-30-de-abril\/\",\"name\":\"Abierto el plazo para solicitar las ayudas de la PAC hasta el 30 de abril - UAGA\",\"isPartOf\":{\"@id\":\"https:\/\/www.uaga.eus\/#website\"},\"datePublished\":\"2021-02-05T12:24:23+00:00\",\"dateModified\":\"2021-02-05T12:24:23+00:00\",\"author\":{\"@id\":\"https:\/\/www.uaga.eus\/#\/schema\/person\/48c3cbf0f33d1b788226dbb6518689cf\"},\"breadcrumb\":{\"@id\":\"https:\/\/www.uaga.eus\/abierto-el-plazo-para-solicitar-las-ayudas-de-la-pac-hasta-el-30-de-abril\/#breadcrumb\"},\"inLanguage\":\"eu\",\"potentialAction\":[{\"@type\":\"ReadAction\",\"target\":[\"https:\/\/www.uaga.eus\/abierto-el-plazo-para-solicitar-las-ayudas-de-la-pac-hasta-el-30-de-abril\/\"]}]},{\"@type\":\"BreadcrumbList\",\"@id\":\"https:\/\/www.uaga.eus\/abierto-el-plazo-para-solicitar-las-ayudas-de-la-pac-hasta-el-30-de-abril\/#breadcrumb\",\"itemListElement\":[{\"@type\":\"ListItem\",\"position\":1,\"name\":\"Inicio\",\"item\":\"https:\/\/www.uaga.eus\/\"},{\"@type\":\"ListItem\",\"position\":2,\"name\":\"Abierto el plazo para solicitar las ayudas de la PAC hasta el 30 de abril\"}]},{\"@type\":\"WebSite\",\"@id\":\"https:\/\/www.uaga.eus\/#website\",\"url\":\"https:\/\/www.uaga.eus\/\",\"name\":\"UAGA\",\"description\":\"Uni\u00f3n Agroganadera de \u00c1lava - Araba Nekazarien Elkartea\",\"potentialAction\":[{\"@type\":\"SearchAction\",\"target\":{\"@type\":\"EntryPoint\",\"urlTemplate\":\"https:\/\/www.uaga.eus\/?s={search_term_string}\"},\"query-input\":\"required name=search_term_string\"}],\"inLanguage\":\"eu\"},{\"@type\":\"Person\",\"@id\":\"https:\/\/www.uaga.eus\/#\/schema\/person\/48c3cbf0f33d1b788226dbb6518689cf\",\"name\":\"Blanca S\u00e1nchez\",\"image\":{\"@type\":\"ImageObject\",\"inLanguage\":\"eu\",\"@id\":\"https:\/\/www.uaga.eus\/#\/schema\/person\/image\/\",\"url\":\"https:\/\/secure.gravatar.com\/avatar\/0dc91c20648254b1ce84877283f6751b?s=96&d=mm&r=g\",\"contentUrl\":\"https:\/\/secure.gravatar.com\/avatar\/0dc91c20648254b1ce84877283f6751b?s=96&d=mm&r=g\",\"caption\":\"Blanca S\u00e1nchez\"},\"url\":\"https:\/\/www.uaga.eus\/eu\/author\/bsanchez\/\"}]}<\/script>\n<!-- \/ Yoast SEO plugin. -->","yoast_head_json":{"title":"Abierto el plazo para solicitar las ayudas de la PAC hasta el 30 de abril - UAGA","robots":{"index":"index","follow":"follow","max-snippet":"max-snippet:-1","max-image-preview":"max-image-preview:large","max-video-preview":"max-video-preview:-1"},"canonical":"https:\/\/www.uaga.eus\/abierto-el-plazo-para-solicitar-las-ayudas-de-la-pac-hasta-el-30-de-abril\/","og_locale":"en_US","og_type":"article","og_title":"Abierto el plazo para solicitar las ayudas de la PAC hasta el 30 de abril - UAGA","og_description":"El plazo para la presentaci\u00f3n de Solicitudes de Pago B\u00e1sico y Ayudas Asociadas agr\u00edcolas y\/o ganaderas correspondientes al a\u00f1o 2021 est\u00e1 abierto desde el\u00a01 de febrero hasta el 30 de abril. El lugar para realizar la declaraci\u00f3n es la Oficina Comarcal Agraria (OCA) y se debe pedir cita previa. En este sentido, la Diputaci\u00f3n aconseja [&hellip;]","og_url":"https:\/\/www.uaga.eus\/abierto-el-plazo-para-solicitar-las-ayudas-de-la-pac-hasta-el-30-de-abril\/","og_site_name":"UAGA","article_published_time":"2021-02-05T12:24:23+00:00","og_image":[{"width":650,"height":343,"url":"https:\/\/www.uaga.eus\/wp-content\/uploads\/2019\/05\/ganadera.jpg","type":"image\/jpeg"}],"author":"Blanca S\u00e1nchez","twitter_card":"summary_large_image","twitter_misc":{"Written by":"Blanca S\u00e1nchez","Est. reading time":"1 minutua"},"schema":{"@context":"https:\/\/schema.org","@graph":[{"@type":"WebPage","@id":"https:\/\/www.uaga.eus\/abierto-el-plazo-para-solicitar-las-ayudas-de-la-pac-hasta-el-30-de-abril\/","url":"https:\/\/www.uaga.eus\/abierto-el-plazo-para-solicitar-las-ayudas-de-la-pac-hasta-el-30-de-abril\/","name":"Abierto el plazo para solicitar las ayudas de la PAC hasta el 30 de abril - UAGA","isPartOf":{"@id":"https:\/\/www.uaga.eus\/#website"},"datePublished":"2021-02-05T12:24:23+00:00","dateModified":"2021-02-05T12:24:23+00:00","author":{"@id":"https:\/\/www.uaga.eus\/#\/schema\/person\/48c3cbf0f33d1b788226dbb6518689cf"},"breadcrumb":{"@id":"https:\/\/www.uaga.eus\/abierto-el-plazo-para-solicitar-las-ayudas-de-la-pac-hasta-el-30-de-abril\/#breadcrumb"},"inLanguage":"eu","potentialAction":[{"@type":"ReadAction","target":["https:\/\/www.uaga.eus\/abierto-el-plazo-para-solicitar-las-ayudas-de-la-pac-hasta-el-30-de-abril\/"]}]},{"@type":"BreadcrumbList","@id":"https:\/\/www.uaga.eus\/abierto-el-plazo-para-solicitar-las-ayudas-de-la-pac-hasta-el-30-de-abril\/#breadcrumb","itemListElement":[{"@type":"ListItem","position":1,"name":"Inicio","item":"https:\/\/www.uaga.eus\/"},{"@type":"ListItem","position":2,"name":"Abierto el plazo para solicitar las ayudas de la PAC hasta el 30 de abril"}]},{"@type":"WebSite","@id":"https:\/\/www.uaga.eus\/#website","url":"https:\/\/www.uaga.eus\/","name":"UAGA","description":"Uni\u00f3n Agroganadera de \u00c1lava - Araba Nekazarien Elkartea","potentialAction":[{"@type":"SearchAction","target":{"@type":"EntryPoint","urlTemplate":"https:\/\/www.uaga.eus\/?s={search_term_string}"},"query-input":"required name=search_term_string"}],"inLanguage":"eu"},{"@type":"Person","@id":"https:\/\/www.uaga.eus\/#\/schema\/person\/48c3cbf0f33d1b788226dbb6518689cf","name":"Blanca S\u00e1nchez","image":{"@type":"ImageObject","inLanguage":"eu","@id":"https:\/\/www.uaga.eus\/#\/schema\/person\/image\/","url":"https:\/\/secure.gravatar.com\/avatar\/0dc91c20648254b1ce84877283f6751b?s=96&d=mm&r=g","contentUrl":"https:\/\/secure.gravatar.com\/avatar\/0dc91c20648254b1ce84877283f6751b?s=96&d=mm&r=g","caption":"Blanca S\u00e1nchez"},"url":"https:\/\/www.uaga.eus\/eu\/author\/bsanchez\/"}]}},"_links":{"self":[{"href":"https:\/\/www.uaga.eus\/eu\/wp-json\/wp\/v2\/posts\/8523"}],"collection":[{"href":"https:\/\/www.uaga.eus\/eu\/wp-json\/wp\/v2\/posts"}],"about":[{"href":"https:\/\/www.uaga.eus\/eu\/wp-json\/wp\/v2\/types\/post"}],"author":[{"embeddable":true,"href":"https:\/\/www.uaga.eus\/eu\/wp-json\/wp\/v2\/users\/4"}],"replies":[{"embeddable":true,"href":"https:\/\/www.uaga.eus\/eu\/wp-json\/wp\/v2\/comments?post=8523"}],"version-history":[{"count":1,"href":"https:\/\/www.uaga.eus\/eu\/wp-json\/wp\/v2\/posts\/8523\/revisions"}],"predecessor-version":[{"id":8524,"href":"https:\/\/www.uaga.eus\/eu\/wp-json\/wp\/v2\/posts\/8523\/revisions\/8524"}],"wp:featuredmedia":[{"embeddable":true,"href":"https:\/\/www.uaga.eus\/eu\/wp-json\/wp\/v2\/media\/6016"}],"wp:attachment":[{"href":"https:\/\/www.uaga.eus\/eu\/wp-json\/wp\/v2\/media?parent=8523"}],"wp:term":[{"taxonomy":"category","embeddable":true,"href":"https:\/\/www.uaga.eus\/eu\/wp-json\/wp\/v2\/categories?post=8523"},{"taxonomy":"post_tag","embeddable":true,"href":"https:\/\/www.uaga.eus\/eu\/wp-json\/wp\/v2\/tags?post=8523"}],"curies":[{"name":"wp","href":"https:\/\/api.w.org\/{rel}","templated":true}]}}