{"id":8515,"date":"2021-02-05T12:18:34","date_gmt":"2021-02-05T12:18:34","guid":{"rendered":"https:\/\/www.uaga.eus\/?p=8515"},"modified":"2021-02-05T12:18:34","modified_gmt":"2021-02-05T12:18:34","slug":"la-oive-reclama-medidas-de-apoyo-al-sector-vitivinicola","status":"publish","type":"post","link":"https:\/\/www.uaga.eus\/eu\/la-oive-reclama-medidas-de-apoyo-al-sector-vitivinicola\/","title":{"rendered":"La OIVE reclama medidas de apoyo al sector vitivin\u00edcola\u00a0"},"content":{"rendered":"<p>La Junta Directiva de la OIVE, organizaci\u00f3n a la que pertenece UAGA a trav\u00e9s de COAG, se ha reunido para valorar la situaci\u00f3n del sector vitivin\u00edcola, seriamente afectado por los efectos de la crisis de la Covid-19.<\/p>\n<p>Ha puesto de manifiesto la grave situaci\u00f3n por la que est\u00e1 pasando el sector, motivado principalmente por el descenso de la demanda tanto en el plano nacional con los cierres del canal HORECA como en el internacional.<\/p>\n<p>Tras analizar las posibles herramientas disponibles en el marco de la PAC y la OCM del vino, incluyendo las medidas extraordinarias puestas en marcha en la anterior campa\u00f1a, que ser\u00e1 necesario aplicar con urgencia para tratar de paliar la actual situaci\u00f3n, se ha decido enviar un escrito, tanto a instancias nacionales como europeas, solicitando un presupuesto extraordinario para ayudar al sector vitivin\u00edcola tan castigado por la Covid-19.<\/p>\n<p>El sentir un\u00e1nime de la OIVE es la necesidad de que las administraciones, tanto espa\u00f1olas como europeas, muestren su verdadero apoyo al sector y reconozcan la dimensi\u00f3n del problema, dotando un presupuesto extraordinario y suficiente para que las medidas que se pongan en marcha tengan verdaderamente el efecto de volver a equilibrar los mercados.<\/p>\n<p>En este sentido, OIVE va a solicitar una reuni\u00f3n urgente con el Ministerio de Agricultura, Pesca y Alimentaci\u00f3n (MAPA) para valorar y estudiar los pr\u00f3ximos pasos a seguir en este momento tan decisivo para el sector.<\/p>\n<p>En paralelo, y con la vista en el medio y largo plazo, se ha decidido elaborar un plan estrat\u00e9gico de manera inmediata que ayude a orientar y definir las actuaciones que debe llevar a cabo el conjunto del sector para darle estabilidad y valorizar sus producciones y que repercuta en toda la cadena de valor del sector.<\/p>\n<p>+INFO NURIA: 661 595 811<\/p>\n","protected":false},"excerpt":{"rendered":"<p>La Junta Directiva de la OIVE, organizaci\u00f3n a la que pertenece UAGA a trav\u00e9s de COAG, se ha reunido para valorar la situaci\u00f3n del sector vitivin\u00edcola, seriamente afectado por los efectos de la crisis de la Covid-19. Ha puesto de manifiesto la grave situaci\u00f3n por la que est\u00e1 pasando el sector, motivado principalmente por el [&hellip;]<\/p>\n","protected":false},"author":4,"featured_media":8507,"comment_status":"closed","ping_status":"closed","sticky":false,"template":"","format":"standard","meta":{"footnotes":""},"categories":[7,5],"tags":[],"yoast_head":"<!-- This site is optimized with the Yoast SEO plugin v21.5 - https:\/\/yoast.com\/wordpress\/plugins\/seo\/ -->\n<title>La OIVE reclama medidas de apoyo al sector vitivin\u00edcola\u00a0 - UAGA<\/title>\n<meta name=\"robots\" content=\"index, follow, max-snippet:-1, max-image-preview:large, max-video-preview:-1\" \/>\n<link rel=\"canonical\" href=\"https:\/\/www.uaga.eus\/la-oive-reclama-medidas-de-apoyo-al-sector-vitivinicola\/\" \/>\n<meta property=\"og:locale\" content=\"en_US\" \/>\n<meta property=\"og:type\" content=\"article\" \/>\n<meta property=\"og:title\" content=\"La OIVE reclama medidas de apoyo al sector vitivin\u00edcola\u00a0 - UAGA\" \/>\n<meta property=\"og:description\" content=\"La Junta Directiva de la OIVE, organizaci\u00f3n a la que pertenece UAGA a trav\u00e9s de COAG, se ha reunido para valorar la situaci\u00f3n del sector vitivin\u00edcola, seriamente afectado por los efectos de la crisis de la Covid-19. Ha puesto de manifiesto la grave situaci\u00f3n por la que est\u00e1 pasando el sector, motivado principalmente por el [&hellip;]\" \/>\n<meta property=\"og:url\" content=\"https:\/\/www.uaga.eus\/la-oive-reclama-medidas-de-apoyo-al-sector-vitivinicola\/\" \/>\n<meta property=\"og:site_name\" content=\"UAGA\" \/>\n<meta property=\"article:published_time\" content=\"2021-02-05T12:18:34+00:00\" \/>\n<meta property=\"og:image\" content=\"https:\/\/www.uaga.eus\/wp-content\/uploads\/2021\/02\/botellas-de-vino-e1612527500360.jpg\" \/>\n\t<meta property=\"og:image:width\" content=\"650\" \/>\n\t<meta property=\"og:image:height\" content=\"370\" \/>\n\t<meta property=\"og:image:type\" content=\"image\/jpeg\" \/>\n<meta name=\"author\" content=\"Blanca S\u00e1nchez\" \/>\n<meta name=\"twitter:card\" content=\"summary_large_image\" \/>\n<meta name=\"twitter:label1\" content=\"Written by\" \/>\n\t<meta name=\"twitter:data1\" content=\"Blanca S\u00e1nchez\" \/>\n\t<meta name=\"twitter:label2\" content=\"Est. reading time\" \/>\n\t<meta name=\"twitter:data2\" content=\"2 minutua\" \/>\n<script type=\"application\/ld+json\" class=\"yoast-schema-graph\">{\"@context\":\"https:\/\/schema.org\",\"@graph\":[{\"@type\":\"WebPage\",\"@id\":\"https:\/\/www.uaga.eus\/la-oive-reclama-medidas-de-apoyo-al-sector-vitivinicola\/\",\"url\":\"https:\/\/www.uaga.eus\/la-oive-reclama-medidas-de-apoyo-al-sector-vitivinicola\/\",\"name\":\"La OIVE reclama medidas de apoyo al sector vitivin\u00edcola\u00a0 - UAGA\",\"isPartOf\":{\"@id\":\"https:\/\/www.uaga.eus\/#website\"},\"datePublished\":\"2021-02-05T12:18:34+00:00\",\"dateModified\":\"2021-02-05T12:18:34+00:00\",\"author\":{\"@id\":\"https:\/\/www.uaga.eus\/#\/schema\/person\/48c3cbf0f33d1b788226dbb6518689cf\"},\"breadcrumb\":{\"@id\":\"https:\/\/www.uaga.eus\/la-oive-reclama-medidas-de-apoyo-al-sector-vitivinicola\/#breadcrumb\"},\"inLanguage\":\"eu\",\"potentialAction\":[{\"@type\":\"ReadAction\",\"target\":[\"https:\/\/www.uaga.eus\/la-oive-reclama-medidas-de-apoyo-al-sector-vitivinicola\/\"]}]},{\"@type\":\"BreadcrumbList\",\"@id\":\"https:\/\/www.uaga.eus\/la-oive-reclama-medidas-de-apoyo-al-sector-vitivinicola\/#breadcrumb\",\"itemListElement\":[{\"@type\":\"ListItem\",\"position\":1,\"name\":\"Inicio\",\"item\":\"https:\/\/www.uaga.eus\/\"},{\"@type\":\"ListItem\",\"position\":2,\"name\":\"La OIVE reclama medidas de apoyo al sector vitivin\u00edcola\u00a0\"}]},{\"@type\":\"WebSite\",\"@id\":\"https:\/\/www.uaga.eus\/#website\",\"url\":\"https:\/\/www.uaga.eus\/\",\"name\":\"UAGA\",\"description\":\"Uni\u00f3n Agroganadera de \u00c1lava - Araba Nekazarien Elkartea\",\"potentialAction\":[{\"@type\":\"SearchAction\",\"target\":{\"@type\":\"EntryPoint\",\"urlTemplate\":\"https:\/\/www.uaga.eus\/?s={search_term_string}\"},\"query-input\":\"required name=search_term_string\"}],\"inLanguage\":\"eu\"},{\"@type\":\"Person\",\"@id\":\"https:\/\/www.uaga.eus\/#\/schema\/person\/48c3cbf0f33d1b788226dbb6518689cf\",\"name\":\"Blanca S\u00e1nchez\",\"image\":{\"@type\":\"ImageObject\",\"inLanguage\":\"eu\",\"@id\":\"https:\/\/www.uaga.eus\/#\/schema\/person\/image\/\",\"url\":\"https:\/\/secure.gravatar.com\/avatar\/0dc91c20648254b1ce84877283f6751b?s=96&d=mm&r=g\",\"contentUrl\":\"https:\/\/secure.gravatar.com\/avatar\/0dc91c20648254b1ce84877283f6751b?s=96&d=mm&r=g\",\"caption\":\"Blanca S\u00e1nchez\"},\"url\":\"https:\/\/www.uaga.eus\/eu\/author\/bsanchez\/\"}]}<\/script>\n<!-- \/ Yoast SEO plugin. -->","yoast_head_json":{"title":"La OIVE reclama medidas de apoyo al sector vitivin\u00edcola\u00a0 - UAGA","robots":{"index":"index","follow":"follow","max-snippet":"max-snippet:-1","max-image-preview":"max-image-preview:large","max-video-preview":"max-video-preview:-1"},"canonical":"https:\/\/www.uaga.eus\/la-oive-reclama-medidas-de-apoyo-al-sector-vitivinicola\/","og_locale":"en_US","og_type":"article","og_title":"La OIVE reclama medidas de apoyo al sector vitivin\u00edcola\u00a0 - UAGA","og_description":"La Junta Directiva de la OIVE, organizaci\u00f3n a la que pertenece UAGA a trav\u00e9s de COAG, se ha reunido para valorar la situaci\u00f3n del sector vitivin\u00edcola, seriamente afectado por los efectos de la crisis de la Covid-19. Ha puesto de manifiesto la grave situaci\u00f3n por la que est\u00e1 pasando el sector, motivado principalmente por el [&hellip;]","og_url":"https:\/\/www.uaga.eus\/la-oive-reclama-medidas-de-apoyo-al-sector-vitivinicola\/","og_site_name":"UAGA","article_published_time":"2021-02-05T12:18:34+00:00","og_image":[{"width":650,"height":370,"url":"https:\/\/www.uaga.eus\/wp-content\/uploads\/2021\/02\/botellas-de-vino-e1612527500360.jpg","type":"image\/jpeg"}],"author":"Blanca S\u00e1nchez","twitter_card":"summary_large_image","twitter_misc":{"Written by":"Blanca S\u00e1nchez","Est. reading time":"2 minutua"},"schema":{"@context":"https:\/\/schema.org","@graph":[{"@type":"WebPage","@id":"https:\/\/www.uaga.eus\/la-oive-reclama-medidas-de-apoyo-al-sector-vitivinicola\/","url":"https:\/\/www.uaga.eus\/la-oive-reclama-medidas-de-apoyo-al-sector-vitivinicola\/","name":"La OIVE reclama medidas de apoyo al sector vitivin\u00edcola\u00a0 - UAGA","isPartOf":{"@id":"https:\/\/www.uaga.eus\/#website"},"datePublished":"2021-02-05T12:18:34+00:00","dateModified":"2021-02-05T12:18:34+00:00","author":{"@id":"https:\/\/www.uaga.eus\/#\/schema\/person\/48c3cbf0f33d1b788226dbb6518689cf"},"breadcrumb":{"@id":"https:\/\/www.uaga.eus\/la-oive-reclama-medidas-de-apoyo-al-sector-vitivinicola\/#breadcrumb"},"inLanguage":"eu","potentialAction":[{"@type":"ReadAction","target":["https:\/\/www.uaga.eus\/la-oive-reclama-medidas-de-apoyo-al-sector-vitivinicola\/"]}]},{"@type":"BreadcrumbList","@id":"https:\/\/www.uaga.eus\/la-oive-reclama-medidas-de-apoyo-al-sector-vitivinicola\/#breadcrumb","itemListElement":[{"@type":"ListItem","position":1,"name":"Inicio","item":"https:\/\/www.uaga.eus\/"},{"@type":"ListItem","position":2,"name":"La OIVE reclama medidas de apoyo al sector vitivin\u00edcola\u00a0"}]},{"@type":"WebSite","@id":"https:\/\/www.uaga.eus\/#website","url":"https:\/\/www.uaga.eus\/","name":"UAGA","description":"Uni\u00f3n Agroganadera de \u00c1lava - Araba Nekazarien Elkartea","potentialAction":[{"@type":"SearchAction","target":{"@type":"EntryPoint","urlTemplate":"https:\/\/www.uaga.eus\/?s={search_term_string}"},"query-input":"required name=search_term_string"}],"inLanguage":"eu"},{"@type":"Person","@id":"https:\/\/www.uaga.eus\/#\/schema\/person\/48c3cbf0f33d1b788226dbb6518689cf","name":"Blanca S\u00e1nchez","image":{"@type":"ImageObject","inLanguage":"eu","@id":"https:\/\/www.uaga.eus\/#\/schema\/person\/image\/","url":"https:\/\/secure.gravatar.com\/avatar\/0dc91c20648254b1ce84877283f6751b?s=96&d=mm&r=g","contentUrl":"https:\/\/secure.gravatar.com\/avatar\/0dc91c20648254b1ce84877283f6751b?s=96&d=mm&r=g","caption":"Blanca S\u00e1nchez"},"url":"https:\/\/www.uaga.eus\/eu\/author\/bsanchez\/"}]}},"_links":{"self":[{"href":"https:\/\/www.uaga.eus\/eu\/wp-json\/wp\/v2\/posts\/8515"}],"collection":[{"href":"https:\/\/www.uaga.eus\/eu\/wp-json\/wp\/v2\/posts"}],"about":[{"href":"https:\/\/www.uaga.eus\/eu\/wp-json\/wp\/v2\/types\/post"}],"author":[{"embeddable":true,"href":"https:\/\/www.uaga.eus\/eu\/wp-json\/wp\/v2\/users\/4"}],"replies":[{"embeddable":true,"href":"https:\/\/www.uaga.eus\/eu\/wp-json\/wp\/v2\/comments?post=8515"}],"version-history":[{"count":1,"href":"https:\/\/www.uaga.eus\/eu\/wp-json\/wp\/v2\/posts\/8515\/revisions"}],"predecessor-version":[{"id":8516,"href":"https:\/\/www.uaga.eus\/eu\/wp-json\/wp\/v2\/posts\/8515\/revisions\/8516"}],"wp:featuredmedia":[{"embeddable":true,"href":"https:\/\/www.uaga.eus\/eu\/wp-json\/wp\/v2\/media\/8507"}],"wp:attachment":[{"href":"https:\/\/www.uaga.eus\/eu\/wp-json\/wp\/v2\/media?parent=8515"}],"wp:term":[{"taxonomy":"category","embeddable":true,"href":"https:\/\/www.uaga.eus\/eu\/wp-json\/wp\/v2\/categories?post=8515"},{"taxonomy":"post_tag","embeddable":true,"href":"https:\/\/www.uaga.eus\/eu\/wp-json\/wp\/v2\/tags?post=8515"}],"curies":[{"name":"wp","href":"https:\/\/api.w.org\/{rel}","templated":true}]}}