{"id":8466,"date":"2021-01-22T12:07:10","date_gmt":"2021-01-22T12:07:10","guid":{"rendered":"https:\/\/www.uaga.eus\/?p=8466"},"modified":"2021-01-22T12:07:10","modified_gmt":"2021-01-22T12:07:10","slug":"uaga-apoya-la-peticion-de-las-comunidades-autonomas-de-la-cornisa-cantabrica-para-que-la-nueva-pac-reconozca-su-caracter-diferencial","status":"publish","type":"post","link":"https:\/\/www.uaga.eus\/eu\/uaga-apoya-la-peticion-de-las-comunidades-autonomas-de-la-cornisa-cantabrica-para-que-la-nueva-pac-reconozca-su-caracter-diferencial\/","title":{"rendered":"UAGA apoya la petici\u00f3n de las Comunidades Aut\u00f3nomas de la Cornisa Cant\u00e1brica para que la nueva PAC reconozca su car\u00e1cter diferencial"},"content":{"rendered":"<p>Euskadi y el resto de las Comunidades Aut\u00f3nomas de la Cornisa Cant\u00e1brica (Asturias, Cantabria y Galicia), han reclamado al Gobierno estatal que tenga en cuenta el modelo de explotaci\u00f3n familiar agraria sostenible de sus agriculturas para el dise\u00f1o y la aplicaci\u00f3n de la futura PAC 2023-2027 dentro del Plan Estrat\u00e9gico estatal de la PAC.<\/p>\n<p>La mayor\u00eda de las explotaciones de los territorios de la Cornisa Cant\u00e1brica son de car\u00e1cter profesional y de tama\u00f1o peque\u00f1o o mediano, pero eminentemente familiar. Adem\u00e1s, dentro de las orientaciones productivas los sectores ganaderos tienen gran importancia, algo diferente de otras zonas del Estado.<\/p>\n<p>Puedes consultar la comunicaci\u00f3n completa del Gobierno Vasco en el siguiente <a href=\"https:\/\/www.euskadi.eus\/gobierno-vasco\/-\/noticia\/2021\/euskadi-resto-comunidades-cantabricas-reclama-al-gobierno-espana-que-contemple-sus-particularidades-aplicacion-futura-pac\/\" target=\"_blank\" rel=\"noopener\" data-cke-saved-href=\"https:\/\/www.euskadi.eus\/gobierno-vasco\/-\/noticia\/2021\/euskadi-resto-comunidades-cantabricas-reclama-al-gobierno-espana-que-contemple-sus-particularidades-aplicacion-futura-pac\/\">enlace<\/a>.<\/p>\n<p>+INFO SUGOI:\u00a0 675 707 696<\/p>\n","protected":false},"excerpt":{"rendered":"<p>Euskadi y el resto de las Comunidades Aut\u00f3nomas de la Cornisa Cant\u00e1brica (Asturias, Cantabria y Galicia), han reclamado al Gobierno estatal que tenga en cuenta el modelo de explotaci\u00f3n familiar agraria sostenible de sus agriculturas para el dise\u00f1o y la aplicaci\u00f3n de la futura PAC 2023-2027 dentro del Plan Estrat\u00e9gico estatal de la PAC. La [&hellip;]<\/p>\n","protected":false},"author":4,"featured_media":7815,"comment_status":"closed","ping_status":"closed","sticky":false,"template":"","format":"standard","meta":{"footnotes":""},"categories":[7,8,4],"tags":[],"yoast_head":"<!-- This site is optimized with the Yoast SEO plugin v21.5 - https:\/\/yoast.com\/wordpress\/plugins\/seo\/ -->\n<title>UAGA apoya la petici\u00f3n de las Comunidades Aut\u00f3nomas de la Cornisa Cant\u00e1brica para que la nueva PAC reconozca su car\u00e1cter diferencial - UAGA<\/title>\n<meta name=\"robots\" content=\"index, follow, max-snippet:-1, max-image-preview:large, max-video-preview:-1\" \/>\n<link rel=\"canonical\" href=\"https:\/\/www.uaga.eus\/uaga-apoya-la-peticion-de-las-comunidades-autonomas-de-la-cornisa-cantabrica-para-que-la-nueva-pac-reconozca-su-caracter-diferencial\/\" \/>\n<meta property=\"og:locale\" content=\"en_US\" \/>\n<meta property=\"og:type\" content=\"article\" \/>\n<meta property=\"og:title\" content=\"UAGA apoya la petici\u00f3n de las Comunidades Aut\u00f3nomas de la Cornisa Cant\u00e1brica para que la nueva PAC reconozca su car\u00e1cter diferencial - UAGA\" \/>\n<meta property=\"og:description\" content=\"Euskadi y el resto de las Comunidades Aut\u00f3nomas de la Cornisa Cant\u00e1brica (Asturias, Cantabria y Galicia), han reclamado al Gobierno estatal que tenga en cuenta el modelo de explotaci\u00f3n familiar agraria sostenible de sus agriculturas para el dise\u00f1o y la aplicaci\u00f3n de la futura PAC 2023-2027 dentro del Plan Estrat\u00e9gico estatal de la PAC. La [&hellip;]\" \/>\n<meta property=\"og:url\" content=\"https:\/\/www.uaga.eus\/uaga-apoya-la-peticion-de-las-comunidades-autonomas-de-la-cornisa-cantabrica-para-que-la-nueva-pac-reconozca-su-caracter-diferencial\/\" \/>\n<meta property=\"og:site_name\" content=\"UAGA\" \/>\n<meta property=\"article:published_time\" content=\"2021-01-22T12:07:10+00:00\" \/>\n<meta property=\"og:image\" content=\"https:\/\/www.uaga.eus\/wp-content\/uploads\/2020\/07\/vacas-en-el-monte.jpg\" \/>\n\t<meta property=\"og:image:width\" content=\"650\" \/>\n\t<meta property=\"og:image:height\" content=\"366\" \/>\n\t<meta property=\"og:image:type\" content=\"image\/jpeg\" \/>\n<meta name=\"author\" content=\"Blanca S\u00e1nchez\" \/>\n<meta name=\"twitter:card\" content=\"summary_large_image\" \/>\n<meta name=\"twitter:label1\" content=\"Written by\" \/>\n\t<meta name=\"twitter:data1\" content=\"Blanca S\u00e1nchez\" \/>\n\t<meta name=\"twitter:label2\" content=\"Est. reading time\" \/>\n\t<meta name=\"twitter:data2\" content=\"1 minutua\" \/>\n<script type=\"application\/ld+json\" class=\"yoast-schema-graph\">{\"@context\":\"https:\/\/schema.org\",\"@graph\":[{\"@type\":\"WebPage\",\"@id\":\"https:\/\/www.uaga.eus\/uaga-apoya-la-peticion-de-las-comunidades-autonomas-de-la-cornisa-cantabrica-para-que-la-nueva-pac-reconozca-su-caracter-diferencial\/\",\"url\":\"https:\/\/www.uaga.eus\/uaga-apoya-la-peticion-de-las-comunidades-autonomas-de-la-cornisa-cantabrica-para-que-la-nueva-pac-reconozca-su-caracter-diferencial\/\",\"name\":\"UAGA apoya la petici\u00f3n de las Comunidades Aut\u00f3nomas de la Cornisa Cant\u00e1brica para que la nueva PAC reconozca su car\u00e1cter diferencial - UAGA\",\"isPartOf\":{\"@id\":\"https:\/\/www.uaga.eus\/#website\"},\"datePublished\":\"2021-01-22T12:07:10+00:00\",\"dateModified\":\"2021-01-22T12:07:10+00:00\",\"author\":{\"@id\":\"https:\/\/www.uaga.eus\/#\/schema\/person\/48c3cbf0f33d1b788226dbb6518689cf\"},\"breadcrumb\":{\"@id\":\"https:\/\/www.uaga.eus\/uaga-apoya-la-peticion-de-las-comunidades-autonomas-de-la-cornisa-cantabrica-para-que-la-nueva-pac-reconozca-su-caracter-diferencial\/#breadcrumb\"},\"inLanguage\":\"eu\",\"potentialAction\":[{\"@type\":\"ReadAction\",\"target\":[\"https:\/\/www.uaga.eus\/uaga-apoya-la-peticion-de-las-comunidades-autonomas-de-la-cornisa-cantabrica-para-que-la-nueva-pac-reconozca-su-caracter-diferencial\/\"]}]},{\"@type\":\"BreadcrumbList\",\"@id\":\"https:\/\/www.uaga.eus\/uaga-apoya-la-peticion-de-las-comunidades-autonomas-de-la-cornisa-cantabrica-para-que-la-nueva-pac-reconozca-su-caracter-diferencial\/#breadcrumb\",\"itemListElement\":[{\"@type\":\"ListItem\",\"position\":1,\"name\":\"Inicio\",\"item\":\"https:\/\/www.uaga.eus\/\"},{\"@type\":\"ListItem\",\"position\":2,\"name\":\"UAGA apoya la petici\u00f3n de las Comunidades Aut\u00f3nomas de la Cornisa Cant\u00e1brica para que la nueva PAC reconozca su car\u00e1cter diferencial\"}]},{\"@type\":\"WebSite\",\"@id\":\"https:\/\/www.uaga.eus\/#website\",\"url\":\"https:\/\/www.uaga.eus\/\",\"name\":\"UAGA\",\"description\":\"Uni\u00f3n Agroganadera de \u00c1lava - Araba Nekazarien Elkartea\",\"potentialAction\":[{\"@type\":\"SearchAction\",\"target\":{\"@type\":\"EntryPoint\",\"urlTemplate\":\"https:\/\/www.uaga.eus\/?s={search_term_string}\"},\"query-input\":\"required name=search_term_string\"}],\"inLanguage\":\"eu\"},{\"@type\":\"Person\",\"@id\":\"https:\/\/www.uaga.eus\/#\/schema\/person\/48c3cbf0f33d1b788226dbb6518689cf\",\"name\":\"Blanca S\u00e1nchez\",\"image\":{\"@type\":\"ImageObject\",\"inLanguage\":\"eu\",\"@id\":\"https:\/\/www.uaga.eus\/#\/schema\/person\/image\/\",\"url\":\"https:\/\/secure.gravatar.com\/avatar\/0dc91c20648254b1ce84877283f6751b?s=96&d=mm&r=g\",\"contentUrl\":\"https:\/\/secure.gravatar.com\/avatar\/0dc91c20648254b1ce84877283f6751b?s=96&d=mm&r=g\",\"caption\":\"Blanca S\u00e1nchez\"},\"url\":\"https:\/\/www.uaga.eus\/eu\/author\/bsanchez\/\"}]}<\/script>\n<!-- \/ Yoast SEO plugin. -->","yoast_head_json":{"title":"UAGA apoya la petici\u00f3n de las Comunidades Aut\u00f3nomas de la Cornisa Cant\u00e1brica para que la nueva PAC reconozca su car\u00e1cter diferencial - UAGA","robots":{"index":"index","follow":"follow","max-snippet":"max-snippet:-1","max-image-preview":"max-image-preview:large","max-video-preview":"max-video-preview:-1"},"canonical":"https:\/\/www.uaga.eus\/uaga-apoya-la-peticion-de-las-comunidades-autonomas-de-la-cornisa-cantabrica-para-que-la-nueva-pac-reconozca-su-caracter-diferencial\/","og_locale":"en_US","og_type":"article","og_title":"UAGA apoya la petici\u00f3n de las Comunidades Aut\u00f3nomas de la Cornisa Cant\u00e1brica para que la nueva PAC reconozca su car\u00e1cter diferencial - UAGA","og_description":"Euskadi y el resto de las Comunidades Aut\u00f3nomas de la Cornisa Cant\u00e1brica (Asturias, Cantabria y Galicia), han reclamado al Gobierno estatal que tenga en cuenta el modelo de explotaci\u00f3n familiar agraria sostenible de sus agriculturas para el dise\u00f1o y la aplicaci\u00f3n de la futura PAC 2023-2027 dentro del Plan Estrat\u00e9gico estatal de la PAC. La [&hellip;]","og_url":"https:\/\/www.uaga.eus\/uaga-apoya-la-peticion-de-las-comunidades-autonomas-de-la-cornisa-cantabrica-para-que-la-nueva-pac-reconozca-su-caracter-diferencial\/","og_site_name":"UAGA","article_published_time":"2021-01-22T12:07:10+00:00","og_image":[{"width":650,"height":366,"url":"https:\/\/www.uaga.eus\/wp-content\/uploads\/2020\/07\/vacas-en-el-monte.jpg","type":"image\/jpeg"}],"author":"Blanca S\u00e1nchez","twitter_card":"summary_large_image","twitter_misc":{"Written by":"Blanca S\u00e1nchez","Est. reading time":"1 minutua"},"schema":{"@context":"https:\/\/schema.org","@graph":[{"@type":"WebPage","@id":"https:\/\/www.uaga.eus\/uaga-apoya-la-peticion-de-las-comunidades-autonomas-de-la-cornisa-cantabrica-para-que-la-nueva-pac-reconozca-su-caracter-diferencial\/","url":"https:\/\/www.uaga.eus\/uaga-apoya-la-peticion-de-las-comunidades-autonomas-de-la-cornisa-cantabrica-para-que-la-nueva-pac-reconozca-su-caracter-diferencial\/","name":"UAGA apoya la petici\u00f3n de las Comunidades Aut\u00f3nomas de la Cornisa Cant\u00e1brica para que la nueva PAC reconozca su car\u00e1cter diferencial - UAGA","isPartOf":{"@id":"https:\/\/www.uaga.eus\/#website"},"datePublished":"2021-01-22T12:07:10+00:00","dateModified":"2021-01-22T12:07:10+00:00","author":{"@id":"https:\/\/www.uaga.eus\/#\/schema\/person\/48c3cbf0f33d1b788226dbb6518689cf"},"breadcrumb":{"@id":"https:\/\/www.uaga.eus\/uaga-apoya-la-peticion-de-las-comunidades-autonomas-de-la-cornisa-cantabrica-para-que-la-nueva-pac-reconozca-su-caracter-diferencial\/#breadcrumb"},"inLanguage":"eu","potentialAction":[{"@type":"ReadAction","target":["https:\/\/www.uaga.eus\/uaga-apoya-la-peticion-de-las-comunidades-autonomas-de-la-cornisa-cantabrica-para-que-la-nueva-pac-reconozca-su-caracter-diferencial\/"]}]},{"@type":"BreadcrumbList","@id":"https:\/\/www.uaga.eus\/uaga-apoya-la-peticion-de-las-comunidades-autonomas-de-la-cornisa-cantabrica-para-que-la-nueva-pac-reconozca-su-caracter-diferencial\/#breadcrumb","itemListElement":[{"@type":"ListItem","position":1,"name":"Inicio","item":"https:\/\/www.uaga.eus\/"},{"@type":"ListItem","position":2,"name":"UAGA apoya la petici\u00f3n de las Comunidades Aut\u00f3nomas de la Cornisa Cant\u00e1brica para que la nueva PAC reconozca su car\u00e1cter diferencial"}]},{"@type":"WebSite","@id":"https:\/\/www.uaga.eus\/#website","url":"https:\/\/www.uaga.eus\/","name":"UAGA","description":"Uni\u00f3n Agroganadera de \u00c1lava - Araba Nekazarien Elkartea","potentialAction":[{"@type":"SearchAction","target":{"@type":"EntryPoint","urlTemplate":"https:\/\/www.uaga.eus\/?s={search_term_string}"},"query-input":"required name=search_term_string"}],"inLanguage":"eu"},{"@type":"Person","@id":"https:\/\/www.uaga.eus\/#\/schema\/person\/48c3cbf0f33d1b788226dbb6518689cf","name":"Blanca S\u00e1nchez","image":{"@type":"ImageObject","inLanguage":"eu","@id":"https:\/\/www.uaga.eus\/#\/schema\/person\/image\/","url":"https:\/\/secure.gravatar.com\/avatar\/0dc91c20648254b1ce84877283f6751b?s=96&d=mm&r=g","contentUrl":"https:\/\/secure.gravatar.com\/avatar\/0dc91c20648254b1ce84877283f6751b?s=96&d=mm&r=g","caption":"Blanca S\u00e1nchez"},"url":"https:\/\/www.uaga.eus\/eu\/author\/bsanchez\/"}]}},"_links":{"self":[{"href":"https:\/\/www.uaga.eus\/eu\/wp-json\/wp\/v2\/posts\/8466"}],"collection":[{"href":"https:\/\/www.uaga.eus\/eu\/wp-json\/wp\/v2\/posts"}],"about":[{"href":"https:\/\/www.uaga.eus\/eu\/wp-json\/wp\/v2\/types\/post"}],"author":[{"embeddable":true,"href":"https:\/\/www.uaga.eus\/eu\/wp-json\/wp\/v2\/users\/4"}],"replies":[{"embeddable":true,"href":"https:\/\/www.uaga.eus\/eu\/wp-json\/wp\/v2\/comments?post=8466"}],"version-history":[{"count":1,"href":"https:\/\/www.uaga.eus\/eu\/wp-json\/wp\/v2\/posts\/8466\/revisions"}],"predecessor-version":[{"id":8467,"href":"https:\/\/www.uaga.eus\/eu\/wp-json\/wp\/v2\/posts\/8466\/revisions\/8467"}],"wp:featuredmedia":[{"embeddable":true,"href":"https:\/\/www.uaga.eus\/eu\/wp-json\/wp\/v2\/media\/7815"}],"wp:attachment":[{"href":"https:\/\/www.uaga.eus\/eu\/wp-json\/wp\/v2\/media?parent=8466"}],"wp:term":[{"taxonomy":"category","embeddable":true,"href":"https:\/\/www.uaga.eus\/eu\/wp-json\/wp\/v2\/categories?post=8466"},{"taxonomy":"post_tag","embeddable":true,"href":"https:\/\/www.uaga.eus\/eu\/wp-json\/wp\/v2\/tags?post=8466"}],"curies":[{"name":"wp","href":"https:\/\/api.w.org\/{rel}","templated":true}]}}