{"id":8464,"date":"2021-01-22T12:05:54","date_gmt":"2021-01-22T12:05:54","guid":{"rendered":"https:\/\/www.uaga.eus\/?p=8464"},"modified":"2021-02-02T08:26:04","modified_gmt":"2021-02-02T08:26:04","slug":"coag-presenta-en-el-parlamento-sus-propuestas-para-mejorar-la-ley-de-la-cadena-alimentaria","status":"publish","type":"post","link":"https:\/\/www.uaga.eus\/eu\/coag-presenta-en-el-parlamento-sus-propuestas-para-mejorar-la-ley-de-la-cadena-alimentaria\/","title":{"rendered":"COAG presenta en el Parlamento sus propuestas para mejorar la Ley de la Cadena Alimentaria"},"content":{"rendered":"<p>COAG, Coordinadora de Organizaciones de Agricultores y Ganaderos, en la que se integra UAGA, ha presentado esta semana en el Congreso de los Diputados sus propuestas de mejora de la Ley de la Cadena Alimentaria para reforzar la eficacia de la misma y conseguir un reparto justo y equitativo del precio de los productos agroalimentarios entre los distintos eslabones de la cadena de valor del sector.<\/p>\n<p>Entre las propuestas destaca el reconocimiento del coste de producci\u00f3n como factor objetivo para fijar los precios en los contratos de compra-venta, \u00a0la ampliaci\u00f3n del \u00e1mbito de aplicaci\u00f3n de la Ley al canal HORECA, la regulaci\u00f3n de manera eficaz de la prohibici\u00f3n de la venta a p\u00e9rdidas y el refuerzo de los recursos de la Agencia de Informaci\u00f3n y Control Alimentarios, AICA, para velar por su cumplimiento.<\/p>\n<p><span style=\"font-family: 'Arial',sans-serif; color: #333333;\">Puedes ver aqu\u00ed la <a href=\"https:\/\/mcusercontent.com\/498b950ccfc4b8d0e600d7e48\/files\/9fc9c5b5-f13d-409d-b4d0-6c99d037d688\/210119_propuestas_coag_ley_cad_alimentaria.pdf\">nota de prensa<\/a> y el <u><a href=\"https:\/\/www.uaga.eus\/wp-content\/uploads\/2021\/01\/Comparecencia-Secretario-Gral-COAG-en-el-Congreso-Ley-de-Cadena-Alimentaria.pdf\">texto completo de la comparecencia<\/a>.<\/u><\/span><\/p>\n<p>+INFO YOLANDA:\u00a0 615 779 584<\/p>","protected":false},"excerpt":{"rendered":"<p>COAG, Coordinadora de Organizaciones de Agricultores y Ganaderos, en la que se integra UAGA, ha presentado esta semana en el Congreso de los Diputados sus propuestas de mejora de la Ley de la Cadena Alimentaria para reforzar la eficacia de la misma y conseguir un reparto justo y equitativo del precio de los productos agroalimentarios [&hellip;]<\/p>\n","protected":false},"author":4,"featured_media":8219,"comment_status":"closed","ping_status":"closed","sticky":false,"template":"","format":"standard","meta":{"footnotes":""},"categories":[7,12,8,4],"tags":[],"yoast_head":"<!-- This site is optimized with the Yoast SEO plugin v21.5 - https:\/\/yoast.com\/wordpress\/plugins\/seo\/ -->\n<title>COAG presenta en el Parlamento sus propuestas para mejorar la Ley de la Cadena Alimentaria - UAGA<\/title>\n<meta name=\"robots\" content=\"index, follow, max-snippet:-1, max-image-preview:large, max-video-preview:-1\" \/>\n<link rel=\"canonical\" href=\"https:\/\/www.uaga.eus\/coag-presenta-en-el-parlamento-sus-propuestas-para-mejorar-la-ley-de-la-cadena-alimentaria\/\" \/>\n<meta property=\"og:locale\" content=\"en_US\" \/>\n<meta property=\"og:type\" content=\"article\" \/>\n<meta property=\"og:title\" content=\"COAG presenta en el Parlamento sus propuestas para mejorar la Ley de la Cadena Alimentaria - UAGA\" \/>\n<meta property=\"og:description\" content=\"COAG, Coordinadora de Organizaciones de Agricultores y Ganaderos, en la que se integra UAGA, ha presentado esta semana en el Congreso de los Diputados sus propuestas de mejora de la Ley de la Cadena Alimentaria para reforzar la eficacia de la misma y conseguir un reparto justo y equitativo del precio de los productos agroalimentarios [&hellip;]\" \/>\n<meta property=\"og:url\" content=\"https:\/\/www.uaga.eus\/coag-presenta-en-el-parlamento-sus-propuestas-para-mejorar-la-ley-de-la-cadena-alimentaria\/\" \/>\n<meta property=\"og:site_name\" content=\"UAGA\" \/>\n<meta property=\"article:published_time\" content=\"2021-01-22T12:05:54+00:00\" \/>\n<meta property=\"article:modified_time\" content=\"2021-02-02T08:26:04+00:00\" \/>\n<meta property=\"og:image\" content=\"https:\/\/www.uaga.eus\/wp-content\/uploads\/2020\/11\/supermercado-e1605270736366.jpg\" \/>\n\t<meta property=\"og:image:width\" content=\"650\" \/>\n\t<meta property=\"og:image:height\" content=\"350\" \/>\n\t<meta property=\"og:image:type\" content=\"image\/jpeg\" \/>\n<meta name=\"author\" content=\"Blanca S\u00e1nchez\" \/>\n<meta name=\"twitter:card\" content=\"summary_large_image\" \/>\n<meta name=\"twitter:label1\" content=\"Written by\" \/>\n\t<meta name=\"twitter:data1\" content=\"Blanca S\u00e1nchez\" \/>\n\t<meta name=\"twitter:label2\" content=\"Est. reading time\" \/>\n\t<meta name=\"twitter:data2\" content=\"2 minutua\" \/>\n<script type=\"application\/ld+json\" class=\"yoast-schema-graph\">{\"@context\":\"https:\/\/schema.org\",\"@graph\":[{\"@type\":\"WebPage\",\"@id\":\"https:\/\/www.uaga.eus\/coag-presenta-en-el-parlamento-sus-propuestas-para-mejorar-la-ley-de-la-cadena-alimentaria\/\",\"url\":\"https:\/\/www.uaga.eus\/coag-presenta-en-el-parlamento-sus-propuestas-para-mejorar-la-ley-de-la-cadena-alimentaria\/\",\"name\":\"COAG presenta en el Parlamento sus propuestas para mejorar la Ley de la Cadena Alimentaria - UAGA\",\"isPartOf\":{\"@id\":\"https:\/\/www.uaga.eus\/#website\"},\"datePublished\":\"2021-01-22T12:05:54+00:00\",\"dateModified\":\"2021-02-02T08:26:04+00:00\",\"author\":{\"@id\":\"https:\/\/www.uaga.eus\/#\/schema\/person\/48c3cbf0f33d1b788226dbb6518689cf\"},\"breadcrumb\":{\"@id\":\"https:\/\/www.uaga.eus\/coag-presenta-en-el-parlamento-sus-propuestas-para-mejorar-la-ley-de-la-cadena-alimentaria\/#breadcrumb\"},\"inLanguage\":\"eu\",\"potentialAction\":[{\"@type\":\"ReadAction\",\"target\":[\"https:\/\/www.uaga.eus\/coag-presenta-en-el-parlamento-sus-propuestas-para-mejorar-la-ley-de-la-cadena-alimentaria\/\"]}]},{\"@type\":\"BreadcrumbList\",\"@id\":\"https:\/\/www.uaga.eus\/coag-presenta-en-el-parlamento-sus-propuestas-para-mejorar-la-ley-de-la-cadena-alimentaria\/#breadcrumb\",\"itemListElement\":[{\"@type\":\"ListItem\",\"position\":1,\"name\":\"Inicio\",\"item\":\"https:\/\/www.uaga.eus\/\"},{\"@type\":\"ListItem\",\"position\":2,\"name\":\"COAG presenta en el Parlamento sus propuestas para mejorar la Ley de la Cadena Alimentaria\"}]},{\"@type\":\"WebSite\",\"@id\":\"https:\/\/www.uaga.eus\/#website\",\"url\":\"https:\/\/www.uaga.eus\/\",\"name\":\"UAGA\",\"description\":\"Uni\u00f3n Agroganadera de \u00c1lava - Araba Nekazarien Elkartea\",\"potentialAction\":[{\"@type\":\"SearchAction\",\"target\":{\"@type\":\"EntryPoint\",\"urlTemplate\":\"https:\/\/www.uaga.eus\/?s={search_term_string}\"},\"query-input\":\"required name=search_term_string\"}],\"inLanguage\":\"eu\"},{\"@type\":\"Person\",\"@id\":\"https:\/\/www.uaga.eus\/#\/schema\/person\/48c3cbf0f33d1b788226dbb6518689cf\",\"name\":\"Blanca S\u00e1nchez\",\"image\":{\"@type\":\"ImageObject\",\"inLanguage\":\"eu\",\"@id\":\"https:\/\/www.uaga.eus\/#\/schema\/person\/image\/\",\"url\":\"https:\/\/secure.gravatar.com\/avatar\/0dc91c20648254b1ce84877283f6751b?s=96&d=mm&r=g\",\"contentUrl\":\"https:\/\/secure.gravatar.com\/avatar\/0dc91c20648254b1ce84877283f6751b?s=96&d=mm&r=g\",\"caption\":\"Blanca S\u00e1nchez\"},\"url\":\"https:\/\/www.uaga.eus\/eu\/author\/bsanchez\/\"}]}<\/script>\n<!-- \/ Yoast SEO plugin. -->","yoast_head_json":{"title":"COAG presenta en el Parlamento sus propuestas para mejorar la Ley de la Cadena Alimentaria - UAGA","robots":{"index":"index","follow":"follow","max-snippet":"max-snippet:-1","max-image-preview":"max-image-preview:large","max-video-preview":"max-video-preview:-1"},"canonical":"https:\/\/www.uaga.eus\/coag-presenta-en-el-parlamento-sus-propuestas-para-mejorar-la-ley-de-la-cadena-alimentaria\/","og_locale":"en_US","og_type":"article","og_title":"COAG presenta en el Parlamento sus propuestas para mejorar la Ley de la Cadena Alimentaria - UAGA","og_description":"COAG, Coordinadora de Organizaciones de Agricultores y Ganaderos, en la que se integra UAGA, ha presentado esta semana en el Congreso de los Diputados sus propuestas de mejora de la Ley de la Cadena Alimentaria para reforzar la eficacia de la misma y conseguir un reparto justo y equitativo del precio de los productos agroalimentarios [&hellip;]","og_url":"https:\/\/www.uaga.eus\/coag-presenta-en-el-parlamento-sus-propuestas-para-mejorar-la-ley-de-la-cadena-alimentaria\/","og_site_name":"UAGA","article_published_time":"2021-01-22T12:05:54+00:00","article_modified_time":"2021-02-02T08:26:04+00:00","og_image":[{"width":650,"height":350,"url":"https:\/\/www.uaga.eus\/wp-content\/uploads\/2020\/11\/supermercado-e1605270736366.jpg","type":"image\/jpeg"}],"author":"Blanca S\u00e1nchez","twitter_card":"summary_large_image","twitter_misc":{"Written by":"Blanca S\u00e1nchez","Est. reading time":"2 minutua"},"schema":{"@context":"https:\/\/schema.org","@graph":[{"@type":"WebPage","@id":"https:\/\/www.uaga.eus\/coag-presenta-en-el-parlamento-sus-propuestas-para-mejorar-la-ley-de-la-cadena-alimentaria\/","url":"https:\/\/www.uaga.eus\/coag-presenta-en-el-parlamento-sus-propuestas-para-mejorar-la-ley-de-la-cadena-alimentaria\/","name":"COAG presenta en el Parlamento sus propuestas para mejorar la Ley de la Cadena Alimentaria - UAGA","isPartOf":{"@id":"https:\/\/www.uaga.eus\/#website"},"datePublished":"2021-01-22T12:05:54+00:00","dateModified":"2021-02-02T08:26:04+00:00","author":{"@id":"https:\/\/www.uaga.eus\/#\/schema\/person\/48c3cbf0f33d1b788226dbb6518689cf"},"breadcrumb":{"@id":"https:\/\/www.uaga.eus\/coag-presenta-en-el-parlamento-sus-propuestas-para-mejorar-la-ley-de-la-cadena-alimentaria\/#breadcrumb"},"inLanguage":"eu","potentialAction":[{"@type":"ReadAction","target":["https:\/\/www.uaga.eus\/coag-presenta-en-el-parlamento-sus-propuestas-para-mejorar-la-ley-de-la-cadena-alimentaria\/"]}]},{"@type":"BreadcrumbList","@id":"https:\/\/www.uaga.eus\/coag-presenta-en-el-parlamento-sus-propuestas-para-mejorar-la-ley-de-la-cadena-alimentaria\/#breadcrumb","itemListElement":[{"@type":"ListItem","position":1,"name":"Inicio","item":"https:\/\/www.uaga.eus\/"},{"@type":"ListItem","position":2,"name":"COAG presenta en el Parlamento sus propuestas para mejorar la Ley de la Cadena Alimentaria"}]},{"@type":"WebSite","@id":"https:\/\/www.uaga.eus\/#website","url":"https:\/\/www.uaga.eus\/","name":"UAGA","description":"Uni\u00f3n Agroganadera de \u00c1lava - Araba Nekazarien Elkartea","potentialAction":[{"@type":"SearchAction","target":{"@type":"EntryPoint","urlTemplate":"https:\/\/www.uaga.eus\/?s={search_term_string}"},"query-input":"required name=search_term_string"}],"inLanguage":"eu"},{"@type":"Person","@id":"https:\/\/www.uaga.eus\/#\/schema\/person\/48c3cbf0f33d1b788226dbb6518689cf","name":"Blanca S\u00e1nchez","image":{"@type":"ImageObject","inLanguage":"eu","@id":"https:\/\/www.uaga.eus\/#\/schema\/person\/image\/","url":"https:\/\/secure.gravatar.com\/avatar\/0dc91c20648254b1ce84877283f6751b?s=96&d=mm&r=g","contentUrl":"https:\/\/secure.gravatar.com\/avatar\/0dc91c20648254b1ce84877283f6751b?s=96&d=mm&r=g","caption":"Blanca S\u00e1nchez"},"url":"https:\/\/www.uaga.eus\/eu\/author\/bsanchez\/"}]}},"_links":{"self":[{"href":"https:\/\/www.uaga.eus\/eu\/wp-json\/wp\/v2\/posts\/8464"}],"collection":[{"href":"https:\/\/www.uaga.eus\/eu\/wp-json\/wp\/v2\/posts"}],"about":[{"href":"https:\/\/www.uaga.eus\/eu\/wp-json\/wp\/v2\/types\/post"}],"author":[{"embeddable":true,"href":"https:\/\/www.uaga.eus\/eu\/wp-json\/wp\/v2\/users\/4"}],"replies":[{"embeddable":true,"href":"https:\/\/www.uaga.eus\/eu\/wp-json\/wp\/v2\/comments?post=8464"}],"version-history":[{"count":3,"href":"https:\/\/www.uaga.eus\/eu\/wp-json\/wp\/v2\/posts\/8464\/revisions"}],"predecessor-version":[{"id":8497,"href":"https:\/\/www.uaga.eus\/eu\/wp-json\/wp\/v2\/posts\/8464\/revisions\/8497"}],"wp:featuredmedia":[{"embeddable":true,"href":"https:\/\/www.uaga.eus\/eu\/wp-json\/wp\/v2\/media\/8219"}],"wp:attachment":[{"href":"https:\/\/www.uaga.eus\/eu\/wp-json\/wp\/v2\/media?parent=8464"}],"wp:term":[{"taxonomy":"category","embeddable":true,"href":"https:\/\/www.uaga.eus\/eu\/wp-json\/wp\/v2\/categories?post=8464"},{"taxonomy":"post_tag","embeddable":true,"href":"https:\/\/www.uaga.eus\/eu\/wp-json\/wp\/v2\/tags?post=8464"}],"curies":[{"name":"wp","href":"https:\/\/api.w.org\/{rel}","templated":true}]}}