{"id":8459,"date":"2021-01-15T08:25:44","date_gmt":"2021-01-15T08:25:44","guid":{"rendered":"https:\/\/www.uaga.eus\/?p=8459"},"modified":"2021-01-15T13:13:33","modified_gmt":"2021-01-15T13:13:33","slug":"coag-presenta-alegaciones-al-proyecto-de-aplicacion-de-las-medidas-del-programa-de-apoyo-2019-2022-al-sector-vitivinicola","status":"publish","type":"post","link":"https:\/\/www.uaga.eus\/eu\/coag-presenta-alegaciones-al-proyecto-de-aplicacion-de-las-medidas-del-programa-de-apoyo-2019-2022-al-sector-vitivinicola\/","title":{"rendered":"COAG presenta alegaciones al proyecto de aplicaci\u00f3n de las medidas del programa de apoyo 2019-2022 al sector vit\u00edvin\u00edcola"},"content":{"rendered":"<p>COAG, organizaci\u00f3n agraria a nivel nacional a la que pertenece UAGA, ha enviado un documento al Ministerio de Agricultura en el que plantea varias observaciones a la propuesta de modificaci\u00f3n del Real Decreto del PASVE, Programa de Apoyo al Sector Vitivin\u00edcola Espa\u00f1ol.<\/p>\n<p>Considera necesario\u00a0<strong>asignar de forma estable\u00a0en el presupuesto<\/strong> del\u00a0<strong>PASVE <\/strong>una\u00a0<strong>dotaci\u00f3n de fondos para la medida de cosecha en<\/strong>\u00a0<strong>verde<\/strong>\u00a0que garantice poder financiar dicha medida.<\/p>\n<p>Si la medida tuviera presupuesto propio, en el caso de que no haya solicitudes de las Comunidades Aut\u00f3nomas en una campa\u00f1a dada, los fondos no utilizados se repartir\u00edan entre el resto de las medidas del PASVE.<\/p>\n<p>COAG insiste en la <strong>regulaci\u00f3n de la opci\u00f3n de cosecha en verde<\/strong> <strong>parcial<\/strong>, cuya aplicaci\u00f3n ser\u00eda mejor acogida en el sector ya que lograr\u00eda aumentar la calidad del producto y disminuir de igual manera la oferta, contribuyendo as\u00ed al equilibrio entre oferta y demanda.<\/p>\n<p>Tambi\u00e9n solicita <strong>retrasar hasta el 15 de mayo el plazo para realizar las solicitudes<\/strong> tanto de las Comunidades Aut\u00f3nomas como de las personas viticultoras, de manera que ambas partes tengan informaci\u00f3n suficiente para poder valorar\u00a0la situaci\u00f3n del mercado y solicitar la ayuda si la consideran apropiada.<\/p>\n<p>Asimismo, considera importante que en el caso de no conocerse las producciones espec\u00edficas de las parcelas objeto de la solicitud de ayuda, el rendimiento medio se deber\u00eda calcular teniendo en cuenta la producci\u00f3n total declarada seg\u00fan el tipo de vino, dividido entre la superficie total declarada para ese tipo de vino, excluyendo del c\u00e1lculo la superficie de vi\u00f1edo que se haya plantado en las tres campa\u00f1as anteriores a aquella en la que se solicita la ayuda.<\/p>\n<p>Puedes leer <a href=\"https:\/\/mcusercontent.com\/498b950ccfc4b8d0e600d7e48\/files\/63b79e8b-1aab-469a-8677-0dbf670c315b\/210113ObsCOAG_RD_modifica_PASVE_2019_23.pdf\" target=\"_blank\" rel=\"noopener\" data-cke-saved-href=\"https:\/\/mcusercontent.com\/498b950ccfc4b8d0e600d7e48\/files\/63b79e8b-1aab-469a-8677-0dbf670c315b\/210113ObsCOAG_RD_modifica_PASVE_2019_23.pdf\">aqu\u00ed<\/a> el documento de COAG de observaciones envidadas al MAPA.<\/p>\n<p>+info NURIA: 661 595 811<\/p>","protected":false},"excerpt":{"rendered":"<p>COAG, organizaci\u00f3n agraria a nivel nacional a la que pertenece UAGA, ha enviado un documento al Ministerio de Agricultura en el que plantea varias observaciones a la propuesta de modificaci\u00f3n del Real Decreto del PASVE, Programa de Apoyo al Sector Vitivin\u00edcola Espa\u00f1ol. Considera necesario\u00a0asignar de forma estable\u00a0en el presupuesto del\u00a0PASVE una\u00a0dotaci\u00f3n de fondos para la [&hellip;]<\/p>\n","protected":false},"author":4,"featured_media":7856,"comment_status":"closed","ping_status":"closed","sticky":false,"template":"","format":"standard","meta":{"footnotes":""},"categories":[7,5],"tags":[],"yoast_head":"<!-- This site is optimized with the Yoast SEO plugin v21.5 - https:\/\/yoast.com\/wordpress\/plugins\/seo\/ -->\n<title>COAG presenta alegaciones al proyecto de aplicaci\u00f3n de las medidas del programa de apoyo 2019-2022 al sector vit\u00edvin\u00edcola - UAGA<\/title>\n<meta name=\"robots\" content=\"index, follow, max-snippet:-1, max-image-preview:large, max-video-preview:-1\" \/>\n<link rel=\"canonical\" href=\"https:\/\/www.uaga.eus\/eu\/coag-presenta-alegaciones-al-proyecto-de-aplicacion-de-las-medidas-del-programa-de-apoyo-2019-2022-al-sector-vitivinicola\/\" \/>\n<meta property=\"og:locale\" content=\"en_US\" \/>\n<meta property=\"og:type\" content=\"article\" \/>\n<meta property=\"og:title\" content=\"COAG presenta alegaciones al proyecto de aplicaci\u00f3n de las medidas del programa de apoyo 2019-2022 al sector vit\u00edvin\u00edcola - UAGA\" \/>\n<meta property=\"og:description\" content=\"COAG, organizaci\u00f3n agraria a nivel nacional a la que pertenece UAGA, ha enviado un documento al Ministerio de Agricultura en el que plantea varias observaciones a la propuesta de modificaci\u00f3n del Real Decreto del PASVE, Programa de Apoyo al Sector Vitivin\u00edcola Espa\u00f1ol. Considera necesario\u00a0asignar de forma estable\u00a0en el presupuesto del\u00a0PASVE una\u00a0dotaci\u00f3n de fondos para la [&hellip;]\" \/>\n<meta property=\"og:url\" content=\"https:\/\/www.uaga.eus\/eu\/coag-presenta-alegaciones-al-proyecto-de-aplicacion-de-las-medidas-del-programa-de-apoyo-2019-2022-al-sector-vitivinicola\/\" \/>\n<meta property=\"og:site_name\" content=\"UAGA\" \/>\n<meta property=\"article:published_time\" content=\"2021-01-15T08:25:44+00:00\" \/>\n<meta property=\"article:modified_time\" content=\"2021-01-15T13:13:33+00:00\" \/>\n<meta property=\"og:image\" content=\"https:\/\/www.uaga.eus\/wp-content\/uploads\/2020\/07\/uva-verde.jpg\" \/>\n\t<meta property=\"og:image:width\" content=\"799\" \/>\n\t<meta property=\"og:image:height\" content=\"449\" \/>\n\t<meta property=\"og:image:type\" content=\"image\/jpeg\" \/>\n<meta name=\"author\" content=\"Blanca S\u00e1nchez\" \/>\n<meta name=\"twitter:card\" content=\"summary_large_image\" \/>\n<meta name=\"twitter:label1\" content=\"Written by\" \/>\n\t<meta name=\"twitter:data1\" content=\"Blanca S\u00e1nchez\" \/>\n\t<meta name=\"twitter:label2\" content=\"Est. reading time\" \/>\n\t<meta name=\"twitter:data2\" content=\"3 minutua\" \/>\n<script type=\"application\/ld+json\" class=\"yoast-schema-graph\">{\"@context\":\"https:\/\/schema.org\",\"@graph\":[{\"@type\":\"WebPage\",\"@id\":\"https:\/\/www.uaga.eus\/eu\/coag-presenta-alegaciones-al-proyecto-de-aplicacion-de-las-medidas-del-programa-de-apoyo-2019-2022-al-sector-vitivinicola\/\",\"url\":\"https:\/\/www.uaga.eus\/eu\/coag-presenta-alegaciones-al-proyecto-de-aplicacion-de-las-medidas-del-programa-de-apoyo-2019-2022-al-sector-vitivinicola\/\",\"name\":\"COAG presenta alegaciones al proyecto de aplicaci\u00f3n de las medidas del programa de apoyo 2019-2022 al sector vit\u00edvin\u00edcola - UAGA\",\"isPartOf\":{\"@id\":\"https:\/\/www.uaga.eus\/#website\"},\"datePublished\":\"2021-01-15T08:25:44+00:00\",\"dateModified\":\"2021-01-15T13:13:33+00:00\",\"author\":{\"@id\":\"https:\/\/www.uaga.eus\/#\/schema\/person\/48c3cbf0f33d1b788226dbb6518689cf\"},\"breadcrumb\":{\"@id\":\"https:\/\/www.uaga.eus\/eu\/coag-presenta-alegaciones-al-proyecto-de-aplicacion-de-las-medidas-del-programa-de-apoyo-2019-2022-al-sector-vitivinicola\/#breadcrumb\"},\"inLanguage\":\"eu\",\"potentialAction\":[{\"@type\":\"ReadAction\",\"target\":[\"https:\/\/www.uaga.eus\/eu\/coag-presenta-alegaciones-al-proyecto-de-aplicacion-de-las-medidas-del-programa-de-apoyo-2019-2022-al-sector-vitivinicola\/\"]}]},{\"@type\":\"BreadcrumbList\",\"@id\":\"https:\/\/www.uaga.eus\/eu\/coag-presenta-alegaciones-al-proyecto-de-aplicacion-de-las-medidas-del-programa-de-apoyo-2019-2022-al-sector-vitivinicola\/#breadcrumb\",\"itemListElement\":[{\"@type\":\"ListItem\",\"position\":1,\"name\":\"Inicio\",\"item\":\"https:\/\/www.uaga.eus\/\"},{\"@type\":\"ListItem\",\"position\":2,\"name\":\"COAG presenta alegaciones al proyecto de aplicaci\u00f3n de las medidas del programa de apoyo 2019-2022 al sector vit\u00edvin\u00edcola\"}]},{\"@type\":\"WebSite\",\"@id\":\"https:\/\/www.uaga.eus\/#website\",\"url\":\"https:\/\/www.uaga.eus\/\",\"name\":\"UAGA\",\"description\":\"Uni\u00f3n Agroganadera de \u00c1lava - Araba Nekazarien Elkartea\",\"potentialAction\":[{\"@type\":\"SearchAction\",\"target\":{\"@type\":\"EntryPoint\",\"urlTemplate\":\"https:\/\/www.uaga.eus\/?s={search_term_string}\"},\"query-input\":\"required name=search_term_string\"}],\"inLanguage\":\"eu\"},{\"@type\":\"Person\",\"@id\":\"https:\/\/www.uaga.eus\/#\/schema\/person\/48c3cbf0f33d1b788226dbb6518689cf\",\"name\":\"Blanca S\u00e1nchez\",\"image\":{\"@type\":\"ImageObject\",\"inLanguage\":\"eu\",\"@id\":\"https:\/\/www.uaga.eus\/#\/schema\/person\/image\/\",\"url\":\"https:\/\/secure.gravatar.com\/avatar\/0dc91c20648254b1ce84877283f6751b?s=96&d=mm&r=g\",\"contentUrl\":\"https:\/\/secure.gravatar.com\/avatar\/0dc91c20648254b1ce84877283f6751b?s=96&d=mm&r=g\",\"caption\":\"Blanca S\u00e1nchez\"},\"url\":\"https:\/\/www.uaga.eus\/eu\/author\/bsanchez\/\"}]}<\/script>\n<!-- \/ Yoast SEO plugin. -->","yoast_head_json":{"title":"COAG presenta alegaciones al proyecto de aplicaci\u00f3n de las medidas del programa de apoyo 2019-2022 al sector vit\u00edvin\u00edcola - UAGA","robots":{"index":"index","follow":"follow","max-snippet":"max-snippet:-1","max-image-preview":"max-image-preview:large","max-video-preview":"max-video-preview:-1"},"canonical":"https:\/\/www.uaga.eus\/eu\/coag-presenta-alegaciones-al-proyecto-de-aplicacion-de-las-medidas-del-programa-de-apoyo-2019-2022-al-sector-vitivinicola\/","og_locale":"en_US","og_type":"article","og_title":"COAG presenta alegaciones al proyecto de aplicaci\u00f3n de las medidas del programa de apoyo 2019-2022 al sector vit\u00edvin\u00edcola - UAGA","og_description":"COAG, organizaci\u00f3n agraria a nivel nacional a la que pertenece UAGA, ha enviado un documento al Ministerio de Agricultura en el que plantea varias observaciones a la propuesta de modificaci\u00f3n del Real Decreto del PASVE, Programa de Apoyo al Sector Vitivin\u00edcola Espa\u00f1ol. Considera necesario\u00a0asignar de forma estable\u00a0en el presupuesto del\u00a0PASVE una\u00a0dotaci\u00f3n de fondos para la [&hellip;]","og_url":"https:\/\/www.uaga.eus\/eu\/coag-presenta-alegaciones-al-proyecto-de-aplicacion-de-las-medidas-del-programa-de-apoyo-2019-2022-al-sector-vitivinicola\/","og_site_name":"UAGA","article_published_time":"2021-01-15T08:25:44+00:00","article_modified_time":"2021-01-15T13:13:33+00:00","og_image":[{"width":799,"height":449,"url":"https:\/\/www.uaga.eus\/wp-content\/uploads\/2020\/07\/uva-verde.jpg","type":"image\/jpeg"}],"author":"Blanca S\u00e1nchez","twitter_card":"summary_large_image","twitter_misc":{"Written by":"Blanca S\u00e1nchez","Est. reading time":"3 minutua"},"schema":{"@context":"https:\/\/schema.org","@graph":[{"@type":"WebPage","@id":"https:\/\/www.uaga.eus\/eu\/coag-presenta-alegaciones-al-proyecto-de-aplicacion-de-las-medidas-del-programa-de-apoyo-2019-2022-al-sector-vitivinicola\/","url":"https:\/\/www.uaga.eus\/eu\/coag-presenta-alegaciones-al-proyecto-de-aplicacion-de-las-medidas-del-programa-de-apoyo-2019-2022-al-sector-vitivinicola\/","name":"COAG presenta alegaciones al proyecto de aplicaci\u00f3n de las medidas del programa de apoyo 2019-2022 al sector vit\u00edvin\u00edcola - UAGA","isPartOf":{"@id":"https:\/\/www.uaga.eus\/#website"},"datePublished":"2021-01-15T08:25:44+00:00","dateModified":"2021-01-15T13:13:33+00:00","author":{"@id":"https:\/\/www.uaga.eus\/#\/schema\/person\/48c3cbf0f33d1b788226dbb6518689cf"},"breadcrumb":{"@id":"https:\/\/www.uaga.eus\/eu\/coag-presenta-alegaciones-al-proyecto-de-aplicacion-de-las-medidas-del-programa-de-apoyo-2019-2022-al-sector-vitivinicola\/#breadcrumb"},"inLanguage":"eu","potentialAction":[{"@type":"ReadAction","target":["https:\/\/www.uaga.eus\/eu\/coag-presenta-alegaciones-al-proyecto-de-aplicacion-de-las-medidas-del-programa-de-apoyo-2019-2022-al-sector-vitivinicola\/"]}]},{"@type":"BreadcrumbList","@id":"https:\/\/www.uaga.eus\/eu\/coag-presenta-alegaciones-al-proyecto-de-aplicacion-de-las-medidas-del-programa-de-apoyo-2019-2022-al-sector-vitivinicola\/#breadcrumb","itemListElement":[{"@type":"ListItem","position":1,"name":"Inicio","item":"https:\/\/www.uaga.eus\/"},{"@type":"ListItem","position":2,"name":"COAG presenta alegaciones al proyecto de aplicaci\u00f3n de las medidas del programa de apoyo 2019-2022 al sector vit\u00edvin\u00edcola"}]},{"@type":"WebSite","@id":"https:\/\/www.uaga.eus\/#website","url":"https:\/\/www.uaga.eus\/","name":"UAGA","description":"Uni\u00f3n Agroganadera de \u00c1lava - Araba Nekazarien Elkartea","potentialAction":[{"@type":"SearchAction","target":{"@type":"EntryPoint","urlTemplate":"https:\/\/www.uaga.eus\/?s={search_term_string}"},"query-input":"required name=search_term_string"}],"inLanguage":"eu"},{"@type":"Person","@id":"https:\/\/www.uaga.eus\/#\/schema\/person\/48c3cbf0f33d1b788226dbb6518689cf","name":"Blanca S\u00e1nchez","image":{"@type":"ImageObject","inLanguage":"eu","@id":"https:\/\/www.uaga.eus\/#\/schema\/person\/image\/","url":"https:\/\/secure.gravatar.com\/avatar\/0dc91c20648254b1ce84877283f6751b?s=96&d=mm&r=g","contentUrl":"https:\/\/secure.gravatar.com\/avatar\/0dc91c20648254b1ce84877283f6751b?s=96&d=mm&r=g","caption":"Blanca S\u00e1nchez"},"url":"https:\/\/www.uaga.eus\/eu\/author\/bsanchez\/"}]}},"_links":{"self":[{"href":"https:\/\/www.uaga.eus\/eu\/wp-json\/wp\/v2\/posts\/8459"}],"collection":[{"href":"https:\/\/www.uaga.eus\/eu\/wp-json\/wp\/v2\/posts"}],"about":[{"href":"https:\/\/www.uaga.eus\/eu\/wp-json\/wp\/v2\/types\/post"}],"author":[{"embeddable":true,"href":"https:\/\/www.uaga.eus\/eu\/wp-json\/wp\/v2\/users\/4"}],"replies":[{"embeddable":true,"href":"https:\/\/www.uaga.eus\/eu\/wp-json\/wp\/v2\/comments?post=8459"}],"version-history":[{"count":3,"href":"https:\/\/www.uaga.eus\/eu\/wp-json\/wp\/v2\/posts\/8459\/revisions"}],"predecessor-version":[{"id":8462,"href":"https:\/\/www.uaga.eus\/eu\/wp-json\/wp\/v2\/posts\/8459\/revisions\/8462"}],"wp:featuredmedia":[{"embeddable":true,"href":"https:\/\/www.uaga.eus\/eu\/wp-json\/wp\/v2\/media\/7856"}],"wp:attachment":[{"href":"https:\/\/www.uaga.eus\/eu\/wp-json\/wp\/v2\/media?parent=8459"}],"wp:term":[{"taxonomy":"category","embeddable":true,"href":"https:\/\/www.uaga.eus\/eu\/wp-json\/wp\/v2\/categories?post=8459"},{"taxonomy":"post_tag","embeddable":true,"href":"https:\/\/www.uaga.eus\/eu\/wp-json\/wp\/v2\/tags?post=8459"}],"curies":[{"name":"wp","href":"https:\/\/api.w.org\/{rel}","templated":true}]}}