{"id":8448,"date":"2021-01-15T08:28:54","date_gmt":"2021-01-15T08:28:54","guid":{"rendered":"https:\/\/www.uaga.eus\/?p=8448"},"modified":"2021-01-15T08:28:54","modified_gmt":"2021-01-15T08:28:54","slug":"balance-del-ano-agrario-coag-alerta-de-la-creciente-uberizacion-del-campo","status":"publish","type":"post","link":"https:\/\/www.uaga.eus\/eu\/balance-del-ano-agrario-coag-alerta-de-la-creciente-uberizacion-del-campo\/","title":{"rendered":"Balance del a\u00f1o agrario: COAG alerta de la creciente &#8220;uberizaci\u00f3n&#8221; del campo"},"content":{"rendered":"<p>COAG, la coordinadora agraria estatal de la que forma parte UAGA, ha realizado un informe sobre el balance del a\u00f1o 2020, subrayando\u00a0 que durante el a\u00f1o de la pandemia se ha acelerado el proceso de \u201cuberizaci\u00f3n\u201d del campo espa\u00f1ol, concentrando el valor de la producci\u00f3n en menos manos.<\/p>\n<p>Un 7% de macro-empresas agrarias acapara ya la mitad del incremento del valor productivo. A pesar de la subida de un 3,6% de la Renta Agraria en t\u00e9rminos reales por el aumento de la producci\u00f3n, el sector ha perdido 67.000 activos en 2020, un descenso del 7,9% respecto a 2019. Desde 2003, el sector agrario acumula una p\u00e9rdida de renta de un 12,2% y una reducci\u00f3n de 235.000 ocupados.<\/p>\n<p>Las reivindicaciones del sector agrario, que se ech\u00f3 a la calle de forma masiva durante el primer trimestre de 2020, siguen igual de vigentes. Como respuesta, el Gobierno ha adoptado algunas medidas relativas a la fiscalidad, financiaci\u00f3n, seguros agrarios, y la reforma de la Ley de Cadena Alimentaria. Pero \u00e9stas son medidas claramente insuficientes para dar respuesta a la principal reivindicaci\u00f3n del sector: \u201cprecios justos y rentas dignas\u201d.<\/p>\n<p>La consecuci\u00f3n de precios justos va a ser un de los grandes temas de 2021, adem\u00e1s de\u00a0la adaptaci\u00f3n al \u201cBrexit\u201d o el dise\u00f1o del Plan estrat\u00e9gico nacional de la nueva PAC.<\/p>\n<p>Puedes consultar la nota de prensa de COAG <a href=\"https:\/\/mcusercontent.com\/498b950ccfc4b8d0e600d7e48\/files\/9cd14140-ae2e-458d-9707-8871997c9a6b\/201229_balance_COAG.pdf\" target=\"_blank\" rel=\"noopener\" data-cke-saved-href=\"https:\/\/mcusercontent.com\/498b950ccfc4b8d0e600d7e48\/files\/9cd14140-ae2e-458d-9707-8871997c9a6b\/201229_balance_COAG.pdf\">aqu\u00ed<\/a>.<\/p>\n","protected":false},"excerpt":{"rendered":"<p>COAG, la coordinadora agraria estatal de la que forma parte UAGA, ha realizado un informe sobre el balance del a\u00f1o 2020, subrayando\u00a0 que durante el a\u00f1o de la pandemia se ha acelerado el proceso de \u201cuberizaci\u00f3n\u201d del campo espa\u00f1ol, concentrando el valor de la producci\u00f3n en menos manos. Un 7% de macro-empresas agrarias acapara ya [&hellip;]<\/p>\n","protected":false},"author":4,"featured_media":8439,"comment_status":"closed","ping_status":"closed","sticky":false,"template":"","format":"standard","meta":{"footnotes":""},"categories":[7,8,4],"tags":[],"yoast_head":"<!-- This site is optimized with the Yoast SEO plugin v21.5 - https:\/\/yoast.com\/wordpress\/plugins\/seo\/ -->\n<title>Balance del a\u00f1o agrario: COAG alerta de la creciente &quot;uberizaci\u00f3n&quot; del campo - UAGA<\/title>\n<meta name=\"robots\" content=\"index, follow, max-snippet:-1, max-image-preview:large, max-video-preview:-1\" \/>\n<link rel=\"canonical\" href=\"https:\/\/www.uaga.eus\/balance-del-ano-agrario-coag-alerta-de-la-creciente-uberizacion-del-campo\/\" \/>\n<meta property=\"og:locale\" content=\"en_US\" \/>\n<meta property=\"og:type\" content=\"article\" \/>\n<meta property=\"og:title\" content=\"Balance del a\u00f1o agrario: COAG alerta de la creciente &quot;uberizaci\u00f3n&quot; del campo - UAGA\" \/>\n<meta property=\"og:description\" content=\"COAG, la coordinadora agraria estatal de la que forma parte UAGA, ha realizado un informe sobre el balance del a\u00f1o 2020, subrayando\u00a0 que durante el a\u00f1o de la pandemia se ha acelerado el proceso de \u201cuberizaci\u00f3n\u201d del campo espa\u00f1ol, concentrando el valor de la producci\u00f3n en menos manos. Un 7% de macro-empresas agrarias acapara ya [&hellip;]\" \/>\n<meta property=\"og:url\" content=\"https:\/\/www.uaga.eus\/balance-del-ano-agrario-coag-alerta-de-la-creciente-uberizacion-del-campo\/\" \/>\n<meta property=\"og:site_name\" content=\"UAGA\" \/>\n<meta property=\"article:published_time\" content=\"2021-01-15T08:28:54+00:00\" \/>\n<meta property=\"og:image\" content=\"https:\/\/www.uaga.eus\/wp-content\/uploads\/2021\/01\/panoramica-e1610699284941.jpg\" \/>\n\t<meta property=\"og:image:width\" content=\"650\" \/>\n\t<meta property=\"og:image:height\" content=\"350\" \/>\n\t<meta property=\"og:image:type\" content=\"image\/jpeg\" \/>\n<meta name=\"author\" content=\"Blanca S\u00e1nchez\" \/>\n<meta name=\"twitter:card\" content=\"summary_large_image\" \/>\n<meta name=\"twitter:label1\" content=\"Written by\" \/>\n\t<meta name=\"twitter:data1\" content=\"Blanca S\u00e1nchez\" \/>\n\t<meta name=\"twitter:label2\" content=\"Est. reading time\" \/>\n\t<meta name=\"twitter:data2\" content=\"1 minutua\" \/>\n<script type=\"application\/ld+json\" class=\"yoast-schema-graph\">{\"@context\":\"https:\/\/schema.org\",\"@graph\":[{\"@type\":\"WebPage\",\"@id\":\"https:\/\/www.uaga.eus\/balance-del-ano-agrario-coag-alerta-de-la-creciente-uberizacion-del-campo\/\",\"url\":\"https:\/\/www.uaga.eus\/balance-del-ano-agrario-coag-alerta-de-la-creciente-uberizacion-del-campo\/\",\"name\":\"Balance del a\u00f1o agrario: COAG alerta de la creciente \\\"uberizaci\u00f3n\\\" del campo - UAGA\",\"isPartOf\":{\"@id\":\"https:\/\/www.uaga.eus\/#website\"},\"datePublished\":\"2021-01-15T08:28:54+00:00\",\"dateModified\":\"2021-01-15T08:28:54+00:00\",\"author\":{\"@id\":\"https:\/\/www.uaga.eus\/#\/schema\/person\/48c3cbf0f33d1b788226dbb6518689cf\"},\"breadcrumb\":{\"@id\":\"https:\/\/www.uaga.eus\/balance-del-ano-agrario-coag-alerta-de-la-creciente-uberizacion-del-campo\/#breadcrumb\"},\"inLanguage\":\"eu\",\"potentialAction\":[{\"@type\":\"ReadAction\",\"target\":[\"https:\/\/www.uaga.eus\/balance-del-ano-agrario-coag-alerta-de-la-creciente-uberizacion-del-campo\/\"]}]},{\"@type\":\"BreadcrumbList\",\"@id\":\"https:\/\/www.uaga.eus\/balance-del-ano-agrario-coag-alerta-de-la-creciente-uberizacion-del-campo\/#breadcrumb\",\"itemListElement\":[{\"@type\":\"ListItem\",\"position\":1,\"name\":\"Inicio\",\"item\":\"https:\/\/www.uaga.eus\/\"},{\"@type\":\"ListItem\",\"position\":2,\"name\":\"Balance del a\u00f1o agrario: COAG alerta de la creciente \u00abuberizaci\u00f3n\u00bb del campo\"}]},{\"@type\":\"WebSite\",\"@id\":\"https:\/\/www.uaga.eus\/#website\",\"url\":\"https:\/\/www.uaga.eus\/\",\"name\":\"UAGA\",\"description\":\"Uni\u00f3n Agroganadera de \u00c1lava - Araba Nekazarien Elkartea\",\"potentialAction\":[{\"@type\":\"SearchAction\",\"target\":{\"@type\":\"EntryPoint\",\"urlTemplate\":\"https:\/\/www.uaga.eus\/?s={search_term_string}\"},\"query-input\":\"required name=search_term_string\"}],\"inLanguage\":\"eu\"},{\"@type\":\"Person\",\"@id\":\"https:\/\/www.uaga.eus\/#\/schema\/person\/48c3cbf0f33d1b788226dbb6518689cf\",\"name\":\"Blanca S\u00e1nchez\",\"image\":{\"@type\":\"ImageObject\",\"inLanguage\":\"eu\",\"@id\":\"https:\/\/www.uaga.eus\/#\/schema\/person\/image\/\",\"url\":\"https:\/\/secure.gravatar.com\/avatar\/0dc91c20648254b1ce84877283f6751b?s=96&d=mm&r=g\",\"contentUrl\":\"https:\/\/secure.gravatar.com\/avatar\/0dc91c20648254b1ce84877283f6751b?s=96&d=mm&r=g\",\"caption\":\"Blanca S\u00e1nchez\"},\"url\":\"https:\/\/www.uaga.eus\/eu\/author\/bsanchez\/\"}]}<\/script>\n<!-- \/ Yoast SEO plugin. -->","yoast_head_json":{"title":"Balance del a\u00f1o agrario: COAG alerta de la creciente \"uberizaci\u00f3n\" del campo - UAGA","robots":{"index":"index","follow":"follow","max-snippet":"max-snippet:-1","max-image-preview":"max-image-preview:large","max-video-preview":"max-video-preview:-1"},"canonical":"https:\/\/www.uaga.eus\/balance-del-ano-agrario-coag-alerta-de-la-creciente-uberizacion-del-campo\/","og_locale":"en_US","og_type":"article","og_title":"Balance del a\u00f1o agrario: COAG alerta de la creciente \"uberizaci\u00f3n\" del campo - UAGA","og_description":"COAG, la coordinadora agraria estatal de la que forma parte UAGA, ha realizado un informe sobre el balance del a\u00f1o 2020, subrayando\u00a0 que durante el a\u00f1o de la pandemia se ha acelerado el proceso de \u201cuberizaci\u00f3n\u201d del campo espa\u00f1ol, concentrando el valor de la producci\u00f3n en menos manos. Un 7% de macro-empresas agrarias acapara ya [&hellip;]","og_url":"https:\/\/www.uaga.eus\/balance-del-ano-agrario-coag-alerta-de-la-creciente-uberizacion-del-campo\/","og_site_name":"UAGA","article_published_time":"2021-01-15T08:28:54+00:00","og_image":[{"width":650,"height":350,"url":"https:\/\/www.uaga.eus\/wp-content\/uploads\/2021\/01\/panoramica-e1610699284941.jpg","type":"image\/jpeg"}],"author":"Blanca S\u00e1nchez","twitter_card":"summary_large_image","twitter_misc":{"Written by":"Blanca S\u00e1nchez","Est. reading time":"1 minutua"},"schema":{"@context":"https:\/\/schema.org","@graph":[{"@type":"WebPage","@id":"https:\/\/www.uaga.eus\/balance-del-ano-agrario-coag-alerta-de-la-creciente-uberizacion-del-campo\/","url":"https:\/\/www.uaga.eus\/balance-del-ano-agrario-coag-alerta-de-la-creciente-uberizacion-del-campo\/","name":"Balance del a\u00f1o agrario: COAG alerta de la creciente \"uberizaci\u00f3n\" del campo - UAGA","isPartOf":{"@id":"https:\/\/www.uaga.eus\/#website"},"datePublished":"2021-01-15T08:28:54+00:00","dateModified":"2021-01-15T08:28:54+00:00","author":{"@id":"https:\/\/www.uaga.eus\/#\/schema\/person\/48c3cbf0f33d1b788226dbb6518689cf"},"breadcrumb":{"@id":"https:\/\/www.uaga.eus\/balance-del-ano-agrario-coag-alerta-de-la-creciente-uberizacion-del-campo\/#breadcrumb"},"inLanguage":"eu","potentialAction":[{"@type":"ReadAction","target":["https:\/\/www.uaga.eus\/balance-del-ano-agrario-coag-alerta-de-la-creciente-uberizacion-del-campo\/"]}]},{"@type":"BreadcrumbList","@id":"https:\/\/www.uaga.eus\/balance-del-ano-agrario-coag-alerta-de-la-creciente-uberizacion-del-campo\/#breadcrumb","itemListElement":[{"@type":"ListItem","position":1,"name":"Inicio","item":"https:\/\/www.uaga.eus\/"},{"@type":"ListItem","position":2,"name":"Balance del a\u00f1o agrario: COAG alerta de la creciente \u00abuberizaci\u00f3n\u00bb del campo"}]},{"@type":"WebSite","@id":"https:\/\/www.uaga.eus\/#website","url":"https:\/\/www.uaga.eus\/","name":"UAGA","description":"Uni\u00f3n Agroganadera de \u00c1lava - Araba Nekazarien Elkartea","potentialAction":[{"@type":"SearchAction","target":{"@type":"EntryPoint","urlTemplate":"https:\/\/www.uaga.eus\/?s={search_term_string}"},"query-input":"required name=search_term_string"}],"inLanguage":"eu"},{"@type":"Person","@id":"https:\/\/www.uaga.eus\/#\/schema\/person\/48c3cbf0f33d1b788226dbb6518689cf","name":"Blanca S\u00e1nchez","image":{"@type":"ImageObject","inLanguage":"eu","@id":"https:\/\/www.uaga.eus\/#\/schema\/person\/image\/","url":"https:\/\/secure.gravatar.com\/avatar\/0dc91c20648254b1ce84877283f6751b?s=96&d=mm&r=g","contentUrl":"https:\/\/secure.gravatar.com\/avatar\/0dc91c20648254b1ce84877283f6751b?s=96&d=mm&r=g","caption":"Blanca S\u00e1nchez"},"url":"https:\/\/www.uaga.eus\/eu\/author\/bsanchez\/"}]}},"_links":{"self":[{"href":"https:\/\/www.uaga.eus\/eu\/wp-json\/wp\/v2\/posts\/8448"}],"collection":[{"href":"https:\/\/www.uaga.eus\/eu\/wp-json\/wp\/v2\/posts"}],"about":[{"href":"https:\/\/www.uaga.eus\/eu\/wp-json\/wp\/v2\/types\/post"}],"author":[{"embeddable":true,"href":"https:\/\/www.uaga.eus\/eu\/wp-json\/wp\/v2\/users\/4"}],"replies":[{"embeddable":true,"href":"https:\/\/www.uaga.eus\/eu\/wp-json\/wp\/v2\/comments?post=8448"}],"version-history":[{"count":1,"href":"https:\/\/www.uaga.eus\/eu\/wp-json\/wp\/v2\/posts\/8448\/revisions"}],"predecessor-version":[{"id":8449,"href":"https:\/\/www.uaga.eus\/eu\/wp-json\/wp\/v2\/posts\/8448\/revisions\/8449"}],"wp:featuredmedia":[{"embeddable":true,"href":"https:\/\/www.uaga.eus\/eu\/wp-json\/wp\/v2\/media\/8439"}],"wp:attachment":[{"href":"https:\/\/www.uaga.eus\/eu\/wp-json\/wp\/v2\/media?parent=8448"}],"wp:term":[{"taxonomy":"category","embeddable":true,"href":"https:\/\/www.uaga.eus\/eu\/wp-json\/wp\/v2\/categories?post=8448"},{"taxonomy":"post_tag","embeddable":true,"href":"https:\/\/www.uaga.eus\/eu\/wp-json\/wp\/v2\/tags?post=8448"}],"curies":[{"name":"wp","href":"https:\/\/api.w.org\/{rel}","templated":true}]}}