{"id":8429,"date":"2020-12-23T11:53:52","date_gmt":"2020-12-23T11:53:52","guid":{"rendered":"https:\/\/www.uaga.eus\/?p=8429"},"modified":"2020-12-23T11:53:52","modified_gmt":"2020-12-23T11:53:52","slug":"uaga-participa-en-la-reunion-de-coag-sobre-los-ecoesquemas-de-la-nueva-pac","status":"publish","type":"post","link":"https:\/\/www.uaga.eus\/eu\/uaga-participa-en-la-reunion-de-coag-sobre-los-ecoesquemas-de-la-nueva-pac\/","title":{"rendered":"UAGA participa en la reuni\u00f3n de COAG sobre los Ecoesquemas de la nueva PAC"},"content":{"rendered":"<p>UAGA ha participado esta semana en la reuni\u00f3n organizada por COAG para analizar los Ecoesquemas, las \u00a0nuevas medidas sobre sostenibilidad medioambiental que se recogen en la propuesta PAC 2023-2027.<\/p>\n<p>Defendemos que las explotaciones familiares puedan optar al 100% de las ayudas ofrecidas por los Ecoesquemas, teniendo en cuenta que supondr\u00e1n entre un 20-30% del presupuesto del primer pilar de la PAC.<\/p>\n<p>El Ministerio de Agricultura se encuentra en fase de definici\u00f3n de los mismos y ha publicado los siguientes documentos de trabajo de los distintos Ecoesquemas a los que puedes acceder aqu\u00ed:<\/p>\n<ol>\n<li><a title=\"https:\/\/www.mapa.gob.es\/es\/pac\/post-2020\/ecoesquema1sumiderodecarbonoenlossuelosyprevenciondeincendios_tcm30-553321.pdf\" href=\"https:\/\/www.mapa.gob.es\/es\/pac\/post-2020\/ecoesquema1sumiderodecarbonoenlossuelosyprevenciondeincendios_tcm30-553321.pdf\" data-cke-saved-href=\"https:\/\/www.mapa.gob.es\/es\/pac\/post-2020\/ecoesquema1sumiderodecarbonoenlossuelosyprevenciondeincendios_tcm30-553321.pdf\">Pastoreo extensivo: sumidero de carbono en suelos y prevenci\u00f3n de incendios<\/a><\/li>\n<li><a title=\"https:\/\/www.mapa.gob.es\/es\/pac\/post-2020\/ecoesquema2cubiertasvegetalesvivasencultivoslenosos_tcm30-552835.pdf\" href=\"https:\/\/www.mapa.gob.es\/es\/pac\/post-2020\/ecoesquema2cubiertasvegetalesvivasencultivoslenosos_tcm30-552835.pdf\" data-cke-saved-href=\"https:\/\/www.mapa.gob.es\/es\/pac\/post-2020\/ecoesquema2cubiertasvegetalesvivasencultivoslenosos_tcm30-552835.pdf\">Cubiertas vegetales vivas en cultivos le\u00f1osos: conservaci\u00f3n del suelo<\/a><\/li>\n<li><a title=\"https:\/\/www.mapa.gob.es\/es\/pac\/post-2020\/ecoesquema3restosdepodayvalorizacionenergetica_tcm30-552836.pdf\" href=\"https:\/\/www.mapa.gob.es\/es\/pac\/post-2020\/ecoesquema3restosdepodayvalorizacionenergetica_tcm30-552836.pdf\" data-cke-saved-href=\"https:\/\/www.mapa.gob.es\/es\/pac\/post-2020\/ecoesquema3restosdepodayvalorizacionenergetica_tcm30-552836.pdf\">Incorporaci\u00f3n de restos de poda y valorizaci\u00f3n energ\u00e9tica en cultivos le\u00f1osos: reducci\u00f3n de emisiones<\/a><\/li>\n<li><a title=\"https:\/\/www.mapa.gob.es\/es\/pac\/post-2020\/ecoesquema4mejorafertilidadsuelorotaciondecultivosespeciesmejorantes_tcm30-552837.pdf\" href=\"https:\/\/www.mapa.gob.es\/es\/pac\/post-2020\/ecoesquema4mejorafertilidadsuelorotaciondecultivosespeciesmejorantes_tcm30-552837.pdf\" data-cke-saved-href=\"https:\/\/www.mapa.gob.es\/es\/pac\/post-2020\/ecoesquema4mejorafertilidadsuelorotaciondecultivosespeciesmejorantes_tcm30-552837.pdf\">Rotaci\u00f3n de cultivos con especies mejorantes: mejora de la fertilidad del suelo<\/a><\/li>\n<li><a title=\"https:\/\/www.mapa.gob.es\/es\/pac\/post-2020\/ecoesquema5agriculturadeprecisionplandegestiondenutrientes_tcm30-552839.pdf\" href=\"https:\/\/www.mapa.gob.es\/es\/pac\/post-2020\/ecoesquema5agriculturadeprecisionplandegestiondenutrientes_tcm30-552839.pdf\" data-cke-saved-href=\"https:\/\/www.mapa.gob.es\/es\/pac\/post-2020\/ecoesquema5agriculturadeprecisionplandegestiondenutrientes_tcm30-552839.pdf\">Uso sostenible de fertilizantes y agricultura de precisi\u00f3n<\/a><\/li>\n<li>Uso sostenible de fitosanitarios\u00a0<em>(*no se ha publicado ficha)<\/em><\/li>\n<li><a title=\"https:\/\/www.mapa.gob.es\/es\/pac\/post-2020\/ecoesquema7mejorabiodiversidadmargeneseislasdevegetacion_tcm30-552840.pdf\" href=\"https:\/\/www.mapa.gob.es\/es\/pac\/post-2020\/ecoesquema7mejorabiodiversidadmargeneseislasdevegetacion_tcm30-552840.pdf\" data-cke-saved-href=\"https:\/\/www.mapa.gob.es\/es\/pac\/post-2020\/ecoesquema7mejorabiodiversidadmargeneseislasdevegetacion_tcm30-552840.pdf\">M\u00e1rgenes e islas de vegetaci\u00f3n: mejora de la biodiversidad<\/a><\/li>\n<\/ol>\n<p>&nbsp;<\/p>\n<div>+INFO SUGOI:\u00a0675 707 696<\/div>\n","protected":false},"excerpt":{"rendered":"<p>UAGA ha participado esta semana en la reuni\u00f3n organizada por COAG para analizar los Ecoesquemas, las \u00a0nuevas medidas sobre sostenibilidad medioambiental que se recogen en la propuesta PAC 2023-2027. Defendemos que las explotaciones familiares puedan optar al 100% de las ayudas ofrecidas por los Ecoesquemas, teniendo en cuenta que supondr\u00e1n entre un 20-30% del presupuesto [&hellip;]<\/p>\n","protected":false},"author":4,"featured_media":8012,"comment_status":"closed","ping_status":"closed","sticky":false,"template":"","format":"standard","meta":{"footnotes":""},"categories":[7,8,4],"tags":[],"yoast_head":"<!-- This site is optimized with the Yoast SEO plugin v21.5 - https:\/\/yoast.com\/wordpress\/plugins\/seo\/ -->\n<title>UAGA participa en la reuni\u00f3n de COAG sobre los Ecoesquemas de la nueva PAC - UAGA<\/title>\n<meta name=\"robots\" content=\"index, follow, max-snippet:-1, max-image-preview:large, max-video-preview:-1\" \/>\n<link rel=\"canonical\" href=\"https:\/\/www.uaga.eus\/uaga-participa-en-la-reunion-de-coag-sobre-los-ecoesquemas-de-la-nueva-pac\/\" \/>\n<meta property=\"og:locale\" content=\"en_US\" \/>\n<meta property=\"og:type\" content=\"article\" \/>\n<meta property=\"og:title\" content=\"UAGA participa en la reuni\u00f3n de COAG sobre los Ecoesquemas de la nueva PAC - UAGA\" \/>\n<meta property=\"og:description\" content=\"UAGA ha participado esta semana en la reuni\u00f3n organizada por COAG para analizar los Ecoesquemas, las \u00a0nuevas medidas sobre sostenibilidad medioambiental que se recogen en la propuesta PAC 2023-2027. Defendemos que las explotaciones familiares puedan optar al 100% de las ayudas ofrecidas por los Ecoesquemas, teniendo en cuenta que supondr\u00e1n entre un 20-30% del presupuesto [&hellip;]\" \/>\n<meta property=\"og:url\" content=\"https:\/\/www.uaga.eus\/uaga-participa-en-la-reunion-de-coag-sobre-los-ecoesquemas-de-la-nueva-pac\/\" \/>\n<meta property=\"og:site_name\" content=\"UAGA\" \/>\n<meta property=\"article:published_time\" content=\"2020-12-23T11:53:52+00:00\" \/>\n<meta property=\"og:image\" content=\"https:\/\/www.uaga.eus\/wp-content\/uploads\/2020\/10\/vacas-pastando.jpg\" \/>\n\t<meta property=\"og:image:width\" content=\"650\" \/>\n\t<meta property=\"og:image:height\" content=\"366\" \/>\n\t<meta property=\"og:image:type\" content=\"image\/jpeg\" \/>\n<meta name=\"author\" content=\"Blanca S\u00e1nchez\" \/>\n<meta name=\"twitter:card\" content=\"summary_large_image\" \/>\n<meta name=\"twitter:label1\" content=\"Written by\" \/>\n\t<meta name=\"twitter:data1\" content=\"Blanca S\u00e1nchez\" \/>\n\t<meta name=\"twitter:label2\" content=\"Est. reading time\" \/>\n\t<meta name=\"twitter:data2\" content=\"1 minutua\" \/>\n<script type=\"application\/ld+json\" class=\"yoast-schema-graph\">{\"@context\":\"https:\/\/schema.org\",\"@graph\":[{\"@type\":\"WebPage\",\"@id\":\"https:\/\/www.uaga.eus\/uaga-participa-en-la-reunion-de-coag-sobre-los-ecoesquemas-de-la-nueva-pac\/\",\"url\":\"https:\/\/www.uaga.eus\/uaga-participa-en-la-reunion-de-coag-sobre-los-ecoesquemas-de-la-nueva-pac\/\",\"name\":\"UAGA participa en la reuni\u00f3n de COAG sobre los Ecoesquemas de la nueva PAC - UAGA\",\"isPartOf\":{\"@id\":\"https:\/\/www.uaga.eus\/#website\"},\"datePublished\":\"2020-12-23T11:53:52+00:00\",\"dateModified\":\"2020-12-23T11:53:52+00:00\",\"author\":{\"@id\":\"https:\/\/www.uaga.eus\/#\/schema\/person\/48c3cbf0f33d1b788226dbb6518689cf\"},\"breadcrumb\":{\"@id\":\"https:\/\/www.uaga.eus\/uaga-participa-en-la-reunion-de-coag-sobre-los-ecoesquemas-de-la-nueva-pac\/#breadcrumb\"},\"inLanguage\":\"eu\",\"potentialAction\":[{\"@type\":\"ReadAction\",\"target\":[\"https:\/\/www.uaga.eus\/uaga-participa-en-la-reunion-de-coag-sobre-los-ecoesquemas-de-la-nueva-pac\/\"]}]},{\"@type\":\"BreadcrumbList\",\"@id\":\"https:\/\/www.uaga.eus\/uaga-participa-en-la-reunion-de-coag-sobre-los-ecoesquemas-de-la-nueva-pac\/#breadcrumb\",\"itemListElement\":[{\"@type\":\"ListItem\",\"position\":1,\"name\":\"Inicio\",\"item\":\"https:\/\/www.uaga.eus\/\"},{\"@type\":\"ListItem\",\"position\":2,\"name\":\"UAGA participa en la reuni\u00f3n de COAG sobre los Ecoesquemas de la nueva PAC\"}]},{\"@type\":\"WebSite\",\"@id\":\"https:\/\/www.uaga.eus\/#website\",\"url\":\"https:\/\/www.uaga.eus\/\",\"name\":\"UAGA\",\"description\":\"Uni\u00f3n Agroganadera de \u00c1lava - Araba Nekazarien Elkartea\",\"potentialAction\":[{\"@type\":\"SearchAction\",\"target\":{\"@type\":\"EntryPoint\",\"urlTemplate\":\"https:\/\/www.uaga.eus\/?s={search_term_string}\"},\"query-input\":\"required name=search_term_string\"}],\"inLanguage\":\"eu\"},{\"@type\":\"Person\",\"@id\":\"https:\/\/www.uaga.eus\/#\/schema\/person\/48c3cbf0f33d1b788226dbb6518689cf\",\"name\":\"Blanca S\u00e1nchez\",\"image\":{\"@type\":\"ImageObject\",\"inLanguage\":\"eu\",\"@id\":\"https:\/\/www.uaga.eus\/#\/schema\/person\/image\/\",\"url\":\"https:\/\/secure.gravatar.com\/avatar\/0dc91c20648254b1ce84877283f6751b?s=96&d=mm&r=g\",\"contentUrl\":\"https:\/\/secure.gravatar.com\/avatar\/0dc91c20648254b1ce84877283f6751b?s=96&d=mm&r=g\",\"caption\":\"Blanca S\u00e1nchez\"},\"url\":\"https:\/\/www.uaga.eus\/eu\/author\/bsanchez\/\"}]}<\/script>\n<!-- \/ Yoast SEO plugin. -->","yoast_head_json":{"title":"UAGA participa en la reuni\u00f3n de COAG sobre los Ecoesquemas de la nueva PAC - UAGA","robots":{"index":"index","follow":"follow","max-snippet":"max-snippet:-1","max-image-preview":"max-image-preview:large","max-video-preview":"max-video-preview:-1"},"canonical":"https:\/\/www.uaga.eus\/uaga-participa-en-la-reunion-de-coag-sobre-los-ecoesquemas-de-la-nueva-pac\/","og_locale":"en_US","og_type":"article","og_title":"UAGA participa en la reuni\u00f3n de COAG sobre los Ecoesquemas de la nueva PAC - UAGA","og_description":"UAGA ha participado esta semana en la reuni\u00f3n organizada por COAG para analizar los Ecoesquemas, las \u00a0nuevas medidas sobre sostenibilidad medioambiental que se recogen en la propuesta PAC 2023-2027. Defendemos que las explotaciones familiares puedan optar al 100% de las ayudas ofrecidas por los Ecoesquemas, teniendo en cuenta que supondr\u00e1n entre un 20-30% del presupuesto [&hellip;]","og_url":"https:\/\/www.uaga.eus\/uaga-participa-en-la-reunion-de-coag-sobre-los-ecoesquemas-de-la-nueva-pac\/","og_site_name":"UAGA","article_published_time":"2020-12-23T11:53:52+00:00","og_image":[{"width":650,"height":366,"url":"https:\/\/www.uaga.eus\/wp-content\/uploads\/2020\/10\/vacas-pastando.jpg","type":"image\/jpeg"}],"author":"Blanca S\u00e1nchez","twitter_card":"summary_large_image","twitter_misc":{"Written by":"Blanca S\u00e1nchez","Est. reading time":"1 minutua"},"schema":{"@context":"https:\/\/schema.org","@graph":[{"@type":"WebPage","@id":"https:\/\/www.uaga.eus\/uaga-participa-en-la-reunion-de-coag-sobre-los-ecoesquemas-de-la-nueva-pac\/","url":"https:\/\/www.uaga.eus\/uaga-participa-en-la-reunion-de-coag-sobre-los-ecoesquemas-de-la-nueva-pac\/","name":"UAGA participa en la reuni\u00f3n de COAG sobre los Ecoesquemas de la nueva PAC - UAGA","isPartOf":{"@id":"https:\/\/www.uaga.eus\/#website"},"datePublished":"2020-12-23T11:53:52+00:00","dateModified":"2020-12-23T11:53:52+00:00","author":{"@id":"https:\/\/www.uaga.eus\/#\/schema\/person\/48c3cbf0f33d1b788226dbb6518689cf"},"breadcrumb":{"@id":"https:\/\/www.uaga.eus\/uaga-participa-en-la-reunion-de-coag-sobre-los-ecoesquemas-de-la-nueva-pac\/#breadcrumb"},"inLanguage":"eu","potentialAction":[{"@type":"ReadAction","target":["https:\/\/www.uaga.eus\/uaga-participa-en-la-reunion-de-coag-sobre-los-ecoesquemas-de-la-nueva-pac\/"]}]},{"@type":"BreadcrumbList","@id":"https:\/\/www.uaga.eus\/uaga-participa-en-la-reunion-de-coag-sobre-los-ecoesquemas-de-la-nueva-pac\/#breadcrumb","itemListElement":[{"@type":"ListItem","position":1,"name":"Inicio","item":"https:\/\/www.uaga.eus\/"},{"@type":"ListItem","position":2,"name":"UAGA participa en la reuni\u00f3n de COAG sobre los Ecoesquemas de la nueva PAC"}]},{"@type":"WebSite","@id":"https:\/\/www.uaga.eus\/#website","url":"https:\/\/www.uaga.eus\/","name":"UAGA","description":"Uni\u00f3n Agroganadera de \u00c1lava - Araba Nekazarien Elkartea","potentialAction":[{"@type":"SearchAction","target":{"@type":"EntryPoint","urlTemplate":"https:\/\/www.uaga.eus\/?s={search_term_string}"},"query-input":"required name=search_term_string"}],"inLanguage":"eu"},{"@type":"Person","@id":"https:\/\/www.uaga.eus\/#\/schema\/person\/48c3cbf0f33d1b788226dbb6518689cf","name":"Blanca S\u00e1nchez","image":{"@type":"ImageObject","inLanguage":"eu","@id":"https:\/\/www.uaga.eus\/#\/schema\/person\/image\/","url":"https:\/\/secure.gravatar.com\/avatar\/0dc91c20648254b1ce84877283f6751b?s=96&d=mm&r=g","contentUrl":"https:\/\/secure.gravatar.com\/avatar\/0dc91c20648254b1ce84877283f6751b?s=96&d=mm&r=g","caption":"Blanca S\u00e1nchez"},"url":"https:\/\/www.uaga.eus\/eu\/author\/bsanchez\/"}]}},"_links":{"self":[{"href":"https:\/\/www.uaga.eus\/eu\/wp-json\/wp\/v2\/posts\/8429"}],"collection":[{"href":"https:\/\/www.uaga.eus\/eu\/wp-json\/wp\/v2\/posts"}],"about":[{"href":"https:\/\/www.uaga.eus\/eu\/wp-json\/wp\/v2\/types\/post"}],"author":[{"embeddable":true,"href":"https:\/\/www.uaga.eus\/eu\/wp-json\/wp\/v2\/users\/4"}],"replies":[{"embeddable":true,"href":"https:\/\/www.uaga.eus\/eu\/wp-json\/wp\/v2\/comments?post=8429"}],"version-history":[{"count":1,"href":"https:\/\/www.uaga.eus\/eu\/wp-json\/wp\/v2\/posts\/8429\/revisions"}],"predecessor-version":[{"id":8430,"href":"https:\/\/www.uaga.eus\/eu\/wp-json\/wp\/v2\/posts\/8429\/revisions\/8430"}],"wp:featuredmedia":[{"embeddable":true,"href":"https:\/\/www.uaga.eus\/eu\/wp-json\/wp\/v2\/media\/8012"}],"wp:attachment":[{"href":"https:\/\/www.uaga.eus\/eu\/wp-json\/wp\/v2\/media?parent=8429"}],"wp:term":[{"taxonomy":"category","embeddable":true,"href":"https:\/\/www.uaga.eus\/eu\/wp-json\/wp\/v2\/categories?post=8429"},{"taxonomy":"post_tag","embeddable":true,"href":"https:\/\/www.uaga.eus\/eu\/wp-json\/wp\/v2\/tags?post=8429"}],"curies":[{"name":"wp","href":"https:\/\/api.w.org\/{rel}","templated":true}]}}