{"id":8406,"date":"2020-12-18T12:27:04","date_gmt":"2020-12-18T12:27:04","guid":{"rendered":"https:\/\/www.uaga.eus\/?p=8406"},"modified":"2020-12-18T12:27:42","modified_gmt":"2020-12-18T12:27:42","slug":"los-contratos-eventuales-de-trabajadores-agrarios-que-pasen-a-indefinidos-o-fijos-discontinuos-antes-de-fin-de-ano-podran-ser-bonificados","status":"publish","type":"post","link":"https:\/\/www.uaga.eus\/eu\/los-contratos-eventuales-de-trabajadores-agrarios-que-pasen-a-indefinidos-o-fijos-discontinuos-antes-de-fin-de-ano-podran-ser-bonificados\/","title":{"rendered":"Los contratos eventuales de trabajadores agrarios que pasen a indefinidos o fijos-discontinuos antes de fin de a\u00f1o podr\u00e1n ser bonificados"},"content":{"rendered":"<p>El BOE ha publicado esta semana una Ley\u00a0por la que se adoptan determinadas medidas urgentes en materia de agricultura y alimentaci\u00f3n.<\/p>\n<p>Una de las medidas que contempla\u00a0es la bonificaci\u00f3n para conversiones de contratos eventuales a fijos. Las empresas que cuenten con trabajadores encuadrados en el Sistema Especial para Trabajadores por Cuenta Ajena Agrarios que transformen, antes del 1 de enero de 2021, los contratos de trabajo de duraci\u00f3n temporal en contratos de duraci\u00f3n indefinida, incluidos los contratos fijos-discontinuos, tendr\u00e1n derecho a bonificaciones en la cuota de la Seguridad Social durante los dos a\u00f1os siguientes a la transformaci\u00f3n del contrato.<\/p>\n<p>Esta ley tambi\u00e9n recoge una modificaci\u00f3n de las tributaci\u00f3n de la ayudas publicas para la primera instalaci\u00f3n de j\u00f3venes agricultores previstas en el Marco Nacional de Desarrollo Rural de Espa\u00f1a, que podr\u00e1n imputarse por cuartas partes, en el periodo impositivo en el que se obtengan y en los tres siguientes. Este\u00a0cambio \u00fanicamente es de aplicaci\u00f3n en Trevi\u00f1o.<\/p>\n<p>Adem\u00e1s, la ley recoge modificaciones en la Ley de la Cadena Alimentaria.<\/p>\n<p>Puedes consultar la normativa <a href=\"https:\/\/mcusercontent.com\/498b950ccfc4b8d0e600d7e48\/files\/86428adc-e270-4146-8597-66525e12c8af\/BOE_201217_MEDIDAS_URGENTES_EN_AGRICULTURA_Y_ALIMENTACION.pdf\" target=\"_blank\" rel=\"noopener\" data-cke-saved-href=\"https:\/\/mcusercontent.com\/498b950ccfc4b8d0e600d7e48\/files\/86428adc-e270-4146-8597-66525e12c8af\/BOE_201217_MEDIDAS_URGENTES_EN_AGRICULTURA_Y_ALIMENTACION.pdf\">aqu\u00ed<\/a>.<\/p>\n<p>+INFO YOLANDA:\u00a0615 779 584<\/p>\n","protected":false},"excerpt":{"rendered":"<p>El BOE ha publicado esta semana una Ley\u00a0por la que se adoptan determinadas medidas urgentes en materia de agricultura y alimentaci\u00f3n. Una de las medidas que contempla\u00a0es la bonificaci\u00f3n para conversiones de contratos eventuales a fijos. Las empresas que cuenten con trabajadores encuadrados en el Sistema Especial para Trabajadores por Cuenta Ajena Agrarios que transformen, [&hellip;]<\/p>\n","protected":false},"author":4,"featured_media":8407,"comment_status":"closed","ping_status":"closed","sticky":false,"template":"","format":"standard","meta":{"footnotes":""},"categories":[7,8,38,4],"tags":[],"yoast_head":"<!-- This site is optimized with the Yoast SEO plugin v21.5 - https:\/\/yoast.com\/wordpress\/plugins\/seo\/ -->\n<title>Los contratos eventuales de trabajadores agrarios que pasen a indefinidos o fijos-discontinuos antes de fin de a\u00f1o podr\u00e1n ser bonificados - UAGA<\/title>\n<meta name=\"robots\" content=\"index, follow, max-snippet:-1, max-image-preview:large, max-video-preview:-1\" \/>\n<link rel=\"canonical\" href=\"https:\/\/www.uaga.eus\/los-contratos-eventuales-de-trabajadores-agrarios-que-pasen-a-indefinidos-o-fijos-discontinuos-antes-de-fin-de-ano-podran-ser-bonificados\/\" \/>\n<meta property=\"og:locale\" content=\"en_US\" \/>\n<meta property=\"og:type\" content=\"article\" \/>\n<meta property=\"og:title\" content=\"Los contratos eventuales de trabajadores agrarios que pasen a indefinidos o fijos-discontinuos antes de fin de a\u00f1o podr\u00e1n ser bonificados - UAGA\" \/>\n<meta property=\"og:description\" content=\"El BOE ha publicado esta semana una Ley\u00a0por la que se adoptan determinadas medidas urgentes en materia de agricultura y alimentaci\u00f3n. Una de las medidas que contempla\u00a0es la bonificaci\u00f3n para conversiones de contratos eventuales a fijos. Las empresas que cuenten con trabajadores encuadrados en el Sistema Especial para Trabajadores por Cuenta Ajena Agrarios que transformen, [&hellip;]\" \/>\n<meta property=\"og:url\" content=\"https:\/\/www.uaga.eus\/los-contratos-eventuales-de-trabajadores-agrarios-que-pasen-a-indefinidos-o-fijos-discontinuos-antes-de-fin-de-ano-podran-ser-bonificados\/\" \/>\n<meta property=\"og:site_name\" content=\"UAGA\" \/>\n<meta property=\"article:published_time\" content=\"2020-12-18T12:27:04+00:00\" \/>\n<meta property=\"article:modified_time\" content=\"2020-12-18T12:27:42+00:00\" \/>\n<meta property=\"og:image\" content=\"https:\/\/www.uaga.eus\/wp-content\/uploads\/2020\/12\/trabajadores-invernadero-e1608294448395.jpg\" \/>\n\t<meta property=\"og:image:width\" content=\"700\" \/>\n\t<meta property=\"og:image:height\" content=\"382\" \/>\n\t<meta property=\"og:image:type\" content=\"image\/jpeg\" \/>\n<meta name=\"author\" content=\"Blanca S\u00e1nchez\" \/>\n<meta name=\"twitter:card\" content=\"summary_large_image\" \/>\n<meta name=\"twitter:label1\" content=\"Written by\" \/>\n\t<meta name=\"twitter:data1\" content=\"Blanca S\u00e1nchez\" \/>\n\t<meta name=\"twitter:label2\" content=\"Est. reading time\" \/>\n\t<meta name=\"twitter:data2\" content=\"1 minutua\" \/>\n<script type=\"application\/ld+json\" class=\"yoast-schema-graph\">{\"@context\":\"https:\/\/schema.org\",\"@graph\":[{\"@type\":\"WebPage\",\"@id\":\"https:\/\/www.uaga.eus\/los-contratos-eventuales-de-trabajadores-agrarios-que-pasen-a-indefinidos-o-fijos-discontinuos-antes-de-fin-de-ano-podran-ser-bonificados\/\",\"url\":\"https:\/\/www.uaga.eus\/los-contratos-eventuales-de-trabajadores-agrarios-que-pasen-a-indefinidos-o-fijos-discontinuos-antes-de-fin-de-ano-podran-ser-bonificados\/\",\"name\":\"Los contratos eventuales de trabajadores agrarios que pasen a indefinidos o fijos-discontinuos antes de fin de a\u00f1o podr\u00e1n ser bonificados - UAGA\",\"isPartOf\":{\"@id\":\"https:\/\/www.uaga.eus\/#website\"},\"datePublished\":\"2020-12-18T12:27:04+00:00\",\"dateModified\":\"2020-12-18T12:27:42+00:00\",\"author\":{\"@id\":\"https:\/\/www.uaga.eus\/#\/schema\/person\/48c3cbf0f33d1b788226dbb6518689cf\"},\"breadcrumb\":{\"@id\":\"https:\/\/www.uaga.eus\/los-contratos-eventuales-de-trabajadores-agrarios-que-pasen-a-indefinidos-o-fijos-discontinuos-antes-de-fin-de-ano-podran-ser-bonificados\/#breadcrumb\"},\"inLanguage\":\"eu\",\"potentialAction\":[{\"@type\":\"ReadAction\",\"target\":[\"https:\/\/www.uaga.eus\/los-contratos-eventuales-de-trabajadores-agrarios-que-pasen-a-indefinidos-o-fijos-discontinuos-antes-de-fin-de-ano-podran-ser-bonificados\/\"]}]},{\"@type\":\"BreadcrumbList\",\"@id\":\"https:\/\/www.uaga.eus\/los-contratos-eventuales-de-trabajadores-agrarios-que-pasen-a-indefinidos-o-fijos-discontinuos-antes-de-fin-de-ano-podran-ser-bonificados\/#breadcrumb\",\"itemListElement\":[{\"@type\":\"ListItem\",\"position\":1,\"name\":\"Inicio\",\"item\":\"https:\/\/www.uaga.eus\/\"},{\"@type\":\"ListItem\",\"position\":2,\"name\":\"Los contratos eventuales de trabajadores agrarios que pasen a indefinidos o fijos-discontinuos antes de fin de a\u00f1o podr\u00e1n ser bonificados\"}]},{\"@type\":\"WebSite\",\"@id\":\"https:\/\/www.uaga.eus\/#website\",\"url\":\"https:\/\/www.uaga.eus\/\",\"name\":\"UAGA\",\"description\":\"Uni\u00f3n Agroganadera de \u00c1lava - Araba Nekazarien Elkartea\",\"potentialAction\":[{\"@type\":\"SearchAction\",\"target\":{\"@type\":\"EntryPoint\",\"urlTemplate\":\"https:\/\/www.uaga.eus\/?s={search_term_string}\"},\"query-input\":\"required name=search_term_string\"}],\"inLanguage\":\"eu\"},{\"@type\":\"Person\",\"@id\":\"https:\/\/www.uaga.eus\/#\/schema\/person\/48c3cbf0f33d1b788226dbb6518689cf\",\"name\":\"Blanca S\u00e1nchez\",\"image\":{\"@type\":\"ImageObject\",\"inLanguage\":\"eu\",\"@id\":\"https:\/\/www.uaga.eus\/#\/schema\/person\/image\/\",\"url\":\"https:\/\/secure.gravatar.com\/avatar\/0dc91c20648254b1ce84877283f6751b?s=96&d=mm&r=g\",\"contentUrl\":\"https:\/\/secure.gravatar.com\/avatar\/0dc91c20648254b1ce84877283f6751b?s=96&d=mm&r=g\",\"caption\":\"Blanca S\u00e1nchez\"},\"url\":\"https:\/\/www.uaga.eus\/eu\/author\/bsanchez\/\"}]}<\/script>\n<!-- \/ Yoast SEO plugin. -->","yoast_head_json":{"title":"Los contratos eventuales de trabajadores agrarios que pasen a indefinidos o fijos-discontinuos antes de fin de a\u00f1o podr\u00e1n ser bonificados - UAGA","robots":{"index":"index","follow":"follow","max-snippet":"max-snippet:-1","max-image-preview":"max-image-preview:large","max-video-preview":"max-video-preview:-1"},"canonical":"https:\/\/www.uaga.eus\/los-contratos-eventuales-de-trabajadores-agrarios-que-pasen-a-indefinidos-o-fijos-discontinuos-antes-de-fin-de-ano-podran-ser-bonificados\/","og_locale":"en_US","og_type":"article","og_title":"Los contratos eventuales de trabajadores agrarios que pasen a indefinidos o fijos-discontinuos antes de fin de a\u00f1o podr\u00e1n ser bonificados - UAGA","og_description":"El BOE ha publicado esta semana una Ley\u00a0por la que se adoptan determinadas medidas urgentes en materia de agricultura y alimentaci\u00f3n. Una de las medidas que contempla\u00a0es la bonificaci\u00f3n para conversiones de contratos eventuales a fijos. Las empresas que cuenten con trabajadores encuadrados en el Sistema Especial para Trabajadores por Cuenta Ajena Agrarios que transformen, [&hellip;]","og_url":"https:\/\/www.uaga.eus\/los-contratos-eventuales-de-trabajadores-agrarios-que-pasen-a-indefinidos-o-fijos-discontinuos-antes-de-fin-de-ano-podran-ser-bonificados\/","og_site_name":"UAGA","article_published_time":"2020-12-18T12:27:04+00:00","article_modified_time":"2020-12-18T12:27:42+00:00","og_image":[{"width":700,"height":382,"url":"https:\/\/www.uaga.eus\/wp-content\/uploads\/2020\/12\/trabajadores-invernadero-e1608294448395.jpg","type":"image\/jpeg"}],"author":"Blanca S\u00e1nchez","twitter_card":"summary_large_image","twitter_misc":{"Written by":"Blanca S\u00e1nchez","Est. reading time":"1 minutua"},"schema":{"@context":"https:\/\/schema.org","@graph":[{"@type":"WebPage","@id":"https:\/\/www.uaga.eus\/los-contratos-eventuales-de-trabajadores-agrarios-que-pasen-a-indefinidos-o-fijos-discontinuos-antes-de-fin-de-ano-podran-ser-bonificados\/","url":"https:\/\/www.uaga.eus\/los-contratos-eventuales-de-trabajadores-agrarios-que-pasen-a-indefinidos-o-fijos-discontinuos-antes-de-fin-de-ano-podran-ser-bonificados\/","name":"Los contratos eventuales de trabajadores agrarios que pasen a indefinidos o fijos-discontinuos antes de fin de a\u00f1o podr\u00e1n ser bonificados - UAGA","isPartOf":{"@id":"https:\/\/www.uaga.eus\/#website"},"datePublished":"2020-12-18T12:27:04+00:00","dateModified":"2020-12-18T12:27:42+00:00","author":{"@id":"https:\/\/www.uaga.eus\/#\/schema\/person\/48c3cbf0f33d1b788226dbb6518689cf"},"breadcrumb":{"@id":"https:\/\/www.uaga.eus\/los-contratos-eventuales-de-trabajadores-agrarios-que-pasen-a-indefinidos-o-fijos-discontinuos-antes-de-fin-de-ano-podran-ser-bonificados\/#breadcrumb"},"inLanguage":"eu","potentialAction":[{"@type":"ReadAction","target":["https:\/\/www.uaga.eus\/los-contratos-eventuales-de-trabajadores-agrarios-que-pasen-a-indefinidos-o-fijos-discontinuos-antes-de-fin-de-ano-podran-ser-bonificados\/"]}]},{"@type":"BreadcrumbList","@id":"https:\/\/www.uaga.eus\/los-contratos-eventuales-de-trabajadores-agrarios-que-pasen-a-indefinidos-o-fijos-discontinuos-antes-de-fin-de-ano-podran-ser-bonificados\/#breadcrumb","itemListElement":[{"@type":"ListItem","position":1,"name":"Inicio","item":"https:\/\/www.uaga.eus\/"},{"@type":"ListItem","position":2,"name":"Los contratos eventuales de trabajadores agrarios que pasen a indefinidos o fijos-discontinuos antes de fin de a\u00f1o podr\u00e1n ser bonificados"}]},{"@type":"WebSite","@id":"https:\/\/www.uaga.eus\/#website","url":"https:\/\/www.uaga.eus\/","name":"UAGA","description":"Uni\u00f3n Agroganadera de \u00c1lava - Araba Nekazarien Elkartea","potentialAction":[{"@type":"SearchAction","target":{"@type":"EntryPoint","urlTemplate":"https:\/\/www.uaga.eus\/?s={search_term_string}"},"query-input":"required name=search_term_string"}],"inLanguage":"eu"},{"@type":"Person","@id":"https:\/\/www.uaga.eus\/#\/schema\/person\/48c3cbf0f33d1b788226dbb6518689cf","name":"Blanca S\u00e1nchez","image":{"@type":"ImageObject","inLanguage":"eu","@id":"https:\/\/www.uaga.eus\/#\/schema\/person\/image\/","url":"https:\/\/secure.gravatar.com\/avatar\/0dc91c20648254b1ce84877283f6751b?s=96&d=mm&r=g","contentUrl":"https:\/\/secure.gravatar.com\/avatar\/0dc91c20648254b1ce84877283f6751b?s=96&d=mm&r=g","caption":"Blanca S\u00e1nchez"},"url":"https:\/\/www.uaga.eus\/eu\/author\/bsanchez\/"}]}},"_links":{"self":[{"href":"https:\/\/www.uaga.eus\/eu\/wp-json\/wp\/v2\/posts\/8406"}],"collection":[{"href":"https:\/\/www.uaga.eus\/eu\/wp-json\/wp\/v2\/posts"}],"about":[{"href":"https:\/\/www.uaga.eus\/eu\/wp-json\/wp\/v2\/types\/post"}],"author":[{"embeddable":true,"href":"https:\/\/www.uaga.eus\/eu\/wp-json\/wp\/v2\/users\/4"}],"replies":[{"embeddable":true,"href":"https:\/\/www.uaga.eus\/eu\/wp-json\/wp\/v2\/comments?post=8406"}],"version-history":[{"count":1,"href":"https:\/\/www.uaga.eus\/eu\/wp-json\/wp\/v2\/posts\/8406\/revisions"}],"predecessor-version":[{"id":8408,"href":"https:\/\/www.uaga.eus\/eu\/wp-json\/wp\/v2\/posts\/8406\/revisions\/8408"}],"wp:featuredmedia":[{"embeddable":true,"href":"https:\/\/www.uaga.eus\/eu\/wp-json\/wp\/v2\/media\/8407"}],"wp:attachment":[{"href":"https:\/\/www.uaga.eus\/eu\/wp-json\/wp\/v2\/media?parent=8406"}],"wp:term":[{"taxonomy":"category","embeddable":true,"href":"https:\/\/www.uaga.eus\/eu\/wp-json\/wp\/v2\/categories?post=8406"},{"taxonomy":"post_tag","embeddable":true,"href":"https:\/\/www.uaga.eus\/eu\/wp-json\/wp\/v2\/tags?post=8406"}],"curies":[{"name":"wp","href":"https:\/\/api.w.org\/{rel}","templated":true}]}}