{"id":8288,"date":"2020-11-27T11:55:52","date_gmt":"2020-11-27T11:55:52","guid":{"rendered":"https:\/\/www.uaga.eus\/?p=8288"},"modified":"2020-11-27T11:56:14","modified_gmt":"2020-11-27T11:56:14","slug":"coag-se-opondra-al-incremento-de-aportaciones-a-la-interprofesional-de-vacuno-de-carne","status":"publish","type":"post","link":"https:\/\/www.uaga.eus\/eu\/coag-se-opondra-al-incremento-de-aportaciones-a-la-interprofesional-de-vacuno-de-carne\/","title":{"rendered":"COAG se opondr\u00e1 al incremento de aportaciones a la Interprofesional de vacuno de carne\u00a0"},"content":{"rendered":"<p>Ante la propuesta de la direcci\u00f3n de PROVACUNO, interprofesional de vacuno de carne, de duplicar la actual tasa que debe abonar cada ganadero por animal sacrificado, COAG considera que, en este contexto de dificultades de comercializaci\u00f3n, el sector no puede asumir ning\u00fan incremento de costes m\u00e1s.<\/p>\n<p>El sector ganadero no percibe este incremento como una herramienta que pueda contribuir a mejorar la situaci\u00f3n del sector, con un incremento anual de precios de materias primas de entre un 10 % y un 20% y una reducci\u00f3n de precios de a\u00f1ojo del 10% y del de pasteros del 13%.<\/p>\n<p>Para conseguir un incremento de ingresos por parte de la interprofesional, COAG propone la extensi\u00f3n de la tasa a las cabezas de ganado que se exportan vivas para sacrificio en el extranjero, tal y como viene defendiendo desde 2016.<\/p>\n<p>+INFO GUSTAVO: 635 704 865<\/p>\n","protected":false},"excerpt":{"rendered":"<p>Ante la propuesta de la direcci\u00f3n de PROVACUNO, interprofesional de vacuno de carne, de duplicar la actual tasa que debe abonar cada ganadero por animal sacrificado, COAG considera que, en este contexto de dificultades de comercializaci\u00f3n, el sector no puede asumir ning\u00fan incremento de costes m\u00e1s. El sector ganadero no percibe este incremento como una [&hellip;]<\/p>\n","protected":false},"author":4,"featured_media":7790,"comment_status":"closed","ping_status":"closed","sticky":false,"template":"","format":"standard","meta":{"footnotes":""},"categories":[8],"tags":[],"yoast_head":"<!-- This site is optimized with the Yoast SEO plugin v21.5 - https:\/\/yoast.com\/wordpress\/plugins\/seo\/ -->\n<title>COAG se opondr\u00e1 al incremento de aportaciones a la Interprofesional de vacuno de carne\u00a0 - UAGA<\/title>\n<meta name=\"robots\" content=\"index, follow, max-snippet:-1, max-image-preview:large, max-video-preview:-1\" \/>\n<link rel=\"canonical\" href=\"https:\/\/www.uaga.eus\/coag-se-opondra-al-incremento-de-aportaciones-a-la-interprofesional-de-vacuno-de-carne\/\" \/>\n<meta property=\"og:locale\" content=\"en_US\" \/>\n<meta property=\"og:type\" content=\"article\" \/>\n<meta property=\"og:title\" content=\"COAG se opondr\u00e1 al incremento de aportaciones a la Interprofesional de vacuno de carne\u00a0 - UAGA\" \/>\n<meta property=\"og:description\" content=\"Ante la propuesta de la direcci\u00f3n de PROVACUNO, interprofesional de vacuno de carne, de duplicar la actual tasa que debe abonar cada ganadero por animal sacrificado, COAG considera que, en este contexto de dificultades de comercializaci\u00f3n, el sector no puede asumir ning\u00fan incremento de costes m\u00e1s. El sector ganadero no percibe este incremento como una [&hellip;]\" \/>\n<meta property=\"og:url\" content=\"https:\/\/www.uaga.eus\/coag-se-opondra-al-incremento-de-aportaciones-a-la-interprofesional-de-vacuno-de-carne\/\" \/>\n<meta property=\"og:site_name\" content=\"UAGA\" \/>\n<meta property=\"article:published_time\" content=\"2020-11-27T11:55:52+00:00\" \/>\n<meta property=\"article:modified_time\" content=\"2020-11-27T11:56:14+00:00\" \/>\n<meta property=\"og:image\" content=\"https:\/\/www.uaga.eus\/wp-content\/uploads\/2020\/07\/VACA-DE-CARNE.jpg\" \/>\n\t<meta property=\"og:image:width\" content=\"650\" \/>\n\t<meta property=\"og:image:height\" content=\"366\" \/>\n\t<meta property=\"og:image:type\" content=\"image\/jpeg\" \/>\n<meta name=\"author\" content=\"Blanca S\u00e1nchez\" \/>\n<meta name=\"twitter:card\" content=\"summary_large_image\" \/>\n<meta name=\"twitter:label1\" content=\"Written by\" \/>\n\t<meta name=\"twitter:data1\" content=\"Blanca S\u00e1nchez\" \/>\n\t<meta name=\"twitter:label2\" content=\"Est. reading time\" \/>\n\t<meta name=\"twitter:data2\" content=\"1 minutua\" \/>\n<script type=\"application\/ld+json\" class=\"yoast-schema-graph\">{\"@context\":\"https:\/\/schema.org\",\"@graph\":[{\"@type\":\"WebPage\",\"@id\":\"https:\/\/www.uaga.eus\/coag-se-opondra-al-incremento-de-aportaciones-a-la-interprofesional-de-vacuno-de-carne\/\",\"url\":\"https:\/\/www.uaga.eus\/coag-se-opondra-al-incremento-de-aportaciones-a-la-interprofesional-de-vacuno-de-carne\/\",\"name\":\"COAG se opondr\u00e1 al incremento de aportaciones a la Interprofesional de vacuno de carne\u00a0 - UAGA\",\"isPartOf\":{\"@id\":\"https:\/\/www.uaga.eus\/#website\"},\"datePublished\":\"2020-11-27T11:55:52+00:00\",\"dateModified\":\"2020-11-27T11:56:14+00:00\",\"author\":{\"@id\":\"https:\/\/www.uaga.eus\/#\/schema\/person\/48c3cbf0f33d1b788226dbb6518689cf\"},\"breadcrumb\":{\"@id\":\"https:\/\/www.uaga.eus\/coag-se-opondra-al-incremento-de-aportaciones-a-la-interprofesional-de-vacuno-de-carne\/#breadcrumb\"},\"inLanguage\":\"eu\",\"potentialAction\":[{\"@type\":\"ReadAction\",\"target\":[\"https:\/\/www.uaga.eus\/coag-se-opondra-al-incremento-de-aportaciones-a-la-interprofesional-de-vacuno-de-carne\/\"]}]},{\"@type\":\"BreadcrumbList\",\"@id\":\"https:\/\/www.uaga.eus\/coag-se-opondra-al-incremento-de-aportaciones-a-la-interprofesional-de-vacuno-de-carne\/#breadcrumb\",\"itemListElement\":[{\"@type\":\"ListItem\",\"position\":1,\"name\":\"Inicio\",\"item\":\"https:\/\/www.uaga.eus\/\"},{\"@type\":\"ListItem\",\"position\":2,\"name\":\"COAG se opondr\u00e1 al incremento de aportaciones a la Interprofesional de vacuno de carne\u00a0\"}]},{\"@type\":\"WebSite\",\"@id\":\"https:\/\/www.uaga.eus\/#website\",\"url\":\"https:\/\/www.uaga.eus\/\",\"name\":\"UAGA\",\"description\":\"Uni\u00f3n Agroganadera de \u00c1lava - Araba Nekazarien Elkartea\",\"potentialAction\":[{\"@type\":\"SearchAction\",\"target\":{\"@type\":\"EntryPoint\",\"urlTemplate\":\"https:\/\/www.uaga.eus\/?s={search_term_string}\"},\"query-input\":\"required name=search_term_string\"}],\"inLanguage\":\"eu\"},{\"@type\":\"Person\",\"@id\":\"https:\/\/www.uaga.eus\/#\/schema\/person\/48c3cbf0f33d1b788226dbb6518689cf\",\"name\":\"Blanca S\u00e1nchez\",\"image\":{\"@type\":\"ImageObject\",\"inLanguage\":\"eu\",\"@id\":\"https:\/\/www.uaga.eus\/#\/schema\/person\/image\/\",\"url\":\"https:\/\/secure.gravatar.com\/avatar\/0dc91c20648254b1ce84877283f6751b?s=96&d=mm&r=g\",\"contentUrl\":\"https:\/\/secure.gravatar.com\/avatar\/0dc91c20648254b1ce84877283f6751b?s=96&d=mm&r=g\",\"caption\":\"Blanca S\u00e1nchez\"},\"url\":\"https:\/\/www.uaga.eus\/eu\/author\/bsanchez\/\"}]}<\/script>\n<!-- \/ Yoast SEO plugin. -->","yoast_head_json":{"title":"COAG se opondr\u00e1 al incremento de aportaciones a la Interprofesional de vacuno de carne\u00a0 - UAGA","robots":{"index":"index","follow":"follow","max-snippet":"max-snippet:-1","max-image-preview":"max-image-preview:large","max-video-preview":"max-video-preview:-1"},"canonical":"https:\/\/www.uaga.eus\/coag-se-opondra-al-incremento-de-aportaciones-a-la-interprofesional-de-vacuno-de-carne\/","og_locale":"en_US","og_type":"article","og_title":"COAG se opondr\u00e1 al incremento de aportaciones a la Interprofesional de vacuno de carne\u00a0 - UAGA","og_description":"Ante la propuesta de la direcci\u00f3n de PROVACUNO, interprofesional de vacuno de carne, de duplicar la actual tasa que debe abonar cada ganadero por animal sacrificado, COAG considera que, en este contexto de dificultades de comercializaci\u00f3n, el sector no puede asumir ning\u00fan incremento de costes m\u00e1s. El sector ganadero no percibe este incremento como una [&hellip;]","og_url":"https:\/\/www.uaga.eus\/coag-se-opondra-al-incremento-de-aportaciones-a-la-interprofesional-de-vacuno-de-carne\/","og_site_name":"UAGA","article_published_time":"2020-11-27T11:55:52+00:00","article_modified_time":"2020-11-27T11:56:14+00:00","og_image":[{"width":650,"height":366,"url":"https:\/\/www.uaga.eus\/wp-content\/uploads\/2020\/07\/VACA-DE-CARNE.jpg","type":"image\/jpeg"}],"author":"Blanca S\u00e1nchez","twitter_card":"summary_large_image","twitter_misc":{"Written by":"Blanca S\u00e1nchez","Est. reading time":"1 minutua"},"schema":{"@context":"https:\/\/schema.org","@graph":[{"@type":"WebPage","@id":"https:\/\/www.uaga.eus\/coag-se-opondra-al-incremento-de-aportaciones-a-la-interprofesional-de-vacuno-de-carne\/","url":"https:\/\/www.uaga.eus\/coag-se-opondra-al-incremento-de-aportaciones-a-la-interprofesional-de-vacuno-de-carne\/","name":"COAG se opondr\u00e1 al incremento de aportaciones a la Interprofesional de vacuno de carne\u00a0 - UAGA","isPartOf":{"@id":"https:\/\/www.uaga.eus\/#website"},"datePublished":"2020-11-27T11:55:52+00:00","dateModified":"2020-11-27T11:56:14+00:00","author":{"@id":"https:\/\/www.uaga.eus\/#\/schema\/person\/48c3cbf0f33d1b788226dbb6518689cf"},"breadcrumb":{"@id":"https:\/\/www.uaga.eus\/coag-se-opondra-al-incremento-de-aportaciones-a-la-interprofesional-de-vacuno-de-carne\/#breadcrumb"},"inLanguage":"eu","potentialAction":[{"@type":"ReadAction","target":["https:\/\/www.uaga.eus\/coag-se-opondra-al-incremento-de-aportaciones-a-la-interprofesional-de-vacuno-de-carne\/"]}]},{"@type":"BreadcrumbList","@id":"https:\/\/www.uaga.eus\/coag-se-opondra-al-incremento-de-aportaciones-a-la-interprofesional-de-vacuno-de-carne\/#breadcrumb","itemListElement":[{"@type":"ListItem","position":1,"name":"Inicio","item":"https:\/\/www.uaga.eus\/"},{"@type":"ListItem","position":2,"name":"COAG se opondr\u00e1 al incremento de aportaciones a la Interprofesional de vacuno de carne\u00a0"}]},{"@type":"WebSite","@id":"https:\/\/www.uaga.eus\/#website","url":"https:\/\/www.uaga.eus\/","name":"UAGA","description":"Uni\u00f3n Agroganadera de \u00c1lava - Araba Nekazarien Elkartea","potentialAction":[{"@type":"SearchAction","target":{"@type":"EntryPoint","urlTemplate":"https:\/\/www.uaga.eus\/?s={search_term_string}"},"query-input":"required name=search_term_string"}],"inLanguage":"eu"},{"@type":"Person","@id":"https:\/\/www.uaga.eus\/#\/schema\/person\/48c3cbf0f33d1b788226dbb6518689cf","name":"Blanca S\u00e1nchez","image":{"@type":"ImageObject","inLanguage":"eu","@id":"https:\/\/www.uaga.eus\/#\/schema\/person\/image\/","url":"https:\/\/secure.gravatar.com\/avatar\/0dc91c20648254b1ce84877283f6751b?s=96&d=mm&r=g","contentUrl":"https:\/\/secure.gravatar.com\/avatar\/0dc91c20648254b1ce84877283f6751b?s=96&d=mm&r=g","caption":"Blanca S\u00e1nchez"},"url":"https:\/\/www.uaga.eus\/eu\/author\/bsanchez\/"}]}},"_links":{"self":[{"href":"https:\/\/www.uaga.eus\/eu\/wp-json\/wp\/v2\/posts\/8288"}],"collection":[{"href":"https:\/\/www.uaga.eus\/eu\/wp-json\/wp\/v2\/posts"}],"about":[{"href":"https:\/\/www.uaga.eus\/eu\/wp-json\/wp\/v2\/types\/post"}],"author":[{"embeddable":true,"href":"https:\/\/www.uaga.eus\/eu\/wp-json\/wp\/v2\/users\/4"}],"replies":[{"embeddable":true,"href":"https:\/\/www.uaga.eus\/eu\/wp-json\/wp\/v2\/comments?post=8288"}],"version-history":[{"count":2,"href":"https:\/\/www.uaga.eus\/eu\/wp-json\/wp\/v2\/posts\/8288\/revisions"}],"predecessor-version":[{"id":8293,"href":"https:\/\/www.uaga.eus\/eu\/wp-json\/wp\/v2\/posts\/8288\/revisions\/8293"}],"wp:featuredmedia":[{"embeddable":true,"href":"https:\/\/www.uaga.eus\/eu\/wp-json\/wp\/v2\/media\/7790"}],"wp:attachment":[{"href":"https:\/\/www.uaga.eus\/eu\/wp-json\/wp\/v2\/media?parent=8288"}],"wp:term":[{"taxonomy":"category","embeddable":true,"href":"https:\/\/www.uaga.eus\/eu\/wp-json\/wp\/v2\/categories?post=8288"},{"taxonomy":"post_tag","embeddable":true,"href":"https:\/\/www.uaga.eus\/eu\/wp-json\/wp\/v2\/tags?post=8288"}],"curies":[{"name":"wp","href":"https:\/\/api.w.org\/{rel}","templated":true}]}}