{"id":8286,"date":"2020-11-27T11:54:19","date_gmt":"2020-11-27T11:54:19","guid":{"rendered":"https:\/\/www.uaga.eus\/?p=8286"},"modified":"2020-11-27T11:54:19","modified_gmt":"2020-11-27T11:54:19","slug":"el-ministerio-para-la-transicion-ecologica-impulsa-el-control-de-la-contaminacion-atmosferica-en-la-agricultura-y-ganaderia","status":"publish","type":"post","link":"https:\/\/www.uaga.eus\/eu\/el-ministerio-para-la-transicion-ecologica-impulsa-el-control-de-la-contaminacion-atmosferica-en-la-agricultura-y-ganaderia\/","title":{"rendered":"El Ministerio para la Transici\u00f3n Ecol\u00f3gica impulsa el control de la contaminaci\u00f3n atmosf\u00e9rica en la agricultura y ganader\u00eda\u00a0"},"content":{"rendered":"<p>En 2019 se aprob\u00f3 el primer Programa Nacional de Control de la Contaminaci\u00f3n Atmosf\u00e9rica (PNCCA), instrumento por el cual los Estados Miembros de la UE deben garantizar que se cumplen los compromisos de reducci\u00f3n para 2020 y 2030 de emisiones a la atm\u00f3sfera de SO2, NOx, NH3, part\u00edculas PM2,5 y COVNM.<\/p>\n<p>De cara a la concienciaci\u00f3n y sensibilizaci\u00f3n ciudadana sobre la reducci\u00f3n de emisiones y su repercusi\u00f3n en la calidad del aire y en la salud humana, el Ministerio para la Transici\u00f3n Ecol\u00f3gica ha publicado unas fichas informativas sobre el control de la contaminaci\u00f3n atmosf\u00e9rica con el objetivo de fomentar h\u00e1bitos y pr\u00e1cticas m\u00e1s saludables y ambientalmente sostenibles en seis sectores prioritarios:<br \/>\n\u2022\u00a0\u00a0 \u00a0<a href=\"https:\/\/mcusercontent.com\/498b950ccfc4b8d0e600d7e48\/files\/397cb77e-b68e-4dd6-bb26-fb78a882b696\/Ficha_CCA_Agricultura.pdf\" target=\"_blank\" rel=\"noopener\" data-cke-saved-href=\"https:\/\/mcusercontent.com\/498b950ccfc4b8d0e600d7e48\/files\/397cb77e-b68e-4dd6-bb26-fb78a882b696\/Ficha_CCA_Agricultura.pdf\">Agricultura<\/a><br \/>\n\u2022\u00a0\u00a0 \u00a0<a href=\"https:\/\/mcusercontent.com\/498b950ccfc4b8d0e600d7e48\/files\/bee45102-e3f3-4399-b2cd-8cc996ad2ed1\/Ficha_CCA_ganader\u00eda.pdf\" target=\"_blank\" rel=\"noopener\" data-cke-saved-href=\"https:\/\/mcusercontent.com\/498b950ccfc4b8d0e600d7e48\/files\/bee45102-e3f3-4399-b2cd-8cc996ad2ed1\/Ficha_CCA_ganader\u00eda.pdf\">Ganader\u00eda<\/a><br \/>\n\u2022\u00a0\u00a0 \u00a0<a href=\"https:\/\/mcusercontent.com\/498b950ccfc4b8d0e600d7e48\/files\/bd118b78-c9fc-4f86-a8a2-781ef0d82be7\/Ficha_CCA_Residuos.pdf\" target=\"_blank\" rel=\"noopener\" data-cke-saved-href=\"https:\/\/mcusercontent.com\/498b950ccfc4b8d0e600d7e48\/files\/bd118b78-c9fc-4f86-a8a2-781ef0d82be7\/Ficha_CCA_Residuos.pdf\">Residuos<\/a><br \/>\n\u2022\u00a0\u00a0 \u00a0<a href=\"https:\/\/mcusercontent.com\/498b950ccfc4b8d0e600d7e48\/files\/b2ccc3b6-6edc-4fdc-9918-c24858e55026\/Ficha_CCA_disolventes_y_pinturas.pdf\" target=\"_blank\" rel=\"noopener\" data-cke-saved-href=\"https:\/\/mcusercontent.com\/498b950ccfc4b8d0e600d7e48\/files\/b2ccc3b6-6edc-4fdc-9918-c24858e55026\/Ficha_CCA_disolventes_y_pinturas.pdf\">Uso dom\u00e9stico de disolventes y pinturas<\/a><br \/>\n\u2022\u00a0\u00a0 \u00a0<a href=\"https:\/\/mcusercontent.com\/498b950ccfc4b8d0e600d7e48\/files\/8a5d35ca-cc38-4a25-8846-8bfcfc72d2fa\/Ficha_CCA_transporte.pdf\" target=\"_blank\" rel=\"noopener\" data-cke-saved-href=\"https:\/\/mcusercontent.com\/498b950ccfc4b8d0e600d7e48\/files\/8a5d35ca-cc38-4a25-8846-8bfcfc72d2fa\/Ficha_CCA_transporte.pdf\">Transporte<\/a><br \/>\n\u2022\u00a0\u00a0 \u00a0<a href=\"https:\/\/mcusercontent.com\/498b950ccfc4b8d0e600d7e48\/files\/d84f5f8d-4961-47a1-856d-87ea8710e776\/Ficha_CCA_residencial.pdf\" target=\"_blank\" rel=\"noopener\" data-cke-saved-href=\"https:\/\/mcusercontent.com\/498b950ccfc4b8d0e600d7e48\/files\/d84f5f8d-4961-47a1-856d-87ea8710e776\/Ficha_CCA_residencial.pdf\">Sector residencial<\/a><\/p>\n<p>Puedes consultar las fichas de recomendaciones en los enlaces de cada sector.<\/p>\n<p>+INFO SUGOI: 675 707 696<\/p>\n","protected":false},"excerpt":{"rendered":"<p>En 2019 se aprob\u00f3 el primer Programa Nacional de Control de la Contaminaci\u00f3n Atmosf\u00e9rica (PNCCA), instrumento por el cual los Estados Miembros de la UE deben garantizar que se cumplen los compromisos de reducci\u00f3n para 2020 y 2030 de emisiones a la atm\u00f3sfera de SO2, NOx, NH3, part\u00edculas PM2,5 y COVNM. De cara a la [&hellip;]<\/p>\n","protected":false},"author":4,"featured_media":7446,"comment_status":"closed","ping_status":"closed","sticky":false,"template":"","format":"standard","meta":{"footnotes":""},"categories":[7,8,11],"tags":[],"yoast_head":"<!-- This site is optimized with the Yoast SEO plugin v21.5 - https:\/\/yoast.com\/wordpress\/plugins\/seo\/ -->\n<title>El Ministerio para la Transici\u00f3n Ecol\u00f3gica impulsa el control de la contaminaci\u00f3n atmosf\u00e9rica en la agricultura y ganader\u00eda\u00a0 - UAGA<\/title>\n<meta name=\"robots\" content=\"index, follow, max-snippet:-1, max-image-preview:large, max-video-preview:-1\" \/>\n<link rel=\"canonical\" href=\"https:\/\/www.uaga.eus\/el-ministerio-para-la-transicion-ecologica-impulsa-el-control-de-la-contaminacion-atmosferica-en-la-agricultura-y-ganaderia\/\" \/>\n<meta property=\"og:locale\" content=\"en_US\" \/>\n<meta property=\"og:type\" content=\"article\" \/>\n<meta property=\"og:title\" content=\"El Ministerio para la Transici\u00f3n Ecol\u00f3gica impulsa el control de la contaminaci\u00f3n atmosf\u00e9rica en la agricultura y ganader\u00eda\u00a0 - UAGA\" \/>\n<meta property=\"og:description\" content=\"En 2019 se aprob\u00f3 el primer Programa Nacional de Control de la Contaminaci\u00f3n Atmosf\u00e9rica (PNCCA), instrumento por el cual los Estados Miembros de la UE deben garantizar que se cumplen los compromisos de reducci\u00f3n para 2020 y 2030 de emisiones a la atm\u00f3sfera de SO2, NOx, NH3, part\u00edculas PM2,5 y COVNM. De cara a la [&hellip;]\" \/>\n<meta property=\"og:url\" content=\"https:\/\/www.uaga.eus\/el-ministerio-para-la-transicion-ecologica-impulsa-el-control-de-la-contaminacion-atmosferica-en-la-agricultura-y-ganaderia\/\" \/>\n<meta property=\"og:site_name\" content=\"UAGA\" \/>\n<meta property=\"article:published_time\" content=\"2020-11-27T11:54:19+00:00\" \/>\n<meta property=\"og:image\" content=\"https:\/\/www.uaga.eus\/wp-content\/uploads\/2020\/05\/tractor-con-hierba-e1589455860590.jpg\" \/>\n\t<meta property=\"og:image:width\" content=\"700\" \/>\n\t<meta property=\"og:image:height\" content=\"359\" \/>\n\t<meta property=\"og:image:type\" content=\"image\/jpeg\" \/>\n<meta name=\"author\" content=\"Blanca S\u00e1nchez\" \/>\n<meta name=\"twitter:card\" content=\"summary_large_image\" \/>\n<meta name=\"twitter:label1\" content=\"Written by\" \/>\n\t<meta name=\"twitter:data1\" content=\"Blanca S\u00e1nchez\" \/>\n\t<meta name=\"twitter:label2\" content=\"Est. reading time\" \/>\n\t<meta name=\"twitter:data2\" content=\"1 minutua\" \/>\n<script type=\"application\/ld+json\" class=\"yoast-schema-graph\">{\"@context\":\"https:\/\/schema.org\",\"@graph\":[{\"@type\":\"WebPage\",\"@id\":\"https:\/\/www.uaga.eus\/el-ministerio-para-la-transicion-ecologica-impulsa-el-control-de-la-contaminacion-atmosferica-en-la-agricultura-y-ganaderia\/\",\"url\":\"https:\/\/www.uaga.eus\/el-ministerio-para-la-transicion-ecologica-impulsa-el-control-de-la-contaminacion-atmosferica-en-la-agricultura-y-ganaderia\/\",\"name\":\"El Ministerio para la Transici\u00f3n Ecol\u00f3gica impulsa el control de la contaminaci\u00f3n atmosf\u00e9rica en la agricultura y ganader\u00eda\u00a0 - UAGA\",\"isPartOf\":{\"@id\":\"https:\/\/www.uaga.eus\/#website\"},\"datePublished\":\"2020-11-27T11:54:19+00:00\",\"dateModified\":\"2020-11-27T11:54:19+00:00\",\"author\":{\"@id\":\"https:\/\/www.uaga.eus\/#\/schema\/person\/48c3cbf0f33d1b788226dbb6518689cf\"},\"breadcrumb\":{\"@id\":\"https:\/\/www.uaga.eus\/el-ministerio-para-la-transicion-ecologica-impulsa-el-control-de-la-contaminacion-atmosferica-en-la-agricultura-y-ganaderia\/#breadcrumb\"},\"inLanguage\":\"eu\",\"potentialAction\":[{\"@type\":\"ReadAction\",\"target\":[\"https:\/\/www.uaga.eus\/el-ministerio-para-la-transicion-ecologica-impulsa-el-control-de-la-contaminacion-atmosferica-en-la-agricultura-y-ganaderia\/\"]}]},{\"@type\":\"BreadcrumbList\",\"@id\":\"https:\/\/www.uaga.eus\/el-ministerio-para-la-transicion-ecologica-impulsa-el-control-de-la-contaminacion-atmosferica-en-la-agricultura-y-ganaderia\/#breadcrumb\",\"itemListElement\":[{\"@type\":\"ListItem\",\"position\":1,\"name\":\"Inicio\",\"item\":\"https:\/\/www.uaga.eus\/\"},{\"@type\":\"ListItem\",\"position\":2,\"name\":\"El Ministerio para la Transici\u00f3n Ecol\u00f3gica impulsa el control de la contaminaci\u00f3n atmosf\u00e9rica en la agricultura y ganader\u00eda\u00a0\"}]},{\"@type\":\"WebSite\",\"@id\":\"https:\/\/www.uaga.eus\/#website\",\"url\":\"https:\/\/www.uaga.eus\/\",\"name\":\"UAGA\",\"description\":\"Uni\u00f3n Agroganadera de \u00c1lava - Araba Nekazarien Elkartea\",\"potentialAction\":[{\"@type\":\"SearchAction\",\"target\":{\"@type\":\"EntryPoint\",\"urlTemplate\":\"https:\/\/www.uaga.eus\/?s={search_term_string}\"},\"query-input\":\"required name=search_term_string\"}],\"inLanguage\":\"eu\"},{\"@type\":\"Person\",\"@id\":\"https:\/\/www.uaga.eus\/#\/schema\/person\/48c3cbf0f33d1b788226dbb6518689cf\",\"name\":\"Blanca S\u00e1nchez\",\"image\":{\"@type\":\"ImageObject\",\"inLanguage\":\"eu\",\"@id\":\"https:\/\/www.uaga.eus\/#\/schema\/person\/image\/\",\"url\":\"https:\/\/secure.gravatar.com\/avatar\/0dc91c20648254b1ce84877283f6751b?s=96&d=mm&r=g\",\"contentUrl\":\"https:\/\/secure.gravatar.com\/avatar\/0dc91c20648254b1ce84877283f6751b?s=96&d=mm&r=g\",\"caption\":\"Blanca S\u00e1nchez\"},\"url\":\"https:\/\/www.uaga.eus\/eu\/author\/bsanchez\/\"}]}<\/script>\n<!-- \/ Yoast SEO plugin. -->","yoast_head_json":{"title":"El Ministerio para la Transici\u00f3n Ecol\u00f3gica impulsa el control de la contaminaci\u00f3n atmosf\u00e9rica en la agricultura y ganader\u00eda\u00a0 - UAGA","robots":{"index":"index","follow":"follow","max-snippet":"max-snippet:-1","max-image-preview":"max-image-preview:large","max-video-preview":"max-video-preview:-1"},"canonical":"https:\/\/www.uaga.eus\/el-ministerio-para-la-transicion-ecologica-impulsa-el-control-de-la-contaminacion-atmosferica-en-la-agricultura-y-ganaderia\/","og_locale":"en_US","og_type":"article","og_title":"El Ministerio para la Transici\u00f3n Ecol\u00f3gica impulsa el control de la contaminaci\u00f3n atmosf\u00e9rica en la agricultura y ganader\u00eda\u00a0 - UAGA","og_description":"En 2019 se aprob\u00f3 el primer Programa Nacional de Control de la Contaminaci\u00f3n Atmosf\u00e9rica (PNCCA), instrumento por el cual los Estados Miembros de la UE deben garantizar que se cumplen los compromisos de reducci\u00f3n para 2020 y 2030 de emisiones a la atm\u00f3sfera de SO2, NOx, NH3, part\u00edculas PM2,5 y COVNM. De cara a la [&hellip;]","og_url":"https:\/\/www.uaga.eus\/el-ministerio-para-la-transicion-ecologica-impulsa-el-control-de-la-contaminacion-atmosferica-en-la-agricultura-y-ganaderia\/","og_site_name":"UAGA","article_published_time":"2020-11-27T11:54:19+00:00","og_image":[{"width":700,"height":359,"url":"https:\/\/www.uaga.eus\/wp-content\/uploads\/2020\/05\/tractor-con-hierba-e1589455860590.jpg","type":"image\/jpeg"}],"author":"Blanca S\u00e1nchez","twitter_card":"summary_large_image","twitter_misc":{"Written by":"Blanca S\u00e1nchez","Est. reading time":"1 minutua"},"schema":{"@context":"https:\/\/schema.org","@graph":[{"@type":"WebPage","@id":"https:\/\/www.uaga.eus\/el-ministerio-para-la-transicion-ecologica-impulsa-el-control-de-la-contaminacion-atmosferica-en-la-agricultura-y-ganaderia\/","url":"https:\/\/www.uaga.eus\/el-ministerio-para-la-transicion-ecologica-impulsa-el-control-de-la-contaminacion-atmosferica-en-la-agricultura-y-ganaderia\/","name":"El Ministerio para la Transici\u00f3n Ecol\u00f3gica impulsa el control de la contaminaci\u00f3n atmosf\u00e9rica en la agricultura y ganader\u00eda\u00a0 - UAGA","isPartOf":{"@id":"https:\/\/www.uaga.eus\/#website"},"datePublished":"2020-11-27T11:54:19+00:00","dateModified":"2020-11-27T11:54:19+00:00","author":{"@id":"https:\/\/www.uaga.eus\/#\/schema\/person\/48c3cbf0f33d1b788226dbb6518689cf"},"breadcrumb":{"@id":"https:\/\/www.uaga.eus\/el-ministerio-para-la-transicion-ecologica-impulsa-el-control-de-la-contaminacion-atmosferica-en-la-agricultura-y-ganaderia\/#breadcrumb"},"inLanguage":"eu","potentialAction":[{"@type":"ReadAction","target":["https:\/\/www.uaga.eus\/el-ministerio-para-la-transicion-ecologica-impulsa-el-control-de-la-contaminacion-atmosferica-en-la-agricultura-y-ganaderia\/"]}]},{"@type":"BreadcrumbList","@id":"https:\/\/www.uaga.eus\/el-ministerio-para-la-transicion-ecologica-impulsa-el-control-de-la-contaminacion-atmosferica-en-la-agricultura-y-ganaderia\/#breadcrumb","itemListElement":[{"@type":"ListItem","position":1,"name":"Inicio","item":"https:\/\/www.uaga.eus\/"},{"@type":"ListItem","position":2,"name":"El Ministerio para la Transici\u00f3n Ecol\u00f3gica impulsa el control de la contaminaci\u00f3n atmosf\u00e9rica en la agricultura y ganader\u00eda\u00a0"}]},{"@type":"WebSite","@id":"https:\/\/www.uaga.eus\/#website","url":"https:\/\/www.uaga.eus\/","name":"UAGA","description":"Uni\u00f3n Agroganadera de \u00c1lava - Araba Nekazarien Elkartea","potentialAction":[{"@type":"SearchAction","target":{"@type":"EntryPoint","urlTemplate":"https:\/\/www.uaga.eus\/?s={search_term_string}"},"query-input":"required name=search_term_string"}],"inLanguage":"eu"},{"@type":"Person","@id":"https:\/\/www.uaga.eus\/#\/schema\/person\/48c3cbf0f33d1b788226dbb6518689cf","name":"Blanca S\u00e1nchez","image":{"@type":"ImageObject","inLanguage":"eu","@id":"https:\/\/www.uaga.eus\/#\/schema\/person\/image\/","url":"https:\/\/secure.gravatar.com\/avatar\/0dc91c20648254b1ce84877283f6751b?s=96&d=mm&r=g","contentUrl":"https:\/\/secure.gravatar.com\/avatar\/0dc91c20648254b1ce84877283f6751b?s=96&d=mm&r=g","caption":"Blanca S\u00e1nchez"},"url":"https:\/\/www.uaga.eus\/eu\/author\/bsanchez\/"}]}},"_links":{"self":[{"href":"https:\/\/www.uaga.eus\/eu\/wp-json\/wp\/v2\/posts\/8286"}],"collection":[{"href":"https:\/\/www.uaga.eus\/eu\/wp-json\/wp\/v2\/posts"}],"about":[{"href":"https:\/\/www.uaga.eus\/eu\/wp-json\/wp\/v2\/types\/post"}],"author":[{"embeddable":true,"href":"https:\/\/www.uaga.eus\/eu\/wp-json\/wp\/v2\/users\/4"}],"replies":[{"embeddable":true,"href":"https:\/\/www.uaga.eus\/eu\/wp-json\/wp\/v2\/comments?post=8286"}],"version-history":[{"count":1,"href":"https:\/\/www.uaga.eus\/eu\/wp-json\/wp\/v2\/posts\/8286\/revisions"}],"predecessor-version":[{"id":8287,"href":"https:\/\/www.uaga.eus\/eu\/wp-json\/wp\/v2\/posts\/8286\/revisions\/8287"}],"wp:featuredmedia":[{"embeddable":true,"href":"https:\/\/www.uaga.eus\/eu\/wp-json\/wp\/v2\/media\/7446"}],"wp:attachment":[{"href":"https:\/\/www.uaga.eus\/eu\/wp-json\/wp\/v2\/media?parent=8286"}],"wp:term":[{"taxonomy":"category","embeddable":true,"href":"https:\/\/www.uaga.eus\/eu\/wp-json\/wp\/v2\/categories?post=8286"},{"taxonomy":"post_tag","embeddable":true,"href":"https:\/\/www.uaga.eus\/eu\/wp-json\/wp\/v2\/tags?post=8286"}],"curies":[{"name":"wp","href":"https:\/\/api.w.org\/{rel}","templated":true}]}}