{"id":8282,"date":"2020-11-27T11:53:05","date_gmt":"2020-11-27T11:53:05","guid":{"rendered":"https:\/\/www.uaga.eus\/?p=8282"},"modified":"2020-11-30T11:48:39","modified_gmt":"2020-11-30T11:48:39","slug":"1-y-3-de-diciembre-jornadas-online-sobre-practicas-sostenibles-en-vinedo-manejo-del-suelo-y-cubiertas-vegetales","status":"publish","type":"post","link":"https:\/\/www.uaga.eus\/eu\/1-y-3-de-diciembre-jornadas-online-sobre-practicas-sostenibles-en-vinedo-manejo-del-suelo-y-cubiertas-vegetales\/","title":{"rendered":"1 y 3 de diciembre, jornadas online sobre pr\u00e1cticas sostenibles en vi\u00f1edo: manejo del suelo y cubiertas vegetales\u00a0"},"content":{"rendered":"<p>Los pr\u00f3ximos 1 y 3 de diciembre se van a celebrar dos charlas virtuales sobre manejo sostenible del suelo en vi\u00f1edo y cubiertas vegetales. Las jornadas han sido organizadas por HAZI, con la colaboraci\u00f3n de UAGA, Neiker y ABRA y se enmarcan dentro de las acciones formativas propuestas en el proyecto de innovaci\u00f3n VITISOS para el fomento de una viticultura medioambientalmente sostenible en Rioja Alavesa que lidera UAGA.<\/p>\n<p>El 1 de diciembre se mostrar\u00e1n experiencias sobre la influencia de las cubiertas vegetales en vi\u00f1edo mientras que en la jornada del 3 de diciembre se tratar\u00e1n cuestiones relacionadas con el suelo, como son la fertilizaci\u00f3n, biodiversidad y microbiolog\u00eda.<\/p>\n<p>Puedes consultar el <a href=\"https:\/\/fpe.hazi.eus\/datos\/files\/cursos\/631635456_4.pdf\" data-cke-saved-href=\"https:\/\/fpe.hazi.eus\/datos\/files\/cursos\/631635456_4.pdf\">programa completo<\/a> e inscribirte en el siguiente <a href=\"https:\/\/bit.ly\/2HGD2Oo\" data-cke-saved-href=\"https:\/\/bit.ly\/2HGD2Oo\">enlace<\/a>.<\/p>\n<p>+INFO SUGOI: 675 705 696<\/p>","protected":false},"excerpt":{"rendered":"<p>Los pr\u00f3ximos 1 y 3 de diciembre se van a celebrar dos charlas virtuales sobre manejo sostenible del suelo en vi\u00f1edo y cubiertas vegetales. Las jornadas han sido organizadas por HAZI, con la colaboraci\u00f3n de UAGA, Neiker y ABRA y se enmarcan dentro de las acciones formativas propuestas en el proyecto de innovaci\u00f3n VITISOS para [&hellip;]<\/p>\n","protected":false},"author":4,"featured_media":7668,"comment_status":"closed","ping_status":"closed","sticky":false,"template":"","format":"standard","meta":{"footnotes":""},"categories":[7,66,31],"tags":[],"yoast_head":"<!-- This site is optimized with the Yoast SEO plugin v21.5 - https:\/\/yoast.com\/wordpress\/plugins\/seo\/ -->\n<title>1 y 3 de diciembre, jornadas online sobre pr\u00e1cticas sostenibles en vi\u00f1edo: manejo del suelo y cubiertas vegetales\u00a0 - UAGA<\/title>\n<meta name=\"robots\" content=\"index, follow, max-snippet:-1, max-image-preview:large, max-video-preview:-1\" \/>\n<link rel=\"canonical\" href=\"https:\/\/www.uaga.eus\/1-y-3-de-diciembre-jornadas-online-sobre-practicas-sostenibles-en-vinedo-manejo-del-suelo-y-cubiertas-vegetales\/\" \/>\n<meta property=\"og:locale\" content=\"en_US\" \/>\n<meta property=\"og:type\" content=\"article\" \/>\n<meta property=\"og:title\" content=\"1 y 3 de diciembre, jornadas online sobre pr\u00e1cticas sostenibles en vi\u00f1edo: manejo del suelo y cubiertas vegetales\u00a0 - UAGA\" \/>\n<meta property=\"og:description\" content=\"Los pr\u00f3ximos 1 y 3 de diciembre se van a celebrar dos charlas virtuales sobre manejo sostenible del suelo en vi\u00f1edo y cubiertas vegetales. Las jornadas han sido organizadas por HAZI, con la colaboraci\u00f3n de UAGA, Neiker y ABRA y se enmarcan dentro de las acciones formativas propuestas en el proyecto de innovaci\u00f3n VITISOS para [&hellip;]\" \/>\n<meta property=\"og:url\" content=\"https:\/\/www.uaga.eus\/1-y-3-de-diciembre-jornadas-online-sobre-practicas-sostenibles-en-vinedo-manejo-del-suelo-y-cubiertas-vegetales\/\" \/>\n<meta property=\"og:site_name\" content=\"UAGA\" \/>\n<meta property=\"article:published_time\" content=\"2020-11-27T11:53:05+00:00\" \/>\n<meta property=\"article:modified_time\" content=\"2020-11-30T11:48:39+00:00\" \/>\n<meta property=\"og:image\" content=\"https:\/\/www.uaga.eus\/wp-content\/uploads\/2020\/06\/65ae379d-81ff-4fcc-9b1e-428e8da2b313.jpg\" \/>\n\t<meta property=\"og:image:width\" content=\"653\" \/>\n\t<meta property=\"og:image:height\" content=\"343\" \/>\n\t<meta property=\"og:image:type\" content=\"image\/jpeg\" \/>\n<meta name=\"author\" content=\"Blanca S\u00e1nchez\" \/>\n<meta name=\"twitter:card\" content=\"summary_large_image\" \/>\n<meta name=\"twitter:label1\" content=\"Written by\" \/>\n\t<meta name=\"twitter:data1\" content=\"Blanca S\u00e1nchez\" \/>\n\t<meta name=\"twitter:label2\" content=\"Est. reading time\" \/>\n\t<meta name=\"twitter:data2\" content=\"1 minutua\" \/>\n<script type=\"application\/ld+json\" class=\"yoast-schema-graph\">{\"@context\":\"https:\/\/schema.org\",\"@graph\":[{\"@type\":\"WebPage\",\"@id\":\"https:\/\/www.uaga.eus\/1-y-3-de-diciembre-jornadas-online-sobre-practicas-sostenibles-en-vinedo-manejo-del-suelo-y-cubiertas-vegetales\/\",\"url\":\"https:\/\/www.uaga.eus\/1-y-3-de-diciembre-jornadas-online-sobre-practicas-sostenibles-en-vinedo-manejo-del-suelo-y-cubiertas-vegetales\/\",\"name\":\"1 y 3 de diciembre, jornadas online sobre pr\u00e1cticas sostenibles en vi\u00f1edo: manejo del suelo y cubiertas vegetales\u00a0 - UAGA\",\"isPartOf\":{\"@id\":\"https:\/\/www.uaga.eus\/#website\"},\"datePublished\":\"2020-11-27T11:53:05+00:00\",\"dateModified\":\"2020-11-30T11:48:39+00:00\",\"author\":{\"@id\":\"https:\/\/www.uaga.eus\/#\/schema\/person\/48c3cbf0f33d1b788226dbb6518689cf\"},\"breadcrumb\":{\"@id\":\"https:\/\/www.uaga.eus\/1-y-3-de-diciembre-jornadas-online-sobre-practicas-sostenibles-en-vinedo-manejo-del-suelo-y-cubiertas-vegetales\/#breadcrumb\"},\"inLanguage\":\"eu\",\"potentialAction\":[{\"@type\":\"ReadAction\",\"target\":[\"https:\/\/www.uaga.eus\/1-y-3-de-diciembre-jornadas-online-sobre-practicas-sostenibles-en-vinedo-manejo-del-suelo-y-cubiertas-vegetales\/\"]}]},{\"@type\":\"BreadcrumbList\",\"@id\":\"https:\/\/www.uaga.eus\/1-y-3-de-diciembre-jornadas-online-sobre-practicas-sostenibles-en-vinedo-manejo-del-suelo-y-cubiertas-vegetales\/#breadcrumb\",\"itemListElement\":[{\"@type\":\"ListItem\",\"position\":1,\"name\":\"Inicio\",\"item\":\"https:\/\/www.uaga.eus\/\"},{\"@type\":\"ListItem\",\"position\":2,\"name\":\"1 y 3 de diciembre, jornadas online sobre pr\u00e1cticas sostenibles en vi\u00f1edo: manejo del suelo y cubiertas vegetales\u00a0\"}]},{\"@type\":\"WebSite\",\"@id\":\"https:\/\/www.uaga.eus\/#website\",\"url\":\"https:\/\/www.uaga.eus\/\",\"name\":\"UAGA\",\"description\":\"Uni\u00f3n Agroganadera de \u00c1lava - Araba Nekazarien Elkartea\",\"potentialAction\":[{\"@type\":\"SearchAction\",\"target\":{\"@type\":\"EntryPoint\",\"urlTemplate\":\"https:\/\/www.uaga.eus\/?s={search_term_string}\"},\"query-input\":\"required name=search_term_string\"}],\"inLanguage\":\"eu\"},{\"@type\":\"Person\",\"@id\":\"https:\/\/www.uaga.eus\/#\/schema\/person\/48c3cbf0f33d1b788226dbb6518689cf\",\"name\":\"Blanca S\u00e1nchez\",\"image\":{\"@type\":\"ImageObject\",\"inLanguage\":\"eu\",\"@id\":\"https:\/\/www.uaga.eus\/#\/schema\/person\/image\/\",\"url\":\"https:\/\/secure.gravatar.com\/avatar\/0dc91c20648254b1ce84877283f6751b?s=96&d=mm&r=g\",\"contentUrl\":\"https:\/\/secure.gravatar.com\/avatar\/0dc91c20648254b1ce84877283f6751b?s=96&d=mm&r=g\",\"caption\":\"Blanca S\u00e1nchez\"},\"url\":\"https:\/\/www.uaga.eus\/eu\/author\/bsanchez\/\"}]}<\/script>\n<!-- \/ Yoast SEO plugin. -->","yoast_head_json":{"title":"1 y 3 de diciembre, jornadas online sobre pr\u00e1cticas sostenibles en vi\u00f1edo: manejo del suelo y cubiertas vegetales\u00a0 - UAGA","robots":{"index":"index","follow":"follow","max-snippet":"max-snippet:-1","max-image-preview":"max-image-preview:large","max-video-preview":"max-video-preview:-1"},"canonical":"https:\/\/www.uaga.eus\/1-y-3-de-diciembre-jornadas-online-sobre-practicas-sostenibles-en-vinedo-manejo-del-suelo-y-cubiertas-vegetales\/","og_locale":"en_US","og_type":"article","og_title":"1 y 3 de diciembre, jornadas online sobre pr\u00e1cticas sostenibles en vi\u00f1edo: manejo del suelo y cubiertas vegetales\u00a0 - UAGA","og_description":"Los pr\u00f3ximos 1 y 3 de diciembre se van a celebrar dos charlas virtuales sobre manejo sostenible del suelo en vi\u00f1edo y cubiertas vegetales. Las jornadas han sido organizadas por HAZI, con la colaboraci\u00f3n de UAGA, Neiker y ABRA y se enmarcan dentro de las acciones formativas propuestas en el proyecto de innovaci\u00f3n VITISOS para [&hellip;]","og_url":"https:\/\/www.uaga.eus\/1-y-3-de-diciembre-jornadas-online-sobre-practicas-sostenibles-en-vinedo-manejo-del-suelo-y-cubiertas-vegetales\/","og_site_name":"UAGA","article_published_time":"2020-11-27T11:53:05+00:00","article_modified_time":"2020-11-30T11:48:39+00:00","og_image":[{"width":653,"height":343,"url":"https:\/\/www.uaga.eus\/wp-content\/uploads\/2020\/06\/65ae379d-81ff-4fcc-9b1e-428e8da2b313.jpg","type":"image\/jpeg"}],"author":"Blanca S\u00e1nchez","twitter_card":"summary_large_image","twitter_misc":{"Written by":"Blanca S\u00e1nchez","Est. reading time":"1 minutua"},"schema":{"@context":"https:\/\/schema.org","@graph":[{"@type":"WebPage","@id":"https:\/\/www.uaga.eus\/1-y-3-de-diciembre-jornadas-online-sobre-practicas-sostenibles-en-vinedo-manejo-del-suelo-y-cubiertas-vegetales\/","url":"https:\/\/www.uaga.eus\/1-y-3-de-diciembre-jornadas-online-sobre-practicas-sostenibles-en-vinedo-manejo-del-suelo-y-cubiertas-vegetales\/","name":"1 y 3 de diciembre, jornadas online sobre pr\u00e1cticas sostenibles en vi\u00f1edo: manejo del suelo y cubiertas vegetales\u00a0 - UAGA","isPartOf":{"@id":"https:\/\/www.uaga.eus\/#website"},"datePublished":"2020-11-27T11:53:05+00:00","dateModified":"2020-11-30T11:48:39+00:00","author":{"@id":"https:\/\/www.uaga.eus\/#\/schema\/person\/48c3cbf0f33d1b788226dbb6518689cf"},"breadcrumb":{"@id":"https:\/\/www.uaga.eus\/1-y-3-de-diciembre-jornadas-online-sobre-practicas-sostenibles-en-vinedo-manejo-del-suelo-y-cubiertas-vegetales\/#breadcrumb"},"inLanguage":"eu","potentialAction":[{"@type":"ReadAction","target":["https:\/\/www.uaga.eus\/1-y-3-de-diciembre-jornadas-online-sobre-practicas-sostenibles-en-vinedo-manejo-del-suelo-y-cubiertas-vegetales\/"]}]},{"@type":"BreadcrumbList","@id":"https:\/\/www.uaga.eus\/1-y-3-de-diciembre-jornadas-online-sobre-practicas-sostenibles-en-vinedo-manejo-del-suelo-y-cubiertas-vegetales\/#breadcrumb","itemListElement":[{"@type":"ListItem","position":1,"name":"Inicio","item":"https:\/\/www.uaga.eus\/"},{"@type":"ListItem","position":2,"name":"1 y 3 de diciembre, jornadas online sobre pr\u00e1cticas sostenibles en vi\u00f1edo: manejo del suelo y cubiertas vegetales\u00a0"}]},{"@type":"WebSite","@id":"https:\/\/www.uaga.eus\/#website","url":"https:\/\/www.uaga.eus\/","name":"UAGA","description":"Uni\u00f3n Agroganadera de \u00c1lava - Araba Nekazarien Elkartea","potentialAction":[{"@type":"SearchAction","target":{"@type":"EntryPoint","urlTemplate":"https:\/\/www.uaga.eus\/?s={search_term_string}"},"query-input":"required name=search_term_string"}],"inLanguage":"eu"},{"@type":"Person","@id":"https:\/\/www.uaga.eus\/#\/schema\/person\/48c3cbf0f33d1b788226dbb6518689cf","name":"Blanca S\u00e1nchez","image":{"@type":"ImageObject","inLanguage":"eu","@id":"https:\/\/www.uaga.eus\/#\/schema\/person\/image\/","url":"https:\/\/secure.gravatar.com\/avatar\/0dc91c20648254b1ce84877283f6751b?s=96&d=mm&r=g","contentUrl":"https:\/\/secure.gravatar.com\/avatar\/0dc91c20648254b1ce84877283f6751b?s=96&d=mm&r=g","caption":"Blanca S\u00e1nchez"},"url":"https:\/\/www.uaga.eus\/eu\/author\/bsanchez\/"}]}},"_links":{"self":[{"href":"https:\/\/www.uaga.eus\/eu\/wp-json\/wp\/v2\/posts\/8282"}],"collection":[{"href":"https:\/\/www.uaga.eus\/eu\/wp-json\/wp\/v2\/posts"}],"about":[{"href":"https:\/\/www.uaga.eus\/eu\/wp-json\/wp\/v2\/types\/post"}],"author":[{"embeddable":true,"href":"https:\/\/www.uaga.eus\/eu\/wp-json\/wp\/v2\/users\/4"}],"replies":[{"embeddable":true,"href":"https:\/\/www.uaga.eus\/eu\/wp-json\/wp\/v2\/comments?post=8282"}],"version-history":[{"count":2,"href":"https:\/\/www.uaga.eus\/eu\/wp-json\/wp\/v2\/posts\/8282\/revisions"}],"predecessor-version":[{"id":8317,"href":"https:\/\/www.uaga.eus\/eu\/wp-json\/wp\/v2\/posts\/8282\/revisions\/8317"}],"wp:featuredmedia":[{"embeddable":true,"href":"https:\/\/www.uaga.eus\/eu\/wp-json\/wp\/v2\/media\/7668"}],"wp:attachment":[{"href":"https:\/\/www.uaga.eus\/eu\/wp-json\/wp\/v2\/media?parent=8282"}],"wp:term":[{"taxonomy":"category","embeddable":true,"href":"https:\/\/www.uaga.eus\/eu\/wp-json\/wp\/v2\/categories?post=8282"},{"taxonomy":"post_tag","embeddable":true,"href":"https:\/\/www.uaga.eus\/eu\/wp-json\/wp\/v2\/tags?post=8282"}],"curies":[{"name":"wp","href":"https:\/\/api.w.org\/{rel}","templated":true}]}}