{"id":8270,"date":"2020-11-20T12:49:23","date_gmt":"2020-11-20T12:49:23","guid":{"rendered":"https:\/\/www.uaga.eus\/?p=8270"},"modified":"2020-11-20T12:49:23","modified_gmt":"2020-11-20T12:49:23","slug":"uaga-participa-en-la-reunion-sectorial-de-vacuno-carne-organizada-por-coag","status":"publish","type":"post","link":"https:\/\/www.uaga.eus\/eu\/uaga-participa-en-la-reunion-sectorial-de-vacuno-carne-organizada-por-coag\/","title":{"rendered":"UAGA participa en la reuni\u00f3n sectorial de vacuno carne organizada por COAG\u00a0"},"content":{"rendered":"<p>UAGA ha participado esta semana en la reuni\u00f3n del sector de vacuno de carne convocada por COAG, en la que se contrast\u00f3 la situaci\u00f3n de los diferentes territorios.<\/p>\n<p>Actualmente el mercado de venta de cebo est\u00e1 notando cierto alivio al existir un ligero aumento de las exportaciones. No obstante, el mercado de terneros pasteros est\u00e1 paralizado, con precios a la baja ya que, pese a que los cebaderos tienen capacidad para meter animales, no se est\u00e1 produciendo.<\/p>\n<p>Entre las reflexiones m\u00e1s destacables estuvo la relativa a la debilidad del sector, motivada por una fuerte orientaci\u00f3n a la exportaci\u00f3n a algunos pa\u00edses inestables que, en caso de cierre de mercado, afectar\u00eda al mercado interior. Por ello, se deber\u00edan potenciar herramientas como las marcas de calidad y los planes de viabilidad que tuvieran en cuenta la demanda del mercado con anterioridad al inicio de actividad de cebo.<\/p>\n<p>Asimismo, se valor\u00f3 la actividad de la Organizaci\u00f3n Interprofesional de Vacuno de Carne, PROVACUNO, en la que participa COAG, al igual que el resto de organizaciones profesionales agrarias y los agentes del sector de la producci\u00f3n, transformaci\u00f3n y comercializaci\u00f3n.<\/p>\n<p>+INFO GUSTAVO: 635 704 865<\/p>\n","protected":false},"excerpt":{"rendered":"<p>UAGA ha participado esta semana en la reuni\u00f3n del sector de vacuno de carne convocada por COAG, en la que se contrast\u00f3 la situaci\u00f3n de los diferentes territorios. Actualmente el mercado de venta de cebo est\u00e1 notando cierto alivio al existir un ligero aumento de las exportaciones. No obstante, el mercado de terneros pasteros est\u00e1 [&hellip;]<\/p>\n","protected":false},"author":4,"featured_media":7815,"comment_status":"closed","ping_status":"closed","sticky":false,"template":"","format":"standard","meta":{"footnotes":""},"categories":[8,3],"tags":[],"yoast_head":"<!-- This site is optimized with the Yoast SEO plugin v21.5 - https:\/\/yoast.com\/wordpress\/plugins\/seo\/ -->\n<title>UAGA participa en la reuni\u00f3n sectorial de vacuno carne organizada por COAG\u00a0 - UAGA<\/title>\n<meta name=\"robots\" content=\"index, follow, max-snippet:-1, max-image-preview:large, max-video-preview:-1\" \/>\n<link rel=\"canonical\" href=\"https:\/\/www.uaga.eus\/eu\/uaga-participa-en-la-reunion-sectorial-de-vacuno-carne-organizada-por-coag\/\" \/>\n<meta property=\"og:locale\" content=\"en_US\" \/>\n<meta property=\"og:type\" content=\"article\" \/>\n<meta property=\"og:title\" content=\"UAGA participa en la reuni\u00f3n sectorial de vacuno carne organizada por COAG\u00a0 - UAGA\" \/>\n<meta property=\"og:description\" content=\"UAGA ha participado esta semana en la reuni\u00f3n del sector de vacuno de carne convocada por COAG, en la que se contrast\u00f3 la situaci\u00f3n de los diferentes territorios. Actualmente el mercado de venta de cebo est\u00e1 notando cierto alivio al existir un ligero aumento de las exportaciones. No obstante, el mercado de terneros pasteros est\u00e1 [&hellip;]\" \/>\n<meta property=\"og:url\" content=\"https:\/\/www.uaga.eus\/eu\/uaga-participa-en-la-reunion-sectorial-de-vacuno-carne-organizada-por-coag\/\" \/>\n<meta property=\"og:site_name\" content=\"UAGA\" \/>\n<meta property=\"article:published_time\" content=\"2020-11-20T12:49:23+00:00\" \/>\n<meta property=\"og:image\" content=\"https:\/\/www.uaga.eus\/wp-content\/uploads\/2020\/07\/vacas-en-el-monte.jpg\" \/>\n\t<meta property=\"og:image:width\" content=\"650\" \/>\n\t<meta property=\"og:image:height\" content=\"366\" \/>\n\t<meta property=\"og:image:type\" content=\"image\/jpeg\" \/>\n<meta name=\"author\" content=\"Blanca S\u00e1nchez\" \/>\n<meta name=\"twitter:card\" content=\"summary_large_image\" \/>\n<meta name=\"twitter:label1\" content=\"Written by\" \/>\n\t<meta name=\"twitter:data1\" content=\"Blanca S\u00e1nchez\" \/>\n\t<meta name=\"twitter:label2\" content=\"Est. reading time\" \/>\n\t<meta name=\"twitter:data2\" content=\"1 minutua\" \/>\n<script type=\"application\/ld+json\" class=\"yoast-schema-graph\">{\"@context\":\"https:\/\/schema.org\",\"@graph\":[{\"@type\":\"WebPage\",\"@id\":\"https:\/\/www.uaga.eus\/eu\/uaga-participa-en-la-reunion-sectorial-de-vacuno-carne-organizada-por-coag\/\",\"url\":\"https:\/\/www.uaga.eus\/eu\/uaga-participa-en-la-reunion-sectorial-de-vacuno-carne-organizada-por-coag\/\",\"name\":\"UAGA participa en la reuni\u00f3n sectorial de vacuno carne organizada por COAG\u00a0 - UAGA\",\"isPartOf\":{\"@id\":\"https:\/\/www.uaga.eus\/#website\"},\"datePublished\":\"2020-11-20T12:49:23+00:00\",\"dateModified\":\"2020-11-20T12:49:23+00:00\",\"author\":{\"@id\":\"https:\/\/www.uaga.eus\/#\/schema\/person\/48c3cbf0f33d1b788226dbb6518689cf\"},\"breadcrumb\":{\"@id\":\"https:\/\/www.uaga.eus\/eu\/uaga-participa-en-la-reunion-sectorial-de-vacuno-carne-organizada-por-coag\/#breadcrumb\"},\"inLanguage\":\"eu\",\"potentialAction\":[{\"@type\":\"ReadAction\",\"target\":[\"https:\/\/www.uaga.eus\/eu\/uaga-participa-en-la-reunion-sectorial-de-vacuno-carne-organizada-por-coag\/\"]}]},{\"@type\":\"BreadcrumbList\",\"@id\":\"https:\/\/www.uaga.eus\/eu\/uaga-participa-en-la-reunion-sectorial-de-vacuno-carne-organizada-por-coag\/#breadcrumb\",\"itemListElement\":[{\"@type\":\"ListItem\",\"position\":1,\"name\":\"Inicio\",\"item\":\"https:\/\/www.uaga.eus\/\"},{\"@type\":\"ListItem\",\"position\":2,\"name\":\"UAGA participa en la reuni\u00f3n sectorial de vacuno carne organizada por COAG\u00a0\"}]},{\"@type\":\"WebSite\",\"@id\":\"https:\/\/www.uaga.eus\/#website\",\"url\":\"https:\/\/www.uaga.eus\/\",\"name\":\"UAGA\",\"description\":\"Uni\u00f3n Agroganadera de \u00c1lava - Araba Nekazarien Elkartea\",\"potentialAction\":[{\"@type\":\"SearchAction\",\"target\":{\"@type\":\"EntryPoint\",\"urlTemplate\":\"https:\/\/www.uaga.eus\/?s={search_term_string}\"},\"query-input\":\"required name=search_term_string\"}],\"inLanguage\":\"eu\"},{\"@type\":\"Person\",\"@id\":\"https:\/\/www.uaga.eus\/#\/schema\/person\/48c3cbf0f33d1b788226dbb6518689cf\",\"name\":\"Blanca S\u00e1nchez\",\"image\":{\"@type\":\"ImageObject\",\"inLanguage\":\"eu\",\"@id\":\"https:\/\/www.uaga.eus\/#\/schema\/person\/image\/\",\"url\":\"https:\/\/secure.gravatar.com\/avatar\/0dc91c20648254b1ce84877283f6751b?s=96&d=mm&r=g\",\"contentUrl\":\"https:\/\/secure.gravatar.com\/avatar\/0dc91c20648254b1ce84877283f6751b?s=96&d=mm&r=g\",\"caption\":\"Blanca S\u00e1nchez\"},\"url\":\"https:\/\/www.uaga.eus\/eu\/author\/bsanchez\/\"}]}<\/script>\n<!-- \/ Yoast SEO plugin. -->","yoast_head_json":{"title":"UAGA participa en la reuni\u00f3n sectorial de vacuno carne organizada por COAG\u00a0 - UAGA","robots":{"index":"index","follow":"follow","max-snippet":"max-snippet:-1","max-image-preview":"max-image-preview:large","max-video-preview":"max-video-preview:-1"},"canonical":"https:\/\/www.uaga.eus\/eu\/uaga-participa-en-la-reunion-sectorial-de-vacuno-carne-organizada-por-coag\/","og_locale":"en_US","og_type":"article","og_title":"UAGA participa en la reuni\u00f3n sectorial de vacuno carne organizada por COAG\u00a0 - UAGA","og_description":"UAGA ha participado esta semana en la reuni\u00f3n del sector de vacuno de carne convocada por COAG, en la que se contrast\u00f3 la situaci\u00f3n de los diferentes territorios. Actualmente el mercado de venta de cebo est\u00e1 notando cierto alivio al existir un ligero aumento de las exportaciones. No obstante, el mercado de terneros pasteros est\u00e1 [&hellip;]","og_url":"https:\/\/www.uaga.eus\/eu\/uaga-participa-en-la-reunion-sectorial-de-vacuno-carne-organizada-por-coag\/","og_site_name":"UAGA","article_published_time":"2020-11-20T12:49:23+00:00","og_image":[{"width":650,"height":366,"url":"https:\/\/www.uaga.eus\/wp-content\/uploads\/2020\/07\/vacas-en-el-monte.jpg","type":"image\/jpeg"}],"author":"Blanca S\u00e1nchez","twitter_card":"summary_large_image","twitter_misc":{"Written by":"Blanca S\u00e1nchez","Est. reading time":"1 minutua"},"schema":{"@context":"https:\/\/schema.org","@graph":[{"@type":"WebPage","@id":"https:\/\/www.uaga.eus\/eu\/uaga-participa-en-la-reunion-sectorial-de-vacuno-carne-organizada-por-coag\/","url":"https:\/\/www.uaga.eus\/eu\/uaga-participa-en-la-reunion-sectorial-de-vacuno-carne-organizada-por-coag\/","name":"UAGA participa en la reuni\u00f3n sectorial de vacuno carne organizada por COAG\u00a0 - UAGA","isPartOf":{"@id":"https:\/\/www.uaga.eus\/#website"},"datePublished":"2020-11-20T12:49:23+00:00","dateModified":"2020-11-20T12:49:23+00:00","author":{"@id":"https:\/\/www.uaga.eus\/#\/schema\/person\/48c3cbf0f33d1b788226dbb6518689cf"},"breadcrumb":{"@id":"https:\/\/www.uaga.eus\/eu\/uaga-participa-en-la-reunion-sectorial-de-vacuno-carne-organizada-por-coag\/#breadcrumb"},"inLanguage":"eu","potentialAction":[{"@type":"ReadAction","target":["https:\/\/www.uaga.eus\/eu\/uaga-participa-en-la-reunion-sectorial-de-vacuno-carne-organizada-por-coag\/"]}]},{"@type":"BreadcrumbList","@id":"https:\/\/www.uaga.eus\/eu\/uaga-participa-en-la-reunion-sectorial-de-vacuno-carne-organizada-por-coag\/#breadcrumb","itemListElement":[{"@type":"ListItem","position":1,"name":"Inicio","item":"https:\/\/www.uaga.eus\/"},{"@type":"ListItem","position":2,"name":"UAGA participa en la reuni\u00f3n sectorial de vacuno carne organizada por COAG\u00a0"}]},{"@type":"WebSite","@id":"https:\/\/www.uaga.eus\/#website","url":"https:\/\/www.uaga.eus\/","name":"UAGA","description":"Uni\u00f3n Agroganadera de \u00c1lava - Araba Nekazarien Elkartea","potentialAction":[{"@type":"SearchAction","target":{"@type":"EntryPoint","urlTemplate":"https:\/\/www.uaga.eus\/?s={search_term_string}"},"query-input":"required name=search_term_string"}],"inLanguage":"eu"},{"@type":"Person","@id":"https:\/\/www.uaga.eus\/#\/schema\/person\/48c3cbf0f33d1b788226dbb6518689cf","name":"Blanca S\u00e1nchez","image":{"@type":"ImageObject","inLanguage":"eu","@id":"https:\/\/www.uaga.eus\/#\/schema\/person\/image\/","url":"https:\/\/secure.gravatar.com\/avatar\/0dc91c20648254b1ce84877283f6751b?s=96&d=mm&r=g","contentUrl":"https:\/\/secure.gravatar.com\/avatar\/0dc91c20648254b1ce84877283f6751b?s=96&d=mm&r=g","caption":"Blanca S\u00e1nchez"},"url":"https:\/\/www.uaga.eus\/eu\/author\/bsanchez\/"}]}},"_links":{"self":[{"href":"https:\/\/www.uaga.eus\/eu\/wp-json\/wp\/v2\/posts\/8270"}],"collection":[{"href":"https:\/\/www.uaga.eus\/eu\/wp-json\/wp\/v2\/posts"}],"about":[{"href":"https:\/\/www.uaga.eus\/eu\/wp-json\/wp\/v2\/types\/post"}],"author":[{"embeddable":true,"href":"https:\/\/www.uaga.eus\/eu\/wp-json\/wp\/v2\/users\/4"}],"replies":[{"embeddable":true,"href":"https:\/\/www.uaga.eus\/eu\/wp-json\/wp\/v2\/comments?post=8270"}],"version-history":[{"count":1,"href":"https:\/\/www.uaga.eus\/eu\/wp-json\/wp\/v2\/posts\/8270\/revisions"}],"predecessor-version":[{"id":8271,"href":"https:\/\/www.uaga.eus\/eu\/wp-json\/wp\/v2\/posts\/8270\/revisions\/8271"}],"wp:featuredmedia":[{"embeddable":true,"href":"https:\/\/www.uaga.eus\/eu\/wp-json\/wp\/v2\/media\/7815"}],"wp:attachment":[{"href":"https:\/\/www.uaga.eus\/eu\/wp-json\/wp\/v2\/media?parent=8270"}],"wp:term":[{"taxonomy":"category","embeddable":true,"href":"https:\/\/www.uaga.eus\/eu\/wp-json\/wp\/v2\/categories?post=8270"},{"taxonomy":"post_tag","embeddable":true,"href":"https:\/\/www.uaga.eus\/eu\/wp-json\/wp\/v2\/tags?post=8270"}],"curies":[{"name":"wp","href":"https:\/\/api.w.org\/{rel}","templated":true}]}}