{"id":8268,"date":"2020-11-20T12:47:47","date_gmt":"2020-11-20T12:47:47","guid":{"rendered":"https:\/\/www.uaga.eus\/?p=8268"},"modified":"2020-11-20T12:48:19","modified_gmt":"2020-11-20T12:48:19","slug":"coag-traslada-al-ministro-de-agricultura-su-propuesta-para-la-aplicacion-de-la-reforma-de-la-pac","status":"publish","type":"post","link":"https:\/\/www.uaga.eus\/eu\/coag-traslada-al-ministro-de-agricultura-su-propuesta-para-la-aplicacion-de-la-reforma-de-la-pac\/","title":{"rendered":"COAG traslada al Ministro de Agricultura su propuesta para la aplicaci\u00f3n de la reforma de la PAC\u00a0"},"content":{"rendered":"<p>COAG, en la que se integra UAGA a nivel estatal, ha trasladado al Ministerio de Agricultura, Pesca y Alimentaci\u00f3n su propuesta consensuada para la aplicaci\u00f3n de la reforma de la PAC mediante el Plan Estrat\u00e9gico de la PAC (PEPAC). Defiende que la agricultura y la alimentaci\u00f3n son elementos estrat\u00e9gicos de la UE, tanto desde el punto de vista econ\u00f3mico como social y ambiental, as\u00ed como para garantizar la seguridad alimentaria, algo que se est\u00e1 demostrando en la pandemia Covid-19.<\/p>\n<p>El documento recoge las propuestas en materia de la Organizaci\u00f3n Com\u00fan de Mercados (OCM) y aplicaci\u00f3n de la PAC mediante el Plan Estrat\u00e9gico, donde se establecen los planteamientos en cuanto a la definici\u00f3n de agricultor genuino, r\u00e9gimen de peque\u00f1os perceptores, ayudas, condicionalidad reforzada o ecoesquemas, entre otros.<\/p>\n<p>Puedes consultar el documento de propuestas de COAG en el siguiente <a href=\"https:\/\/mcusercontent.com\/498b950ccfc4b8d0e600d7e48\/files\/024b7b06-0560-4538-a3c3-69b99675a74d\/Propuesta_COAG_Aplicaci\u00f3n_PAC_PEPAC_DEF.pdf\" target=\"_blank\" rel=\"noopener\" data-cke-saved-href=\"https:\/\/mcusercontent.com\/498b950ccfc4b8d0e600d7e48\/files\/024b7b06-0560-4538-a3c3-69b99675a74d\/Propuesta_COAG_Aplicaci\u00f3n_PAC_PEPAC_DEF.pdf\">enlace<\/a>.<\/p>\n<p>+INFO SUGOI: 675 707 696<\/p>\n","protected":false},"excerpt":{"rendered":"<p>COAG, en la que se integra UAGA a nivel estatal, ha trasladado al Ministerio de Agricultura, Pesca y Alimentaci\u00f3n su propuesta consensuada para la aplicaci\u00f3n de la reforma de la PAC mediante el Plan Estrat\u00e9gico de la PAC (PEPAC). Defiende que la agricultura y la alimentaci\u00f3n son elementos estrat\u00e9gicos de la UE, tanto desde el [&hellip;]<\/p>\n","protected":false},"author":4,"featured_media":2198,"comment_status":"closed","ping_status":"closed","sticky":false,"template":"","format":"standard","meta":{"footnotes":""},"categories":[7,8,3,4],"tags":[],"yoast_head":"<!-- This site is optimized with the Yoast SEO plugin v21.5 - https:\/\/yoast.com\/wordpress\/plugins\/seo\/ -->\n<title>COAG traslada al Ministro de Agricultura su propuesta para la aplicaci\u00f3n de la reforma de la PAC\u00a0 - UAGA<\/title>\n<meta name=\"robots\" content=\"index, follow, max-snippet:-1, max-image-preview:large, max-video-preview:-1\" \/>\n<link rel=\"canonical\" href=\"https:\/\/www.uaga.eus\/eu\/coag-traslada-al-ministro-de-agricultura-su-propuesta-para-la-aplicacion-de-la-reforma-de-la-pac\/\" \/>\n<meta property=\"og:locale\" content=\"en_US\" \/>\n<meta property=\"og:type\" content=\"article\" \/>\n<meta property=\"og:title\" content=\"COAG traslada al Ministro de Agricultura su propuesta para la aplicaci\u00f3n de la reforma de la PAC\u00a0 - UAGA\" \/>\n<meta property=\"og:description\" content=\"COAG, en la que se integra UAGA a nivel estatal, ha trasladado al Ministerio de Agricultura, Pesca y Alimentaci\u00f3n su propuesta consensuada para la aplicaci\u00f3n de la reforma de la PAC mediante el Plan Estrat\u00e9gico de la PAC (PEPAC). Defiende que la agricultura y la alimentaci\u00f3n son elementos estrat\u00e9gicos de la UE, tanto desde el [&hellip;]\" \/>\n<meta property=\"og:url\" content=\"https:\/\/www.uaga.eus\/eu\/coag-traslada-al-ministro-de-agricultura-su-propuesta-para-la-aplicacion-de-la-reforma-de-la-pac\/\" \/>\n<meta property=\"og:site_name\" content=\"UAGA\" \/>\n<meta property=\"article:published_time\" content=\"2020-11-20T12:47:47+00:00\" \/>\n<meta property=\"article:modified_time\" content=\"2020-11-20T12:48:19+00:00\" \/>\n<meta property=\"og:image\" content=\"https:\/\/www.uaga.eus\/wp-content\/uploads\/2018\/03\/girasoles-e1591356290200.jpg\" \/>\n\t<meta property=\"og:image:width\" content=\"693\" \/>\n\t<meta property=\"og:image:height\" content=\"349\" \/>\n\t<meta property=\"og:image:type\" content=\"image\/jpeg\" \/>\n<meta name=\"author\" content=\"Blanca S\u00e1nchez\" \/>\n<meta name=\"twitter:card\" content=\"summary_large_image\" \/>\n<meta name=\"twitter:label1\" content=\"Written by\" \/>\n\t<meta name=\"twitter:data1\" content=\"Blanca S\u00e1nchez\" \/>\n\t<meta name=\"twitter:label2\" content=\"Est. reading time\" \/>\n\t<meta name=\"twitter:data2\" content=\"1 minutua\" \/>\n<script type=\"application\/ld+json\" class=\"yoast-schema-graph\">{\"@context\":\"https:\/\/schema.org\",\"@graph\":[{\"@type\":\"WebPage\",\"@id\":\"https:\/\/www.uaga.eus\/eu\/coag-traslada-al-ministro-de-agricultura-su-propuesta-para-la-aplicacion-de-la-reforma-de-la-pac\/\",\"url\":\"https:\/\/www.uaga.eus\/eu\/coag-traslada-al-ministro-de-agricultura-su-propuesta-para-la-aplicacion-de-la-reforma-de-la-pac\/\",\"name\":\"COAG traslada al Ministro de Agricultura su propuesta para la aplicaci\u00f3n de la reforma de la PAC\u00a0 - UAGA\",\"isPartOf\":{\"@id\":\"https:\/\/www.uaga.eus\/#website\"},\"datePublished\":\"2020-11-20T12:47:47+00:00\",\"dateModified\":\"2020-11-20T12:48:19+00:00\",\"author\":{\"@id\":\"https:\/\/www.uaga.eus\/#\/schema\/person\/48c3cbf0f33d1b788226dbb6518689cf\"},\"breadcrumb\":{\"@id\":\"https:\/\/www.uaga.eus\/eu\/coag-traslada-al-ministro-de-agricultura-su-propuesta-para-la-aplicacion-de-la-reforma-de-la-pac\/#breadcrumb\"},\"inLanguage\":\"eu\",\"potentialAction\":[{\"@type\":\"ReadAction\",\"target\":[\"https:\/\/www.uaga.eus\/eu\/coag-traslada-al-ministro-de-agricultura-su-propuesta-para-la-aplicacion-de-la-reforma-de-la-pac\/\"]}]},{\"@type\":\"BreadcrumbList\",\"@id\":\"https:\/\/www.uaga.eus\/eu\/coag-traslada-al-ministro-de-agricultura-su-propuesta-para-la-aplicacion-de-la-reforma-de-la-pac\/#breadcrumb\",\"itemListElement\":[{\"@type\":\"ListItem\",\"position\":1,\"name\":\"Inicio\",\"item\":\"https:\/\/www.uaga.eus\/\"},{\"@type\":\"ListItem\",\"position\":2,\"name\":\"COAG traslada al Ministro de Agricultura su propuesta para la aplicaci\u00f3n de la reforma de la PAC\u00a0\"}]},{\"@type\":\"WebSite\",\"@id\":\"https:\/\/www.uaga.eus\/#website\",\"url\":\"https:\/\/www.uaga.eus\/\",\"name\":\"UAGA\",\"description\":\"Uni\u00f3n Agroganadera de \u00c1lava - Araba Nekazarien Elkartea\",\"potentialAction\":[{\"@type\":\"SearchAction\",\"target\":{\"@type\":\"EntryPoint\",\"urlTemplate\":\"https:\/\/www.uaga.eus\/?s={search_term_string}\"},\"query-input\":\"required name=search_term_string\"}],\"inLanguage\":\"eu\"},{\"@type\":\"Person\",\"@id\":\"https:\/\/www.uaga.eus\/#\/schema\/person\/48c3cbf0f33d1b788226dbb6518689cf\",\"name\":\"Blanca S\u00e1nchez\",\"image\":{\"@type\":\"ImageObject\",\"inLanguage\":\"eu\",\"@id\":\"https:\/\/www.uaga.eus\/#\/schema\/person\/image\/\",\"url\":\"https:\/\/secure.gravatar.com\/avatar\/0dc91c20648254b1ce84877283f6751b?s=96&d=mm&r=g\",\"contentUrl\":\"https:\/\/secure.gravatar.com\/avatar\/0dc91c20648254b1ce84877283f6751b?s=96&d=mm&r=g\",\"caption\":\"Blanca S\u00e1nchez\"},\"url\":\"https:\/\/www.uaga.eus\/eu\/author\/bsanchez\/\"}]}<\/script>\n<!-- \/ Yoast SEO plugin. -->","yoast_head_json":{"title":"COAG traslada al Ministro de Agricultura su propuesta para la aplicaci\u00f3n de la reforma de la PAC\u00a0 - UAGA","robots":{"index":"index","follow":"follow","max-snippet":"max-snippet:-1","max-image-preview":"max-image-preview:large","max-video-preview":"max-video-preview:-1"},"canonical":"https:\/\/www.uaga.eus\/eu\/coag-traslada-al-ministro-de-agricultura-su-propuesta-para-la-aplicacion-de-la-reforma-de-la-pac\/","og_locale":"en_US","og_type":"article","og_title":"COAG traslada al Ministro de Agricultura su propuesta para la aplicaci\u00f3n de la reforma de la PAC\u00a0 - UAGA","og_description":"COAG, en la que se integra UAGA a nivel estatal, ha trasladado al Ministerio de Agricultura, Pesca y Alimentaci\u00f3n su propuesta consensuada para la aplicaci\u00f3n de la reforma de la PAC mediante el Plan Estrat\u00e9gico de la PAC (PEPAC). Defiende que la agricultura y la alimentaci\u00f3n son elementos estrat\u00e9gicos de la UE, tanto desde el [&hellip;]","og_url":"https:\/\/www.uaga.eus\/eu\/coag-traslada-al-ministro-de-agricultura-su-propuesta-para-la-aplicacion-de-la-reforma-de-la-pac\/","og_site_name":"UAGA","article_published_time":"2020-11-20T12:47:47+00:00","article_modified_time":"2020-11-20T12:48:19+00:00","og_image":[{"width":693,"height":349,"url":"https:\/\/www.uaga.eus\/wp-content\/uploads\/2018\/03\/girasoles-e1591356290200.jpg","type":"image\/jpeg"}],"author":"Blanca S\u00e1nchez","twitter_card":"summary_large_image","twitter_misc":{"Written by":"Blanca S\u00e1nchez","Est. reading time":"1 minutua"},"schema":{"@context":"https:\/\/schema.org","@graph":[{"@type":"WebPage","@id":"https:\/\/www.uaga.eus\/eu\/coag-traslada-al-ministro-de-agricultura-su-propuesta-para-la-aplicacion-de-la-reforma-de-la-pac\/","url":"https:\/\/www.uaga.eus\/eu\/coag-traslada-al-ministro-de-agricultura-su-propuesta-para-la-aplicacion-de-la-reforma-de-la-pac\/","name":"COAG traslada al Ministro de Agricultura su propuesta para la aplicaci\u00f3n de la reforma de la PAC\u00a0 - UAGA","isPartOf":{"@id":"https:\/\/www.uaga.eus\/#website"},"datePublished":"2020-11-20T12:47:47+00:00","dateModified":"2020-11-20T12:48:19+00:00","author":{"@id":"https:\/\/www.uaga.eus\/#\/schema\/person\/48c3cbf0f33d1b788226dbb6518689cf"},"breadcrumb":{"@id":"https:\/\/www.uaga.eus\/eu\/coag-traslada-al-ministro-de-agricultura-su-propuesta-para-la-aplicacion-de-la-reforma-de-la-pac\/#breadcrumb"},"inLanguage":"eu","potentialAction":[{"@type":"ReadAction","target":["https:\/\/www.uaga.eus\/eu\/coag-traslada-al-ministro-de-agricultura-su-propuesta-para-la-aplicacion-de-la-reforma-de-la-pac\/"]}]},{"@type":"BreadcrumbList","@id":"https:\/\/www.uaga.eus\/eu\/coag-traslada-al-ministro-de-agricultura-su-propuesta-para-la-aplicacion-de-la-reforma-de-la-pac\/#breadcrumb","itemListElement":[{"@type":"ListItem","position":1,"name":"Inicio","item":"https:\/\/www.uaga.eus\/"},{"@type":"ListItem","position":2,"name":"COAG traslada al Ministro de Agricultura su propuesta para la aplicaci\u00f3n de la reforma de la PAC\u00a0"}]},{"@type":"WebSite","@id":"https:\/\/www.uaga.eus\/#website","url":"https:\/\/www.uaga.eus\/","name":"UAGA","description":"Uni\u00f3n Agroganadera de \u00c1lava - Araba Nekazarien Elkartea","potentialAction":[{"@type":"SearchAction","target":{"@type":"EntryPoint","urlTemplate":"https:\/\/www.uaga.eus\/?s={search_term_string}"},"query-input":"required name=search_term_string"}],"inLanguage":"eu"},{"@type":"Person","@id":"https:\/\/www.uaga.eus\/#\/schema\/person\/48c3cbf0f33d1b788226dbb6518689cf","name":"Blanca S\u00e1nchez","image":{"@type":"ImageObject","inLanguage":"eu","@id":"https:\/\/www.uaga.eus\/#\/schema\/person\/image\/","url":"https:\/\/secure.gravatar.com\/avatar\/0dc91c20648254b1ce84877283f6751b?s=96&d=mm&r=g","contentUrl":"https:\/\/secure.gravatar.com\/avatar\/0dc91c20648254b1ce84877283f6751b?s=96&d=mm&r=g","caption":"Blanca S\u00e1nchez"},"url":"https:\/\/www.uaga.eus\/eu\/author\/bsanchez\/"}]}},"_links":{"self":[{"href":"https:\/\/www.uaga.eus\/eu\/wp-json\/wp\/v2\/posts\/8268"}],"collection":[{"href":"https:\/\/www.uaga.eus\/eu\/wp-json\/wp\/v2\/posts"}],"about":[{"href":"https:\/\/www.uaga.eus\/eu\/wp-json\/wp\/v2\/types\/post"}],"author":[{"embeddable":true,"href":"https:\/\/www.uaga.eus\/eu\/wp-json\/wp\/v2\/users\/4"}],"replies":[{"embeddable":true,"href":"https:\/\/www.uaga.eus\/eu\/wp-json\/wp\/v2\/comments?post=8268"}],"version-history":[{"count":1,"href":"https:\/\/www.uaga.eus\/eu\/wp-json\/wp\/v2\/posts\/8268\/revisions"}],"predecessor-version":[{"id":8269,"href":"https:\/\/www.uaga.eus\/eu\/wp-json\/wp\/v2\/posts\/8268\/revisions\/8269"}],"wp:featuredmedia":[{"embeddable":true,"href":"https:\/\/www.uaga.eus\/eu\/wp-json\/wp\/v2\/media\/2198"}],"wp:attachment":[{"href":"https:\/\/www.uaga.eus\/eu\/wp-json\/wp\/v2\/media?parent=8268"}],"wp:term":[{"taxonomy":"category","embeddable":true,"href":"https:\/\/www.uaga.eus\/eu\/wp-json\/wp\/v2\/categories?post=8268"},{"taxonomy":"post_tag","embeddable":true,"href":"https:\/\/www.uaga.eus\/eu\/wp-json\/wp\/v2\/tags?post=8268"}],"curies":[{"name":"wp","href":"https:\/\/api.w.org\/{rel}","templated":true}]}}