{"id":8250,"date":"2020-11-13T12:53:51","date_gmt":"2020-11-13T12:53:51","guid":{"rendered":"https:\/\/www.uaga.eus\/?p=8250"},"modified":"2020-11-13T12:53:51","modified_gmt":"2020-11-13T12:53:51","slug":"el-70-de-la-pac-se-cobrara-en-alava-la-proxima-semana","status":"publish","type":"post","link":"https:\/\/www.uaga.eus\/eu\/el-70-de-la-pac-se-cobrara-en-alava-la-proxima-semana\/","title":{"rendered":"El 70% de la PAC se cobrar\u00e1 en \u00c1lava la pr\u00f3xima semana"},"content":{"rendered":"<p>La Diputaci\u00f3n Foral de \u00c1lava ha comunicado a UAGA que la pr\u00f3xima semana se proceder\u00e1 a abonar a los 1.116 expedientes que cumplen con todos los requisitos los 8.400.000 \u20ac correspondientes al 70% del importe de la PAC. Adem\u00e1s, antes de final de a\u00f1o se pagar\u00e1 hasta el 95% de lo que corresponde, abonando lo restante como en a\u00f1os anteriores.<\/p>\n<p>Recordar que este a\u00f1o se ha elevado el anticipo de los pagos directos de la PAC del 50 al 70%, para dotar de mayor liquidez y asegurar la viabilidad de las explotaciones en un momento dif\u00edcil como el actual.<\/p>\n<p>+ INFO SUGOI: 675 707 696<\/p>\n","protected":false},"excerpt":{"rendered":"<p>La Diputaci\u00f3n Foral de \u00c1lava ha comunicado a UAGA que la pr\u00f3xima semana se proceder\u00e1 a abonar a los 1.116 expedientes que cumplen con todos los requisitos los 8.400.000 \u20ac correspondientes al 70% del importe de la PAC. Adem\u00e1s, antes de final de a\u00f1o se pagar\u00e1 hasta el 95% de lo que corresponde, abonando lo [&hellip;]<\/p>\n","protected":false},"author":4,"featured_media":4860,"comment_status":"closed","ping_status":"closed","sticky":false,"template":"","format":"standard","meta":{"footnotes":""},"categories":[7,8,38,4],"tags":[],"yoast_head":"<!-- This site is optimized with the Yoast SEO plugin v21.5 - https:\/\/yoast.com\/wordpress\/plugins\/seo\/ -->\n<title>El 70% de la PAC se cobrar\u00e1 en \u00c1lava la pr\u00f3xima semana - UAGA<\/title>\n<meta name=\"robots\" content=\"index, follow, max-snippet:-1, max-image-preview:large, max-video-preview:-1\" \/>\n<link rel=\"canonical\" href=\"https:\/\/www.uaga.eus\/el-70-de-la-pac-se-cobrara-en-alava-la-proxima-semana\/\" \/>\n<meta property=\"og:locale\" content=\"en_US\" \/>\n<meta property=\"og:type\" content=\"article\" \/>\n<meta property=\"og:title\" content=\"El 70% de la PAC se cobrar\u00e1 en \u00c1lava la pr\u00f3xima semana - UAGA\" \/>\n<meta property=\"og:description\" content=\"La Diputaci\u00f3n Foral de \u00c1lava ha comunicado a UAGA que la pr\u00f3xima semana se proceder\u00e1 a abonar a los 1.116 expedientes que cumplen con todos los requisitos los 8.400.000 \u20ac correspondientes al 70% del importe de la PAC. Adem\u00e1s, antes de final de a\u00f1o se pagar\u00e1 hasta el 95% de lo que corresponde, abonando lo [&hellip;]\" \/>\n<meta property=\"og:url\" content=\"https:\/\/www.uaga.eus\/el-70-de-la-pac-se-cobrara-en-alava-la-proxima-semana\/\" \/>\n<meta property=\"og:site_name\" content=\"UAGA\" \/>\n<meta property=\"article:published_time\" content=\"2020-11-13T12:53:51+00:00\" \/>\n<meta property=\"og:image\" content=\"https:\/\/www.uaga.eus\/wp-content\/uploads\/2018\/11\/paisaje-general.jpg\" \/>\n\t<meta property=\"og:image:width\" content=\"650\" \/>\n\t<meta property=\"og:image:height\" content=\"330\" \/>\n\t<meta property=\"og:image:type\" content=\"image\/jpeg\" \/>\n<meta name=\"author\" content=\"Blanca S\u00e1nchez\" \/>\n<meta name=\"twitter:card\" content=\"summary_large_image\" \/>\n<meta name=\"twitter:label1\" content=\"Written by\" \/>\n\t<meta name=\"twitter:data1\" content=\"Blanca S\u00e1nchez\" \/>\n\t<meta name=\"twitter:label2\" content=\"Est. reading time\" \/>\n\t<meta name=\"twitter:data2\" content=\"1 minutua\" \/>\n<script type=\"application\/ld+json\" class=\"yoast-schema-graph\">{\"@context\":\"https:\/\/schema.org\",\"@graph\":[{\"@type\":\"WebPage\",\"@id\":\"https:\/\/www.uaga.eus\/el-70-de-la-pac-se-cobrara-en-alava-la-proxima-semana\/\",\"url\":\"https:\/\/www.uaga.eus\/el-70-de-la-pac-se-cobrara-en-alava-la-proxima-semana\/\",\"name\":\"El 70% de la PAC se cobrar\u00e1 en \u00c1lava la pr\u00f3xima semana - UAGA\",\"isPartOf\":{\"@id\":\"https:\/\/www.uaga.eus\/#website\"},\"datePublished\":\"2020-11-13T12:53:51+00:00\",\"dateModified\":\"2020-11-13T12:53:51+00:00\",\"author\":{\"@id\":\"https:\/\/www.uaga.eus\/#\/schema\/person\/48c3cbf0f33d1b788226dbb6518689cf\"},\"breadcrumb\":{\"@id\":\"https:\/\/www.uaga.eus\/el-70-de-la-pac-se-cobrara-en-alava-la-proxima-semana\/#breadcrumb\"},\"inLanguage\":\"eu\",\"potentialAction\":[{\"@type\":\"ReadAction\",\"target\":[\"https:\/\/www.uaga.eus\/el-70-de-la-pac-se-cobrara-en-alava-la-proxima-semana\/\"]}]},{\"@type\":\"BreadcrumbList\",\"@id\":\"https:\/\/www.uaga.eus\/el-70-de-la-pac-se-cobrara-en-alava-la-proxima-semana\/#breadcrumb\",\"itemListElement\":[{\"@type\":\"ListItem\",\"position\":1,\"name\":\"Inicio\",\"item\":\"https:\/\/www.uaga.eus\/\"},{\"@type\":\"ListItem\",\"position\":2,\"name\":\"El 70% de la PAC se cobrar\u00e1 en \u00c1lava la pr\u00f3xima semana\"}]},{\"@type\":\"WebSite\",\"@id\":\"https:\/\/www.uaga.eus\/#website\",\"url\":\"https:\/\/www.uaga.eus\/\",\"name\":\"UAGA\",\"description\":\"Uni\u00f3n Agroganadera de \u00c1lava - Araba Nekazarien Elkartea\",\"potentialAction\":[{\"@type\":\"SearchAction\",\"target\":{\"@type\":\"EntryPoint\",\"urlTemplate\":\"https:\/\/www.uaga.eus\/?s={search_term_string}\"},\"query-input\":\"required name=search_term_string\"}],\"inLanguage\":\"eu\"},{\"@type\":\"Person\",\"@id\":\"https:\/\/www.uaga.eus\/#\/schema\/person\/48c3cbf0f33d1b788226dbb6518689cf\",\"name\":\"Blanca S\u00e1nchez\",\"image\":{\"@type\":\"ImageObject\",\"inLanguage\":\"eu\",\"@id\":\"https:\/\/www.uaga.eus\/#\/schema\/person\/image\/\",\"url\":\"https:\/\/secure.gravatar.com\/avatar\/0dc91c20648254b1ce84877283f6751b?s=96&d=mm&r=g\",\"contentUrl\":\"https:\/\/secure.gravatar.com\/avatar\/0dc91c20648254b1ce84877283f6751b?s=96&d=mm&r=g\",\"caption\":\"Blanca S\u00e1nchez\"},\"url\":\"https:\/\/www.uaga.eus\/eu\/author\/bsanchez\/\"}]}<\/script>\n<!-- \/ Yoast SEO plugin. -->","yoast_head_json":{"title":"El 70% de la PAC se cobrar\u00e1 en \u00c1lava la pr\u00f3xima semana - UAGA","robots":{"index":"index","follow":"follow","max-snippet":"max-snippet:-1","max-image-preview":"max-image-preview:large","max-video-preview":"max-video-preview:-1"},"canonical":"https:\/\/www.uaga.eus\/el-70-de-la-pac-se-cobrara-en-alava-la-proxima-semana\/","og_locale":"en_US","og_type":"article","og_title":"El 70% de la PAC se cobrar\u00e1 en \u00c1lava la pr\u00f3xima semana - UAGA","og_description":"La Diputaci\u00f3n Foral de \u00c1lava ha comunicado a UAGA que la pr\u00f3xima semana se proceder\u00e1 a abonar a los 1.116 expedientes que cumplen con todos los requisitos los 8.400.000 \u20ac correspondientes al 70% del importe de la PAC. Adem\u00e1s, antes de final de a\u00f1o se pagar\u00e1 hasta el 95% de lo que corresponde, abonando lo [&hellip;]","og_url":"https:\/\/www.uaga.eus\/el-70-de-la-pac-se-cobrara-en-alava-la-proxima-semana\/","og_site_name":"UAGA","article_published_time":"2020-11-13T12:53:51+00:00","og_image":[{"width":650,"height":330,"url":"https:\/\/www.uaga.eus\/wp-content\/uploads\/2018\/11\/paisaje-general.jpg","type":"image\/jpeg"}],"author":"Blanca S\u00e1nchez","twitter_card":"summary_large_image","twitter_misc":{"Written by":"Blanca S\u00e1nchez","Est. reading time":"1 minutua"},"schema":{"@context":"https:\/\/schema.org","@graph":[{"@type":"WebPage","@id":"https:\/\/www.uaga.eus\/el-70-de-la-pac-se-cobrara-en-alava-la-proxima-semana\/","url":"https:\/\/www.uaga.eus\/el-70-de-la-pac-se-cobrara-en-alava-la-proxima-semana\/","name":"El 70% de la PAC se cobrar\u00e1 en \u00c1lava la pr\u00f3xima semana - UAGA","isPartOf":{"@id":"https:\/\/www.uaga.eus\/#website"},"datePublished":"2020-11-13T12:53:51+00:00","dateModified":"2020-11-13T12:53:51+00:00","author":{"@id":"https:\/\/www.uaga.eus\/#\/schema\/person\/48c3cbf0f33d1b788226dbb6518689cf"},"breadcrumb":{"@id":"https:\/\/www.uaga.eus\/el-70-de-la-pac-se-cobrara-en-alava-la-proxima-semana\/#breadcrumb"},"inLanguage":"eu","potentialAction":[{"@type":"ReadAction","target":["https:\/\/www.uaga.eus\/el-70-de-la-pac-se-cobrara-en-alava-la-proxima-semana\/"]}]},{"@type":"BreadcrumbList","@id":"https:\/\/www.uaga.eus\/el-70-de-la-pac-se-cobrara-en-alava-la-proxima-semana\/#breadcrumb","itemListElement":[{"@type":"ListItem","position":1,"name":"Inicio","item":"https:\/\/www.uaga.eus\/"},{"@type":"ListItem","position":2,"name":"El 70% de la PAC se cobrar\u00e1 en \u00c1lava la pr\u00f3xima semana"}]},{"@type":"WebSite","@id":"https:\/\/www.uaga.eus\/#website","url":"https:\/\/www.uaga.eus\/","name":"UAGA","description":"Uni\u00f3n Agroganadera de \u00c1lava - Araba Nekazarien Elkartea","potentialAction":[{"@type":"SearchAction","target":{"@type":"EntryPoint","urlTemplate":"https:\/\/www.uaga.eus\/?s={search_term_string}"},"query-input":"required name=search_term_string"}],"inLanguage":"eu"},{"@type":"Person","@id":"https:\/\/www.uaga.eus\/#\/schema\/person\/48c3cbf0f33d1b788226dbb6518689cf","name":"Blanca S\u00e1nchez","image":{"@type":"ImageObject","inLanguage":"eu","@id":"https:\/\/www.uaga.eus\/#\/schema\/person\/image\/","url":"https:\/\/secure.gravatar.com\/avatar\/0dc91c20648254b1ce84877283f6751b?s=96&d=mm&r=g","contentUrl":"https:\/\/secure.gravatar.com\/avatar\/0dc91c20648254b1ce84877283f6751b?s=96&d=mm&r=g","caption":"Blanca S\u00e1nchez"},"url":"https:\/\/www.uaga.eus\/eu\/author\/bsanchez\/"}]}},"_links":{"self":[{"href":"https:\/\/www.uaga.eus\/eu\/wp-json\/wp\/v2\/posts\/8250"}],"collection":[{"href":"https:\/\/www.uaga.eus\/eu\/wp-json\/wp\/v2\/posts"}],"about":[{"href":"https:\/\/www.uaga.eus\/eu\/wp-json\/wp\/v2\/types\/post"}],"author":[{"embeddable":true,"href":"https:\/\/www.uaga.eus\/eu\/wp-json\/wp\/v2\/users\/4"}],"replies":[{"embeddable":true,"href":"https:\/\/www.uaga.eus\/eu\/wp-json\/wp\/v2\/comments?post=8250"}],"version-history":[{"count":2,"href":"https:\/\/www.uaga.eus\/eu\/wp-json\/wp\/v2\/posts\/8250\/revisions"}],"predecessor-version":[{"id":8252,"href":"https:\/\/www.uaga.eus\/eu\/wp-json\/wp\/v2\/posts\/8250\/revisions\/8252"}],"wp:featuredmedia":[{"embeddable":true,"href":"https:\/\/www.uaga.eus\/eu\/wp-json\/wp\/v2\/media\/4860"}],"wp:attachment":[{"href":"https:\/\/www.uaga.eus\/eu\/wp-json\/wp\/v2\/media?parent=8250"}],"wp:term":[{"taxonomy":"category","embeddable":true,"href":"https:\/\/www.uaga.eus\/eu\/wp-json\/wp\/v2\/categories?post=8250"},{"taxonomy":"post_tag","embeddable":true,"href":"https:\/\/www.uaga.eus\/eu\/wp-json\/wp\/v2\/tags?post=8250"}],"curies":[{"name":"wp","href":"https:\/\/api.w.org\/{rel}","templated":true}]}}