{"id":8248,"date":"2020-11-13T12:32:33","date_gmt":"2020-11-13T12:32:33","guid":{"rendered":"https:\/\/www.uaga.eus\/?p=8248"},"modified":"2020-11-13T12:32:33","modified_gmt":"2020-11-13T12:32:33","slug":"el-proyecto-de-ley-de-modificacion-de-la-ley-de-la-cadena-alimentaria-inicia-su-tramite-parlamentario-en-el-congreso","status":"publish","type":"post","link":"https:\/\/www.uaga.eus\/eu\/el-proyecto-de-ley-de-modificacion-de-la-ley-de-la-cadena-alimentaria-inicia-su-tramite-parlamentario-en-el-congreso\/","title":{"rendered":"El proyecto de ley de modificaci\u00f3n de la Ley de la Cadena Alimentaria inicia su tr\u00e1mite parlamentario en el Congreso"},"content":{"rendered":"<p>Hasta este momento las organizaciones profesionales agrarias COAG, UPA y ASAJA han presentado observaciones de manera conjunta a los textos planteados por el Gobierno.<\/p>\n<p>El primer objetivo de este proyecto de ley es incorporar al derecho espa\u00f1ol la Directiva europea sobre pr\u00e1cticas comerciales desleales en el sector agroalimentario para reequilibrar la cadena alimentaria y promover la transparencia en la formaci\u00f3n de precios.<\/p>\n<p>Adem\u00e1s, el proyecto incluye varias de las ambiciosas medidas que ya se aprobaron en febrero con el Real Decreto-ley 5\/2020 respecto a la fijaci\u00f3n de un precio pactado por encima de los costes de producci\u00f3n, la prohibici\u00f3n de destrucci\u00f3n de valor en la cadena o la prohibici\u00f3n de determinadas pr\u00e1cticas reclamo o de banalizaci\u00f3n de los productos, cuesti\u00f3n que se valora de manera muy positiva.<\/p>\n<p>Como elementos m\u00e1s destacables del proyecto de ley respecto de la Ley en vigor cabe destacar que se han admitido algunas de las propuestas de las OPAs, como son que tambi\u00e9n las importaciones se ver\u00e1n afectadas por las prohibiciones y sanciones de la ley; que se publicar\u00e1n de manera trimestral las resoluciones sancionadoras de faltas graves y muy graves; y que se introduce una referencia a la mediaci\u00f3n.<\/p>\n<p>Sin embargo, no se han recogido otras como la venta a p\u00e9rdidas, tampoco se contempla el registro de los contratos y no se ha incluido el canal HORECA en su \u00e1mbito de aplicaci\u00f3n.<\/p>\n<p>Este proyecto de ley resulta de vital importancia para los sectores agr\u00edcolas y ganaderos, ya que proh\u00edbe la venta por debajo de los costes de producci\u00f3n, situaci\u00f3n que desgraciadamente ocurre con frecuencia en nuestros sectores.<\/p>\n<p>Con esta medida se podr\u00eda cumplir la reivindicaci\u00f3n hist\u00f3rica de que nuestras explotaciones deben vivir de los precios pagados y no de las ayudas.<\/p>\n<p>Por todo ello, UAGA va a seguir activamente la tramitaci\u00f3n de este proyecto de ley y, si fuera necesario, va a presentar propuestas de mejora para el reconocimiento del valor de nuestras producciones, a trav\u00e9s de COAG.<\/p>\n<p>+ INFO YOLANDA: 615 779 584<\/p>\n","protected":false},"excerpt":{"rendered":"<p>Hasta este momento las organizaciones profesionales agrarias COAG, UPA y ASAJA han presentado observaciones de manera conjunta a los textos planteados por el Gobierno. El primer objetivo de este proyecto de ley es incorporar al derecho espa\u00f1ol la Directiva europea sobre pr\u00e1cticas comerciales desleales en el sector agroalimentario para reequilibrar la cadena alimentaria y promover [&hellip;]<\/p>\n","protected":false},"author":4,"featured_media":8219,"comment_status":"closed","ping_status":"closed","sticky":false,"template":"","format":"standard","meta":{"footnotes":""},"categories":[12,4],"tags":[],"yoast_head":"<!-- This site is optimized with the Yoast SEO plugin v21.5 - https:\/\/yoast.com\/wordpress\/plugins\/seo\/ -->\n<title>El proyecto de ley de modificaci\u00f3n de la Ley de la Cadena Alimentaria inicia su tr\u00e1mite parlamentario en el Congreso - UAGA<\/title>\n<meta name=\"robots\" content=\"index, follow, max-snippet:-1, max-image-preview:large, max-video-preview:-1\" \/>\n<link rel=\"canonical\" href=\"https:\/\/www.uaga.eus\/eu\/el-proyecto-de-ley-de-modificacion-de-la-ley-de-la-cadena-alimentaria-inicia-su-tramite-parlamentario-en-el-congreso\/\" \/>\n<meta property=\"og:locale\" content=\"en_US\" \/>\n<meta property=\"og:type\" content=\"article\" \/>\n<meta property=\"og:title\" content=\"El proyecto de ley de modificaci\u00f3n de la Ley de la Cadena Alimentaria inicia su tr\u00e1mite parlamentario en el Congreso - UAGA\" \/>\n<meta property=\"og:description\" content=\"Hasta este momento las organizaciones profesionales agrarias COAG, UPA y ASAJA han presentado observaciones de manera conjunta a los textos planteados por el Gobierno. El primer objetivo de este proyecto de ley es incorporar al derecho espa\u00f1ol la Directiva europea sobre pr\u00e1cticas comerciales desleales en el sector agroalimentario para reequilibrar la cadena alimentaria y promover [&hellip;]\" \/>\n<meta property=\"og:url\" content=\"https:\/\/www.uaga.eus\/eu\/el-proyecto-de-ley-de-modificacion-de-la-ley-de-la-cadena-alimentaria-inicia-su-tramite-parlamentario-en-el-congreso\/\" \/>\n<meta property=\"og:site_name\" content=\"UAGA\" \/>\n<meta property=\"article:published_time\" content=\"2020-11-13T12:32:33+00:00\" \/>\n<meta property=\"og:image\" content=\"https:\/\/www.uaga.eus\/wp-content\/uploads\/2020\/11\/supermercado-e1605270736366.jpg\" \/>\n\t<meta property=\"og:image:width\" content=\"650\" \/>\n\t<meta property=\"og:image:height\" content=\"350\" \/>\n\t<meta property=\"og:image:type\" content=\"image\/jpeg\" \/>\n<meta name=\"author\" content=\"Blanca S\u00e1nchez\" \/>\n<meta name=\"twitter:card\" content=\"summary_large_image\" \/>\n<meta name=\"twitter:label1\" content=\"Written by\" \/>\n\t<meta name=\"twitter:data1\" content=\"Blanca S\u00e1nchez\" \/>\n\t<meta name=\"twitter:label2\" content=\"Est. reading time\" \/>\n\t<meta name=\"twitter:data2\" content=\"2 minutua\" \/>\n<script type=\"application\/ld+json\" class=\"yoast-schema-graph\">{\"@context\":\"https:\/\/schema.org\",\"@graph\":[{\"@type\":\"WebPage\",\"@id\":\"https:\/\/www.uaga.eus\/eu\/el-proyecto-de-ley-de-modificacion-de-la-ley-de-la-cadena-alimentaria-inicia-su-tramite-parlamentario-en-el-congreso\/\",\"url\":\"https:\/\/www.uaga.eus\/eu\/el-proyecto-de-ley-de-modificacion-de-la-ley-de-la-cadena-alimentaria-inicia-su-tramite-parlamentario-en-el-congreso\/\",\"name\":\"El proyecto de ley de modificaci\u00f3n de la Ley de la Cadena Alimentaria inicia su tr\u00e1mite parlamentario en el Congreso - UAGA\",\"isPartOf\":{\"@id\":\"https:\/\/www.uaga.eus\/#website\"},\"datePublished\":\"2020-11-13T12:32:33+00:00\",\"dateModified\":\"2020-11-13T12:32:33+00:00\",\"author\":{\"@id\":\"https:\/\/www.uaga.eus\/#\/schema\/person\/48c3cbf0f33d1b788226dbb6518689cf\"},\"breadcrumb\":{\"@id\":\"https:\/\/www.uaga.eus\/eu\/el-proyecto-de-ley-de-modificacion-de-la-ley-de-la-cadena-alimentaria-inicia-su-tramite-parlamentario-en-el-congreso\/#breadcrumb\"},\"inLanguage\":\"eu\",\"potentialAction\":[{\"@type\":\"ReadAction\",\"target\":[\"https:\/\/www.uaga.eus\/eu\/el-proyecto-de-ley-de-modificacion-de-la-ley-de-la-cadena-alimentaria-inicia-su-tramite-parlamentario-en-el-congreso\/\"]}]},{\"@type\":\"BreadcrumbList\",\"@id\":\"https:\/\/www.uaga.eus\/eu\/el-proyecto-de-ley-de-modificacion-de-la-ley-de-la-cadena-alimentaria-inicia-su-tramite-parlamentario-en-el-congreso\/#breadcrumb\",\"itemListElement\":[{\"@type\":\"ListItem\",\"position\":1,\"name\":\"Inicio\",\"item\":\"https:\/\/www.uaga.eus\/\"},{\"@type\":\"ListItem\",\"position\":2,\"name\":\"El proyecto de ley de modificaci\u00f3n de la Ley de la Cadena Alimentaria inicia su tr\u00e1mite parlamentario en el Congreso\"}]},{\"@type\":\"WebSite\",\"@id\":\"https:\/\/www.uaga.eus\/#website\",\"url\":\"https:\/\/www.uaga.eus\/\",\"name\":\"UAGA\",\"description\":\"Uni\u00f3n Agroganadera de \u00c1lava - Araba Nekazarien Elkartea\",\"potentialAction\":[{\"@type\":\"SearchAction\",\"target\":{\"@type\":\"EntryPoint\",\"urlTemplate\":\"https:\/\/www.uaga.eus\/?s={search_term_string}\"},\"query-input\":\"required name=search_term_string\"}],\"inLanguage\":\"eu\"},{\"@type\":\"Person\",\"@id\":\"https:\/\/www.uaga.eus\/#\/schema\/person\/48c3cbf0f33d1b788226dbb6518689cf\",\"name\":\"Blanca S\u00e1nchez\",\"image\":{\"@type\":\"ImageObject\",\"inLanguage\":\"eu\",\"@id\":\"https:\/\/www.uaga.eus\/#\/schema\/person\/image\/\",\"url\":\"https:\/\/secure.gravatar.com\/avatar\/0dc91c20648254b1ce84877283f6751b?s=96&d=mm&r=g\",\"contentUrl\":\"https:\/\/secure.gravatar.com\/avatar\/0dc91c20648254b1ce84877283f6751b?s=96&d=mm&r=g\",\"caption\":\"Blanca S\u00e1nchez\"},\"url\":\"https:\/\/www.uaga.eus\/eu\/author\/bsanchez\/\"}]}<\/script>\n<!-- \/ Yoast SEO plugin. -->","yoast_head_json":{"title":"El proyecto de ley de modificaci\u00f3n de la Ley de la Cadena Alimentaria inicia su tr\u00e1mite parlamentario en el Congreso - UAGA","robots":{"index":"index","follow":"follow","max-snippet":"max-snippet:-1","max-image-preview":"max-image-preview:large","max-video-preview":"max-video-preview:-1"},"canonical":"https:\/\/www.uaga.eus\/eu\/el-proyecto-de-ley-de-modificacion-de-la-ley-de-la-cadena-alimentaria-inicia-su-tramite-parlamentario-en-el-congreso\/","og_locale":"en_US","og_type":"article","og_title":"El proyecto de ley de modificaci\u00f3n de la Ley de la Cadena Alimentaria inicia su tr\u00e1mite parlamentario en el Congreso - UAGA","og_description":"Hasta este momento las organizaciones profesionales agrarias COAG, UPA y ASAJA han presentado observaciones de manera conjunta a los textos planteados por el Gobierno. El primer objetivo de este proyecto de ley es incorporar al derecho espa\u00f1ol la Directiva europea sobre pr\u00e1cticas comerciales desleales en el sector agroalimentario para reequilibrar la cadena alimentaria y promover [&hellip;]","og_url":"https:\/\/www.uaga.eus\/eu\/el-proyecto-de-ley-de-modificacion-de-la-ley-de-la-cadena-alimentaria-inicia-su-tramite-parlamentario-en-el-congreso\/","og_site_name":"UAGA","article_published_time":"2020-11-13T12:32:33+00:00","og_image":[{"width":650,"height":350,"url":"https:\/\/www.uaga.eus\/wp-content\/uploads\/2020\/11\/supermercado-e1605270736366.jpg","type":"image\/jpeg"}],"author":"Blanca S\u00e1nchez","twitter_card":"summary_large_image","twitter_misc":{"Written by":"Blanca S\u00e1nchez","Est. reading time":"2 minutua"},"schema":{"@context":"https:\/\/schema.org","@graph":[{"@type":"WebPage","@id":"https:\/\/www.uaga.eus\/eu\/el-proyecto-de-ley-de-modificacion-de-la-ley-de-la-cadena-alimentaria-inicia-su-tramite-parlamentario-en-el-congreso\/","url":"https:\/\/www.uaga.eus\/eu\/el-proyecto-de-ley-de-modificacion-de-la-ley-de-la-cadena-alimentaria-inicia-su-tramite-parlamentario-en-el-congreso\/","name":"El proyecto de ley de modificaci\u00f3n de la Ley de la Cadena Alimentaria inicia su tr\u00e1mite parlamentario en el Congreso - UAGA","isPartOf":{"@id":"https:\/\/www.uaga.eus\/#website"},"datePublished":"2020-11-13T12:32:33+00:00","dateModified":"2020-11-13T12:32:33+00:00","author":{"@id":"https:\/\/www.uaga.eus\/#\/schema\/person\/48c3cbf0f33d1b788226dbb6518689cf"},"breadcrumb":{"@id":"https:\/\/www.uaga.eus\/eu\/el-proyecto-de-ley-de-modificacion-de-la-ley-de-la-cadena-alimentaria-inicia-su-tramite-parlamentario-en-el-congreso\/#breadcrumb"},"inLanguage":"eu","potentialAction":[{"@type":"ReadAction","target":["https:\/\/www.uaga.eus\/eu\/el-proyecto-de-ley-de-modificacion-de-la-ley-de-la-cadena-alimentaria-inicia-su-tramite-parlamentario-en-el-congreso\/"]}]},{"@type":"BreadcrumbList","@id":"https:\/\/www.uaga.eus\/eu\/el-proyecto-de-ley-de-modificacion-de-la-ley-de-la-cadena-alimentaria-inicia-su-tramite-parlamentario-en-el-congreso\/#breadcrumb","itemListElement":[{"@type":"ListItem","position":1,"name":"Inicio","item":"https:\/\/www.uaga.eus\/"},{"@type":"ListItem","position":2,"name":"El proyecto de ley de modificaci\u00f3n de la Ley de la Cadena Alimentaria inicia su tr\u00e1mite parlamentario en el Congreso"}]},{"@type":"WebSite","@id":"https:\/\/www.uaga.eus\/#website","url":"https:\/\/www.uaga.eus\/","name":"UAGA","description":"Uni\u00f3n Agroganadera de \u00c1lava - Araba Nekazarien Elkartea","potentialAction":[{"@type":"SearchAction","target":{"@type":"EntryPoint","urlTemplate":"https:\/\/www.uaga.eus\/?s={search_term_string}"},"query-input":"required name=search_term_string"}],"inLanguage":"eu"},{"@type":"Person","@id":"https:\/\/www.uaga.eus\/#\/schema\/person\/48c3cbf0f33d1b788226dbb6518689cf","name":"Blanca S\u00e1nchez","image":{"@type":"ImageObject","inLanguage":"eu","@id":"https:\/\/www.uaga.eus\/#\/schema\/person\/image\/","url":"https:\/\/secure.gravatar.com\/avatar\/0dc91c20648254b1ce84877283f6751b?s=96&d=mm&r=g","contentUrl":"https:\/\/secure.gravatar.com\/avatar\/0dc91c20648254b1ce84877283f6751b?s=96&d=mm&r=g","caption":"Blanca S\u00e1nchez"},"url":"https:\/\/www.uaga.eus\/eu\/author\/bsanchez\/"}]}},"_links":{"self":[{"href":"https:\/\/www.uaga.eus\/eu\/wp-json\/wp\/v2\/posts\/8248"}],"collection":[{"href":"https:\/\/www.uaga.eus\/eu\/wp-json\/wp\/v2\/posts"}],"about":[{"href":"https:\/\/www.uaga.eus\/eu\/wp-json\/wp\/v2\/types\/post"}],"author":[{"embeddable":true,"href":"https:\/\/www.uaga.eus\/eu\/wp-json\/wp\/v2\/users\/4"}],"replies":[{"embeddable":true,"href":"https:\/\/www.uaga.eus\/eu\/wp-json\/wp\/v2\/comments?post=8248"}],"version-history":[{"count":1,"href":"https:\/\/www.uaga.eus\/eu\/wp-json\/wp\/v2\/posts\/8248\/revisions"}],"predecessor-version":[{"id":8249,"href":"https:\/\/www.uaga.eus\/eu\/wp-json\/wp\/v2\/posts\/8248\/revisions\/8249"}],"wp:featuredmedia":[{"embeddable":true,"href":"https:\/\/www.uaga.eus\/eu\/wp-json\/wp\/v2\/media\/8219"}],"wp:attachment":[{"href":"https:\/\/www.uaga.eus\/eu\/wp-json\/wp\/v2\/media?parent=8248"}],"wp:term":[{"taxonomy":"category","embeddable":true,"href":"https:\/\/www.uaga.eus\/eu\/wp-json\/wp\/v2\/categories?post=8248"},{"taxonomy":"post_tag","embeddable":true,"href":"https:\/\/www.uaga.eus\/eu\/wp-json\/wp\/v2\/tags?post=8248"}],"curies":[{"name":"wp","href":"https:\/\/api.w.org\/{rel}","templated":true}]}}