{"id":8244,"date":"2020-11-13T12:28:14","date_gmt":"2020-11-13T12:28:14","guid":{"rendered":"https:\/\/www.uaga.eus\/?p=8244"},"modified":"2020-11-13T12:28:14","modified_gmt":"2020-11-13T12:28:14","slug":"diputacion-revisa-el-plan-territorial-parcial-ptp-de-rioja-alavesa","status":"publish","type":"post","link":"https:\/\/www.uaga.eus\/eu\/diputacion-revisa-el-plan-territorial-parcial-ptp-de-rioja-alavesa\/","title":{"rendered":"Diputaci\u00f3n revisa el Plan Territorial Parcial (PTP) de Rioja Alavesa"},"content":{"rendered":"<p>La Diputaci\u00f3n Foral de \u00c1lava ha iniciado el procedimiento para la revisi\u00f3n del PTP de Rioja Alavesa, que servir\u00e1, entre otros, para concretar las condiciones necesarias para los planes generales urban\u00edsticos de la comarca.<\/p>\n<p>Adem\u00e1s, el PTP tambi\u00e9n condiciona otras cuestiones que afectan directamente al sector agrario de la comarca, como por ejemplo las condiciones para la construcci\u00f3n de bodegas y pabellones fuera de los cascos urbanos. Por todo ello es muy necesaria la participaci\u00f3n activa del sector agrario de la comarca.<\/p>\n<p>En esta revisi\u00f3n se va a primar la participaci\u00f3n ciudadana para \u201clograr un acuerdo social amplio y una visi\u00f3n compartida y unificada ente todos los agentes implicados\u201d.<\/p>\n<p>El proceso participativo va a comenzar con la identificaci\u00f3n de los agentes, p\u00fablicos y privados, que ser\u00e1n claves en la redacci\u00f3n del nuevo plan. Posteriormente, se contemplan entrevistas en profundidad con todos estos agentes, as\u00ed como reuniones de trabajo, grupos tem\u00e1ticos, talleres y jornadas abiertas.<\/p>\n<p>Para garantizar la participaci\u00f3n se van a utilizar herramientas que permitan acercar el trabajo a la poblaci\u00f3n. Toda la informaci\u00f3n y los accesos para participar van a quedar recogidos en una <a href=\"http:\/\/www.ptpriojaalavesa.eus\" target=\"_blank\" rel=\"noopener\" data-cke-saved-href=\"http:\/\/www.ptpriojaalavesa.eus\">p\u00e1gina web<\/a> que puede consultarse ya y en Instagram: @PTPriojaalavesa.<\/p>\n<p>+info en el siguiente enlace:\u00a0<a href=\"http:\/\/\u00a0www.ptpriojaalavesa.eus\" target=\"_blank\" rel=\"noopener\" data-cke-saved-href=\"http:\/\/\u00a0www.ptpriojaalavesa.eus\">www.ptpriojaalavesa.eus<\/a><\/p>\n<p>+ INFO YOLANDA: 615 779 584<\/p>\n","protected":false},"excerpt":{"rendered":"<p>La Diputaci\u00f3n Foral de \u00c1lava ha iniciado el procedimiento para la revisi\u00f3n del PTP de Rioja Alavesa, que servir\u00e1, entre otros, para concretar las condiciones necesarias para los planes generales urban\u00edsticos de la comarca. Adem\u00e1s, el PTP tambi\u00e9n condiciona otras cuestiones que afectan directamente al sector agrario de la comarca, como por ejemplo las condiciones [&hellip;]<\/p>\n","protected":false},"author":4,"featured_media":4747,"comment_status":"closed","ping_status":"closed","sticky":false,"template":"","format":"standard","meta":{"footnotes":""},"categories":[11],"tags":[],"yoast_head":"<!-- This site is optimized with the Yoast SEO plugin v21.5 - https:\/\/yoast.com\/wordpress\/plugins\/seo\/ -->\n<title>Diputaci\u00f3n revisa el Plan Territorial Parcial (PTP) de Rioja Alavesa - UAGA<\/title>\n<meta name=\"robots\" content=\"index, follow, max-snippet:-1, max-image-preview:large, max-video-preview:-1\" \/>\n<link rel=\"canonical\" href=\"https:\/\/www.uaga.eus\/diputacion-revisa-el-plan-territorial-parcial-ptp-de-rioja-alavesa\/\" \/>\n<meta property=\"og:locale\" content=\"en_US\" \/>\n<meta property=\"og:type\" content=\"article\" \/>\n<meta property=\"og:title\" content=\"Diputaci\u00f3n revisa el Plan Territorial Parcial (PTP) de Rioja Alavesa - UAGA\" \/>\n<meta property=\"og:description\" content=\"La Diputaci\u00f3n Foral de \u00c1lava ha iniciado el procedimiento para la revisi\u00f3n del PTP de Rioja Alavesa, que servir\u00e1, entre otros, para concretar las condiciones necesarias para los planes generales urban\u00edsticos de la comarca. Adem\u00e1s, el PTP tambi\u00e9n condiciona otras cuestiones que afectan directamente al sector agrario de la comarca, como por ejemplo las condiciones [&hellip;]\" \/>\n<meta property=\"og:url\" content=\"https:\/\/www.uaga.eus\/diputacion-revisa-el-plan-territorial-parcial-ptp-de-rioja-alavesa\/\" \/>\n<meta property=\"og:site_name\" content=\"UAGA\" \/>\n<meta property=\"article:published_time\" content=\"2020-11-13T12:28:14+00:00\" \/>\n<meta property=\"og:image\" content=\"https:\/\/www.uaga.eus\/wp-content\/uploads\/2018\/11\/IMG_20170823_094100-e1541159509615.jpg\" \/>\n\t<meta property=\"og:image:width\" content=\"700\" \/>\n\t<meta property=\"og:image:height\" content=\"379\" \/>\n\t<meta property=\"og:image:type\" content=\"image\/jpeg\" \/>\n<meta name=\"author\" content=\"Blanca S\u00e1nchez\" \/>\n<meta name=\"twitter:card\" content=\"summary_large_image\" \/>\n<meta name=\"twitter:label1\" content=\"Written by\" \/>\n\t<meta name=\"twitter:data1\" content=\"Blanca S\u00e1nchez\" \/>\n\t<meta name=\"twitter:label2\" content=\"Est. reading time\" \/>\n\t<meta name=\"twitter:data2\" content=\"1 minutua\" \/>\n<script type=\"application\/ld+json\" class=\"yoast-schema-graph\">{\"@context\":\"https:\/\/schema.org\",\"@graph\":[{\"@type\":\"WebPage\",\"@id\":\"https:\/\/www.uaga.eus\/diputacion-revisa-el-plan-territorial-parcial-ptp-de-rioja-alavesa\/\",\"url\":\"https:\/\/www.uaga.eus\/diputacion-revisa-el-plan-territorial-parcial-ptp-de-rioja-alavesa\/\",\"name\":\"Diputaci\u00f3n revisa el Plan Territorial Parcial (PTP) de Rioja Alavesa - UAGA\",\"isPartOf\":{\"@id\":\"https:\/\/www.uaga.eus\/#website\"},\"datePublished\":\"2020-11-13T12:28:14+00:00\",\"dateModified\":\"2020-11-13T12:28:14+00:00\",\"author\":{\"@id\":\"https:\/\/www.uaga.eus\/#\/schema\/person\/48c3cbf0f33d1b788226dbb6518689cf\"},\"breadcrumb\":{\"@id\":\"https:\/\/www.uaga.eus\/diputacion-revisa-el-plan-territorial-parcial-ptp-de-rioja-alavesa\/#breadcrumb\"},\"inLanguage\":\"eu\",\"potentialAction\":[{\"@type\":\"ReadAction\",\"target\":[\"https:\/\/www.uaga.eus\/diputacion-revisa-el-plan-territorial-parcial-ptp-de-rioja-alavesa\/\"]}]},{\"@type\":\"BreadcrumbList\",\"@id\":\"https:\/\/www.uaga.eus\/diputacion-revisa-el-plan-territorial-parcial-ptp-de-rioja-alavesa\/#breadcrumb\",\"itemListElement\":[{\"@type\":\"ListItem\",\"position\":1,\"name\":\"Inicio\",\"item\":\"https:\/\/www.uaga.eus\/\"},{\"@type\":\"ListItem\",\"position\":2,\"name\":\"Diputaci\u00f3n revisa el Plan Territorial Parcial (PTP) de Rioja Alavesa\"}]},{\"@type\":\"WebSite\",\"@id\":\"https:\/\/www.uaga.eus\/#website\",\"url\":\"https:\/\/www.uaga.eus\/\",\"name\":\"UAGA\",\"description\":\"Uni\u00f3n Agroganadera de \u00c1lava - Araba Nekazarien Elkartea\",\"potentialAction\":[{\"@type\":\"SearchAction\",\"target\":{\"@type\":\"EntryPoint\",\"urlTemplate\":\"https:\/\/www.uaga.eus\/?s={search_term_string}\"},\"query-input\":\"required name=search_term_string\"}],\"inLanguage\":\"eu\"},{\"@type\":\"Person\",\"@id\":\"https:\/\/www.uaga.eus\/#\/schema\/person\/48c3cbf0f33d1b788226dbb6518689cf\",\"name\":\"Blanca S\u00e1nchez\",\"image\":{\"@type\":\"ImageObject\",\"inLanguage\":\"eu\",\"@id\":\"https:\/\/www.uaga.eus\/#\/schema\/person\/image\/\",\"url\":\"https:\/\/secure.gravatar.com\/avatar\/0dc91c20648254b1ce84877283f6751b?s=96&d=mm&r=g\",\"contentUrl\":\"https:\/\/secure.gravatar.com\/avatar\/0dc91c20648254b1ce84877283f6751b?s=96&d=mm&r=g\",\"caption\":\"Blanca S\u00e1nchez\"},\"url\":\"https:\/\/www.uaga.eus\/eu\/author\/bsanchez\/\"}]}<\/script>\n<!-- \/ Yoast SEO plugin. -->","yoast_head_json":{"title":"Diputaci\u00f3n revisa el Plan Territorial Parcial (PTP) de Rioja Alavesa - UAGA","robots":{"index":"index","follow":"follow","max-snippet":"max-snippet:-1","max-image-preview":"max-image-preview:large","max-video-preview":"max-video-preview:-1"},"canonical":"https:\/\/www.uaga.eus\/diputacion-revisa-el-plan-territorial-parcial-ptp-de-rioja-alavesa\/","og_locale":"en_US","og_type":"article","og_title":"Diputaci\u00f3n revisa el Plan Territorial Parcial (PTP) de Rioja Alavesa - UAGA","og_description":"La Diputaci\u00f3n Foral de \u00c1lava ha iniciado el procedimiento para la revisi\u00f3n del PTP de Rioja Alavesa, que servir\u00e1, entre otros, para concretar las condiciones necesarias para los planes generales urban\u00edsticos de la comarca. Adem\u00e1s, el PTP tambi\u00e9n condiciona otras cuestiones que afectan directamente al sector agrario de la comarca, como por ejemplo las condiciones [&hellip;]","og_url":"https:\/\/www.uaga.eus\/diputacion-revisa-el-plan-territorial-parcial-ptp-de-rioja-alavesa\/","og_site_name":"UAGA","article_published_time":"2020-11-13T12:28:14+00:00","og_image":[{"width":700,"height":379,"url":"https:\/\/www.uaga.eus\/wp-content\/uploads\/2018\/11\/IMG_20170823_094100-e1541159509615.jpg","type":"image\/jpeg"}],"author":"Blanca S\u00e1nchez","twitter_card":"summary_large_image","twitter_misc":{"Written by":"Blanca S\u00e1nchez","Est. reading time":"1 minutua"},"schema":{"@context":"https:\/\/schema.org","@graph":[{"@type":"WebPage","@id":"https:\/\/www.uaga.eus\/diputacion-revisa-el-plan-territorial-parcial-ptp-de-rioja-alavesa\/","url":"https:\/\/www.uaga.eus\/diputacion-revisa-el-plan-territorial-parcial-ptp-de-rioja-alavesa\/","name":"Diputaci\u00f3n revisa el Plan Territorial Parcial (PTP) de Rioja Alavesa - UAGA","isPartOf":{"@id":"https:\/\/www.uaga.eus\/#website"},"datePublished":"2020-11-13T12:28:14+00:00","dateModified":"2020-11-13T12:28:14+00:00","author":{"@id":"https:\/\/www.uaga.eus\/#\/schema\/person\/48c3cbf0f33d1b788226dbb6518689cf"},"breadcrumb":{"@id":"https:\/\/www.uaga.eus\/diputacion-revisa-el-plan-territorial-parcial-ptp-de-rioja-alavesa\/#breadcrumb"},"inLanguage":"eu","potentialAction":[{"@type":"ReadAction","target":["https:\/\/www.uaga.eus\/diputacion-revisa-el-plan-territorial-parcial-ptp-de-rioja-alavesa\/"]}]},{"@type":"BreadcrumbList","@id":"https:\/\/www.uaga.eus\/diputacion-revisa-el-plan-territorial-parcial-ptp-de-rioja-alavesa\/#breadcrumb","itemListElement":[{"@type":"ListItem","position":1,"name":"Inicio","item":"https:\/\/www.uaga.eus\/"},{"@type":"ListItem","position":2,"name":"Diputaci\u00f3n revisa el Plan Territorial Parcial (PTP) de Rioja Alavesa"}]},{"@type":"WebSite","@id":"https:\/\/www.uaga.eus\/#website","url":"https:\/\/www.uaga.eus\/","name":"UAGA","description":"Uni\u00f3n Agroganadera de \u00c1lava - Araba Nekazarien Elkartea","potentialAction":[{"@type":"SearchAction","target":{"@type":"EntryPoint","urlTemplate":"https:\/\/www.uaga.eus\/?s={search_term_string}"},"query-input":"required name=search_term_string"}],"inLanguage":"eu"},{"@type":"Person","@id":"https:\/\/www.uaga.eus\/#\/schema\/person\/48c3cbf0f33d1b788226dbb6518689cf","name":"Blanca S\u00e1nchez","image":{"@type":"ImageObject","inLanguage":"eu","@id":"https:\/\/www.uaga.eus\/#\/schema\/person\/image\/","url":"https:\/\/secure.gravatar.com\/avatar\/0dc91c20648254b1ce84877283f6751b?s=96&d=mm&r=g","contentUrl":"https:\/\/secure.gravatar.com\/avatar\/0dc91c20648254b1ce84877283f6751b?s=96&d=mm&r=g","caption":"Blanca S\u00e1nchez"},"url":"https:\/\/www.uaga.eus\/eu\/author\/bsanchez\/"}]}},"_links":{"self":[{"href":"https:\/\/www.uaga.eus\/eu\/wp-json\/wp\/v2\/posts\/8244"}],"collection":[{"href":"https:\/\/www.uaga.eus\/eu\/wp-json\/wp\/v2\/posts"}],"about":[{"href":"https:\/\/www.uaga.eus\/eu\/wp-json\/wp\/v2\/types\/post"}],"author":[{"embeddable":true,"href":"https:\/\/www.uaga.eus\/eu\/wp-json\/wp\/v2\/users\/4"}],"replies":[{"embeddable":true,"href":"https:\/\/www.uaga.eus\/eu\/wp-json\/wp\/v2\/comments?post=8244"}],"version-history":[{"count":1,"href":"https:\/\/www.uaga.eus\/eu\/wp-json\/wp\/v2\/posts\/8244\/revisions"}],"predecessor-version":[{"id":8245,"href":"https:\/\/www.uaga.eus\/eu\/wp-json\/wp\/v2\/posts\/8244\/revisions\/8245"}],"wp:featuredmedia":[{"embeddable":true,"href":"https:\/\/www.uaga.eus\/eu\/wp-json\/wp\/v2\/media\/4747"}],"wp:attachment":[{"href":"https:\/\/www.uaga.eus\/eu\/wp-json\/wp\/v2\/media?parent=8244"}],"wp:term":[{"taxonomy":"category","embeddable":true,"href":"https:\/\/www.uaga.eus\/eu\/wp-json\/wp\/v2\/categories?post=8244"},{"taxonomy":"post_tag","embeddable":true,"href":"https:\/\/www.uaga.eus\/eu\/wp-json\/wp\/v2\/tags?post=8244"}],"curies":[{"name":"wp","href":"https:\/\/api.w.org\/{rel}","templated":true}]}}