{"id":8208,"date":"2020-11-06T13:48:58","date_gmt":"2020-11-06T13:48:58","guid":{"rendered":"https:\/\/www.uaga.eus\/?p=8208"},"modified":"2020-11-06T13:48:58","modified_gmt":"2020-11-06T13:48:58","slug":"las-juntas-generales-de-alava-aprueban-una-mocion-relativa-al-coste-del-cultivo-del-vinedo-y-la-uva-en-rioja-alavesa","status":"publish","type":"post","link":"https:\/\/www.uaga.eus\/eu\/las-juntas-generales-de-alava-aprueban-una-mocion-relativa-al-coste-del-cultivo-del-vinedo-y-la-uva-en-rioja-alavesa\/","title":{"rendered":"Las Juntas Generales de \u00c1lava aprueban una moci\u00f3n relativa al coste del cultivo del vi\u00f1edo y la uva en Rioja Alavesa"},"content":{"rendered":"<p>Las Juntas Generales \u00a0han aprobado la moci\u00f3n 67\/2020 del 28 de octubre, instando a las diferentes administraciones:<\/p>\n<p>1. A Diputaci\u00f3n Foral de \u00c1lava, a que en el plazo de cuatro meses realice un informe t\u00e9cnico pormenorizado sobre los costes del cultivo en vi\u00f1edo de Rioja Alavesa en una explotaci\u00f3n de tipo medio, en los modelos productivos de vaso y espaldera.<\/p>\n<p>2. A la Agencia de Informaci\u00f3n y Control Alimentario (AICA), al control de los derechos y obligaciones establecidos en la Ley de cadena alimentaria, instruyendo o iniciando el procedimiento sancionador si detecta infracciones a la misma, e incrementando las inspecciones de oficio en colaboraci\u00f3n con las Comunidades Aut\u00f3nomas y las organizaciones profesionales agrarias.<\/p>\n<p>3. A Gobierno Vasco, a que en las bases reguladoras de la ayudas a la transformaci\u00f3n y comercializaci\u00f3n que reciban las bodegas se tenga en cuenta el porcentaje de uva producida en Rioja Alavesa que destinan a la elaboraci\u00f3n de los vinos.<\/p>\n<p>4. A Diputaci\u00f3n Foral de \u00c1lava a que, junto con el Gobierno Vasco, asesore, forme y facilite, usando todas las herramientas a su alcance, a las personas viticultoras para que mejoren los rendimientos econ\u00f3micos, sociales y medioambientales.<\/p>\n<p>+ INFO NURIA: 661 595 811<\/p>\n","protected":false},"excerpt":{"rendered":"<p>Las Juntas Generales \u00a0han aprobado la moci\u00f3n 67\/2020 del 28 de octubre, instando a las diferentes administraciones: 1. A Diputaci\u00f3n Foral de \u00c1lava, a que en el plazo de cuatro meses realice un informe t\u00e9cnico pormenorizado sobre los costes del cultivo en vi\u00f1edo de Rioja Alavesa en una explotaci\u00f3n de tipo medio, en los modelos [&hellip;]<\/p>\n","protected":false},"author":4,"featured_media":6613,"comment_status":"closed","ping_status":"closed","sticky":false,"template":"","format":"standard","meta":{"footnotes":""},"categories":[7,4],"tags":[],"yoast_head":"<!-- This site is optimized with the Yoast SEO plugin v21.5 - https:\/\/yoast.com\/wordpress\/plugins\/seo\/ -->\n<title>Las Juntas Generales de \u00c1lava aprueban una moci\u00f3n relativa al coste del cultivo del vi\u00f1edo y la uva en Rioja Alavesa - UAGA<\/title>\n<meta name=\"robots\" content=\"index, follow, max-snippet:-1, max-image-preview:large, max-video-preview:-1\" \/>\n<link rel=\"canonical\" href=\"https:\/\/www.uaga.eus\/las-juntas-generales-de-alava-aprueban-una-mocion-relativa-al-coste-del-cultivo-del-vinedo-y-la-uva-en-rioja-alavesa\/\" \/>\n<meta property=\"og:locale\" content=\"en_US\" \/>\n<meta property=\"og:type\" content=\"article\" \/>\n<meta property=\"og:title\" content=\"Las Juntas Generales de \u00c1lava aprueban una moci\u00f3n relativa al coste del cultivo del vi\u00f1edo y la uva en Rioja Alavesa - UAGA\" \/>\n<meta property=\"og:description\" content=\"Las Juntas Generales \u00a0han aprobado la moci\u00f3n 67\/2020 del 28 de octubre, instando a las diferentes administraciones: 1. A Diputaci\u00f3n Foral de \u00c1lava, a que en el plazo de cuatro meses realice un informe t\u00e9cnico pormenorizado sobre los costes del cultivo en vi\u00f1edo de Rioja Alavesa en una explotaci\u00f3n de tipo medio, en los modelos [&hellip;]\" \/>\n<meta property=\"og:url\" content=\"https:\/\/www.uaga.eus\/las-juntas-generales-de-alava-aprueban-una-mocion-relativa-al-coste-del-cultivo-del-vinedo-y-la-uva-en-rioja-alavesa\/\" \/>\n<meta property=\"og:site_name\" content=\"UAGA\" \/>\n<meta property=\"article:published_time\" content=\"2020-11-06T13:48:58+00:00\" \/>\n<meta property=\"og:image\" content=\"https:\/\/www.uaga.eus\/wp-content\/uploads\/2019\/10\/a7c8a455-4ab6-4b24-872f-de64374db8fe.jpg\" \/>\n\t<meta property=\"og:image:width\" content=\"600\" \/>\n\t<meta property=\"og:image:height\" content=\"318\" \/>\n\t<meta property=\"og:image:type\" content=\"image\/jpeg\" \/>\n<meta name=\"author\" content=\"Blanca S\u00e1nchez\" \/>\n<meta name=\"twitter:card\" content=\"summary_large_image\" \/>\n<meta name=\"twitter:label1\" content=\"Written by\" \/>\n\t<meta name=\"twitter:data1\" content=\"Blanca S\u00e1nchez\" \/>\n\t<meta name=\"twitter:label2\" content=\"Est. reading time\" \/>\n\t<meta name=\"twitter:data2\" content=\"1 minutua\" \/>\n<script type=\"application\/ld+json\" class=\"yoast-schema-graph\">{\"@context\":\"https:\/\/schema.org\",\"@graph\":[{\"@type\":\"WebPage\",\"@id\":\"https:\/\/www.uaga.eus\/las-juntas-generales-de-alava-aprueban-una-mocion-relativa-al-coste-del-cultivo-del-vinedo-y-la-uva-en-rioja-alavesa\/\",\"url\":\"https:\/\/www.uaga.eus\/las-juntas-generales-de-alava-aprueban-una-mocion-relativa-al-coste-del-cultivo-del-vinedo-y-la-uva-en-rioja-alavesa\/\",\"name\":\"Las Juntas Generales de \u00c1lava aprueban una moci\u00f3n relativa al coste del cultivo del vi\u00f1edo y la uva en Rioja Alavesa - UAGA\",\"isPartOf\":{\"@id\":\"https:\/\/www.uaga.eus\/#website\"},\"datePublished\":\"2020-11-06T13:48:58+00:00\",\"dateModified\":\"2020-11-06T13:48:58+00:00\",\"author\":{\"@id\":\"https:\/\/www.uaga.eus\/#\/schema\/person\/48c3cbf0f33d1b788226dbb6518689cf\"},\"breadcrumb\":{\"@id\":\"https:\/\/www.uaga.eus\/las-juntas-generales-de-alava-aprueban-una-mocion-relativa-al-coste-del-cultivo-del-vinedo-y-la-uva-en-rioja-alavesa\/#breadcrumb\"},\"inLanguage\":\"eu\",\"potentialAction\":[{\"@type\":\"ReadAction\",\"target\":[\"https:\/\/www.uaga.eus\/las-juntas-generales-de-alava-aprueban-una-mocion-relativa-al-coste-del-cultivo-del-vinedo-y-la-uva-en-rioja-alavesa\/\"]}]},{\"@type\":\"BreadcrumbList\",\"@id\":\"https:\/\/www.uaga.eus\/las-juntas-generales-de-alava-aprueban-una-mocion-relativa-al-coste-del-cultivo-del-vinedo-y-la-uva-en-rioja-alavesa\/#breadcrumb\",\"itemListElement\":[{\"@type\":\"ListItem\",\"position\":1,\"name\":\"Inicio\",\"item\":\"https:\/\/www.uaga.eus\/\"},{\"@type\":\"ListItem\",\"position\":2,\"name\":\"Las Juntas Generales de \u00c1lava aprueban una moci\u00f3n relativa al coste del cultivo del vi\u00f1edo y la uva en Rioja Alavesa\"}]},{\"@type\":\"WebSite\",\"@id\":\"https:\/\/www.uaga.eus\/#website\",\"url\":\"https:\/\/www.uaga.eus\/\",\"name\":\"UAGA\",\"description\":\"Uni\u00f3n Agroganadera de \u00c1lava - Araba Nekazarien Elkartea\",\"potentialAction\":[{\"@type\":\"SearchAction\",\"target\":{\"@type\":\"EntryPoint\",\"urlTemplate\":\"https:\/\/www.uaga.eus\/?s={search_term_string}\"},\"query-input\":\"required name=search_term_string\"}],\"inLanguage\":\"eu\"},{\"@type\":\"Person\",\"@id\":\"https:\/\/www.uaga.eus\/#\/schema\/person\/48c3cbf0f33d1b788226dbb6518689cf\",\"name\":\"Blanca S\u00e1nchez\",\"image\":{\"@type\":\"ImageObject\",\"inLanguage\":\"eu\",\"@id\":\"https:\/\/www.uaga.eus\/#\/schema\/person\/image\/\",\"url\":\"https:\/\/secure.gravatar.com\/avatar\/0dc91c20648254b1ce84877283f6751b?s=96&d=mm&r=g\",\"contentUrl\":\"https:\/\/secure.gravatar.com\/avatar\/0dc91c20648254b1ce84877283f6751b?s=96&d=mm&r=g\",\"caption\":\"Blanca S\u00e1nchez\"},\"url\":\"https:\/\/www.uaga.eus\/eu\/author\/bsanchez\/\"}]}<\/script>\n<!-- \/ Yoast SEO plugin. -->","yoast_head_json":{"title":"Las Juntas Generales de \u00c1lava aprueban una moci\u00f3n relativa al coste del cultivo del vi\u00f1edo y la uva en Rioja Alavesa - UAGA","robots":{"index":"index","follow":"follow","max-snippet":"max-snippet:-1","max-image-preview":"max-image-preview:large","max-video-preview":"max-video-preview:-1"},"canonical":"https:\/\/www.uaga.eus\/las-juntas-generales-de-alava-aprueban-una-mocion-relativa-al-coste-del-cultivo-del-vinedo-y-la-uva-en-rioja-alavesa\/","og_locale":"en_US","og_type":"article","og_title":"Las Juntas Generales de \u00c1lava aprueban una moci\u00f3n relativa al coste del cultivo del vi\u00f1edo y la uva en Rioja Alavesa - UAGA","og_description":"Las Juntas Generales \u00a0han aprobado la moci\u00f3n 67\/2020 del 28 de octubre, instando a las diferentes administraciones: 1. A Diputaci\u00f3n Foral de \u00c1lava, a que en el plazo de cuatro meses realice un informe t\u00e9cnico pormenorizado sobre los costes del cultivo en vi\u00f1edo de Rioja Alavesa en una explotaci\u00f3n de tipo medio, en los modelos [&hellip;]","og_url":"https:\/\/www.uaga.eus\/las-juntas-generales-de-alava-aprueban-una-mocion-relativa-al-coste-del-cultivo-del-vinedo-y-la-uva-en-rioja-alavesa\/","og_site_name":"UAGA","article_published_time":"2020-11-06T13:48:58+00:00","og_image":[{"width":600,"height":318,"url":"https:\/\/www.uaga.eus\/wp-content\/uploads\/2019\/10\/a7c8a455-4ab6-4b24-872f-de64374db8fe.jpg","type":"image\/jpeg"}],"author":"Blanca S\u00e1nchez","twitter_card":"summary_large_image","twitter_misc":{"Written by":"Blanca S\u00e1nchez","Est. reading time":"1 minutua"},"schema":{"@context":"https:\/\/schema.org","@graph":[{"@type":"WebPage","@id":"https:\/\/www.uaga.eus\/las-juntas-generales-de-alava-aprueban-una-mocion-relativa-al-coste-del-cultivo-del-vinedo-y-la-uva-en-rioja-alavesa\/","url":"https:\/\/www.uaga.eus\/las-juntas-generales-de-alava-aprueban-una-mocion-relativa-al-coste-del-cultivo-del-vinedo-y-la-uva-en-rioja-alavesa\/","name":"Las Juntas Generales de \u00c1lava aprueban una moci\u00f3n relativa al coste del cultivo del vi\u00f1edo y la uva en Rioja Alavesa - UAGA","isPartOf":{"@id":"https:\/\/www.uaga.eus\/#website"},"datePublished":"2020-11-06T13:48:58+00:00","dateModified":"2020-11-06T13:48:58+00:00","author":{"@id":"https:\/\/www.uaga.eus\/#\/schema\/person\/48c3cbf0f33d1b788226dbb6518689cf"},"breadcrumb":{"@id":"https:\/\/www.uaga.eus\/las-juntas-generales-de-alava-aprueban-una-mocion-relativa-al-coste-del-cultivo-del-vinedo-y-la-uva-en-rioja-alavesa\/#breadcrumb"},"inLanguage":"eu","potentialAction":[{"@type":"ReadAction","target":["https:\/\/www.uaga.eus\/las-juntas-generales-de-alava-aprueban-una-mocion-relativa-al-coste-del-cultivo-del-vinedo-y-la-uva-en-rioja-alavesa\/"]}]},{"@type":"BreadcrumbList","@id":"https:\/\/www.uaga.eus\/las-juntas-generales-de-alava-aprueban-una-mocion-relativa-al-coste-del-cultivo-del-vinedo-y-la-uva-en-rioja-alavesa\/#breadcrumb","itemListElement":[{"@type":"ListItem","position":1,"name":"Inicio","item":"https:\/\/www.uaga.eus\/"},{"@type":"ListItem","position":2,"name":"Las Juntas Generales de \u00c1lava aprueban una moci\u00f3n relativa al coste del cultivo del vi\u00f1edo y la uva en Rioja Alavesa"}]},{"@type":"WebSite","@id":"https:\/\/www.uaga.eus\/#website","url":"https:\/\/www.uaga.eus\/","name":"UAGA","description":"Uni\u00f3n Agroganadera de \u00c1lava - Araba Nekazarien Elkartea","potentialAction":[{"@type":"SearchAction","target":{"@type":"EntryPoint","urlTemplate":"https:\/\/www.uaga.eus\/?s={search_term_string}"},"query-input":"required name=search_term_string"}],"inLanguage":"eu"},{"@type":"Person","@id":"https:\/\/www.uaga.eus\/#\/schema\/person\/48c3cbf0f33d1b788226dbb6518689cf","name":"Blanca S\u00e1nchez","image":{"@type":"ImageObject","inLanguage":"eu","@id":"https:\/\/www.uaga.eus\/#\/schema\/person\/image\/","url":"https:\/\/secure.gravatar.com\/avatar\/0dc91c20648254b1ce84877283f6751b?s=96&d=mm&r=g","contentUrl":"https:\/\/secure.gravatar.com\/avatar\/0dc91c20648254b1ce84877283f6751b?s=96&d=mm&r=g","caption":"Blanca S\u00e1nchez"},"url":"https:\/\/www.uaga.eus\/eu\/author\/bsanchez\/"}]}},"_links":{"self":[{"href":"https:\/\/www.uaga.eus\/eu\/wp-json\/wp\/v2\/posts\/8208"}],"collection":[{"href":"https:\/\/www.uaga.eus\/eu\/wp-json\/wp\/v2\/posts"}],"about":[{"href":"https:\/\/www.uaga.eus\/eu\/wp-json\/wp\/v2\/types\/post"}],"author":[{"embeddable":true,"href":"https:\/\/www.uaga.eus\/eu\/wp-json\/wp\/v2\/users\/4"}],"replies":[{"embeddable":true,"href":"https:\/\/www.uaga.eus\/eu\/wp-json\/wp\/v2\/comments?post=8208"}],"version-history":[{"count":1,"href":"https:\/\/www.uaga.eus\/eu\/wp-json\/wp\/v2\/posts\/8208\/revisions"}],"predecessor-version":[{"id":8209,"href":"https:\/\/www.uaga.eus\/eu\/wp-json\/wp\/v2\/posts\/8208\/revisions\/8209"}],"wp:featuredmedia":[{"embeddable":true,"href":"https:\/\/www.uaga.eus\/eu\/wp-json\/wp\/v2\/media\/6613"}],"wp:attachment":[{"href":"https:\/\/www.uaga.eus\/eu\/wp-json\/wp\/v2\/media?parent=8208"}],"wp:term":[{"taxonomy":"category","embeddable":true,"href":"https:\/\/www.uaga.eus\/eu\/wp-json\/wp\/v2\/categories?post=8208"},{"taxonomy":"post_tag","embeddable":true,"href":"https:\/\/www.uaga.eus\/eu\/wp-json\/wp\/v2\/tags?post=8208"}],"curies":[{"name":"wp","href":"https:\/\/api.w.org\/{rel}","templated":true}]}}