{"id":8204,"date":"2020-11-06T13:44:51","date_gmt":"2020-11-06T13:44:51","guid":{"rendered":"https:\/\/www.uaga.eus\/?p=8204"},"modified":"2020-11-06T13:46:24","modified_gmt":"2020-11-06T13:46:24","slug":"coag-informa-sobre-las-ultimas-reuniones-en-materia-de-agricultura-ecologica","status":"publish","type":"post","link":"https:\/\/www.uaga.eus\/eu\/coag-informa-sobre-las-ultimas-reuniones-en-materia-de-agricultura-ecologica\/","title":{"rendered":"COAG informa sobre las \u00faltimas reuniones en materia de agricultura ecol\u00f3gica"},"content":{"rendered":"<p>COAG, de la que forma parte UAGA a nivel estatal, ha asistido a varias reuniones de Agricultura Ecol\u00f3gica e informa de los temas tratados en ellas.<\/p>\n<p>Por un lado, se ha celebrado la reuni\u00f3n del Grupo de Dialogo Civil de Agricultura Ecol\u00f3gica de la UE en el que participan representantes de productores y consumidores. Se ha valorado positivamente el aplazamiento hasta 2022 de la entrada en vigor del Reglamento de Agricultura ecol\u00f3gica y se ha remarcado la necesidad de poder utilizar y resembrar semillas ecol\u00f3gicas de la propia explotaci\u00f3n.<\/p>\n<p>Por otro lado, ha tenido lugar el Foro del sector de Agricultura Ecol\u00f3gica convocado por el Ministerio. Se ha presentado el Pacto Verde, F2F y Agricultura Ecol\u00f3gica. El objetivo de que el 25 % de las tierras agr\u00edcolas de la UE se trabajen en agricultura ecol\u00f3gica para el a\u00f1o 2030 es muy ambicioso y se debe impulsar el plan de acci\u00f3n de la UE. Actualmente en el Estado hay un 9% de superficie ecol\u00f3gica con diferencias notables entre cultivos, por lo que se est\u00e1n haciendo proyecciones para los cultivos analizando cu\u00e1l es la mejor l\u00ednea de trabajo para cumplir con los objetivos.<\/p>\n<p>Puedes consultar la presentaci\u00f3n sobre la estrategia \u201cde la granja a la mesa\u201d del Ministerio en el Foro de Agricultura Ecol\u00f3gica en el siguiente <a href=\"https:\/\/mcusercontent.com\/498b950ccfc4b8d0e600d7e48\/files\/5d8c6a2d-92c2-4a2f-9b6f-1e7d37249bc5\/20201022_Presentaci\u00f3n_Ministerio_Farm2Fork.pdf\" target=\"_blank\" rel=\"noopener\" data-cke-saved-href=\"https:\/\/mcusercontent.com\/498b950ccfc4b8d0e600d7e48\/files\/5d8c6a2d-92c2-4a2f-9b6f-1e7d37249bc5\/20201022_Presentaci\u00f3n_Ministerio_Farm2Fork.pdf\">enlace<\/a>.<\/p>\n<p>+ INFO SUGOI: 675 707 696<\/p>\n","protected":false},"excerpt":{"rendered":"<p>COAG, de la que forma parte UAGA a nivel estatal, ha asistido a varias reuniones de Agricultura Ecol\u00f3gica e informa de los temas tratados en ellas. Por un lado, se ha celebrado la reuni\u00f3n del Grupo de Dialogo Civil de Agricultura Ecol\u00f3gica de la UE en el que participan representantes de productores y consumidores. Se [&hellip;]<\/p>\n","protected":false},"author":4,"featured_media":8202,"comment_status":"closed","ping_status":"closed","sticky":false,"template":"","format":"standard","meta":{"footnotes":""},"categories":[10,3],"tags":[],"yoast_head":"<!-- This site is optimized with the Yoast SEO plugin v21.5 - https:\/\/yoast.com\/wordpress\/plugins\/seo\/ -->\n<title>COAG informa sobre las \u00faltimas reuniones en materia de agricultura ecol\u00f3gica - UAGA<\/title>\n<meta name=\"robots\" content=\"index, follow, max-snippet:-1, max-image-preview:large, max-video-preview:-1\" \/>\n<link rel=\"canonical\" href=\"https:\/\/www.uaga.eus\/coag-informa-sobre-las-ultimas-reuniones-en-materia-de-agricultura-ecologica\/\" \/>\n<meta property=\"og:locale\" content=\"en_US\" \/>\n<meta property=\"og:type\" content=\"article\" \/>\n<meta property=\"og:title\" content=\"COAG informa sobre las \u00faltimas reuniones en materia de agricultura ecol\u00f3gica - UAGA\" \/>\n<meta property=\"og:description\" content=\"COAG, de la que forma parte UAGA a nivel estatal, ha asistido a varias reuniones de Agricultura Ecol\u00f3gica e informa de los temas tratados en ellas. Por un lado, se ha celebrado la reuni\u00f3n del Grupo de Dialogo Civil de Agricultura Ecol\u00f3gica de la UE en el que participan representantes de productores y consumidores. Se [&hellip;]\" \/>\n<meta property=\"og:url\" content=\"https:\/\/www.uaga.eus\/coag-informa-sobre-las-ultimas-reuniones-en-materia-de-agricultura-ecologica\/\" \/>\n<meta property=\"og:site_name\" content=\"UAGA\" \/>\n<meta property=\"article:published_time\" content=\"2020-11-06T13:44:51+00:00\" \/>\n<meta property=\"article:modified_time\" content=\"2020-11-06T13:46:24+00:00\" \/>\n<meta property=\"og:image\" content=\"https:\/\/www.uaga.eus\/wp-content\/uploads\/2020\/11\/maiz.jpg\" \/>\n\t<meta property=\"og:image:width\" content=\"650\" \/>\n\t<meta property=\"og:image:height\" content=\"366\" \/>\n\t<meta property=\"og:image:type\" content=\"image\/jpeg\" \/>\n<meta name=\"author\" content=\"Blanca S\u00e1nchez\" \/>\n<meta name=\"twitter:card\" content=\"summary_large_image\" \/>\n<meta name=\"twitter:label1\" content=\"Written by\" \/>\n\t<meta name=\"twitter:data1\" content=\"Blanca S\u00e1nchez\" \/>\n\t<meta name=\"twitter:label2\" content=\"Est. reading time\" \/>\n\t<meta name=\"twitter:data2\" content=\"1 minutua\" \/>\n<script type=\"application\/ld+json\" class=\"yoast-schema-graph\">{\"@context\":\"https:\/\/schema.org\",\"@graph\":[{\"@type\":\"WebPage\",\"@id\":\"https:\/\/www.uaga.eus\/coag-informa-sobre-las-ultimas-reuniones-en-materia-de-agricultura-ecologica\/\",\"url\":\"https:\/\/www.uaga.eus\/coag-informa-sobre-las-ultimas-reuniones-en-materia-de-agricultura-ecologica\/\",\"name\":\"COAG informa sobre las \u00faltimas reuniones en materia de agricultura ecol\u00f3gica - UAGA\",\"isPartOf\":{\"@id\":\"https:\/\/www.uaga.eus\/#website\"},\"datePublished\":\"2020-11-06T13:44:51+00:00\",\"dateModified\":\"2020-11-06T13:46:24+00:00\",\"author\":{\"@id\":\"https:\/\/www.uaga.eus\/#\/schema\/person\/48c3cbf0f33d1b788226dbb6518689cf\"},\"breadcrumb\":{\"@id\":\"https:\/\/www.uaga.eus\/coag-informa-sobre-las-ultimas-reuniones-en-materia-de-agricultura-ecologica\/#breadcrumb\"},\"inLanguage\":\"eu\",\"potentialAction\":[{\"@type\":\"ReadAction\",\"target\":[\"https:\/\/www.uaga.eus\/coag-informa-sobre-las-ultimas-reuniones-en-materia-de-agricultura-ecologica\/\"]}]},{\"@type\":\"BreadcrumbList\",\"@id\":\"https:\/\/www.uaga.eus\/coag-informa-sobre-las-ultimas-reuniones-en-materia-de-agricultura-ecologica\/#breadcrumb\",\"itemListElement\":[{\"@type\":\"ListItem\",\"position\":1,\"name\":\"Inicio\",\"item\":\"https:\/\/www.uaga.eus\/\"},{\"@type\":\"ListItem\",\"position\":2,\"name\":\"COAG informa sobre las \u00faltimas reuniones en materia de agricultura ecol\u00f3gica\"}]},{\"@type\":\"WebSite\",\"@id\":\"https:\/\/www.uaga.eus\/#website\",\"url\":\"https:\/\/www.uaga.eus\/\",\"name\":\"UAGA\",\"description\":\"Uni\u00f3n Agroganadera de \u00c1lava - Araba Nekazarien Elkartea\",\"potentialAction\":[{\"@type\":\"SearchAction\",\"target\":{\"@type\":\"EntryPoint\",\"urlTemplate\":\"https:\/\/www.uaga.eus\/?s={search_term_string}\"},\"query-input\":\"required name=search_term_string\"}],\"inLanguage\":\"eu\"},{\"@type\":\"Person\",\"@id\":\"https:\/\/www.uaga.eus\/#\/schema\/person\/48c3cbf0f33d1b788226dbb6518689cf\",\"name\":\"Blanca S\u00e1nchez\",\"image\":{\"@type\":\"ImageObject\",\"inLanguage\":\"eu\",\"@id\":\"https:\/\/www.uaga.eus\/#\/schema\/person\/image\/\",\"url\":\"https:\/\/secure.gravatar.com\/avatar\/0dc91c20648254b1ce84877283f6751b?s=96&d=mm&r=g\",\"contentUrl\":\"https:\/\/secure.gravatar.com\/avatar\/0dc91c20648254b1ce84877283f6751b?s=96&d=mm&r=g\",\"caption\":\"Blanca S\u00e1nchez\"},\"url\":\"https:\/\/www.uaga.eus\/eu\/author\/bsanchez\/\"}]}<\/script>\n<!-- \/ Yoast SEO plugin. -->","yoast_head_json":{"title":"COAG informa sobre las \u00faltimas reuniones en materia de agricultura ecol\u00f3gica - UAGA","robots":{"index":"index","follow":"follow","max-snippet":"max-snippet:-1","max-image-preview":"max-image-preview:large","max-video-preview":"max-video-preview:-1"},"canonical":"https:\/\/www.uaga.eus\/coag-informa-sobre-las-ultimas-reuniones-en-materia-de-agricultura-ecologica\/","og_locale":"en_US","og_type":"article","og_title":"COAG informa sobre las \u00faltimas reuniones en materia de agricultura ecol\u00f3gica - UAGA","og_description":"COAG, de la que forma parte UAGA a nivel estatal, ha asistido a varias reuniones de Agricultura Ecol\u00f3gica e informa de los temas tratados en ellas. Por un lado, se ha celebrado la reuni\u00f3n del Grupo de Dialogo Civil de Agricultura Ecol\u00f3gica de la UE en el que participan representantes de productores y consumidores. Se [&hellip;]","og_url":"https:\/\/www.uaga.eus\/coag-informa-sobre-las-ultimas-reuniones-en-materia-de-agricultura-ecologica\/","og_site_name":"UAGA","article_published_time":"2020-11-06T13:44:51+00:00","article_modified_time":"2020-11-06T13:46:24+00:00","og_image":[{"width":650,"height":366,"url":"https:\/\/www.uaga.eus\/wp-content\/uploads\/2020\/11\/maiz.jpg","type":"image\/jpeg"}],"author":"Blanca S\u00e1nchez","twitter_card":"summary_large_image","twitter_misc":{"Written by":"Blanca S\u00e1nchez","Est. reading time":"1 minutua"},"schema":{"@context":"https:\/\/schema.org","@graph":[{"@type":"WebPage","@id":"https:\/\/www.uaga.eus\/coag-informa-sobre-las-ultimas-reuniones-en-materia-de-agricultura-ecologica\/","url":"https:\/\/www.uaga.eus\/coag-informa-sobre-las-ultimas-reuniones-en-materia-de-agricultura-ecologica\/","name":"COAG informa sobre las \u00faltimas reuniones en materia de agricultura ecol\u00f3gica - UAGA","isPartOf":{"@id":"https:\/\/www.uaga.eus\/#website"},"datePublished":"2020-11-06T13:44:51+00:00","dateModified":"2020-11-06T13:46:24+00:00","author":{"@id":"https:\/\/www.uaga.eus\/#\/schema\/person\/48c3cbf0f33d1b788226dbb6518689cf"},"breadcrumb":{"@id":"https:\/\/www.uaga.eus\/coag-informa-sobre-las-ultimas-reuniones-en-materia-de-agricultura-ecologica\/#breadcrumb"},"inLanguage":"eu","potentialAction":[{"@type":"ReadAction","target":["https:\/\/www.uaga.eus\/coag-informa-sobre-las-ultimas-reuniones-en-materia-de-agricultura-ecologica\/"]}]},{"@type":"BreadcrumbList","@id":"https:\/\/www.uaga.eus\/coag-informa-sobre-las-ultimas-reuniones-en-materia-de-agricultura-ecologica\/#breadcrumb","itemListElement":[{"@type":"ListItem","position":1,"name":"Inicio","item":"https:\/\/www.uaga.eus\/"},{"@type":"ListItem","position":2,"name":"COAG informa sobre las \u00faltimas reuniones en materia de agricultura ecol\u00f3gica"}]},{"@type":"WebSite","@id":"https:\/\/www.uaga.eus\/#website","url":"https:\/\/www.uaga.eus\/","name":"UAGA","description":"Uni\u00f3n Agroganadera de \u00c1lava - Araba Nekazarien Elkartea","potentialAction":[{"@type":"SearchAction","target":{"@type":"EntryPoint","urlTemplate":"https:\/\/www.uaga.eus\/?s={search_term_string}"},"query-input":"required name=search_term_string"}],"inLanguage":"eu"},{"@type":"Person","@id":"https:\/\/www.uaga.eus\/#\/schema\/person\/48c3cbf0f33d1b788226dbb6518689cf","name":"Blanca S\u00e1nchez","image":{"@type":"ImageObject","inLanguage":"eu","@id":"https:\/\/www.uaga.eus\/#\/schema\/person\/image\/","url":"https:\/\/secure.gravatar.com\/avatar\/0dc91c20648254b1ce84877283f6751b?s=96&d=mm&r=g","contentUrl":"https:\/\/secure.gravatar.com\/avatar\/0dc91c20648254b1ce84877283f6751b?s=96&d=mm&r=g","caption":"Blanca S\u00e1nchez"},"url":"https:\/\/www.uaga.eus\/eu\/author\/bsanchez\/"}]}},"_links":{"self":[{"href":"https:\/\/www.uaga.eus\/eu\/wp-json\/wp\/v2\/posts\/8204"}],"collection":[{"href":"https:\/\/www.uaga.eus\/eu\/wp-json\/wp\/v2\/posts"}],"about":[{"href":"https:\/\/www.uaga.eus\/eu\/wp-json\/wp\/v2\/types\/post"}],"author":[{"embeddable":true,"href":"https:\/\/www.uaga.eus\/eu\/wp-json\/wp\/v2\/users\/4"}],"replies":[{"embeddable":true,"href":"https:\/\/www.uaga.eus\/eu\/wp-json\/wp\/v2\/comments?post=8204"}],"version-history":[{"count":1,"href":"https:\/\/www.uaga.eus\/eu\/wp-json\/wp\/v2\/posts\/8204\/revisions"}],"predecessor-version":[{"id":8205,"href":"https:\/\/www.uaga.eus\/eu\/wp-json\/wp\/v2\/posts\/8204\/revisions\/8205"}],"wp:featuredmedia":[{"embeddable":true,"href":"https:\/\/www.uaga.eus\/eu\/wp-json\/wp\/v2\/media\/8202"}],"wp:attachment":[{"href":"https:\/\/www.uaga.eus\/eu\/wp-json\/wp\/v2\/media?parent=8204"}],"wp:term":[{"taxonomy":"category","embeddable":true,"href":"https:\/\/www.uaga.eus\/eu\/wp-json\/wp\/v2\/categories?post=8204"},{"taxonomy":"post_tag","embeddable":true,"href":"https:\/\/www.uaga.eus\/eu\/wp-json\/wp\/v2\/tags?post=8204"}],"curies":[{"name":"wp","href":"https:\/\/api.w.org\/{rel}","templated":true}]}}