{"id":8180,"date":"2020-10-30T11:43:22","date_gmt":"2020-10-30T11:43:22","guid":{"rendered":"https:\/\/www.uaga.eus\/?p=8180"},"modified":"2020-10-30T11:43:22","modified_gmt":"2020-10-30T11:43:22","slug":"el-colectivo-de-remolacha-de-uaga-comienza-la-campana-el-3-de-noviembre","status":"publish","type":"post","link":"https:\/\/www.uaga.eus\/eu\/el-colectivo-de-remolacha-de-uaga-comienza-la-campana-el-3-de-noviembre\/","title":{"rendered":"El colectivo de remolacha de UAGA comienza la campa\u00f1a el 3 de noviembre\u00a0"},"content":{"rendered":"<p>Azucarera ha informado que el pr\u00f3ximo 3 de noviembre dar\u00e1 comienzo la campa\u00f1a de remolacha, con la apertura de la f\u00e1brica de Miranda.<\/p>\n<p>El aforo previsto asciende a 220.000 toneladas, de las que 108.700 t corresponden a \u00c1lava, 65.600 t a La Rioja; 29.100 t a Castilla y Le\u00f3n y 16.600 Navarra .<\/p>\n<p>La superficie sembrada asciende a 2.309 hect\u00e1reas, de las que 1.121 est\u00e1n en \u00c1lava, y para las que se estima un rendimiento medio en torno a 97 toneladas por hect\u00e1rea.<\/p>\n<p>Las 72 explotaciones del colectivo de remolacha de UAGA han sembrado 824 hect\u00e1reas, de las que 23 est\u00e1n en Trevi\u00f1o.\u00a0As\u00ed, del total de la superficie de remolacha contratada en la f\u00e1brica de Miranda, casi el 36% pertenece al colectivo de UAGA, y casi el \u00a072% de la superficie de \u00c1lava.<\/p>\n<p>+ INFO YOLANDA:\u00a0615 779 584<\/p>\n","protected":false},"excerpt":{"rendered":"<p>Azucarera ha informado que el pr\u00f3ximo 3 de noviembre dar\u00e1 comienzo la campa\u00f1a de remolacha, con la apertura de la f\u00e1brica de Miranda. El aforo previsto asciende a 220.000 toneladas, de las que 108.700 t corresponden a \u00c1lava, 65.600 t a La Rioja; 29.100 t a Castilla y Le\u00f3n y 16.600 Navarra . La superficie [&hellip;]<\/p>\n","protected":false},"author":4,"featured_media":6534,"comment_status":"closed","ping_status":"closed","sticky":false,"template":"","format":"standard","meta":{"footnotes":""},"categories":[7],"tags":[],"yoast_head":"<!-- This site is optimized with the Yoast SEO plugin v21.5 - https:\/\/yoast.com\/wordpress\/plugins\/seo\/ -->\n<title>El colectivo de remolacha de UAGA comienza la campa\u00f1a el 3 de noviembre\u00a0 - UAGA<\/title>\n<meta name=\"robots\" content=\"index, follow, max-snippet:-1, max-image-preview:large, max-video-preview:-1\" \/>\n<link rel=\"canonical\" href=\"https:\/\/www.uaga.eus\/el-colectivo-de-remolacha-de-uaga-comienza-la-campana-el-3-de-noviembre\/\" \/>\n<meta property=\"og:locale\" content=\"en_US\" \/>\n<meta property=\"og:type\" content=\"article\" \/>\n<meta property=\"og:title\" content=\"El colectivo de remolacha de UAGA comienza la campa\u00f1a el 3 de noviembre\u00a0 - UAGA\" \/>\n<meta property=\"og:description\" content=\"Azucarera ha informado que el pr\u00f3ximo 3 de noviembre dar\u00e1 comienzo la campa\u00f1a de remolacha, con la apertura de la f\u00e1brica de Miranda. El aforo previsto asciende a 220.000 toneladas, de las que 108.700 t corresponden a \u00c1lava, 65.600 t a La Rioja; 29.100 t a Castilla y Le\u00f3n y 16.600 Navarra . La superficie [&hellip;]\" \/>\n<meta property=\"og:url\" content=\"https:\/\/www.uaga.eus\/el-colectivo-de-remolacha-de-uaga-comienza-la-campana-el-3-de-noviembre\/\" \/>\n<meta property=\"og:site_name\" content=\"UAGA\" \/>\n<meta property=\"article:published_time\" content=\"2020-10-30T11:43:22+00:00\" \/>\n<meta property=\"og:image\" content=\"https:\/\/www.uaga.eus\/wp-content\/uploads\/2019\/10\/arranque-remolacha.jpg\" \/>\n\t<meta property=\"og:image:width\" content=\"649\" \/>\n\t<meta property=\"og:image:height\" content=\"354\" \/>\n\t<meta property=\"og:image:type\" content=\"image\/jpeg\" \/>\n<meta name=\"author\" content=\"Blanca S\u00e1nchez\" \/>\n<meta name=\"twitter:card\" content=\"summary_large_image\" \/>\n<meta name=\"twitter:label1\" content=\"Written by\" \/>\n\t<meta name=\"twitter:data1\" content=\"Blanca S\u00e1nchez\" \/>\n\t<meta name=\"twitter:label2\" content=\"Est. reading time\" \/>\n\t<meta name=\"twitter:data2\" content=\"1 minutua\" \/>\n<script type=\"application\/ld+json\" class=\"yoast-schema-graph\">{\"@context\":\"https:\/\/schema.org\",\"@graph\":[{\"@type\":\"WebPage\",\"@id\":\"https:\/\/www.uaga.eus\/el-colectivo-de-remolacha-de-uaga-comienza-la-campana-el-3-de-noviembre\/\",\"url\":\"https:\/\/www.uaga.eus\/el-colectivo-de-remolacha-de-uaga-comienza-la-campana-el-3-de-noviembre\/\",\"name\":\"El colectivo de remolacha de UAGA comienza la campa\u00f1a el 3 de noviembre\u00a0 - UAGA\",\"isPartOf\":{\"@id\":\"https:\/\/www.uaga.eus\/#website\"},\"datePublished\":\"2020-10-30T11:43:22+00:00\",\"dateModified\":\"2020-10-30T11:43:22+00:00\",\"author\":{\"@id\":\"https:\/\/www.uaga.eus\/#\/schema\/person\/48c3cbf0f33d1b788226dbb6518689cf\"},\"breadcrumb\":{\"@id\":\"https:\/\/www.uaga.eus\/el-colectivo-de-remolacha-de-uaga-comienza-la-campana-el-3-de-noviembre\/#breadcrumb\"},\"inLanguage\":\"eu\",\"potentialAction\":[{\"@type\":\"ReadAction\",\"target\":[\"https:\/\/www.uaga.eus\/el-colectivo-de-remolacha-de-uaga-comienza-la-campana-el-3-de-noviembre\/\"]}]},{\"@type\":\"BreadcrumbList\",\"@id\":\"https:\/\/www.uaga.eus\/el-colectivo-de-remolacha-de-uaga-comienza-la-campana-el-3-de-noviembre\/#breadcrumb\",\"itemListElement\":[{\"@type\":\"ListItem\",\"position\":1,\"name\":\"Inicio\",\"item\":\"https:\/\/www.uaga.eus\/\"},{\"@type\":\"ListItem\",\"position\":2,\"name\":\"El colectivo de remolacha de UAGA comienza la campa\u00f1a el 3 de noviembre\u00a0\"}]},{\"@type\":\"WebSite\",\"@id\":\"https:\/\/www.uaga.eus\/#website\",\"url\":\"https:\/\/www.uaga.eus\/\",\"name\":\"UAGA\",\"description\":\"Uni\u00f3n Agroganadera de \u00c1lava - Araba Nekazarien Elkartea\",\"potentialAction\":[{\"@type\":\"SearchAction\",\"target\":{\"@type\":\"EntryPoint\",\"urlTemplate\":\"https:\/\/www.uaga.eus\/?s={search_term_string}\"},\"query-input\":\"required name=search_term_string\"}],\"inLanguage\":\"eu\"},{\"@type\":\"Person\",\"@id\":\"https:\/\/www.uaga.eus\/#\/schema\/person\/48c3cbf0f33d1b788226dbb6518689cf\",\"name\":\"Blanca S\u00e1nchez\",\"image\":{\"@type\":\"ImageObject\",\"inLanguage\":\"eu\",\"@id\":\"https:\/\/www.uaga.eus\/#\/schema\/person\/image\/\",\"url\":\"https:\/\/secure.gravatar.com\/avatar\/0dc91c20648254b1ce84877283f6751b?s=96&d=mm&r=g\",\"contentUrl\":\"https:\/\/secure.gravatar.com\/avatar\/0dc91c20648254b1ce84877283f6751b?s=96&d=mm&r=g\",\"caption\":\"Blanca S\u00e1nchez\"},\"url\":\"https:\/\/www.uaga.eus\/eu\/author\/bsanchez\/\"}]}<\/script>\n<!-- \/ Yoast SEO plugin. -->","yoast_head_json":{"title":"El colectivo de remolacha de UAGA comienza la campa\u00f1a el 3 de noviembre\u00a0 - UAGA","robots":{"index":"index","follow":"follow","max-snippet":"max-snippet:-1","max-image-preview":"max-image-preview:large","max-video-preview":"max-video-preview:-1"},"canonical":"https:\/\/www.uaga.eus\/el-colectivo-de-remolacha-de-uaga-comienza-la-campana-el-3-de-noviembre\/","og_locale":"en_US","og_type":"article","og_title":"El colectivo de remolacha de UAGA comienza la campa\u00f1a el 3 de noviembre\u00a0 - UAGA","og_description":"Azucarera ha informado que el pr\u00f3ximo 3 de noviembre dar\u00e1 comienzo la campa\u00f1a de remolacha, con la apertura de la f\u00e1brica de Miranda. El aforo previsto asciende a 220.000 toneladas, de las que 108.700 t corresponden a \u00c1lava, 65.600 t a La Rioja; 29.100 t a Castilla y Le\u00f3n y 16.600 Navarra . La superficie [&hellip;]","og_url":"https:\/\/www.uaga.eus\/el-colectivo-de-remolacha-de-uaga-comienza-la-campana-el-3-de-noviembre\/","og_site_name":"UAGA","article_published_time":"2020-10-30T11:43:22+00:00","og_image":[{"width":649,"height":354,"url":"https:\/\/www.uaga.eus\/wp-content\/uploads\/2019\/10\/arranque-remolacha.jpg","type":"image\/jpeg"}],"author":"Blanca S\u00e1nchez","twitter_card":"summary_large_image","twitter_misc":{"Written by":"Blanca S\u00e1nchez","Est. reading time":"1 minutua"},"schema":{"@context":"https:\/\/schema.org","@graph":[{"@type":"WebPage","@id":"https:\/\/www.uaga.eus\/el-colectivo-de-remolacha-de-uaga-comienza-la-campana-el-3-de-noviembre\/","url":"https:\/\/www.uaga.eus\/el-colectivo-de-remolacha-de-uaga-comienza-la-campana-el-3-de-noviembre\/","name":"El colectivo de remolacha de UAGA comienza la campa\u00f1a el 3 de noviembre\u00a0 - UAGA","isPartOf":{"@id":"https:\/\/www.uaga.eus\/#website"},"datePublished":"2020-10-30T11:43:22+00:00","dateModified":"2020-10-30T11:43:22+00:00","author":{"@id":"https:\/\/www.uaga.eus\/#\/schema\/person\/48c3cbf0f33d1b788226dbb6518689cf"},"breadcrumb":{"@id":"https:\/\/www.uaga.eus\/el-colectivo-de-remolacha-de-uaga-comienza-la-campana-el-3-de-noviembre\/#breadcrumb"},"inLanguage":"eu","potentialAction":[{"@type":"ReadAction","target":["https:\/\/www.uaga.eus\/el-colectivo-de-remolacha-de-uaga-comienza-la-campana-el-3-de-noviembre\/"]}]},{"@type":"BreadcrumbList","@id":"https:\/\/www.uaga.eus\/el-colectivo-de-remolacha-de-uaga-comienza-la-campana-el-3-de-noviembre\/#breadcrumb","itemListElement":[{"@type":"ListItem","position":1,"name":"Inicio","item":"https:\/\/www.uaga.eus\/"},{"@type":"ListItem","position":2,"name":"El colectivo de remolacha de UAGA comienza la campa\u00f1a el 3 de noviembre\u00a0"}]},{"@type":"WebSite","@id":"https:\/\/www.uaga.eus\/#website","url":"https:\/\/www.uaga.eus\/","name":"UAGA","description":"Uni\u00f3n Agroganadera de \u00c1lava - Araba Nekazarien Elkartea","potentialAction":[{"@type":"SearchAction","target":{"@type":"EntryPoint","urlTemplate":"https:\/\/www.uaga.eus\/?s={search_term_string}"},"query-input":"required name=search_term_string"}],"inLanguage":"eu"},{"@type":"Person","@id":"https:\/\/www.uaga.eus\/#\/schema\/person\/48c3cbf0f33d1b788226dbb6518689cf","name":"Blanca S\u00e1nchez","image":{"@type":"ImageObject","inLanguage":"eu","@id":"https:\/\/www.uaga.eus\/#\/schema\/person\/image\/","url":"https:\/\/secure.gravatar.com\/avatar\/0dc91c20648254b1ce84877283f6751b?s=96&d=mm&r=g","contentUrl":"https:\/\/secure.gravatar.com\/avatar\/0dc91c20648254b1ce84877283f6751b?s=96&d=mm&r=g","caption":"Blanca S\u00e1nchez"},"url":"https:\/\/www.uaga.eus\/eu\/author\/bsanchez\/"}]}},"_links":{"self":[{"href":"https:\/\/www.uaga.eus\/eu\/wp-json\/wp\/v2\/posts\/8180"}],"collection":[{"href":"https:\/\/www.uaga.eus\/eu\/wp-json\/wp\/v2\/posts"}],"about":[{"href":"https:\/\/www.uaga.eus\/eu\/wp-json\/wp\/v2\/types\/post"}],"author":[{"embeddable":true,"href":"https:\/\/www.uaga.eus\/eu\/wp-json\/wp\/v2\/users\/4"}],"replies":[{"embeddable":true,"href":"https:\/\/www.uaga.eus\/eu\/wp-json\/wp\/v2\/comments?post=8180"}],"version-history":[{"count":1,"href":"https:\/\/www.uaga.eus\/eu\/wp-json\/wp\/v2\/posts\/8180\/revisions"}],"predecessor-version":[{"id":8181,"href":"https:\/\/www.uaga.eus\/eu\/wp-json\/wp\/v2\/posts\/8180\/revisions\/8181"}],"wp:featuredmedia":[{"embeddable":true,"href":"https:\/\/www.uaga.eus\/eu\/wp-json\/wp\/v2\/media\/6534"}],"wp:attachment":[{"href":"https:\/\/www.uaga.eus\/eu\/wp-json\/wp\/v2\/media?parent=8180"}],"wp:term":[{"taxonomy":"category","embeddable":true,"href":"https:\/\/www.uaga.eus\/eu\/wp-json\/wp\/v2\/categories?post=8180"},{"taxonomy":"post_tag","embeddable":true,"href":"https:\/\/www.uaga.eus\/eu\/wp-json\/wp\/v2\/tags?post=8180"}],"curies":[{"name":"wp","href":"https:\/\/api.w.org\/{rel}","templated":true}]}}