{"id":8176,"date":"2020-10-30T11:40:48","date_gmt":"2020-10-30T11:40:48","guid":{"rendered":"https:\/\/www.uaga.eus\/?p=8176"},"modified":"2020-10-30T11:40:48","modified_gmt":"2020-10-30T11:40:48","slug":"el-ministerio-de-agricultura-informa-sobre-la-deteccion-del-primer-caso-de-virus-de-lengua-azul-en-navarra-actualmente-alava-es-una-zona-libre-del-virus","status":"publish","type":"post","link":"https:\/\/www.uaga.eus\/eu\/el-ministerio-de-agricultura-informa-sobre-la-deteccion-del-primer-caso-de-virus-de-lengua-azul-en-navarra-actualmente-alava-es-una-zona-libre-del-virus\/","title":{"rendered":"El Ministerio de Agricultura informa sobre la detecci\u00f3n del primer caso de virus de lengua azul en Navarra. Actualmente \u00c1lava es una zona libre del virus."},"content":{"rendered":"<p>El Ministerio de Agricultura ha informado de la detecci\u00f3n de un caso de virus de lengua azul en un bovino perteneciente a una explotaci\u00f3n navarra del municipio de Bazt\u00e1n, cuyo origen probable es el sur de Francia, donde se han detectado m\u00e1s de 40 casos en los \u00faltimos tres meses.<\/p>\n<p>Ante esta situaci\u00f3n, las autoridades veterinarias han procedido a establecer una zona de restricci\u00f3n alrededor del foco. Esta zona integra a las explotaciones ubicadas en un radio de 50 kil\u00f3metros alrededor del foco, donde se est\u00e1n reforzando las medidas de prevenci\u00f3n, vigilancia y control, instaur\u00e1ndose la vacunaci\u00f3n obligatoria frente al virus y estableciendo restricciones a los movimientos de animales de especies sensibles a la enfermedad.<\/p>\n<p><strong>La enfermedad de la lengua azul \u00fanicamente afecta a rumiantes y actualmente \u00c1lava se encuentra entre las zonas libres de la misma.<\/strong> No obstante, desde UAGA solicitamos a los sectores ganaderos alaveses que extremen la vigilancia para evitar su posible expansi\u00f3n.<\/p>\n<p>Puedes consultar m\u00e1s informaci\u00f3n sobre la enfermedad en la <a href=\"https:\/\/www.mapama.gob.es\/es\/ganaderia\/temas\/sanidad-animal-higiene-ganadera\/sanidad-animal\/enfermedades\/lengua-azul\/lengua_azul.aspx.\" target=\"_blank\" rel=\"noopener\" data-cke-saved-href=\"https:\/\/www.mapama.gob.es\/es\/ganaderia\/temas\/sanidad-animal-higiene-ganadera\/sanidad-animal\/enfermedades\/lengua-azul\/lengua_azul.aspx.\">web<\/a> del Ministerio y su <a href=\"https:\/\/mcusercontent.com\/498b950ccfc4b8d0e600d7e48\/files\/546ac80a-fdfa-455c-aae5-20070141e5ea\/Nota_Sector_y_CCAA_foco_serotipo_8_Navarra_Octubre_2020_def_.pdf\" target=\"_blank\" rel=\"noopener\" data-cke-saved-href=\"https:\/\/mcusercontent.com\/498b950ccfc4b8d0e600d7e48\/files\/546ac80a-fdfa-455c-aae5-20070141e5ea\/Nota_Sector_y_CCAA_foco_serotipo_8_Navarra_Octubre_2020_def_.pdf\">comunicado<\/a> sobre el caso de Navarra.<\/p>\n<p>+ INFO GUSTAVO:\u00a0635 704 865<\/p>\n","protected":false},"excerpt":{"rendered":"<p>El Ministerio de Agricultura ha informado de la detecci\u00f3n de un caso de virus de lengua azul en un bovino perteneciente a una explotaci\u00f3n navarra del municipio de Bazt\u00e1n, cuyo origen probable es el sur de Francia, donde se han detectado m\u00e1s de 40 casos en los \u00faltimos tres meses. Ante esta situaci\u00f3n, las autoridades [&hellip;]<\/p>\n","protected":false},"author":4,"featured_media":3861,"comment_status":"closed","ping_status":"closed","sticky":false,"template":"","format":"standard","meta":{"footnotes":""},"categories":[8],"tags":[],"yoast_head":"<!-- This site is optimized with the Yoast SEO plugin v21.5 - https:\/\/yoast.com\/wordpress\/plugins\/seo\/ -->\n<title>El Ministerio de Agricultura informa sobre la detecci\u00f3n del primer caso de virus de lengua azul en Navarra. Actualmente \u00c1lava es una zona libre del virus. - UAGA<\/title>\n<meta name=\"robots\" content=\"index, follow, max-snippet:-1, max-image-preview:large, max-video-preview:-1\" \/>\n<link rel=\"canonical\" href=\"https:\/\/www.uaga.eus\/el-ministerio-de-agricultura-informa-sobre-la-deteccion-del-primer-caso-de-virus-de-lengua-azul-en-navarra-actualmente-alava-es-una-zona-libre-del-virus\/\" \/>\n<meta property=\"og:locale\" content=\"en_US\" \/>\n<meta property=\"og:type\" content=\"article\" \/>\n<meta property=\"og:title\" content=\"El Ministerio de Agricultura informa sobre la detecci\u00f3n del primer caso de virus de lengua azul en Navarra. Actualmente \u00c1lava es una zona libre del virus. - UAGA\" \/>\n<meta property=\"og:description\" content=\"El Ministerio de Agricultura ha informado de la detecci\u00f3n de un caso de virus de lengua azul en un bovino perteneciente a una explotaci\u00f3n navarra del municipio de Bazt\u00e1n, cuyo origen probable es el sur de Francia, donde se han detectado m\u00e1s de 40 casos en los \u00faltimos tres meses. Ante esta situaci\u00f3n, las autoridades [&hellip;]\" \/>\n<meta property=\"og:url\" content=\"https:\/\/www.uaga.eus\/el-ministerio-de-agricultura-informa-sobre-la-deteccion-del-primer-caso-de-virus-de-lengua-azul-en-navarra-actualmente-alava-es-una-zona-libre-del-virus\/\" \/>\n<meta property=\"og:site_name\" content=\"UAGA\" \/>\n<meta property=\"article:published_time\" content=\"2020-10-30T11:40:48+00:00\" \/>\n<meta property=\"og:image\" content=\"https:\/\/www.uaga.eus\/wp-content\/uploads\/2018\/07\/ovejas-latxas-e1532690208739.jpg\" \/>\n\t<meta property=\"og:image:width\" content=\"700\" \/>\n\t<meta property=\"og:image:height\" content=\"353\" \/>\n\t<meta property=\"og:image:type\" content=\"image\/jpeg\" \/>\n<meta name=\"author\" content=\"Blanca S\u00e1nchez\" \/>\n<meta name=\"twitter:card\" content=\"summary_large_image\" \/>\n<meta name=\"twitter:label1\" content=\"Written by\" \/>\n\t<meta name=\"twitter:data1\" content=\"Blanca S\u00e1nchez\" \/>\n\t<meta name=\"twitter:label2\" content=\"Est. reading time\" \/>\n\t<meta name=\"twitter:data2\" content=\"1 minutua\" \/>\n<script type=\"application\/ld+json\" class=\"yoast-schema-graph\">{\"@context\":\"https:\/\/schema.org\",\"@graph\":[{\"@type\":\"WebPage\",\"@id\":\"https:\/\/www.uaga.eus\/el-ministerio-de-agricultura-informa-sobre-la-deteccion-del-primer-caso-de-virus-de-lengua-azul-en-navarra-actualmente-alava-es-una-zona-libre-del-virus\/\",\"url\":\"https:\/\/www.uaga.eus\/el-ministerio-de-agricultura-informa-sobre-la-deteccion-del-primer-caso-de-virus-de-lengua-azul-en-navarra-actualmente-alava-es-una-zona-libre-del-virus\/\",\"name\":\"El Ministerio de Agricultura informa sobre la detecci\u00f3n del primer caso de virus de lengua azul en Navarra. Actualmente \u00c1lava es una zona libre del virus. - UAGA\",\"isPartOf\":{\"@id\":\"https:\/\/www.uaga.eus\/#website\"},\"datePublished\":\"2020-10-30T11:40:48+00:00\",\"dateModified\":\"2020-10-30T11:40:48+00:00\",\"author\":{\"@id\":\"https:\/\/www.uaga.eus\/#\/schema\/person\/48c3cbf0f33d1b788226dbb6518689cf\"},\"breadcrumb\":{\"@id\":\"https:\/\/www.uaga.eus\/el-ministerio-de-agricultura-informa-sobre-la-deteccion-del-primer-caso-de-virus-de-lengua-azul-en-navarra-actualmente-alava-es-una-zona-libre-del-virus\/#breadcrumb\"},\"inLanguage\":\"eu\",\"potentialAction\":[{\"@type\":\"ReadAction\",\"target\":[\"https:\/\/www.uaga.eus\/el-ministerio-de-agricultura-informa-sobre-la-deteccion-del-primer-caso-de-virus-de-lengua-azul-en-navarra-actualmente-alava-es-una-zona-libre-del-virus\/\"]}]},{\"@type\":\"BreadcrumbList\",\"@id\":\"https:\/\/www.uaga.eus\/el-ministerio-de-agricultura-informa-sobre-la-deteccion-del-primer-caso-de-virus-de-lengua-azul-en-navarra-actualmente-alava-es-una-zona-libre-del-virus\/#breadcrumb\",\"itemListElement\":[{\"@type\":\"ListItem\",\"position\":1,\"name\":\"Inicio\",\"item\":\"https:\/\/www.uaga.eus\/\"},{\"@type\":\"ListItem\",\"position\":2,\"name\":\"El Ministerio de Agricultura informa sobre la detecci\u00f3n del primer caso de virus de lengua azul en Navarra. Actualmente \u00c1lava es una zona libre del virus.\"}]},{\"@type\":\"WebSite\",\"@id\":\"https:\/\/www.uaga.eus\/#website\",\"url\":\"https:\/\/www.uaga.eus\/\",\"name\":\"UAGA\",\"description\":\"Uni\u00f3n Agroganadera de \u00c1lava - Araba Nekazarien Elkartea\",\"potentialAction\":[{\"@type\":\"SearchAction\",\"target\":{\"@type\":\"EntryPoint\",\"urlTemplate\":\"https:\/\/www.uaga.eus\/?s={search_term_string}\"},\"query-input\":\"required name=search_term_string\"}],\"inLanguage\":\"eu\"},{\"@type\":\"Person\",\"@id\":\"https:\/\/www.uaga.eus\/#\/schema\/person\/48c3cbf0f33d1b788226dbb6518689cf\",\"name\":\"Blanca S\u00e1nchez\",\"image\":{\"@type\":\"ImageObject\",\"inLanguage\":\"eu\",\"@id\":\"https:\/\/www.uaga.eus\/#\/schema\/person\/image\/\",\"url\":\"https:\/\/secure.gravatar.com\/avatar\/0dc91c20648254b1ce84877283f6751b?s=96&d=mm&r=g\",\"contentUrl\":\"https:\/\/secure.gravatar.com\/avatar\/0dc91c20648254b1ce84877283f6751b?s=96&d=mm&r=g\",\"caption\":\"Blanca S\u00e1nchez\"},\"url\":\"https:\/\/www.uaga.eus\/eu\/author\/bsanchez\/\"}]}<\/script>\n<!-- \/ Yoast SEO plugin. -->","yoast_head_json":{"title":"El Ministerio de Agricultura informa sobre la detecci\u00f3n del primer caso de virus de lengua azul en Navarra. Actualmente \u00c1lava es una zona libre del virus. - UAGA","robots":{"index":"index","follow":"follow","max-snippet":"max-snippet:-1","max-image-preview":"max-image-preview:large","max-video-preview":"max-video-preview:-1"},"canonical":"https:\/\/www.uaga.eus\/el-ministerio-de-agricultura-informa-sobre-la-deteccion-del-primer-caso-de-virus-de-lengua-azul-en-navarra-actualmente-alava-es-una-zona-libre-del-virus\/","og_locale":"en_US","og_type":"article","og_title":"El Ministerio de Agricultura informa sobre la detecci\u00f3n del primer caso de virus de lengua azul en Navarra. Actualmente \u00c1lava es una zona libre del virus. - UAGA","og_description":"El Ministerio de Agricultura ha informado de la detecci\u00f3n de un caso de virus de lengua azul en un bovino perteneciente a una explotaci\u00f3n navarra del municipio de Bazt\u00e1n, cuyo origen probable es el sur de Francia, donde se han detectado m\u00e1s de 40 casos en los \u00faltimos tres meses. Ante esta situaci\u00f3n, las autoridades [&hellip;]","og_url":"https:\/\/www.uaga.eus\/el-ministerio-de-agricultura-informa-sobre-la-deteccion-del-primer-caso-de-virus-de-lengua-azul-en-navarra-actualmente-alava-es-una-zona-libre-del-virus\/","og_site_name":"UAGA","article_published_time":"2020-10-30T11:40:48+00:00","og_image":[{"width":700,"height":353,"url":"https:\/\/www.uaga.eus\/wp-content\/uploads\/2018\/07\/ovejas-latxas-e1532690208739.jpg","type":"image\/jpeg"}],"author":"Blanca S\u00e1nchez","twitter_card":"summary_large_image","twitter_misc":{"Written by":"Blanca S\u00e1nchez","Est. reading time":"1 minutua"},"schema":{"@context":"https:\/\/schema.org","@graph":[{"@type":"WebPage","@id":"https:\/\/www.uaga.eus\/el-ministerio-de-agricultura-informa-sobre-la-deteccion-del-primer-caso-de-virus-de-lengua-azul-en-navarra-actualmente-alava-es-una-zona-libre-del-virus\/","url":"https:\/\/www.uaga.eus\/el-ministerio-de-agricultura-informa-sobre-la-deteccion-del-primer-caso-de-virus-de-lengua-azul-en-navarra-actualmente-alava-es-una-zona-libre-del-virus\/","name":"El Ministerio de Agricultura informa sobre la detecci\u00f3n del primer caso de virus de lengua azul en Navarra. Actualmente \u00c1lava es una zona libre del virus. - UAGA","isPartOf":{"@id":"https:\/\/www.uaga.eus\/#website"},"datePublished":"2020-10-30T11:40:48+00:00","dateModified":"2020-10-30T11:40:48+00:00","author":{"@id":"https:\/\/www.uaga.eus\/#\/schema\/person\/48c3cbf0f33d1b788226dbb6518689cf"},"breadcrumb":{"@id":"https:\/\/www.uaga.eus\/el-ministerio-de-agricultura-informa-sobre-la-deteccion-del-primer-caso-de-virus-de-lengua-azul-en-navarra-actualmente-alava-es-una-zona-libre-del-virus\/#breadcrumb"},"inLanguage":"eu","potentialAction":[{"@type":"ReadAction","target":["https:\/\/www.uaga.eus\/el-ministerio-de-agricultura-informa-sobre-la-deteccion-del-primer-caso-de-virus-de-lengua-azul-en-navarra-actualmente-alava-es-una-zona-libre-del-virus\/"]}]},{"@type":"BreadcrumbList","@id":"https:\/\/www.uaga.eus\/el-ministerio-de-agricultura-informa-sobre-la-deteccion-del-primer-caso-de-virus-de-lengua-azul-en-navarra-actualmente-alava-es-una-zona-libre-del-virus\/#breadcrumb","itemListElement":[{"@type":"ListItem","position":1,"name":"Inicio","item":"https:\/\/www.uaga.eus\/"},{"@type":"ListItem","position":2,"name":"El Ministerio de Agricultura informa sobre la detecci\u00f3n del primer caso de virus de lengua azul en Navarra. Actualmente \u00c1lava es una zona libre del virus."}]},{"@type":"WebSite","@id":"https:\/\/www.uaga.eus\/#website","url":"https:\/\/www.uaga.eus\/","name":"UAGA","description":"Uni\u00f3n Agroganadera de \u00c1lava - Araba Nekazarien Elkartea","potentialAction":[{"@type":"SearchAction","target":{"@type":"EntryPoint","urlTemplate":"https:\/\/www.uaga.eus\/?s={search_term_string}"},"query-input":"required name=search_term_string"}],"inLanguage":"eu"},{"@type":"Person","@id":"https:\/\/www.uaga.eus\/#\/schema\/person\/48c3cbf0f33d1b788226dbb6518689cf","name":"Blanca S\u00e1nchez","image":{"@type":"ImageObject","inLanguage":"eu","@id":"https:\/\/www.uaga.eus\/#\/schema\/person\/image\/","url":"https:\/\/secure.gravatar.com\/avatar\/0dc91c20648254b1ce84877283f6751b?s=96&d=mm&r=g","contentUrl":"https:\/\/secure.gravatar.com\/avatar\/0dc91c20648254b1ce84877283f6751b?s=96&d=mm&r=g","caption":"Blanca S\u00e1nchez"},"url":"https:\/\/www.uaga.eus\/eu\/author\/bsanchez\/"}]}},"_links":{"self":[{"href":"https:\/\/www.uaga.eus\/eu\/wp-json\/wp\/v2\/posts\/8176"}],"collection":[{"href":"https:\/\/www.uaga.eus\/eu\/wp-json\/wp\/v2\/posts"}],"about":[{"href":"https:\/\/www.uaga.eus\/eu\/wp-json\/wp\/v2\/types\/post"}],"author":[{"embeddable":true,"href":"https:\/\/www.uaga.eus\/eu\/wp-json\/wp\/v2\/users\/4"}],"replies":[{"embeddable":true,"href":"https:\/\/www.uaga.eus\/eu\/wp-json\/wp\/v2\/comments?post=8176"}],"version-history":[{"count":1,"href":"https:\/\/www.uaga.eus\/eu\/wp-json\/wp\/v2\/posts\/8176\/revisions"}],"predecessor-version":[{"id":8177,"href":"https:\/\/www.uaga.eus\/eu\/wp-json\/wp\/v2\/posts\/8176\/revisions\/8177"}],"wp:featuredmedia":[{"embeddable":true,"href":"https:\/\/www.uaga.eus\/eu\/wp-json\/wp\/v2\/media\/3861"}],"wp:attachment":[{"href":"https:\/\/www.uaga.eus\/eu\/wp-json\/wp\/v2\/media?parent=8176"}],"wp:term":[{"taxonomy":"category","embeddable":true,"href":"https:\/\/www.uaga.eus\/eu\/wp-json\/wp\/v2\/categories?post=8176"},{"taxonomy":"post_tag","embeddable":true,"href":"https:\/\/www.uaga.eus\/eu\/wp-json\/wp\/v2\/tags?post=8176"}],"curies":[{"name":"wp","href":"https:\/\/api.w.org\/{rel}","templated":true}]}}