{"id":8097,"date":"2020-10-16T11:07:12","date_gmt":"2020-10-16T11:07:12","guid":{"rendered":"https:\/\/www.uaga.eus\/?p=8097"},"modified":"2020-10-16T11:07:12","modified_gmt":"2020-10-16T11:07:12","slug":"uaga-retoma-las-reuniones-mensuales-con-el-departamento-de-agricultura-del-gobierno-vasco-compartiendo-nuestras-respectivas-lineas-estrategicas","status":"publish","type":"post","link":"https:\/\/www.uaga.eus\/eu\/uaga-retoma-las-reuniones-mensuales-con-el-departamento-de-agricultura-del-gobierno-vasco-compartiendo-nuestras-respectivas-lineas-estrategicas\/","title":{"rendered":"UAGA retoma las reuniones mensuales con el Departamento de Agricultura del Gobierno Vasco, compartiendo nuestras respectivas l\u00edneas estrat\u00e9gicas"},"content":{"rendered":"<p>Esta semana UAGA ha retomado las reuniones mensuales con el Viceconsejero de Agricultura del Gobierno Vasco, Bittor Oroz, y el Director de Agricultura, Jorge Garbisu, que se hab\u00edan pospuesto con motivo de la pandemia de la Covid-19.<\/p>\n<p>Uno de los asuntos principales que hemos comentado es <strong>la reforma de la PAC<\/strong>, coincidiendo en la dificultad a\u00f1adida por el <strong>recorte de fondos de la UE en el periodo 2021\/2027<\/strong><strong>,<\/strong> que, en t\u00e9rminos reales, establece una <strong>reducci\u00f3n del presupuesto para la PAC<\/strong> estimado entre el 10-12%, a la vez que aumentan los requisitos exigidos a las explotaciones agrarias, que adem\u00e1s suponen un desequilibrio en relaci\u00f3n al libre comercio.<\/p>\n<p>Por otra parte, UAGA considera clave una definici\u00f3n clara del\u00a0<strong>agricultor genuino,<\/strong>\u00a0priorizando a los verdaderos profesionales del sector,\u00a0<strong>las\u00a0ayudas deben destinarse a las personas que trabajan la tierra y cultivan para producir alimentos.<\/strong><\/p>\n<p>Hemos compartido las grandes l\u00edneas estrat\u00e9gicas tanto del Gobierno Vasco como de UAGA para los pr\u00f3ximos a\u00f1os, para intentar alinear nuestros respectivos objetivos y trabajar de manera colaborativa, destacando la necesidad de avanzar en la <strong>digitalizaci\u00f3n del sector<\/strong>, as\u00ed como en la <strong>innovaci\u00f3n<\/strong> (nuevos procesos, nuevos cultivos, incorporaci\u00f3n de TICs, etc..), en la obtenci\u00f3n de <strong>productos de mayor valor a\u00f1adido <\/strong>(transformaci\u00f3n) y, por \u00faltimo, en <strong>avanzar<\/strong> <strong>hacia una agricultura y ganader\u00eda m\u00e1s sostenible<\/strong>, en sus tres aspectos, social, econ\u00f3mico y medioambiental.<\/p>\n","protected":false},"excerpt":{"rendered":"<p>Esta semana UAGA ha retomado las reuniones mensuales con el Viceconsejero de Agricultura del Gobierno Vasco, Bittor Oroz, y el Director de Agricultura, Jorge Garbisu, que se hab\u00edan pospuesto con motivo de la pandemia de la Covid-19. Uno de los asuntos principales que hemos comentado es la reforma de la PAC, coincidiendo en la dificultad [&hellip;]<\/p>\n","protected":false},"author":4,"featured_media":6147,"comment_status":"closed","ping_status":"closed","sticky":false,"template":"","format":"standard","meta":{"footnotes":""},"categories":[7,8,3,4],"tags":[],"yoast_head":"<!-- This site is optimized with the Yoast SEO plugin v21.5 - https:\/\/yoast.com\/wordpress\/plugins\/seo\/ -->\n<title>UAGA retoma las reuniones mensuales con el Departamento de Agricultura del Gobierno Vasco, compartiendo nuestras respectivas l\u00edneas estrat\u00e9gicas - UAGA<\/title>\n<meta name=\"robots\" content=\"index, follow, max-snippet:-1, max-image-preview:large, max-video-preview:-1\" \/>\n<link rel=\"canonical\" href=\"https:\/\/www.uaga.eus\/uaga-retoma-las-reuniones-mensuales-con-el-departamento-de-agricultura-del-gobierno-vasco-compartiendo-nuestras-respectivas-lineas-estrategicas\/\" \/>\n<meta property=\"og:locale\" content=\"en_US\" \/>\n<meta property=\"og:type\" content=\"article\" \/>\n<meta property=\"og:title\" content=\"UAGA retoma las reuniones mensuales con el Departamento de Agricultura del Gobierno Vasco, compartiendo nuestras respectivas l\u00edneas estrat\u00e9gicas - UAGA\" \/>\n<meta property=\"og:description\" content=\"Esta semana UAGA ha retomado las reuniones mensuales con el Viceconsejero de Agricultura del Gobierno Vasco, Bittor Oroz, y el Director de Agricultura, Jorge Garbisu, que se hab\u00edan pospuesto con motivo de la pandemia de la Covid-19. Uno de los asuntos principales que hemos comentado es la reforma de la PAC, coincidiendo en la dificultad [&hellip;]\" \/>\n<meta property=\"og:url\" content=\"https:\/\/www.uaga.eus\/uaga-retoma-las-reuniones-mensuales-con-el-departamento-de-agricultura-del-gobierno-vasco-compartiendo-nuestras-respectivas-lineas-estrategicas\/\" \/>\n<meta property=\"og:site_name\" content=\"UAGA\" \/>\n<meta property=\"article:published_time\" content=\"2020-10-16T11:07:12+00:00\" \/>\n<meta property=\"og:image\" content=\"https:\/\/www.uaga.eus\/wp-content\/uploads\/2019\/05\/gv-logo.png\" \/>\n\t<meta property=\"og:image:width\" content=\"417\" \/>\n\t<meta property=\"og:image:height\" content=\"121\" \/>\n\t<meta property=\"og:image:type\" content=\"image\/png\" \/>\n<meta name=\"author\" content=\"Blanca S\u00e1nchez\" \/>\n<meta name=\"twitter:card\" content=\"summary_large_image\" \/>\n<meta name=\"twitter:label1\" content=\"Written by\" \/>\n\t<meta name=\"twitter:data1\" content=\"Blanca S\u00e1nchez\" \/>\n\t<meta name=\"twitter:label2\" content=\"Est. reading time\" \/>\n\t<meta name=\"twitter:data2\" content=\"1 minutua\" \/>\n<script type=\"application\/ld+json\" class=\"yoast-schema-graph\">{\"@context\":\"https:\/\/schema.org\",\"@graph\":[{\"@type\":\"WebPage\",\"@id\":\"https:\/\/www.uaga.eus\/uaga-retoma-las-reuniones-mensuales-con-el-departamento-de-agricultura-del-gobierno-vasco-compartiendo-nuestras-respectivas-lineas-estrategicas\/\",\"url\":\"https:\/\/www.uaga.eus\/uaga-retoma-las-reuniones-mensuales-con-el-departamento-de-agricultura-del-gobierno-vasco-compartiendo-nuestras-respectivas-lineas-estrategicas\/\",\"name\":\"UAGA retoma las reuniones mensuales con el Departamento de Agricultura del Gobierno Vasco, compartiendo nuestras respectivas l\u00edneas estrat\u00e9gicas - UAGA\",\"isPartOf\":{\"@id\":\"https:\/\/www.uaga.eus\/#website\"},\"datePublished\":\"2020-10-16T11:07:12+00:00\",\"dateModified\":\"2020-10-16T11:07:12+00:00\",\"author\":{\"@id\":\"https:\/\/www.uaga.eus\/#\/schema\/person\/48c3cbf0f33d1b788226dbb6518689cf\"},\"breadcrumb\":{\"@id\":\"https:\/\/www.uaga.eus\/uaga-retoma-las-reuniones-mensuales-con-el-departamento-de-agricultura-del-gobierno-vasco-compartiendo-nuestras-respectivas-lineas-estrategicas\/#breadcrumb\"},\"inLanguage\":\"eu\",\"potentialAction\":[{\"@type\":\"ReadAction\",\"target\":[\"https:\/\/www.uaga.eus\/uaga-retoma-las-reuniones-mensuales-con-el-departamento-de-agricultura-del-gobierno-vasco-compartiendo-nuestras-respectivas-lineas-estrategicas\/\"]}]},{\"@type\":\"BreadcrumbList\",\"@id\":\"https:\/\/www.uaga.eus\/uaga-retoma-las-reuniones-mensuales-con-el-departamento-de-agricultura-del-gobierno-vasco-compartiendo-nuestras-respectivas-lineas-estrategicas\/#breadcrumb\",\"itemListElement\":[{\"@type\":\"ListItem\",\"position\":1,\"name\":\"Inicio\",\"item\":\"https:\/\/www.uaga.eus\/\"},{\"@type\":\"ListItem\",\"position\":2,\"name\":\"UAGA retoma las reuniones mensuales con el Departamento de Agricultura del Gobierno Vasco, compartiendo nuestras respectivas l\u00edneas estrat\u00e9gicas\"}]},{\"@type\":\"WebSite\",\"@id\":\"https:\/\/www.uaga.eus\/#website\",\"url\":\"https:\/\/www.uaga.eus\/\",\"name\":\"UAGA\",\"description\":\"Uni\u00f3n Agroganadera de \u00c1lava - Araba Nekazarien Elkartea\",\"potentialAction\":[{\"@type\":\"SearchAction\",\"target\":{\"@type\":\"EntryPoint\",\"urlTemplate\":\"https:\/\/www.uaga.eus\/?s={search_term_string}\"},\"query-input\":\"required name=search_term_string\"}],\"inLanguage\":\"eu\"},{\"@type\":\"Person\",\"@id\":\"https:\/\/www.uaga.eus\/#\/schema\/person\/48c3cbf0f33d1b788226dbb6518689cf\",\"name\":\"Blanca S\u00e1nchez\",\"image\":{\"@type\":\"ImageObject\",\"inLanguage\":\"eu\",\"@id\":\"https:\/\/www.uaga.eus\/#\/schema\/person\/image\/\",\"url\":\"https:\/\/secure.gravatar.com\/avatar\/0dc91c20648254b1ce84877283f6751b?s=96&d=mm&r=g\",\"contentUrl\":\"https:\/\/secure.gravatar.com\/avatar\/0dc91c20648254b1ce84877283f6751b?s=96&d=mm&r=g\",\"caption\":\"Blanca S\u00e1nchez\"},\"url\":\"https:\/\/www.uaga.eus\/eu\/author\/bsanchez\/\"}]}<\/script>\n<!-- \/ Yoast SEO plugin. -->","yoast_head_json":{"title":"UAGA retoma las reuniones mensuales con el Departamento de Agricultura del Gobierno Vasco, compartiendo nuestras respectivas l\u00edneas estrat\u00e9gicas - UAGA","robots":{"index":"index","follow":"follow","max-snippet":"max-snippet:-1","max-image-preview":"max-image-preview:large","max-video-preview":"max-video-preview:-1"},"canonical":"https:\/\/www.uaga.eus\/uaga-retoma-las-reuniones-mensuales-con-el-departamento-de-agricultura-del-gobierno-vasco-compartiendo-nuestras-respectivas-lineas-estrategicas\/","og_locale":"en_US","og_type":"article","og_title":"UAGA retoma las reuniones mensuales con el Departamento de Agricultura del Gobierno Vasco, compartiendo nuestras respectivas l\u00edneas estrat\u00e9gicas - UAGA","og_description":"Esta semana UAGA ha retomado las reuniones mensuales con el Viceconsejero de Agricultura del Gobierno Vasco, Bittor Oroz, y el Director de Agricultura, Jorge Garbisu, que se hab\u00edan pospuesto con motivo de la pandemia de la Covid-19. Uno de los asuntos principales que hemos comentado es la reforma de la PAC, coincidiendo en la dificultad [&hellip;]","og_url":"https:\/\/www.uaga.eus\/uaga-retoma-las-reuniones-mensuales-con-el-departamento-de-agricultura-del-gobierno-vasco-compartiendo-nuestras-respectivas-lineas-estrategicas\/","og_site_name":"UAGA","article_published_time":"2020-10-16T11:07:12+00:00","og_image":[{"width":417,"height":121,"url":"https:\/\/www.uaga.eus\/wp-content\/uploads\/2019\/05\/gv-logo.png","type":"image\/png"}],"author":"Blanca S\u00e1nchez","twitter_card":"summary_large_image","twitter_misc":{"Written by":"Blanca S\u00e1nchez","Est. reading time":"1 minutua"},"schema":{"@context":"https:\/\/schema.org","@graph":[{"@type":"WebPage","@id":"https:\/\/www.uaga.eus\/uaga-retoma-las-reuniones-mensuales-con-el-departamento-de-agricultura-del-gobierno-vasco-compartiendo-nuestras-respectivas-lineas-estrategicas\/","url":"https:\/\/www.uaga.eus\/uaga-retoma-las-reuniones-mensuales-con-el-departamento-de-agricultura-del-gobierno-vasco-compartiendo-nuestras-respectivas-lineas-estrategicas\/","name":"UAGA retoma las reuniones mensuales con el Departamento de Agricultura del Gobierno Vasco, compartiendo nuestras respectivas l\u00edneas estrat\u00e9gicas - UAGA","isPartOf":{"@id":"https:\/\/www.uaga.eus\/#website"},"datePublished":"2020-10-16T11:07:12+00:00","dateModified":"2020-10-16T11:07:12+00:00","author":{"@id":"https:\/\/www.uaga.eus\/#\/schema\/person\/48c3cbf0f33d1b788226dbb6518689cf"},"breadcrumb":{"@id":"https:\/\/www.uaga.eus\/uaga-retoma-las-reuniones-mensuales-con-el-departamento-de-agricultura-del-gobierno-vasco-compartiendo-nuestras-respectivas-lineas-estrategicas\/#breadcrumb"},"inLanguage":"eu","potentialAction":[{"@type":"ReadAction","target":["https:\/\/www.uaga.eus\/uaga-retoma-las-reuniones-mensuales-con-el-departamento-de-agricultura-del-gobierno-vasco-compartiendo-nuestras-respectivas-lineas-estrategicas\/"]}]},{"@type":"BreadcrumbList","@id":"https:\/\/www.uaga.eus\/uaga-retoma-las-reuniones-mensuales-con-el-departamento-de-agricultura-del-gobierno-vasco-compartiendo-nuestras-respectivas-lineas-estrategicas\/#breadcrumb","itemListElement":[{"@type":"ListItem","position":1,"name":"Inicio","item":"https:\/\/www.uaga.eus\/"},{"@type":"ListItem","position":2,"name":"UAGA retoma las reuniones mensuales con el Departamento de Agricultura del Gobierno Vasco, compartiendo nuestras respectivas l\u00edneas estrat\u00e9gicas"}]},{"@type":"WebSite","@id":"https:\/\/www.uaga.eus\/#website","url":"https:\/\/www.uaga.eus\/","name":"UAGA","description":"Uni\u00f3n Agroganadera de \u00c1lava - Araba Nekazarien Elkartea","potentialAction":[{"@type":"SearchAction","target":{"@type":"EntryPoint","urlTemplate":"https:\/\/www.uaga.eus\/?s={search_term_string}"},"query-input":"required name=search_term_string"}],"inLanguage":"eu"},{"@type":"Person","@id":"https:\/\/www.uaga.eus\/#\/schema\/person\/48c3cbf0f33d1b788226dbb6518689cf","name":"Blanca S\u00e1nchez","image":{"@type":"ImageObject","inLanguage":"eu","@id":"https:\/\/www.uaga.eus\/#\/schema\/person\/image\/","url":"https:\/\/secure.gravatar.com\/avatar\/0dc91c20648254b1ce84877283f6751b?s=96&d=mm&r=g","contentUrl":"https:\/\/secure.gravatar.com\/avatar\/0dc91c20648254b1ce84877283f6751b?s=96&d=mm&r=g","caption":"Blanca S\u00e1nchez"},"url":"https:\/\/www.uaga.eus\/eu\/author\/bsanchez\/"}]}},"_links":{"self":[{"href":"https:\/\/www.uaga.eus\/eu\/wp-json\/wp\/v2\/posts\/8097"}],"collection":[{"href":"https:\/\/www.uaga.eus\/eu\/wp-json\/wp\/v2\/posts"}],"about":[{"href":"https:\/\/www.uaga.eus\/eu\/wp-json\/wp\/v2\/types\/post"}],"author":[{"embeddable":true,"href":"https:\/\/www.uaga.eus\/eu\/wp-json\/wp\/v2\/users\/4"}],"replies":[{"embeddable":true,"href":"https:\/\/www.uaga.eus\/eu\/wp-json\/wp\/v2\/comments?post=8097"}],"version-history":[{"count":2,"href":"https:\/\/www.uaga.eus\/eu\/wp-json\/wp\/v2\/posts\/8097\/revisions"}],"predecessor-version":[{"id":8099,"href":"https:\/\/www.uaga.eus\/eu\/wp-json\/wp\/v2\/posts\/8097\/revisions\/8099"}],"wp:featuredmedia":[{"embeddable":true,"href":"https:\/\/www.uaga.eus\/eu\/wp-json\/wp\/v2\/media\/6147"}],"wp:attachment":[{"href":"https:\/\/www.uaga.eus\/eu\/wp-json\/wp\/v2\/media?parent=8097"}],"wp:term":[{"taxonomy":"category","embeddable":true,"href":"https:\/\/www.uaga.eus\/eu\/wp-json\/wp\/v2\/categories?post=8097"},{"taxonomy":"post_tag","embeddable":true,"href":"https:\/\/www.uaga.eus\/eu\/wp-json\/wp\/v2\/tags?post=8097"}],"curies":[{"name":"wp","href":"https:\/\/api.w.org\/{rel}","templated":true}]}}