{"id":8075,"date":"2020-10-16T10:50:57","date_gmt":"2020-10-16T10:50:57","guid":{"rendered":"https:\/\/www.uaga.eus\/?p=8075"},"modified":"2020-10-16T10:50:57","modified_gmt":"2020-10-16T10:50:57","slug":"aprora-organiza-una-jornada-el-28-de-octubre-para-identificar-el-momento-idoneo-de-recoleccion-de-los-olivos","status":"publish","type":"post","link":"https:\/\/www.uaga.eus\/eu\/aprora-organiza-una-jornada-el-28-de-octubre-para-identificar-el-momento-idoneo-de-recoleccion-de-los-olivos\/","title":{"rendered":"APRORA organiza una jornada el 28 de octubre para identificar el momento id\u00f3neo de recolecci\u00f3n de los olivos"},"content":{"rendered":"<p><span style=\"font-family: arial, helvetica neue, helvetica, sans-serif;\">En el mes de noviembre comenzar\u00e1 la recogida de la oliva en Rioja Alavesa. Por ese motivo, APRORA, la Asociaci\u00f3n para la Promoci\u00f3n del Olivo y el Aceite de Rioja Alavesa, ha organizado una jornada formativa para\u00a0para exponer las conclusiones del Estudio de identificaci\u00f3n del momento id\u00f3neo de recolecci\u00f3n de la variedad Arr\u00f3niz en Rioja Alavesa que se desarroll\u00f3 en los a\u00f1os 2014 y 2015. Tambi\u00e9n se har\u00e1 \u00a0una pr\u00e1ctica de c\u00e1lculo del \u00edndice de madurez de las aceitunas.<\/span><\/p>\n<p>La jornada se realizar\u00e1 el 28 de octubre, a las 18:30 horas, en Villa Luc\u00eda (Laguardia). Es gratuita para los socios de APRORA;\u00a0para los no socios tendr\u00e1 un coste de 15 euros.<\/p>\n<p>Puedes consultar toda la informaci\u00f3n de esta actividad <a href=\"https:\/\/mcusercontent.com\/498b950ccfc4b8d0e600d7e48\/files\/98cdc24c-09d5-41e8-8e2d-21a548d295a8\/jornada_aprora.pdf\" target=\"_blank\" rel=\"noopener\" data-cke-saved-href=\"https:\/\/mcusercontent.com\/498b950ccfc4b8d0e600d7e48\/files\/98cdc24c-09d5-41e8-8e2d-21a548d295a8\/jornada_aprora.pdf\">aqu\u00ed<\/a>.<\/p>\n","protected":false},"excerpt":{"rendered":"<p>En el mes de noviembre comenzar\u00e1 la recogida de la oliva en Rioja Alavesa. Por ese motivo, APRORA, la Asociaci\u00f3n para la Promoci\u00f3n del Olivo y el Aceite de Rioja Alavesa, ha organizado una jornada formativa para\u00a0para exponer las conclusiones del Estudio de identificaci\u00f3n del momento id\u00f3neo de recolecci\u00f3n de la variedad Arr\u00f3niz en Rioja [&hellip;]<\/p>\n","protected":false},"author":4,"featured_media":8076,"comment_status":"closed","ping_status":"closed","sticky":false,"template":"","format":"standard","meta":{"footnotes":""},"categories":[7,66],"tags":[],"yoast_head":"<!-- This site is optimized with the Yoast SEO plugin v21.5 - https:\/\/yoast.com\/wordpress\/plugins\/seo\/ -->\n<title>APRORA organiza una jornada el 28 de octubre para identificar el momento id\u00f3neo de recolecci\u00f3n de los olivos - UAGA<\/title>\n<meta name=\"robots\" content=\"index, follow, max-snippet:-1, max-image-preview:large, max-video-preview:-1\" \/>\n<link rel=\"canonical\" href=\"https:\/\/www.uaga.eus\/eu\/aprora-organiza-una-jornada-el-28-de-octubre-para-identificar-el-momento-idoneo-de-recoleccion-de-los-olivos\/\" \/>\n<meta property=\"og:locale\" content=\"en_US\" \/>\n<meta property=\"og:type\" content=\"article\" \/>\n<meta property=\"og:title\" content=\"APRORA organiza una jornada el 28 de octubre para identificar el momento id\u00f3neo de recolecci\u00f3n de los olivos - UAGA\" \/>\n<meta property=\"og:description\" content=\"En el mes de noviembre comenzar\u00e1 la recogida de la oliva en Rioja Alavesa. Por ese motivo, APRORA, la Asociaci\u00f3n para la Promoci\u00f3n del Olivo y el Aceite de Rioja Alavesa, ha organizado una jornada formativa para\u00a0para exponer las conclusiones del Estudio de identificaci\u00f3n del momento id\u00f3neo de recolecci\u00f3n de la variedad Arr\u00f3niz en Rioja [&hellip;]\" \/>\n<meta property=\"og:url\" content=\"https:\/\/www.uaga.eus\/eu\/aprora-organiza-una-jornada-el-28-de-octubre-para-identificar-el-momento-idoneo-de-recoleccion-de-los-olivos\/\" \/>\n<meta property=\"og:site_name\" content=\"UAGA\" \/>\n<meta property=\"article:published_time\" content=\"2020-10-16T10:50:57+00:00\" \/>\n<meta property=\"og:image\" content=\"https:\/\/www.uaga.eus\/wp-content\/uploads\/2020\/10\/recogida-oliva.jpg\" \/>\n\t<meta property=\"og:image:width\" content=\"650\" \/>\n\t<meta property=\"og:image:height\" content=\"366\" \/>\n\t<meta property=\"og:image:type\" content=\"image\/jpeg\" \/>\n<meta name=\"author\" content=\"Blanca S\u00e1nchez\" \/>\n<meta name=\"twitter:card\" content=\"summary_large_image\" \/>\n<meta name=\"twitter:label1\" content=\"Written by\" \/>\n\t<meta name=\"twitter:data1\" content=\"Blanca S\u00e1nchez\" \/>\n\t<meta name=\"twitter:label2\" content=\"Est. reading time\" \/>\n\t<meta name=\"twitter:data2\" content=\"1 minutua\" \/>\n<script type=\"application\/ld+json\" class=\"yoast-schema-graph\">{\"@context\":\"https:\/\/schema.org\",\"@graph\":[{\"@type\":\"WebPage\",\"@id\":\"https:\/\/www.uaga.eus\/eu\/aprora-organiza-una-jornada-el-28-de-octubre-para-identificar-el-momento-idoneo-de-recoleccion-de-los-olivos\/\",\"url\":\"https:\/\/www.uaga.eus\/eu\/aprora-organiza-una-jornada-el-28-de-octubre-para-identificar-el-momento-idoneo-de-recoleccion-de-los-olivos\/\",\"name\":\"APRORA organiza una jornada el 28 de octubre para identificar el momento id\u00f3neo de recolecci\u00f3n de los olivos - UAGA\",\"isPartOf\":{\"@id\":\"https:\/\/www.uaga.eus\/#website\"},\"datePublished\":\"2020-10-16T10:50:57+00:00\",\"dateModified\":\"2020-10-16T10:50:57+00:00\",\"author\":{\"@id\":\"https:\/\/www.uaga.eus\/#\/schema\/person\/48c3cbf0f33d1b788226dbb6518689cf\"},\"breadcrumb\":{\"@id\":\"https:\/\/www.uaga.eus\/eu\/aprora-organiza-una-jornada-el-28-de-octubre-para-identificar-el-momento-idoneo-de-recoleccion-de-los-olivos\/#breadcrumb\"},\"inLanguage\":\"eu\",\"potentialAction\":[{\"@type\":\"ReadAction\",\"target\":[\"https:\/\/www.uaga.eus\/eu\/aprora-organiza-una-jornada-el-28-de-octubre-para-identificar-el-momento-idoneo-de-recoleccion-de-los-olivos\/\"]}]},{\"@type\":\"BreadcrumbList\",\"@id\":\"https:\/\/www.uaga.eus\/eu\/aprora-organiza-una-jornada-el-28-de-octubre-para-identificar-el-momento-idoneo-de-recoleccion-de-los-olivos\/#breadcrumb\",\"itemListElement\":[{\"@type\":\"ListItem\",\"position\":1,\"name\":\"Inicio\",\"item\":\"https:\/\/www.uaga.eus\/\"},{\"@type\":\"ListItem\",\"position\":2,\"name\":\"APRORA organiza una jornada el 28 de octubre para identificar el momento id\u00f3neo de recolecci\u00f3n de los olivos\"}]},{\"@type\":\"WebSite\",\"@id\":\"https:\/\/www.uaga.eus\/#website\",\"url\":\"https:\/\/www.uaga.eus\/\",\"name\":\"UAGA\",\"description\":\"Uni\u00f3n Agroganadera de \u00c1lava - Araba Nekazarien Elkartea\",\"potentialAction\":[{\"@type\":\"SearchAction\",\"target\":{\"@type\":\"EntryPoint\",\"urlTemplate\":\"https:\/\/www.uaga.eus\/?s={search_term_string}\"},\"query-input\":\"required name=search_term_string\"}],\"inLanguage\":\"eu\"},{\"@type\":\"Person\",\"@id\":\"https:\/\/www.uaga.eus\/#\/schema\/person\/48c3cbf0f33d1b788226dbb6518689cf\",\"name\":\"Blanca S\u00e1nchez\",\"image\":{\"@type\":\"ImageObject\",\"inLanguage\":\"eu\",\"@id\":\"https:\/\/www.uaga.eus\/#\/schema\/person\/image\/\",\"url\":\"https:\/\/secure.gravatar.com\/avatar\/0dc91c20648254b1ce84877283f6751b?s=96&d=mm&r=g\",\"contentUrl\":\"https:\/\/secure.gravatar.com\/avatar\/0dc91c20648254b1ce84877283f6751b?s=96&d=mm&r=g\",\"caption\":\"Blanca S\u00e1nchez\"},\"url\":\"https:\/\/www.uaga.eus\/eu\/author\/bsanchez\/\"}]}<\/script>\n<!-- \/ Yoast SEO plugin. -->","yoast_head_json":{"title":"APRORA organiza una jornada el 28 de octubre para identificar el momento id\u00f3neo de recolecci\u00f3n de los olivos - UAGA","robots":{"index":"index","follow":"follow","max-snippet":"max-snippet:-1","max-image-preview":"max-image-preview:large","max-video-preview":"max-video-preview:-1"},"canonical":"https:\/\/www.uaga.eus\/eu\/aprora-organiza-una-jornada-el-28-de-octubre-para-identificar-el-momento-idoneo-de-recoleccion-de-los-olivos\/","og_locale":"en_US","og_type":"article","og_title":"APRORA organiza una jornada el 28 de octubre para identificar el momento id\u00f3neo de recolecci\u00f3n de los olivos - UAGA","og_description":"En el mes de noviembre comenzar\u00e1 la recogida de la oliva en Rioja Alavesa. Por ese motivo, APRORA, la Asociaci\u00f3n para la Promoci\u00f3n del Olivo y el Aceite de Rioja Alavesa, ha organizado una jornada formativa para\u00a0para exponer las conclusiones del Estudio de identificaci\u00f3n del momento id\u00f3neo de recolecci\u00f3n de la variedad Arr\u00f3niz en Rioja [&hellip;]","og_url":"https:\/\/www.uaga.eus\/eu\/aprora-organiza-una-jornada-el-28-de-octubre-para-identificar-el-momento-idoneo-de-recoleccion-de-los-olivos\/","og_site_name":"UAGA","article_published_time":"2020-10-16T10:50:57+00:00","og_image":[{"width":650,"height":366,"url":"https:\/\/www.uaga.eus\/wp-content\/uploads\/2020\/10\/recogida-oliva.jpg","type":"image\/jpeg"}],"author":"Blanca S\u00e1nchez","twitter_card":"summary_large_image","twitter_misc":{"Written by":"Blanca S\u00e1nchez","Est. reading time":"1 minutua"},"schema":{"@context":"https:\/\/schema.org","@graph":[{"@type":"WebPage","@id":"https:\/\/www.uaga.eus\/eu\/aprora-organiza-una-jornada-el-28-de-octubre-para-identificar-el-momento-idoneo-de-recoleccion-de-los-olivos\/","url":"https:\/\/www.uaga.eus\/eu\/aprora-organiza-una-jornada-el-28-de-octubre-para-identificar-el-momento-idoneo-de-recoleccion-de-los-olivos\/","name":"APRORA organiza una jornada el 28 de octubre para identificar el momento id\u00f3neo de recolecci\u00f3n de los olivos - UAGA","isPartOf":{"@id":"https:\/\/www.uaga.eus\/#website"},"datePublished":"2020-10-16T10:50:57+00:00","dateModified":"2020-10-16T10:50:57+00:00","author":{"@id":"https:\/\/www.uaga.eus\/#\/schema\/person\/48c3cbf0f33d1b788226dbb6518689cf"},"breadcrumb":{"@id":"https:\/\/www.uaga.eus\/eu\/aprora-organiza-una-jornada-el-28-de-octubre-para-identificar-el-momento-idoneo-de-recoleccion-de-los-olivos\/#breadcrumb"},"inLanguage":"eu","potentialAction":[{"@type":"ReadAction","target":["https:\/\/www.uaga.eus\/eu\/aprora-organiza-una-jornada-el-28-de-octubre-para-identificar-el-momento-idoneo-de-recoleccion-de-los-olivos\/"]}]},{"@type":"BreadcrumbList","@id":"https:\/\/www.uaga.eus\/eu\/aprora-organiza-una-jornada-el-28-de-octubre-para-identificar-el-momento-idoneo-de-recoleccion-de-los-olivos\/#breadcrumb","itemListElement":[{"@type":"ListItem","position":1,"name":"Inicio","item":"https:\/\/www.uaga.eus\/"},{"@type":"ListItem","position":2,"name":"APRORA organiza una jornada el 28 de octubre para identificar el momento id\u00f3neo de recolecci\u00f3n de los olivos"}]},{"@type":"WebSite","@id":"https:\/\/www.uaga.eus\/#website","url":"https:\/\/www.uaga.eus\/","name":"UAGA","description":"Uni\u00f3n Agroganadera de \u00c1lava - Araba Nekazarien Elkartea","potentialAction":[{"@type":"SearchAction","target":{"@type":"EntryPoint","urlTemplate":"https:\/\/www.uaga.eus\/?s={search_term_string}"},"query-input":"required name=search_term_string"}],"inLanguage":"eu"},{"@type":"Person","@id":"https:\/\/www.uaga.eus\/#\/schema\/person\/48c3cbf0f33d1b788226dbb6518689cf","name":"Blanca S\u00e1nchez","image":{"@type":"ImageObject","inLanguage":"eu","@id":"https:\/\/www.uaga.eus\/#\/schema\/person\/image\/","url":"https:\/\/secure.gravatar.com\/avatar\/0dc91c20648254b1ce84877283f6751b?s=96&d=mm&r=g","contentUrl":"https:\/\/secure.gravatar.com\/avatar\/0dc91c20648254b1ce84877283f6751b?s=96&d=mm&r=g","caption":"Blanca S\u00e1nchez"},"url":"https:\/\/www.uaga.eus\/eu\/author\/bsanchez\/"}]}},"_links":{"self":[{"href":"https:\/\/www.uaga.eus\/eu\/wp-json\/wp\/v2\/posts\/8075"}],"collection":[{"href":"https:\/\/www.uaga.eus\/eu\/wp-json\/wp\/v2\/posts"}],"about":[{"href":"https:\/\/www.uaga.eus\/eu\/wp-json\/wp\/v2\/types\/post"}],"author":[{"embeddable":true,"href":"https:\/\/www.uaga.eus\/eu\/wp-json\/wp\/v2\/users\/4"}],"replies":[{"embeddable":true,"href":"https:\/\/www.uaga.eus\/eu\/wp-json\/wp\/v2\/comments?post=8075"}],"version-history":[{"count":1,"href":"https:\/\/www.uaga.eus\/eu\/wp-json\/wp\/v2\/posts\/8075\/revisions"}],"predecessor-version":[{"id":8077,"href":"https:\/\/www.uaga.eus\/eu\/wp-json\/wp\/v2\/posts\/8075\/revisions\/8077"}],"wp:featuredmedia":[{"embeddable":true,"href":"https:\/\/www.uaga.eus\/eu\/wp-json\/wp\/v2\/media\/8076"}],"wp:attachment":[{"href":"https:\/\/www.uaga.eus\/eu\/wp-json\/wp\/v2\/media?parent=8075"}],"wp:term":[{"taxonomy":"category","embeddable":true,"href":"https:\/\/www.uaga.eus\/eu\/wp-json\/wp\/v2\/categories?post=8075"},{"taxonomy":"post_tag","embeddable":true,"href":"https:\/\/www.uaga.eus\/eu\/wp-json\/wp\/v2\/tags?post=8075"}],"curies":[{"name":"wp","href":"https:\/\/api.w.org\/{rel}","templated":true}]}}