{"id":8062,"date":"2020-10-16T10:42:22","date_gmt":"2020-10-16T10:42:22","guid":{"rendered":"https:\/\/www.uaga.eus\/?p=8062"},"modified":"2020-10-16T10:42:22","modified_gmt":"2020-10-16T10:42:22","slug":"basoa-fundazioa-organiza-una-jornada-sobre-la-custodia-compartida-de-la-gestion-forestal","status":"publish","type":"post","link":"https:\/\/www.uaga.eus\/eu\/basoa-fundazioa-organiza-una-jornada-sobre-la-custodia-compartida-de-la-gestion-forestal\/","title":{"rendered":"Basoa Fundazioa organiza una jornada sobre la custodia compartida de la gesti\u00f3n forestal"},"content":{"rendered":"<p>Basoa Fundazioa\u00a0es una entidad sin \u00e1nimo de lucro que divulga la importancia de los ecosistemas forestales, que interviene tanto con las administraciones de la Comunidad Aut\u00f3noma de Euskadi como con otras entidades para mejorar la defensa y expansi\u00f3n de estos ecosistemas y que act\u00faa con los gestores de los terrenos para propiciar mejoras.<\/p>\n<p>El pr\u00f3ximo 23 de octubre ha organizado una jornada en Azpeitia, que puede seguirse tanto presencialmente como online, sobre la custodia compartida de la gesti\u00f3n forestal, una pr\u00e1ctica que plantea la agrupaci\u00f3n\u00a0de los propietarios de la madera para gestionar y comercializar conjuntamente.<\/p>\n<p>Puedes consultar toda la informaci\u00f3n de la jornada <a href=\"https:\/\/basoa.org\/es\/proyectos-fundacion\/eventos\/custodia-agrupada-de-la-gestion-forestal\" target=\"_blank\" rel=\"noopener\" data-cke-saved-href=\"https:\/\/basoa.org\/es\/proyectos-fundacion\/eventos\/custodia-agrupada-de-la-gestion-forestal\">aqu\u00ed<\/a>.<\/p>\n<p><br data-cke-eol=\"1\" \/><\/p>\n","protected":false},"excerpt":{"rendered":"<p>Basoa Fundazioa\u00a0es una entidad sin \u00e1nimo de lucro que divulga la importancia de los ecosistemas forestales, que interviene tanto con las administraciones de la Comunidad Aut\u00f3noma de Euskadi como con otras entidades para mejorar la defensa y expansi\u00f3n de estos ecosistemas y que act\u00faa con los gestores de los terrenos para propiciar mejoras. El pr\u00f3ximo [&hellip;]<\/p>\n","protected":false},"author":4,"featured_media":8064,"comment_status":"closed","ping_status":"closed","sticky":false,"template":"","format":"standard","meta":{"footnotes":""},"categories":[66,11],"tags":[],"yoast_head":"<!-- This site is optimized with the Yoast SEO plugin v21.5 - https:\/\/yoast.com\/wordpress\/plugins\/seo\/ -->\n<title>Basoa Fundazioa organiza una jornada sobre la custodia compartida de la gesti\u00f3n forestal - UAGA<\/title>\n<meta name=\"robots\" content=\"index, follow, max-snippet:-1, max-image-preview:large, max-video-preview:-1\" \/>\n<link rel=\"canonical\" href=\"https:\/\/www.uaga.eus\/basoa-fundazioa-organiza-una-jornada-sobre-la-custodia-compartida-de-la-gestion-forestal\/\" \/>\n<meta property=\"og:locale\" content=\"en_US\" \/>\n<meta property=\"og:type\" content=\"article\" \/>\n<meta property=\"og:title\" content=\"Basoa Fundazioa organiza una jornada sobre la custodia compartida de la gesti\u00f3n forestal - UAGA\" \/>\n<meta property=\"og:description\" content=\"Basoa Fundazioa\u00a0es una entidad sin \u00e1nimo de lucro que divulga la importancia de los ecosistemas forestales, que interviene tanto con las administraciones de la Comunidad Aut\u00f3noma de Euskadi como con otras entidades para mejorar la defensa y expansi\u00f3n de estos ecosistemas y que act\u00faa con los gestores de los terrenos para propiciar mejoras. El pr\u00f3ximo [&hellip;]\" \/>\n<meta property=\"og:url\" content=\"https:\/\/www.uaga.eus\/basoa-fundazioa-organiza-una-jornada-sobre-la-custodia-compartida-de-la-gestion-forestal\/\" \/>\n<meta property=\"og:site_name\" content=\"UAGA\" \/>\n<meta property=\"article:published_time\" content=\"2020-10-16T10:42:22+00:00\" \/>\n<meta property=\"og:image\" content=\"https:\/\/www.uaga.eus\/wp-content\/uploads\/2020\/10\/BASOA-jornada.jpg\" \/>\n\t<meta property=\"og:image:width\" content=\"650\" \/>\n\t<meta property=\"og:image:height\" content=\"247\" \/>\n\t<meta property=\"og:image:type\" content=\"image\/jpeg\" \/>\n<meta name=\"author\" content=\"Blanca S\u00e1nchez\" \/>\n<meta name=\"twitter:card\" content=\"summary_large_image\" \/>\n<meta name=\"twitter:label1\" content=\"Written by\" \/>\n\t<meta name=\"twitter:data1\" content=\"Blanca S\u00e1nchez\" \/>\n\t<meta name=\"twitter:label2\" content=\"Est. reading time\" \/>\n\t<meta name=\"twitter:data2\" content=\"1 minutua\" \/>\n<script type=\"application\/ld+json\" class=\"yoast-schema-graph\">{\"@context\":\"https:\/\/schema.org\",\"@graph\":[{\"@type\":\"WebPage\",\"@id\":\"https:\/\/www.uaga.eus\/basoa-fundazioa-organiza-una-jornada-sobre-la-custodia-compartida-de-la-gestion-forestal\/\",\"url\":\"https:\/\/www.uaga.eus\/basoa-fundazioa-organiza-una-jornada-sobre-la-custodia-compartida-de-la-gestion-forestal\/\",\"name\":\"Basoa Fundazioa organiza una jornada sobre la custodia compartida de la gesti\u00f3n forestal - UAGA\",\"isPartOf\":{\"@id\":\"https:\/\/www.uaga.eus\/#website\"},\"datePublished\":\"2020-10-16T10:42:22+00:00\",\"dateModified\":\"2020-10-16T10:42:22+00:00\",\"author\":{\"@id\":\"https:\/\/www.uaga.eus\/#\/schema\/person\/48c3cbf0f33d1b788226dbb6518689cf\"},\"breadcrumb\":{\"@id\":\"https:\/\/www.uaga.eus\/basoa-fundazioa-organiza-una-jornada-sobre-la-custodia-compartida-de-la-gestion-forestal\/#breadcrumb\"},\"inLanguage\":\"eu\",\"potentialAction\":[{\"@type\":\"ReadAction\",\"target\":[\"https:\/\/www.uaga.eus\/basoa-fundazioa-organiza-una-jornada-sobre-la-custodia-compartida-de-la-gestion-forestal\/\"]}]},{\"@type\":\"BreadcrumbList\",\"@id\":\"https:\/\/www.uaga.eus\/basoa-fundazioa-organiza-una-jornada-sobre-la-custodia-compartida-de-la-gestion-forestal\/#breadcrumb\",\"itemListElement\":[{\"@type\":\"ListItem\",\"position\":1,\"name\":\"Inicio\",\"item\":\"https:\/\/www.uaga.eus\/\"},{\"@type\":\"ListItem\",\"position\":2,\"name\":\"Basoa Fundazioa organiza una jornada sobre la custodia compartida de la gesti\u00f3n forestal\"}]},{\"@type\":\"WebSite\",\"@id\":\"https:\/\/www.uaga.eus\/#website\",\"url\":\"https:\/\/www.uaga.eus\/\",\"name\":\"UAGA\",\"description\":\"Uni\u00f3n Agroganadera de \u00c1lava - Araba Nekazarien Elkartea\",\"potentialAction\":[{\"@type\":\"SearchAction\",\"target\":{\"@type\":\"EntryPoint\",\"urlTemplate\":\"https:\/\/www.uaga.eus\/?s={search_term_string}\"},\"query-input\":\"required name=search_term_string\"}],\"inLanguage\":\"eu\"},{\"@type\":\"Person\",\"@id\":\"https:\/\/www.uaga.eus\/#\/schema\/person\/48c3cbf0f33d1b788226dbb6518689cf\",\"name\":\"Blanca S\u00e1nchez\",\"image\":{\"@type\":\"ImageObject\",\"inLanguage\":\"eu\",\"@id\":\"https:\/\/www.uaga.eus\/#\/schema\/person\/image\/\",\"url\":\"https:\/\/secure.gravatar.com\/avatar\/0dc91c20648254b1ce84877283f6751b?s=96&d=mm&r=g\",\"contentUrl\":\"https:\/\/secure.gravatar.com\/avatar\/0dc91c20648254b1ce84877283f6751b?s=96&d=mm&r=g\",\"caption\":\"Blanca S\u00e1nchez\"},\"url\":\"https:\/\/www.uaga.eus\/eu\/author\/bsanchez\/\"}]}<\/script>\n<!-- \/ Yoast SEO plugin. -->","yoast_head_json":{"title":"Basoa Fundazioa organiza una jornada sobre la custodia compartida de la gesti\u00f3n forestal - UAGA","robots":{"index":"index","follow":"follow","max-snippet":"max-snippet:-1","max-image-preview":"max-image-preview:large","max-video-preview":"max-video-preview:-1"},"canonical":"https:\/\/www.uaga.eus\/basoa-fundazioa-organiza-una-jornada-sobre-la-custodia-compartida-de-la-gestion-forestal\/","og_locale":"en_US","og_type":"article","og_title":"Basoa Fundazioa organiza una jornada sobre la custodia compartida de la gesti\u00f3n forestal - UAGA","og_description":"Basoa Fundazioa\u00a0es una entidad sin \u00e1nimo de lucro que divulga la importancia de los ecosistemas forestales, que interviene tanto con las administraciones de la Comunidad Aut\u00f3noma de Euskadi como con otras entidades para mejorar la defensa y expansi\u00f3n de estos ecosistemas y que act\u00faa con los gestores de los terrenos para propiciar mejoras. El pr\u00f3ximo [&hellip;]","og_url":"https:\/\/www.uaga.eus\/basoa-fundazioa-organiza-una-jornada-sobre-la-custodia-compartida-de-la-gestion-forestal\/","og_site_name":"UAGA","article_published_time":"2020-10-16T10:42:22+00:00","og_image":[{"width":650,"height":247,"url":"https:\/\/www.uaga.eus\/wp-content\/uploads\/2020\/10\/BASOA-jornada.jpg","type":"image\/jpeg"}],"author":"Blanca S\u00e1nchez","twitter_card":"summary_large_image","twitter_misc":{"Written by":"Blanca S\u00e1nchez","Est. reading time":"1 minutua"},"schema":{"@context":"https:\/\/schema.org","@graph":[{"@type":"WebPage","@id":"https:\/\/www.uaga.eus\/basoa-fundazioa-organiza-una-jornada-sobre-la-custodia-compartida-de-la-gestion-forestal\/","url":"https:\/\/www.uaga.eus\/basoa-fundazioa-organiza-una-jornada-sobre-la-custodia-compartida-de-la-gestion-forestal\/","name":"Basoa Fundazioa organiza una jornada sobre la custodia compartida de la gesti\u00f3n forestal - UAGA","isPartOf":{"@id":"https:\/\/www.uaga.eus\/#website"},"datePublished":"2020-10-16T10:42:22+00:00","dateModified":"2020-10-16T10:42:22+00:00","author":{"@id":"https:\/\/www.uaga.eus\/#\/schema\/person\/48c3cbf0f33d1b788226dbb6518689cf"},"breadcrumb":{"@id":"https:\/\/www.uaga.eus\/basoa-fundazioa-organiza-una-jornada-sobre-la-custodia-compartida-de-la-gestion-forestal\/#breadcrumb"},"inLanguage":"eu","potentialAction":[{"@type":"ReadAction","target":["https:\/\/www.uaga.eus\/basoa-fundazioa-organiza-una-jornada-sobre-la-custodia-compartida-de-la-gestion-forestal\/"]}]},{"@type":"BreadcrumbList","@id":"https:\/\/www.uaga.eus\/basoa-fundazioa-organiza-una-jornada-sobre-la-custodia-compartida-de-la-gestion-forestal\/#breadcrumb","itemListElement":[{"@type":"ListItem","position":1,"name":"Inicio","item":"https:\/\/www.uaga.eus\/"},{"@type":"ListItem","position":2,"name":"Basoa Fundazioa organiza una jornada sobre la custodia compartida de la gesti\u00f3n forestal"}]},{"@type":"WebSite","@id":"https:\/\/www.uaga.eus\/#website","url":"https:\/\/www.uaga.eus\/","name":"UAGA","description":"Uni\u00f3n Agroganadera de \u00c1lava - Araba Nekazarien Elkartea","potentialAction":[{"@type":"SearchAction","target":{"@type":"EntryPoint","urlTemplate":"https:\/\/www.uaga.eus\/?s={search_term_string}"},"query-input":"required name=search_term_string"}],"inLanguage":"eu"},{"@type":"Person","@id":"https:\/\/www.uaga.eus\/#\/schema\/person\/48c3cbf0f33d1b788226dbb6518689cf","name":"Blanca S\u00e1nchez","image":{"@type":"ImageObject","inLanguage":"eu","@id":"https:\/\/www.uaga.eus\/#\/schema\/person\/image\/","url":"https:\/\/secure.gravatar.com\/avatar\/0dc91c20648254b1ce84877283f6751b?s=96&d=mm&r=g","contentUrl":"https:\/\/secure.gravatar.com\/avatar\/0dc91c20648254b1ce84877283f6751b?s=96&d=mm&r=g","caption":"Blanca S\u00e1nchez"},"url":"https:\/\/www.uaga.eus\/eu\/author\/bsanchez\/"}]}},"_links":{"self":[{"href":"https:\/\/www.uaga.eus\/eu\/wp-json\/wp\/v2\/posts\/8062"}],"collection":[{"href":"https:\/\/www.uaga.eus\/eu\/wp-json\/wp\/v2\/posts"}],"about":[{"href":"https:\/\/www.uaga.eus\/eu\/wp-json\/wp\/v2\/types\/post"}],"author":[{"embeddable":true,"href":"https:\/\/www.uaga.eus\/eu\/wp-json\/wp\/v2\/users\/4"}],"replies":[{"embeddable":true,"href":"https:\/\/www.uaga.eus\/eu\/wp-json\/wp\/v2\/comments?post=8062"}],"version-history":[{"count":1,"href":"https:\/\/www.uaga.eus\/eu\/wp-json\/wp\/v2\/posts\/8062\/revisions"}],"predecessor-version":[{"id":8067,"href":"https:\/\/www.uaga.eus\/eu\/wp-json\/wp\/v2\/posts\/8062\/revisions\/8067"}],"wp:featuredmedia":[{"embeddable":true,"href":"https:\/\/www.uaga.eus\/eu\/wp-json\/wp\/v2\/media\/8064"}],"wp:attachment":[{"href":"https:\/\/www.uaga.eus\/eu\/wp-json\/wp\/v2\/media?parent=8062"}],"wp:term":[{"taxonomy":"category","embeddable":true,"href":"https:\/\/www.uaga.eus\/eu\/wp-json\/wp\/v2\/categories?post=8062"},{"taxonomy":"post_tag","embeddable":true,"href":"https:\/\/www.uaga.eus\/eu\/wp-json\/wp\/v2\/tags?post=8062"}],"curies":[{"name":"wp","href":"https:\/\/api.w.org\/{rel}","templated":true}]}}