{"id":8056,"date":"2020-10-09T12:02:33","date_gmt":"2020-10-09T12:02:33","guid":{"rendered":"https:\/\/www.uaga.eus\/?p=8056"},"modified":"2020-10-09T12:03:29","modified_gmt":"2020-10-09T12:03:29","slug":"uaga-prepara-la-proxima-campana-de-remolacha-2020-2021-y-se-reune-con-el-gobierno-vasco-que-ha-comunicado-la-prorroga-de-las-ayudas-agroambientales","status":"publish","type":"post","link":"https:\/\/www.uaga.eus\/eu\/uaga-prepara-la-proxima-campana-de-remolacha-2020-2021-y-se-reune-con-el-gobierno-vasco-que-ha-comunicado-la-prorroga-de-las-ayudas-agroambientales\/","title":{"rendered":"UAGA prepara la pr\u00f3xima campa\u00f1a de remolacha 2020-2021 y se re\u00fane con el Gobierno Vasco que ha comunicado la pr\u00f3rroga de las ayudas agroambientales\u00a0"},"content":{"rendered":"<p>La semana pasada los responsables del sector remolacha de UAGA mantuvieron una reuni\u00f3n para preparar la campa\u00f1a de remolacha 2020-2021 que est\u00e1 a punto de comenzar, parece que <strong>Azucarera abrir\u00e1 la recepci\u00f3n de la f\u00e1brica de Miranda el 3 \u00f3 el 10 de noviembre.<\/strong><\/p>\n<p>Dada la actual situaci\u00f3n de crisis sanitaria provocada por la Covid-19, <strong>este a\u00f1o no va a ser posible celebrar la Asamblea General Ordinaria del sector<\/strong> de manera presencial.<\/p>\n<p>Para paliar esta situaci\u00f3n, la Junta Sectorial de Remolacha, con representantes de todas las zonas remolacheras, celebrar\u00e1n una reuni\u00f3n para tratar los asuntos relativos a la Asamblea General, y proceder\u00e1 a la renovaci\u00f3n de cargos que qued\u00f3 pendiente en primavera debido al confinamiento provocado por la Covid-19.<\/p>\n<p>Tras esta reuni\u00f3n, enviaremos la informaci\u00f3n de esta reuni\u00f3n por correo ordinario a todas las explotaciones del colectivo.<\/p>\n<p>Por otra parte, esta semana los responsables del sector de remolacha de UAGA han asistido a una reuni\u00f3n convocada por el viceconsejero de Agricultura del Gobierno Vasco. Bittor Oroz, a la que tambi\u00e9n acudieron representantes de AIRA, as\u00ed como responsables de la Diputaci\u00f3n Foral de \u00c1lava y de Neiker.<\/p>\n<p>En la reuni\u00f3n el viceconsejero inform\u00f3 de que las <strong>ayudas agroambientales<\/strong> se van a prorrogar por 2 a\u00f1os (1+1), con las mismas condiciones en los compromisos y en la cuant\u00eda econ\u00f3mica que hasta ahora.<\/p>\n<p>Por su parte, el diputado de Agricultura de la DFA inform\u00f3 de que en breve se publicar\u00e1n las <strong>ayudas de minimis<\/strong> a las que podr\u00e1n optar las explotaciones de remolacha y patata. La cuant\u00eda de las mismas ser\u00e1 de 150 euros por hect\u00e1rea.<br \/>\n+ INFO YOLANDA: 615 779 584<\/p>","protected":false},"excerpt":{"rendered":"<p>La semana pasada los responsables del sector remolacha de UAGA mantuvieron una reuni\u00f3n para preparar la campa\u00f1a de remolacha 2020-2021 que est\u00e1 a punto de comenzar, parece que Azucarera abrir\u00e1 la recepci\u00f3n de la f\u00e1brica de Miranda el 3 \u00f3 el 10 de noviembre. Dada la actual situaci\u00f3n de crisis sanitaria provocada por la Covid-19, [&hellip;]<\/p>\n","protected":false},"author":4,"featured_media":7679,"comment_status":"closed","ping_status":"closed","sticky":false,"template":"","format":"standard","meta":{"footnotes":""},"categories":[7,5,3,4],"tags":[],"yoast_head":"<!-- This site is optimized with the Yoast SEO plugin v21.5 - https:\/\/yoast.com\/wordpress\/plugins\/seo\/ -->\n<title>UAGA prepara la pr\u00f3xima campa\u00f1a de remolacha 2020-2021 y se re\u00fane con el Gobierno Vasco que ha comunicado la pr\u00f3rroga de las ayudas agroambientales\u00a0 - UAGA<\/title>\n<meta name=\"robots\" content=\"index, follow, max-snippet:-1, max-image-preview:large, max-video-preview:-1\" \/>\n<link rel=\"canonical\" href=\"https:\/\/www.uaga.eus\/uaga-prepara-la-proxima-campana-de-remolacha-2020-2021-y-se-reune-con-el-gobierno-vasco-que-ha-comunicado-la-prorroga-de-las-ayudas-agroambientales\/\" \/>\n<meta property=\"og:locale\" content=\"en_US\" \/>\n<meta property=\"og:type\" content=\"article\" \/>\n<meta property=\"og:title\" content=\"UAGA prepara la pr\u00f3xima campa\u00f1a de remolacha 2020-2021 y se re\u00fane con el Gobierno Vasco que ha comunicado la pr\u00f3rroga de las ayudas agroambientales\u00a0 - UAGA\" \/>\n<meta property=\"og:description\" content=\"La semana pasada los responsables del sector remolacha de UAGA mantuvieron una reuni\u00f3n para preparar la campa\u00f1a de remolacha 2020-2021 que est\u00e1 a punto de comenzar, parece que Azucarera abrir\u00e1 la recepci\u00f3n de la f\u00e1brica de Miranda el 3 \u00f3 el 10 de noviembre. Dada la actual situaci\u00f3n de crisis sanitaria provocada por la Covid-19, [&hellip;]\" \/>\n<meta property=\"og:url\" content=\"https:\/\/www.uaga.eus\/uaga-prepara-la-proxima-campana-de-remolacha-2020-2021-y-se-reune-con-el-gobierno-vasco-que-ha-comunicado-la-prorroga-de-las-ayudas-agroambientales\/\" \/>\n<meta property=\"og:site_name\" content=\"UAGA\" \/>\n<meta property=\"article:published_time\" content=\"2020-10-09T12:02:33+00:00\" \/>\n<meta property=\"article:modified_time\" content=\"2020-10-09T12:03:29+00:00\" \/>\n<meta property=\"og:image\" content=\"https:\/\/www.uaga.eus\/wp-content\/uploads\/2020\/06\/remolacha-azucarera-e1592565357362.jpg\" \/>\n\t<meta property=\"og:image:width\" content=\"698\" \/>\n\t<meta property=\"og:image:height\" content=\"404\" \/>\n\t<meta property=\"og:image:type\" content=\"image\/jpeg\" \/>\n<meta name=\"author\" content=\"Blanca S\u00e1nchez\" \/>\n<meta name=\"twitter:card\" content=\"summary_large_image\" \/>\n<meta name=\"twitter:label1\" content=\"Written by\" \/>\n\t<meta name=\"twitter:data1\" content=\"Blanca S\u00e1nchez\" \/>\n\t<meta name=\"twitter:label2\" content=\"Est. reading time\" \/>\n\t<meta name=\"twitter:data2\" content=\"3 minutua\" \/>\n<script type=\"application\/ld+json\" class=\"yoast-schema-graph\">{\"@context\":\"https:\/\/schema.org\",\"@graph\":[{\"@type\":\"WebPage\",\"@id\":\"https:\/\/www.uaga.eus\/uaga-prepara-la-proxima-campana-de-remolacha-2020-2021-y-se-reune-con-el-gobierno-vasco-que-ha-comunicado-la-prorroga-de-las-ayudas-agroambientales\/\",\"url\":\"https:\/\/www.uaga.eus\/uaga-prepara-la-proxima-campana-de-remolacha-2020-2021-y-se-reune-con-el-gobierno-vasco-que-ha-comunicado-la-prorroga-de-las-ayudas-agroambientales\/\",\"name\":\"UAGA prepara la pr\u00f3xima campa\u00f1a de remolacha 2020-2021 y se re\u00fane con el Gobierno Vasco que ha comunicado la pr\u00f3rroga de las ayudas agroambientales\u00a0 - UAGA\",\"isPartOf\":{\"@id\":\"https:\/\/www.uaga.eus\/#website\"},\"datePublished\":\"2020-10-09T12:02:33+00:00\",\"dateModified\":\"2020-10-09T12:03:29+00:00\",\"author\":{\"@id\":\"https:\/\/www.uaga.eus\/#\/schema\/person\/48c3cbf0f33d1b788226dbb6518689cf\"},\"breadcrumb\":{\"@id\":\"https:\/\/www.uaga.eus\/uaga-prepara-la-proxima-campana-de-remolacha-2020-2021-y-se-reune-con-el-gobierno-vasco-que-ha-comunicado-la-prorroga-de-las-ayudas-agroambientales\/#breadcrumb\"},\"inLanguage\":\"eu\",\"potentialAction\":[{\"@type\":\"ReadAction\",\"target\":[\"https:\/\/www.uaga.eus\/uaga-prepara-la-proxima-campana-de-remolacha-2020-2021-y-se-reune-con-el-gobierno-vasco-que-ha-comunicado-la-prorroga-de-las-ayudas-agroambientales\/\"]}]},{\"@type\":\"BreadcrumbList\",\"@id\":\"https:\/\/www.uaga.eus\/uaga-prepara-la-proxima-campana-de-remolacha-2020-2021-y-se-reune-con-el-gobierno-vasco-que-ha-comunicado-la-prorroga-de-las-ayudas-agroambientales\/#breadcrumb\",\"itemListElement\":[{\"@type\":\"ListItem\",\"position\":1,\"name\":\"Inicio\",\"item\":\"https:\/\/www.uaga.eus\/\"},{\"@type\":\"ListItem\",\"position\":2,\"name\":\"UAGA prepara la pr\u00f3xima campa\u00f1a de remolacha 2020-2021 y se re\u00fane con el Gobierno Vasco que ha comunicado la pr\u00f3rroga de las ayudas agroambientales\u00a0\"}]},{\"@type\":\"WebSite\",\"@id\":\"https:\/\/www.uaga.eus\/#website\",\"url\":\"https:\/\/www.uaga.eus\/\",\"name\":\"UAGA\",\"description\":\"Uni\u00f3n Agroganadera de \u00c1lava - Araba Nekazarien Elkartea\",\"potentialAction\":[{\"@type\":\"SearchAction\",\"target\":{\"@type\":\"EntryPoint\",\"urlTemplate\":\"https:\/\/www.uaga.eus\/?s={search_term_string}\"},\"query-input\":\"required name=search_term_string\"}],\"inLanguage\":\"eu\"},{\"@type\":\"Person\",\"@id\":\"https:\/\/www.uaga.eus\/#\/schema\/person\/48c3cbf0f33d1b788226dbb6518689cf\",\"name\":\"Blanca S\u00e1nchez\",\"image\":{\"@type\":\"ImageObject\",\"inLanguage\":\"eu\",\"@id\":\"https:\/\/www.uaga.eus\/#\/schema\/person\/image\/\",\"url\":\"https:\/\/secure.gravatar.com\/avatar\/0dc91c20648254b1ce84877283f6751b?s=96&d=mm&r=g\",\"contentUrl\":\"https:\/\/secure.gravatar.com\/avatar\/0dc91c20648254b1ce84877283f6751b?s=96&d=mm&r=g\",\"caption\":\"Blanca S\u00e1nchez\"},\"url\":\"https:\/\/www.uaga.eus\/eu\/author\/bsanchez\/\"}]}<\/script>\n<!-- \/ Yoast SEO plugin. -->","yoast_head_json":{"title":"UAGA prepara la pr\u00f3xima campa\u00f1a de remolacha 2020-2021 y se re\u00fane con el Gobierno Vasco que ha comunicado la pr\u00f3rroga de las ayudas agroambientales\u00a0 - UAGA","robots":{"index":"index","follow":"follow","max-snippet":"max-snippet:-1","max-image-preview":"max-image-preview:large","max-video-preview":"max-video-preview:-1"},"canonical":"https:\/\/www.uaga.eus\/uaga-prepara-la-proxima-campana-de-remolacha-2020-2021-y-se-reune-con-el-gobierno-vasco-que-ha-comunicado-la-prorroga-de-las-ayudas-agroambientales\/","og_locale":"en_US","og_type":"article","og_title":"UAGA prepara la pr\u00f3xima campa\u00f1a de remolacha 2020-2021 y se re\u00fane con el Gobierno Vasco que ha comunicado la pr\u00f3rroga de las ayudas agroambientales\u00a0 - UAGA","og_description":"La semana pasada los responsables del sector remolacha de UAGA mantuvieron una reuni\u00f3n para preparar la campa\u00f1a de remolacha 2020-2021 que est\u00e1 a punto de comenzar, parece que Azucarera abrir\u00e1 la recepci\u00f3n de la f\u00e1brica de Miranda el 3 \u00f3 el 10 de noviembre. Dada la actual situaci\u00f3n de crisis sanitaria provocada por la Covid-19, [&hellip;]","og_url":"https:\/\/www.uaga.eus\/uaga-prepara-la-proxima-campana-de-remolacha-2020-2021-y-se-reune-con-el-gobierno-vasco-que-ha-comunicado-la-prorroga-de-las-ayudas-agroambientales\/","og_site_name":"UAGA","article_published_time":"2020-10-09T12:02:33+00:00","article_modified_time":"2020-10-09T12:03:29+00:00","og_image":[{"width":698,"height":404,"url":"https:\/\/www.uaga.eus\/wp-content\/uploads\/2020\/06\/remolacha-azucarera-e1592565357362.jpg","type":"image\/jpeg"}],"author":"Blanca S\u00e1nchez","twitter_card":"summary_large_image","twitter_misc":{"Written by":"Blanca S\u00e1nchez","Est. reading time":"3 minutua"},"schema":{"@context":"https:\/\/schema.org","@graph":[{"@type":"WebPage","@id":"https:\/\/www.uaga.eus\/uaga-prepara-la-proxima-campana-de-remolacha-2020-2021-y-se-reune-con-el-gobierno-vasco-que-ha-comunicado-la-prorroga-de-las-ayudas-agroambientales\/","url":"https:\/\/www.uaga.eus\/uaga-prepara-la-proxima-campana-de-remolacha-2020-2021-y-se-reune-con-el-gobierno-vasco-que-ha-comunicado-la-prorroga-de-las-ayudas-agroambientales\/","name":"UAGA prepara la pr\u00f3xima campa\u00f1a de remolacha 2020-2021 y se re\u00fane con el Gobierno Vasco que ha comunicado la pr\u00f3rroga de las ayudas agroambientales\u00a0 - UAGA","isPartOf":{"@id":"https:\/\/www.uaga.eus\/#website"},"datePublished":"2020-10-09T12:02:33+00:00","dateModified":"2020-10-09T12:03:29+00:00","author":{"@id":"https:\/\/www.uaga.eus\/#\/schema\/person\/48c3cbf0f33d1b788226dbb6518689cf"},"breadcrumb":{"@id":"https:\/\/www.uaga.eus\/uaga-prepara-la-proxima-campana-de-remolacha-2020-2021-y-se-reune-con-el-gobierno-vasco-que-ha-comunicado-la-prorroga-de-las-ayudas-agroambientales\/#breadcrumb"},"inLanguage":"eu","potentialAction":[{"@type":"ReadAction","target":["https:\/\/www.uaga.eus\/uaga-prepara-la-proxima-campana-de-remolacha-2020-2021-y-se-reune-con-el-gobierno-vasco-que-ha-comunicado-la-prorroga-de-las-ayudas-agroambientales\/"]}]},{"@type":"BreadcrumbList","@id":"https:\/\/www.uaga.eus\/uaga-prepara-la-proxima-campana-de-remolacha-2020-2021-y-se-reune-con-el-gobierno-vasco-que-ha-comunicado-la-prorroga-de-las-ayudas-agroambientales\/#breadcrumb","itemListElement":[{"@type":"ListItem","position":1,"name":"Inicio","item":"https:\/\/www.uaga.eus\/"},{"@type":"ListItem","position":2,"name":"UAGA prepara la pr\u00f3xima campa\u00f1a de remolacha 2020-2021 y se re\u00fane con el Gobierno Vasco que ha comunicado la pr\u00f3rroga de las ayudas agroambientales\u00a0"}]},{"@type":"WebSite","@id":"https:\/\/www.uaga.eus\/#website","url":"https:\/\/www.uaga.eus\/","name":"UAGA","description":"Uni\u00f3n Agroganadera de \u00c1lava - Araba Nekazarien Elkartea","potentialAction":[{"@type":"SearchAction","target":{"@type":"EntryPoint","urlTemplate":"https:\/\/www.uaga.eus\/?s={search_term_string}"},"query-input":"required name=search_term_string"}],"inLanguage":"eu"},{"@type":"Person","@id":"https:\/\/www.uaga.eus\/#\/schema\/person\/48c3cbf0f33d1b788226dbb6518689cf","name":"Blanca S\u00e1nchez","image":{"@type":"ImageObject","inLanguage":"eu","@id":"https:\/\/www.uaga.eus\/#\/schema\/person\/image\/","url":"https:\/\/secure.gravatar.com\/avatar\/0dc91c20648254b1ce84877283f6751b?s=96&d=mm&r=g","contentUrl":"https:\/\/secure.gravatar.com\/avatar\/0dc91c20648254b1ce84877283f6751b?s=96&d=mm&r=g","caption":"Blanca S\u00e1nchez"},"url":"https:\/\/www.uaga.eus\/eu\/author\/bsanchez\/"}]}},"_links":{"self":[{"href":"https:\/\/www.uaga.eus\/eu\/wp-json\/wp\/v2\/posts\/8056"}],"collection":[{"href":"https:\/\/www.uaga.eus\/eu\/wp-json\/wp\/v2\/posts"}],"about":[{"href":"https:\/\/www.uaga.eus\/eu\/wp-json\/wp\/v2\/types\/post"}],"author":[{"embeddable":true,"href":"https:\/\/www.uaga.eus\/eu\/wp-json\/wp\/v2\/users\/4"}],"replies":[{"embeddable":true,"href":"https:\/\/www.uaga.eus\/eu\/wp-json\/wp\/v2\/comments?post=8056"}],"version-history":[{"count":3,"href":"https:\/\/www.uaga.eus\/eu\/wp-json\/wp\/v2\/posts\/8056\/revisions"}],"predecessor-version":[{"id":8060,"href":"https:\/\/www.uaga.eus\/eu\/wp-json\/wp\/v2\/posts\/8056\/revisions\/8060"}],"wp:featuredmedia":[{"embeddable":true,"href":"https:\/\/www.uaga.eus\/eu\/wp-json\/wp\/v2\/media\/7679"}],"wp:attachment":[{"href":"https:\/\/www.uaga.eus\/eu\/wp-json\/wp\/v2\/media?parent=8056"}],"wp:term":[{"taxonomy":"category","embeddable":true,"href":"https:\/\/www.uaga.eus\/eu\/wp-json\/wp\/v2\/categories?post=8056"},{"taxonomy":"post_tag","embeddable":true,"href":"https:\/\/www.uaga.eus\/eu\/wp-json\/wp\/v2\/tags?post=8056"}],"curies":[{"name":"wp","href":"https:\/\/api.w.org\/{rel}","templated":true}]}}