{"id":8052,"date":"2020-10-09T11:59:35","date_gmt":"2020-10-09T11:59:35","guid":{"rendered":"https:\/\/www.uaga.eus\/?p=8052"},"modified":"2020-10-09T11:59:35","modified_gmt":"2020-10-09T11:59:35","slug":"coag-informa-sobre-la-reunion-de-la-mesa-sectorial-del-vacuno-de-carne","status":"publish","type":"post","link":"https:\/\/www.uaga.eus\/eu\/coag-informa-sobre-la-reunion-de-la-mesa-sectorial-del-vacuno-de-carne\/","title":{"rendered":"COAG informa sobre la reuni\u00f3n de la Mesa Sectorial del Vacuno de Carne"},"content":{"rendered":"<p>Se ha celebrado la Mesa Sectorial del Vacuno de Carne organizada por el Ministerio de Agricultura, a la que ha asistido COAG -de la que forma parte UAGA- junto con el resto de agentes del sector. El Ministerio ha presentado la situaci\u00f3n del mercado, donde el n\u00famero de explotaciones se mantienen estable durante los \u00faltimos a\u00f1os, con tendencia a la concentraci\u00f3n de animales por explotaci\u00f3n.<\/p>\n<p>En referencia a la situaci\u00f3n generada por la Covid-19, desde el inicio del estado de alarma se ha registrado una disminuci\u00f3n significativa del n\u00famero de sacrificios. El consumo en hogares ha aumentado de manera importante en el primer semestre de 2020, mientras que el consumo fuera del hogar se redujo significativamente, al igual que en el resto de sectores ligados al canal HORECA. En este sentido, las organizaciones han reclamado al Ministerio ayudas urgentes para el sector.<\/p>\n<p>Puedes consultar la presentaci\u00f3n del Ministerio sobre la situaci\u00f3n de mercado en el siguiente <a href=\"https:\/\/mcusercontent.com\/498b950ccfc4b8d0e600d7e48\/files\/ee9d3494-5820-4fbe-896b-874f3a04d30f\/2020928_Vacuno_Carne_Situaci\u00f3n_de_mercado.pdf\" target=\"_blank\" rel=\"noopener\" data-cke-saved-href=\"https:\/\/mcusercontent.com\/498b950ccfc4b8d0e600d7e48\/files\/ee9d3494-5820-4fbe-896b-874f3a04d30f\/2020928_Vacuno_Carne_Situaci\u00f3n_de_mercado.pdf\">enlace<\/a>.<\/p>\n<p>+ INFO SUGOI: 675 707\u00a0696<\/p>\n","protected":false},"excerpt":{"rendered":"<p>Se ha celebrado la Mesa Sectorial del Vacuno de Carne organizada por el Ministerio de Agricultura, a la que ha asistido COAG -de la que forma parte UAGA- junto con el resto de agentes del sector. El Ministerio ha presentado la situaci\u00f3n del mercado, donde el n\u00famero de explotaciones se mantienen estable durante los \u00faltimos [&hellip;]<\/p>\n","protected":false},"author":4,"featured_media":2990,"comment_status":"closed","ping_status":"closed","sticky":false,"template":"","format":"standard","meta":{"footnotes":""},"categories":[8],"tags":[],"yoast_head":"<!-- This site is optimized with the Yoast SEO plugin v21.5 - https:\/\/yoast.com\/wordpress\/plugins\/seo\/ -->\n<title>COAG informa sobre la reuni\u00f3n de la Mesa Sectorial del Vacuno de Carne - UAGA<\/title>\n<meta name=\"robots\" content=\"index, follow, max-snippet:-1, max-image-preview:large, max-video-preview:-1\" \/>\n<link rel=\"canonical\" href=\"https:\/\/www.uaga.eus\/coag-informa-sobre-la-reunion-de-la-mesa-sectorial-del-vacuno-de-carne\/\" \/>\n<meta property=\"og:locale\" content=\"en_US\" \/>\n<meta property=\"og:type\" content=\"article\" \/>\n<meta property=\"og:title\" content=\"COAG informa sobre la reuni\u00f3n de la Mesa Sectorial del Vacuno de Carne - UAGA\" \/>\n<meta property=\"og:description\" content=\"Se ha celebrado la Mesa Sectorial del Vacuno de Carne organizada por el Ministerio de Agricultura, a la que ha asistido COAG -de la que forma parte UAGA- junto con el resto de agentes del sector. El Ministerio ha presentado la situaci\u00f3n del mercado, donde el n\u00famero de explotaciones se mantienen estable durante los \u00faltimos [&hellip;]\" \/>\n<meta property=\"og:url\" content=\"https:\/\/www.uaga.eus\/coag-informa-sobre-la-reunion-de-la-mesa-sectorial-del-vacuno-de-carne\/\" \/>\n<meta property=\"og:site_name\" content=\"UAGA\" \/>\n<meta property=\"article:published_time\" content=\"2020-10-09T11:59:35+00:00\" \/>\n<meta property=\"og:image\" content=\"https:\/\/www.uaga.eus\/wp-content\/uploads\/2018\/06\/vaca-e1529062726466.jpg\" \/>\n\t<meta property=\"og:image:width\" content=\"700\" \/>\n\t<meta property=\"og:image:height\" content=\"413\" \/>\n\t<meta property=\"og:image:type\" content=\"image\/jpeg\" \/>\n<meta name=\"author\" content=\"Blanca S\u00e1nchez\" \/>\n<meta name=\"twitter:card\" content=\"summary_large_image\" \/>\n<meta name=\"twitter:label1\" content=\"Written by\" \/>\n\t<meta name=\"twitter:data1\" content=\"Blanca S\u00e1nchez\" \/>\n\t<meta name=\"twitter:label2\" content=\"Est. reading time\" \/>\n\t<meta name=\"twitter:data2\" content=\"1 minutua\" \/>\n<script type=\"application\/ld+json\" class=\"yoast-schema-graph\">{\"@context\":\"https:\/\/schema.org\",\"@graph\":[{\"@type\":\"WebPage\",\"@id\":\"https:\/\/www.uaga.eus\/coag-informa-sobre-la-reunion-de-la-mesa-sectorial-del-vacuno-de-carne\/\",\"url\":\"https:\/\/www.uaga.eus\/coag-informa-sobre-la-reunion-de-la-mesa-sectorial-del-vacuno-de-carne\/\",\"name\":\"COAG informa sobre la reuni\u00f3n de la Mesa Sectorial del Vacuno de Carne - UAGA\",\"isPartOf\":{\"@id\":\"https:\/\/www.uaga.eus\/#website\"},\"datePublished\":\"2020-10-09T11:59:35+00:00\",\"dateModified\":\"2020-10-09T11:59:35+00:00\",\"author\":{\"@id\":\"https:\/\/www.uaga.eus\/#\/schema\/person\/48c3cbf0f33d1b788226dbb6518689cf\"},\"breadcrumb\":{\"@id\":\"https:\/\/www.uaga.eus\/coag-informa-sobre-la-reunion-de-la-mesa-sectorial-del-vacuno-de-carne\/#breadcrumb\"},\"inLanguage\":\"eu\",\"potentialAction\":[{\"@type\":\"ReadAction\",\"target\":[\"https:\/\/www.uaga.eus\/coag-informa-sobre-la-reunion-de-la-mesa-sectorial-del-vacuno-de-carne\/\"]}]},{\"@type\":\"BreadcrumbList\",\"@id\":\"https:\/\/www.uaga.eus\/coag-informa-sobre-la-reunion-de-la-mesa-sectorial-del-vacuno-de-carne\/#breadcrumb\",\"itemListElement\":[{\"@type\":\"ListItem\",\"position\":1,\"name\":\"Inicio\",\"item\":\"https:\/\/www.uaga.eus\/\"},{\"@type\":\"ListItem\",\"position\":2,\"name\":\"COAG informa sobre la reuni\u00f3n de la Mesa Sectorial del Vacuno de Carne\"}]},{\"@type\":\"WebSite\",\"@id\":\"https:\/\/www.uaga.eus\/#website\",\"url\":\"https:\/\/www.uaga.eus\/\",\"name\":\"UAGA\",\"description\":\"Uni\u00f3n Agroganadera de \u00c1lava - Araba Nekazarien Elkartea\",\"potentialAction\":[{\"@type\":\"SearchAction\",\"target\":{\"@type\":\"EntryPoint\",\"urlTemplate\":\"https:\/\/www.uaga.eus\/?s={search_term_string}\"},\"query-input\":\"required name=search_term_string\"}],\"inLanguage\":\"eu\"},{\"@type\":\"Person\",\"@id\":\"https:\/\/www.uaga.eus\/#\/schema\/person\/48c3cbf0f33d1b788226dbb6518689cf\",\"name\":\"Blanca S\u00e1nchez\",\"image\":{\"@type\":\"ImageObject\",\"inLanguage\":\"eu\",\"@id\":\"https:\/\/www.uaga.eus\/#\/schema\/person\/image\/\",\"url\":\"https:\/\/secure.gravatar.com\/avatar\/0dc91c20648254b1ce84877283f6751b?s=96&d=mm&r=g\",\"contentUrl\":\"https:\/\/secure.gravatar.com\/avatar\/0dc91c20648254b1ce84877283f6751b?s=96&d=mm&r=g\",\"caption\":\"Blanca S\u00e1nchez\"},\"url\":\"https:\/\/www.uaga.eus\/eu\/author\/bsanchez\/\"}]}<\/script>\n<!-- \/ Yoast SEO plugin. -->","yoast_head_json":{"title":"COAG informa sobre la reuni\u00f3n de la Mesa Sectorial del Vacuno de Carne - UAGA","robots":{"index":"index","follow":"follow","max-snippet":"max-snippet:-1","max-image-preview":"max-image-preview:large","max-video-preview":"max-video-preview:-1"},"canonical":"https:\/\/www.uaga.eus\/coag-informa-sobre-la-reunion-de-la-mesa-sectorial-del-vacuno-de-carne\/","og_locale":"en_US","og_type":"article","og_title":"COAG informa sobre la reuni\u00f3n de la Mesa Sectorial del Vacuno de Carne - UAGA","og_description":"Se ha celebrado la Mesa Sectorial del Vacuno de Carne organizada por el Ministerio de Agricultura, a la que ha asistido COAG -de la que forma parte UAGA- junto con el resto de agentes del sector. El Ministerio ha presentado la situaci\u00f3n del mercado, donde el n\u00famero de explotaciones se mantienen estable durante los \u00faltimos [&hellip;]","og_url":"https:\/\/www.uaga.eus\/coag-informa-sobre-la-reunion-de-la-mesa-sectorial-del-vacuno-de-carne\/","og_site_name":"UAGA","article_published_time":"2020-10-09T11:59:35+00:00","og_image":[{"width":700,"height":413,"url":"https:\/\/www.uaga.eus\/wp-content\/uploads\/2018\/06\/vaca-e1529062726466.jpg","type":"image\/jpeg"}],"author":"Blanca S\u00e1nchez","twitter_card":"summary_large_image","twitter_misc":{"Written by":"Blanca S\u00e1nchez","Est. reading time":"1 minutua"},"schema":{"@context":"https:\/\/schema.org","@graph":[{"@type":"WebPage","@id":"https:\/\/www.uaga.eus\/coag-informa-sobre-la-reunion-de-la-mesa-sectorial-del-vacuno-de-carne\/","url":"https:\/\/www.uaga.eus\/coag-informa-sobre-la-reunion-de-la-mesa-sectorial-del-vacuno-de-carne\/","name":"COAG informa sobre la reuni\u00f3n de la Mesa Sectorial del Vacuno de Carne - UAGA","isPartOf":{"@id":"https:\/\/www.uaga.eus\/#website"},"datePublished":"2020-10-09T11:59:35+00:00","dateModified":"2020-10-09T11:59:35+00:00","author":{"@id":"https:\/\/www.uaga.eus\/#\/schema\/person\/48c3cbf0f33d1b788226dbb6518689cf"},"breadcrumb":{"@id":"https:\/\/www.uaga.eus\/coag-informa-sobre-la-reunion-de-la-mesa-sectorial-del-vacuno-de-carne\/#breadcrumb"},"inLanguage":"eu","potentialAction":[{"@type":"ReadAction","target":["https:\/\/www.uaga.eus\/coag-informa-sobre-la-reunion-de-la-mesa-sectorial-del-vacuno-de-carne\/"]}]},{"@type":"BreadcrumbList","@id":"https:\/\/www.uaga.eus\/coag-informa-sobre-la-reunion-de-la-mesa-sectorial-del-vacuno-de-carne\/#breadcrumb","itemListElement":[{"@type":"ListItem","position":1,"name":"Inicio","item":"https:\/\/www.uaga.eus\/"},{"@type":"ListItem","position":2,"name":"COAG informa sobre la reuni\u00f3n de la Mesa Sectorial del Vacuno de Carne"}]},{"@type":"WebSite","@id":"https:\/\/www.uaga.eus\/#website","url":"https:\/\/www.uaga.eus\/","name":"UAGA","description":"Uni\u00f3n Agroganadera de \u00c1lava - Araba Nekazarien Elkartea","potentialAction":[{"@type":"SearchAction","target":{"@type":"EntryPoint","urlTemplate":"https:\/\/www.uaga.eus\/?s={search_term_string}"},"query-input":"required name=search_term_string"}],"inLanguage":"eu"},{"@type":"Person","@id":"https:\/\/www.uaga.eus\/#\/schema\/person\/48c3cbf0f33d1b788226dbb6518689cf","name":"Blanca S\u00e1nchez","image":{"@type":"ImageObject","inLanguage":"eu","@id":"https:\/\/www.uaga.eus\/#\/schema\/person\/image\/","url":"https:\/\/secure.gravatar.com\/avatar\/0dc91c20648254b1ce84877283f6751b?s=96&d=mm&r=g","contentUrl":"https:\/\/secure.gravatar.com\/avatar\/0dc91c20648254b1ce84877283f6751b?s=96&d=mm&r=g","caption":"Blanca S\u00e1nchez"},"url":"https:\/\/www.uaga.eus\/eu\/author\/bsanchez\/"}]}},"_links":{"self":[{"href":"https:\/\/www.uaga.eus\/eu\/wp-json\/wp\/v2\/posts\/8052"}],"collection":[{"href":"https:\/\/www.uaga.eus\/eu\/wp-json\/wp\/v2\/posts"}],"about":[{"href":"https:\/\/www.uaga.eus\/eu\/wp-json\/wp\/v2\/types\/post"}],"author":[{"embeddable":true,"href":"https:\/\/www.uaga.eus\/eu\/wp-json\/wp\/v2\/users\/4"}],"replies":[{"embeddable":true,"href":"https:\/\/www.uaga.eus\/eu\/wp-json\/wp\/v2\/comments?post=8052"}],"version-history":[{"count":1,"href":"https:\/\/www.uaga.eus\/eu\/wp-json\/wp\/v2\/posts\/8052\/revisions"}],"predecessor-version":[{"id":8053,"href":"https:\/\/www.uaga.eus\/eu\/wp-json\/wp\/v2\/posts\/8052\/revisions\/8053"}],"wp:featuredmedia":[{"embeddable":true,"href":"https:\/\/www.uaga.eus\/eu\/wp-json\/wp\/v2\/media\/2990"}],"wp:attachment":[{"href":"https:\/\/www.uaga.eus\/eu\/wp-json\/wp\/v2\/media?parent=8052"}],"wp:term":[{"taxonomy":"category","embeddable":true,"href":"https:\/\/www.uaga.eus\/eu\/wp-json\/wp\/v2\/categories?post=8052"},{"taxonomy":"post_tag","embeddable":true,"href":"https:\/\/www.uaga.eus\/eu\/wp-json\/wp\/v2\/tags?post=8052"}],"curies":[{"name":"wp","href":"https:\/\/api.w.org\/{rel}","templated":true}]}}