{"id":8049,"date":"2020-10-09T11:55:27","date_gmt":"2020-10-09T11:55:27","guid":{"rendered":"https:\/\/www.uaga.eus\/?p=8049"},"modified":"2020-10-09T11:55:27","modified_gmt":"2020-10-09T11:55:27","slug":"el-foro-rural-mundial-en-el-que-se-integra-uaga-acuerda-con-el-ministerio-de-asuntos-exteriores-cooperacion-de-espana-y-la-union-europea-su-compromiso-con-el-objetivo-de-desarrollo-sostenible-ham","status":"publish","type":"post","link":"https:\/\/www.uaga.eus\/eu\/el-foro-rural-mundial-en-el-que-se-integra-uaga-acuerda-con-el-ministerio-de-asuntos-exteriores-cooperacion-de-espana-y-la-union-europea-su-compromiso-con-el-objetivo-de-desarrollo-sostenible-ham\/","title":{"rendered":"El Foro Rural Mundial, en el que se integra UAGA, acuerda con el Ministerio de Asuntos Exteriores, Cooperaci\u00f3n de Espa\u00f1a y la Uni\u00f3n Europea, su compromiso con el Objetivo de Desarrollo Sostenible, Hambre Cero"},"content":{"rendered":"<p>El Foro Rural Mundial, en el que se integra UAGA, ha firmado una Declaraci\u00f3n de Intenciones con el Ministerio de Asuntos Exteriores, la Uni\u00f3n Europea y Cooperaci\u00f3n de Espa\u00f1a, estableciendo su colaboraci\u00f3n para t<strong>rabajar conjuntamente hacia el cumplimiento del Objetivo de Desarrollo Sostenible 2, Hambre Cero<\/strong>, a trav\u00e9s de la implementaci\u00f3n del Decenio de las Naciones Unidas para la Agricultura Familiar (DNUAF) 2019-2028.<\/p>\n<p>La crisis sanitaria y econ\u00f3mica generada por la COVID-19 ha impactado fuertemente en los medios de vida de millones de agricultores y agricultoras familiares de todo el mundo.<\/p>\n<p><strong>La implicaci\u00f3n de los gobiernos es esencial para elaborar, mejorar y aplicar pol\u00edticas p\u00fablicas en favor de la agricultura familiar.<\/strong> Con esta declaraci\u00f3n se busca animar y estimular a otros Estados a implicarse de forma activa en el Decenio para la Agricultura Familiar y a mostrar su compromiso com\u00fan para fomentar la agricultura familiar.<\/p>\n<p>Puedes consultar aqu\u00ed el <a href=\"https:\/\/ruralforum.acblnk.com\/envio\/ver\/1125440\/loNTiMRSC87Dz6gpYVMmdgiGczKo9ad3Y\/VfCp8M8LIX5Af5XOEm2Tr0\/\" target=\"_blank\" rel=\"noopener\" data-cke-saved-href=\"https:\/\/ruralforum.acblnk.com\/envio\/ver\/1125440\/loNTiMRSC87Dz6gpYVMmdgiGczKo9ad3Y\/VfCp8M8LIX5Af5XOEm2Tr0\/\">comunicado<\/a> conjunto.<\/p>\n","protected":false},"excerpt":{"rendered":"<p>El Foro Rural Mundial, en el que se integra UAGA, ha firmado una Declaraci\u00f3n de Intenciones con el Ministerio de Asuntos Exteriores, la Uni\u00f3n Europea y Cooperaci\u00f3n de Espa\u00f1a, estableciendo su colaboraci\u00f3n para trabajar conjuntamente hacia el cumplimiento del Objetivo de Desarrollo Sostenible 2, Hambre Cero, a trav\u00e9s de la implementaci\u00f3n del Decenio de las [&hellip;]<\/p>\n","protected":false},"author":4,"featured_media":8043,"comment_status":"closed","ping_status":"closed","sticky":false,"template":"","format":"standard","meta":{"footnotes":""},"categories":[111,37,4],"tags":[],"yoast_head":"<!-- This site is optimized with the Yoast SEO plugin v21.5 - https:\/\/yoast.com\/wordpress\/plugins\/seo\/ -->\n<title>El Foro Rural Mundial, en el que se integra UAGA, acuerda con el Ministerio de Asuntos Exteriores, Cooperaci\u00f3n de Espa\u00f1a y la Uni\u00f3n Europea, su compromiso con el Objetivo de Desarrollo Sostenible, Hambre Cero - UAGA<\/title>\n<meta name=\"robots\" content=\"index, follow, max-snippet:-1, max-image-preview:large, max-video-preview:-1\" \/>\n<link rel=\"canonical\" href=\"https:\/\/www.uaga.eus\/el-foro-rural-mundial-en-el-que-se-integra-uaga-acuerda-con-el-ministerio-de-asuntos-exteriores-cooperacion-de-espana-y-la-union-europea-su-compromiso-con-el-objetivo-de-desarrollo-sostenible-ham\/\" \/>\n<meta property=\"og:locale\" content=\"en_US\" \/>\n<meta property=\"og:type\" content=\"article\" \/>\n<meta property=\"og:title\" content=\"El Foro Rural Mundial, en el que se integra UAGA, acuerda con el Ministerio de Asuntos Exteriores, Cooperaci\u00f3n de Espa\u00f1a y la Uni\u00f3n Europea, su compromiso con el Objetivo de Desarrollo Sostenible, Hambre Cero - UAGA\" \/>\n<meta property=\"og:description\" content=\"El Foro Rural Mundial, en el que se integra UAGA, ha firmado una Declaraci\u00f3n de Intenciones con el Ministerio de Asuntos Exteriores, la Uni\u00f3n Europea y Cooperaci\u00f3n de Espa\u00f1a, estableciendo su colaboraci\u00f3n para trabajar conjuntamente hacia el cumplimiento del Objetivo de Desarrollo Sostenible 2, Hambre Cero, a trav\u00e9s de la implementaci\u00f3n del Decenio de las [&hellip;]\" \/>\n<meta property=\"og:url\" content=\"https:\/\/www.uaga.eus\/el-foro-rural-mundial-en-el-que-se-integra-uaga-acuerda-con-el-ministerio-de-asuntos-exteriores-cooperacion-de-espana-y-la-union-europea-su-compromiso-con-el-objetivo-de-desarrollo-sostenible-ham\/\" \/>\n<meta property=\"og:site_name\" content=\"UAGA\" \/>\n<meta property=\"article:published_time\" content=\"2020-10-09T11:55:27+00:00\" \/>\n<meta property=\"og:image\" content=\"https:\/\/www.uaga.eus\/wp-content\/uploads\/2020\/10\/Logotipo-FRM-e1602244485781.jpg\" \/>\n\t<meta property=\"og:image:width\" content=\"650\" \/>\n\t<meta property=\"og:image:height\" content=\"373\" \/>\n\t<meta property=\"og:image:type\" content=\"image\/jpeg\" \/>\n<meta name=\"author\" content=\"Blanca S\u00e1nchez\" \/>\n<meta name=\"twitter:card\" content=\"summary_large_image\" \/>\n<meta name=\"twitter:label1\" content=\"Written by\" \/>\n\t<meta name=\"twitter:data1\" content=\"Blanca S\u00e1nchez\" \/>\n\t<meta name=\"twitter:label2\" content=\"Est. reading time\" \/>\n\t<meta name=\"twitter:data2\" content=\"1 minutua\" \/>\n<script type=\"application\/ld+json\" class=\"yoast-schema-graph\">{\"@context\":\"https:\/\/schema.org\",\"@graph\":[{\"@type\":\"WebPage\",\"@id\":\"https:\/\/www.uaga.eus\/el-foro-rural-mundial-en-el-que-se-integra-uaga-acuerda-con-el-ministerio-de-asuntos-exteriores-cooperacion-de-espana-y-la-union-europea-su-compromiso-con-el-objetivo-de-desarrollo-sostenible-ham\/\",\"url\":\"https:\/\/www.uaga.eus\/el-foro-rural-mundial-en-el-que-se-integra-uaga-acuerda-con-el-ministerio-de-asuntos-exteriores-cooperacion-de-espana-y-la-union-europea-su-compromiso-con-el-objetivo-de-desarrollo-sostenible-ham\/\",\"name\":\"El Foro Rural Mundial, en el que se integra UAGA, acuerda con el Ministerio de Asuntos Exteriores, Cooperaci\u00f3n de Espa\u00f1a y la Uni\u00f3n Europea, su compromiso con el Objetivo de Desarrollo Sostenible, Hambre Cero - UAGA\",\"isPartOf\":{\"@id\":\"https:\/\/www.uaga.eus\/#website\"},\"datePublished\":\"2020-10-09T11:55:27+00:00\",\"dateModified\":\"2020-10-09T11:55:27+00:00\",\"author\":{\"@id\":\"https:\/\/www.uaga.eus\/#\/schema\/person\/48c3cbf0f33d1b788226dbb6518689cf\"},\"breadcrumb\":{\"@id\":\"https:\/\/www.uaga.eus\/el-foro-rural-mundial-en-el-que-se-integra-uaga-acuerda-con-el-ministerio-de-asuntos-exteriores-cooperacion-de-espana-y-la-union-europea-su-compromiso-con-el-objetivo-de-desarrollo-sostenible-ham\/#breadcrumb\"},\"inLanguage\":\"eu\",\"potentialAction\":[{\"@type\":\"ReadAction\",\"target\":[\"https:\/\/www.uaga.eus\/el-foro-rural-mundial-en-el-que-se-integra-uaga-acuerda-con-el-ministerio-de-asuntos-exteriores-cooperacion-de-espana-y-la-union-europea-su-compromiso-con-el-objetivo-de-desarrollo-sostenible-ham\/\"]}]},{\"@type\":\"BreadcrumbList\",\"@id\":\"https:\/\/www.uaga.eus\/el-foro-rural-mundial-en-el-que-se-integra-uaga-acuerda-con-el-ministerio-de-asuntos-exteriores-cooperacion-de-espana-y-la-union-europea-su-compromiso-con-el-objetivo-de-desarrollo-sostenible-ham\/#breadcrumb\",\"itemListElement\":[{\"@type\":\"ListItem\",\"position\":1,\"name\":\"Inicio\",\"item\":\"https:\/\/www.uaga.eus\/\"},{\"@type\":\"ListItem\",\"position\":2,\"name\":\"El Foro Rural Mundial, en el que se integra UAGA, acuerda con el Ministerio de Asuntos Exteriores, Cooperaci\u00f3n de Espa\u00f1a y la Uni\u00f3n Europea, su compromiso con el Objetivo de Desarrollo Sostenible, Hambre Cero\"}]},{\"@type\":\"WebSite\",\"@id\":\"https:\/\/www.uaga.eus\/#website\",\"url\":\"https:\/\/www.uaga.eus\/\",\"name\":\"UAGA\",\"description\":\"Uni\u00f3n Agroganadera de \u00c1lava - Araba Nekazarien Elkartea\",\"potentialAction\":[{\"@type\":\"SearchAction\",\"target\":{\"@type\":\"EntryPoint\",\"urlTemplate\":\"https:\/\/www.uaga.eus\/?s={search_term_string}\"},\"query-input\":\"required name=search_term_string\"}],\"inLanguage\":\"eu\"},{\"@type\":\"Person\",\"@id\":\"https:\/\/www.uaga.eus\/#\/schema\/person\/48c3cbf0f33d1b788226dbb6518689cf\",\"name\":\"Blanca S\u00e1nchez\",\"image\":{\"@type\":\"ImageObject\",\"inLanguage\":\"eu\",\"@id\":\"https:\/\/www.uaga.eus\/#\/schema\/person\/image\/\",\"url\":\"https:\/\/secure.gravatar.com\/avatar\/0dc91c20648254b1ce84877283f6751b?s=96&d=mm&r=g\",\"contentUrl\":\"https:\/\/secure.gravatar.com\/avatar\/0dc91c20648254b1ce84877283f6751b?s=96&d=mm&r=g\",\"caption\":\"Blanca S\u00e1nchez\"},\"url\":\"https:\/\/www.uaga.eus\/eu\/author\/bsanchez\/\"}]}<\/script>\n<!-- \/ Yoast SEO plugin. -->","yoast_head_json":{"title":"El Foro Rural Mundial, en el que se integra UAGA, acuerda con el Ministerio de Asuntos Exteriores, Cooperaci\u00f3n de Espa\u00f1a y la Uni\u00f3n Europea, su compromiso con el Objetivo de Desarrollo Sostenible, Hambre Cero - UAGA","robots":{"index":"index","follow":"follow","max-snippet":"max-snippet:-1","max-image-preview":"max-image-preview:large","max-video-preview":"max-video-preview:-1"},"canonical":"https:\/\/www.uaga.eus\/el-foro-rural-mundial-en-el-que-se-integra-uaga-acuerda-con-el-ministerio-de-asuntos-exteriores-cooperacion-de-espana-y-la-union-europea-su-compromiso-con-el-objetivo-de-desarrollo-sostenible-ham\/","og_locale":"en_US","og_type":"article","og_title":"El Foro Rural Mundial, en el que se integra UAGA, acuerda con el Ministerio de Asuntos Exteriores, Cooperaci\u00f3n de Espa\u00f1a y la Uni\u00f3n Europea, su compromiso con el Objetivo de Desarrollo Sostenible, Hambre Cero - UAGA","og_description":"El Foro Rural Mundial, en el que se integra UAGA, ha firmado una Declaraci\u00f3n de Intenciones con el Ministerio de Asuntos Exteriores, la Uni\u00f3n Europea y Cooperaci\u00f3n de Espa\u00f1a, estableciendo su colaboraci\u00f3n para trabajar conjuntamente hacia el cumplimiento del Objetivo de Desarrollo Sostenible 2, Hambre Cero, a trav\u00e9s de la implementaci\u00f3n del Decenio de las [&hellip;]","og_url":"https:\/\/www.uaga.eus\/el-foro-rural-mundial-en-el-que-se-integra-uaga-acuerda-con-el-ministerio-de-asuntos-exteriores-cooperacion-de-espana-y-la-union-europea-su-compromiso-con-el-objetivo-de-desarrollo-sostenible-ham\/","og_site_name":"UAGA","article_published_time":"2020-10-09T11:55:27+00:00","og_image":[{"width":650,"height":373,"url":"https:\/\/www.uaga.eus\/wp-content\/uploads\/2020\/10\/Logotipo-FRM-e1602244485781.jpg","type":"image\/jpeg"}],"author":"Blanca S\u00e1nchez","twitter_card":"summary_large_image","twitter_misc":{"Written by":"Blanca S\u00e1nchez","Est. reading time":"1 minutua"},"schema":{"@context":"https:\/\/schema.org","@graph":[{"@type":"WebPage","@id":"https:\/\/www.uaga.eus\/el-foro-rural-mundial-en-el-que-se-integra-uaga-acuerda-con-el-ministerio-de-asuntos-exteriores-cooperacion-de-espana-y-la-union-europea-su-compromiso-con-el-objetivo-de-desarrollo-sostenible-ham\/","url":"https:\/\/www.uaga.eus\/el-foro-rural-mundial-en-el-que-se-integra-uaga-acuerda-con-el-ministerio-de-asuntos-exteriores-cooperacion-de-espana-y-la-union-europea-su-compromiso-con-el-objetivo-de-desarrollo-sostenible-ham\/","name":"El Foro Rural Mundial, en el que se integra UAGA, acuerda con el Ministerio de Asuntos Exteriores, Cooperaci\u00f3n de Espa\u00f1a y la Uni\u00f3n Europea, su compromiso con el Objetivo de Desarrollo Sostenible, Hambre Cero - UAGA","isPartOf":{"@id":"https:\/\/www.uaga.eus\/#website"},"datePublished":"2020-10-09T11:55:27+00:00","dateModified":"2020-10-09T11:55:27+00:00","author":{"@id":"https:\/\/www.uaga.eus\/#\/schema\/person\/48c3cbf0f33d1b788226dbb6518689cf"},"breadcrumb":{"@id":"https:\/\/www.uaga.eus\/el-foro-rural-mundial-en-el-que-se-integra-uaga-acuerda-con-el-ministerio-de-asuntos-exteriores-cooperacion-de-espana-y-la-union-europea-su-compromiso-con-el-objetivo-de-desarrollo-sostenible-ham\/#breadcrumb"},"inLanguage":"eu","potentialAction":[{"@type":"ReadAction","target":["https:\/\/www.uaga.eus\/el-foro-rural-mundial-en-el-que-se-integra-uaga-acuerda-con-el-ministerio-de-asuntos-exteriores-cooperacion-de-espana-y-la-union-europea-su-compromiso-con-el-objetivo-de-desarrollo-sostenible-ham\/"]}]},{"@type":"BreadcrumbList","@id":"https:\/\/www.uaga.eus\/el-foro-rural-mundial-en-el-que-se-integra-uaga-acuerda-con-el-ministerio-de-asuntos-exteriores-cooperacion-de-espana-y-la-union-europea-su-compromiso-con-el-objetivo-de-desarrollo-sostenible-ham\/#breadcrumb","itemListElement":[{"@type":"ListItem","position":1,"name":"Inicio","item":"https:\/\/www.uaga.eus\/"},{"@type":"ListItem","position":2,"name":"El Foro Rural Mundial, en el que se integra UAGA, acuerda con el Ministerio de Asuntos Exteriores, Cooperaci\u00f3n de Espa\u00f1a y la Uni\u00f3n Europea, su compromiso con el Objetivo de Desarrollo Sostenible, Hambre Cero"}]},{"@type":"WebSite","@id":"https:\/\/www.uaga.eus\/#website","url":"https:\/\/www.uaga.eus\/","name":"UAGA","description":"Uni\u00f3n Agroganadera de \u00c1lava - Araba Nekazarien Elkartea","potentialAction":[{"@type":"SearchAction","target":{"@type":"EntryPoint","urlTemplate":"https:\/\/www.uaga.eus\/?s={search_term_string}"},"query-input":"required name=search_term_string"}],"inLanguage":"eu"},{"@type":"Person","@id":"https:\/\/www.uaga.eus\/#\/schema\/person\/48c3cbf0f33d1b788226dbb6518689cf","name":"Blanca S\u00e1nchez","image":{"@type":"ImageObject","inLanguage":"eu","@id":"https:\/\/www.uaga.eus\/#\/schema\/person\/image\/","url":"https:\/\/secure.gravatar.com\/avatar\/0dc91c20648254b1ce84877283f6751b?s=96&d=mm&r=g","contentUrl":"https:\/\/secure.gravatar.com\/avatar\/0dc91c20648254b1ce84877283f6751b?s=96&d=mm&r=g","caption":"Blanca S\u00e1nchez"},"url":"https:\/\/www.uaga.eus\/eu\/author\/bsanchez\/"}]}},"_links":{"self":[{"href":"https:\/\/www.uaga.eus\/eu\/wp-json\/wp\/v2\/posts\/8049"}],"collection":[{"href":"https:\/\/www.uaga.eus\/eu\/wp-json\/wp\/v2\/posts"}],"about":[{"href":"https:\/\/www.uaga.eus\/eu\/wp-json\/wp\/v2\/types\/post"}],"author":[{"embeddable":true,"href":"https:\/\/www.uaga.eus\/eu\/wp-json\/wp\/v2\/users\/4"}],"replies":[{"embeddable":true,"href":"https:\/\/www.uaga.eus\/eu\/wp-json\/wp\/v2\/comments?post=8049"}],"version-history":[{"count":1,"href":"https:\/\/www.uaga.eus\/eu\/wp-json\/wp\/v2\/posts\/8049\/revisions"}],"predecessor-version":[{"id":8050,"href":"https:\/\/www.uaga.eus\/eu\/wp-json\/wp\/v2\/posts\/8049\/revisions\/8050"}],"wp:featuredmedia":[{"embeddable":true,"href":"https:\/\/www.uaga.eus\/eu\/wp-json\/wp\/v2\/media\/8043"}],"wp:attachment":[{"href":"https:\/\/www.uaga.eus\/eu\/wp-json\/wp\/v2\/media?parent=8049"}],"wp:term":[{"taxonomy":"category","embeddable":true,"href":"https:\/\/www.uaga.eus\/eu\/wp-json\/wp\/v2\/categories?post=8049"},{"taxonomy":"post_tag","embeddable":true,"href":"https:\/\/www.uaga.eus\/eu\/wp-json\/wp\/v2\/tags?post=8049"}],"curies":[{"name":"wp","href":"https:\/\/api.w.org\/{rel}","templated":true}]}}