{"id":8031,"date":"2020-10-02T09:43:38","date_gmt":"2020-10-02T09:43:38","guid":{"rendered":"https:\/\/www.uaga.eus\/?p=8031"},"modified":"2020-10-02T09:44:36","modified_gmt":"2020-10-02T09:44:36","slug":"uaga-acompana-al-gobierno-vasco-en-una-visita-a-rioja-alavesa-constatando-el-buen-desarrollo-de-la-campana-de-vendimia-2020-a-pesar-de-la-covid-19","status":"publish","type":"post","link":"https:\/\/www.uaga.eus\/eu\/uaga-acompana-al-gobierno-vasco-en-una-visita-a-rioja-alavesa-constatando-el-buen-desarrollo-de-la-campana-de-vendimia-2020-a-pesar-de-la-covid-19\/","title":{"rendered":"UAGA acompa\u00f1a al Gobierno Vasco en una visita a Rioja Alavesa constatando el buen desarrollo de la campa\u00f1a de vendimia 2020 a pesar de \u00a0la Covid-19"},"content":{"rendered":"<p>Esta semana la consejera de Desarrollo Econ\u00f3mico, Sostenibilidad y Medio Ambiente del Gobierno Vasco, Arantxa Tapia, junto con el \u00a0viceconsejero de Agricultura, Pesca y Pol\u00edtica Alimentaria, Bittor Oroz, el alcalde de Villabuena, I\u00f1aki P\u00e9rez y \u00a0Javier Torre, presidente de UAGA, han realizado una visita a Rioja Alavesa para conocer de primera mano el desarrollo de la campa\u00f1a 2020.<\/p>\n<p>Todos ellos han destacado que, pese a las dificultades producidas por la crisis sanitaria de la Covid-19, la campa\u00f1a est\u00e1 siendo positiva y se espera una buena cosecha.<\/p>\n<p>Arantxa Tapia hizo especial hincapi\u00e9 en la necesidad de remunerar el producto con un precio justo.<br \/>\nAdem\u00e1s agradeci\u00f3 la colaboraci\u00f3n de UAGA para elaborar el protocolo de actuaci\u00f3n para la contrataci\u00f3n de personas temporeras derivado de la situaci\u00f3n generada por la pandemia sanitaria, asegurando una vendimia segura, con la colaboraci\u00f3n de las distintas administraciones y agentes del sector.<\/p>\n<p>Por el momento la campa\u00f1a se est\u00e1 desarrollando de manera satisfactoria pese al esfuerzo que supone el cumplimiento de las medidas sanitarias para garantizar la seguridad de todos, agricultores, temporeros y ciudadanos en general.<\/p>\n<p>Javier Torre quiso agradecer el trabajo de todos los agentes y personas que han colaborado para que esta campa\u00f1a salga adelante e incidi\u00f3 en la necesidad de que los precios de la uva superen el precio de coste, como establece la Ley de la Cadena Alimentaria.<\/p>\n<p><br data-cke-eol=\"1\" \/><\/p>","protected":false},"excerpt":{"rendered":"<p>Esta semana la consejera de Desarrollo Econ\u00f3mico, Sostenibilidad y Medio Ambiente del Gobierno Vasco, Arantxa Tapia, junto con el \u00a0viceconsejero de Agricultura, Pesca y Pol\u00edtica Alimentaria, Bittor Oroz, el alcalde de Villabuena, I\u00f1aki P\u00e9rez y \u00a0Javier Torre, presidente de UAGA, han realizado una visita a Rioja Alavesa para conocer de primera mano el desarrollo de [&hellip;]<\/p>\n","protected":false},"author":4,"featured_media":8013,"comment_status":"closed","ping_status":"closed","sticky":false,"template":"","format":"standard","meta":{"footnotes":""},"categories":[7,111,3,4,9],"tags":[],"yoast_head":"<!-- This site is optimized with the Yoast SEO plugin v21.5 - https:\/\/yoast.com\/wordpress\/plugins\/seo\/ -->\n<title>UAGA acompa\u00f1a al Gobierno Vasco en una visita a Rioja Alavesa constatando el buen desarrollo de la campa\u00f1a de vendimia 2020 a pesar de \u00a0la Covid-19 - UAGA<\/title>\n<meta name=\"robots\" content=\"index, follow, max-snippet:-1, max-image-preview:large, max-video-preview:-1\" \/>\n<link rel=\"canonical\" href=\"https:\/\/www.uaga.eus\/uaga-acompana-al-gobierno-vasco-en-una-visita-a-rioja-alavesa-constatando-el-buen-desarrollo-de-la-campana-de-vendimia-2020-a-pesar-de-la-covid-19\/\" \/>\n<meta property=\"og:locale\" content=\"en_US\" \/>\n<meta property=\"og:type\" content=\"article\" \/>\n<meta property=\"og:title\" content=\"UAGA acompa\u00f1a al Gobierno Vasco en una visita a Rioja Alavesa constatando el buen desarrollo de la campa\u00f1a de vendimia 2020 a pesar de \u00a0la Covid-19 - UAGA\" \/>\n<meta property=\"og:description\" content=\"Esta semana la consejera de Desarrollo Econ\u00f3mico, Sostenibilidad y Medio Ambiente del Gobierno Vasco, Arantxa Tapia, junto con el \u00a0viceconsejero de Agricultura, Pesca y Pol\u00edtica Alimentaria, Bittor Oroz, el alcalde de Villabuena, I\u00f1aki P\u00e9rez y \u00a0Javier Torre, presidente de UAGA, han realizado una visita a Rioja Alavesa para conocer de primera mano el desarrollo de [&hellip;]\" \/>\n<meta property=\"og:url\" content=\"https:\/\/www.uaga.eus\/uaga-acompana-al-gobierno-vasco-en-una-visita-a-rioja-alavesa-constatando-el-buen-desarrollo-de-la-campana-de-vendimia-2020-a-pesar-de-la-covid-19\/\" \/>\n<meta property=\"og:site_name\" content=\"UAGA\" \/>\n<meta property=\"article:published_time\" content=\"2020-10-02T09:43:38+00:00\" \/>\n<meta property=\"article:modified_time\" content=\"2020-10-02T09:44:36+00:00\" \/>\n<meta property=\"og:image\" content=\"https:\/\/www.uaga.eus\/wp-content\/uploads\/2020\/10\/tapia-oroz-torre.jpg\" \/>\n\t<meta property=\"og:image:width\" content=\"650\" \/>\n\t<meta property=\"og:image:height\" content=\"366\" \/>\n\t<meta property=\"og:image:type\" content=\"image\/jpeg\" \/>\n<meta name=\"author\" content=\"Blanca S\u00e1nchez\" \/>\n<meta name=\"twitter:card\" content=\"summary_large_image\" \/>\n<meta name=\"twitter:label1\" content=\"Written by\" \/>\n\t<meta name=\"twitter:data1\" content=\"Blanca S\u00e1nchez\" \/>\n\t<meta name=\"twitter:label2\" content=\"Est. reading time\" \/>\n\t<meta name=\"twitter:data2\" content=\"2 minutua\" \/>\n<script type=\"application\/ld+json\" class=\"yoast-schema-graph\">{\"@context\":\"https:\/\/schema.org\",\"@graph\":[{\"@type\":\"WebPage\",\"@id\":\"https:\/\/www.uaga.eus\/uaga-acompana-al-gobierno-vasco-en-una-visita-a-rioja-alavesa-constatando-el-buen-desarrollo-de-la-campana-de-vendimia-2020-a-pesar-de-la-covid-19\/\",\"url\":\"https:\/\/www.uaga.eus\/uaga-acompana-al-gobierno-vasco-en-una-visita-a-rioja-alavesa-constatando-el-buen-desarrollo-de-la-campana-de-vendimia-2020-a-pesar-de-la-covid-19\/\",\"name\":\"UAGA acompa\u00f1a al Gobierno Vasco en una visita a Rioja Alavesa constatando el buen desarrollo de la campa\u00f1a de vendimia 2020 a pesar de \u00a0la Covid-19 - UAGA\",\"isPartOf\":{\"@id\":\"https:\/\/www.uaga.eus\/#website\"},\"datePublished\":\"2020-10-02T09:43:38+00:00\",\"dateModified\":\"2020-10-02T09:44:36+00:00\",\"author\":{\"@id\":\"https:\/\/www.uaga.eus\/#\/schema\/person\/48c3cbf0f33d1b788226dbb6518689cf\"},\"breadcrumb\":{\"@id\":\"https:\/\/www.uaga.eus\/uaga-acompana-al-gobierno-vasco-en-una-visita-a-rioja-alavesa-constatando-el-buen-desarrollo-de-la-campana-de-vendimia-2020-a-pesar-de-la-covid-19\/#breadcrumb\"},\"inLanguage\":\"eu\",\"potentialAction\":[{\"@type\":\"ReadAction\",\"target\":[\"https:\/\/www.uaga.eus\/uaga-acompana-al-gobierno-vasco-en-una-visita-a-rioja-alavesa-constatando-el-buen-desarrollo-de-la-campana-de-vendimia-2020-a-pesar-de-la-covid-19\/\"]}]},{\"@type\":\"BreadcrumbList\",\"@id\":\"https:\/\/www.uaga.eus\/uaga-acompana-al-gobierno-vasco-en-una-visita-a-rioja-alavesa-constatando-el-buen-desarrollo-de-la-campana-de-vendimia-2020-a-pesar-de-la-covid-19\/#breadcrumb\",\"itemListElement\":[{\"@type\":\"ListItem\",\"position\":1,\"name\":\"Inicio\",\"item\":\"https:\/\/www.uaga.eus\/\"},{\"@type\":\"ListItem\",\"position\":2,\"name\":\"UAGA acompa\u00f1a al Gobierno Vasco en una visita a Rioja Alavesa constatando el buen desarrollo de la campa\u00f1a de vendimia 2020 a pesar de \u00a0la Covid-19\"}]},{\"@type\":\"WebSite\",\"@id\":\"https:\/\/www.uaga.eus\/#website\",\"url\":\"https:\/\/www.uaga.eus\/\",\"name\":\"UAGA\",\"description\":\"Uni\u00f3n Agroganadera de \u00c1lava - Araba Nekazarien Elkartea\",\"potentialAction\":[{\"@type\":\"SearchAction\",\"target\":{\"@type\":\"EntryPoint\",\"urlTemplate\":\"https:\/\/www.uaga.eus\/?s={search_term_string}\"},\"query-input\":\"required name=search_term_string\"}],\"inLanguage\":\"eu\"},{\"@type\":\"Person\",\"@id\":\"https:\/\/www.uaga.eus\/#\/schema\/person\/48c3cbf0f33d1b788226dbb6518689cf\",\"name\":\"Blanca S\u00e1nchez\",\"image\":{\"@type\":\"ImageObject\",\"inLanguage\":\"eu\",\"@id\":\"https:\/\/www.uaga.eus\/#\/schema\/person\/image\/\",\"url\":\"https:\/\/secure.gravatar.com\/avatar\/0dc91c20648254b1ce84877283f6751b?s=96&d=mm&r=g\",\"contentUrl\":\"https:\/\/secure.gravatar.com\/avatar\/0dc91c20648254b1ce84877283f6751b?s=96&d=mm&r=g\",\"caption\":\"Blanca S\u00e1nchez\"},\"url\":\"https:\/\/www.uaga.eus\/eu\/author\/bsanchez\/\"}]}<\/script>\n<!-- \/ Yoast SEO plugin. -->","yoast_head_json":{"title":"UAGA acompa\u00f1a al Gobierno Vasco en una visita a Rioja Alavesa constatando el buen desarrollo de la campa\u00f1a de vendimia 2020 a pesar de \u00a0la Covid-19 - UAGA","robots":{"index":"index","follow":"follow","max-snippet":"max-snippet:-1","max-image-preview":"max-image-preview:large","max-video-preview":"max-video-preview:-1"},"canonical":"https:\/\/www.uaga.eus\/uaga-acompana-al-gobierno-vasco-en-una-visita-a-rioja-alavesa-constatando-el-buen-desarrollo-de-la-campana-de-vendimia-2020-a-pesar-de-la-covid-19\/","og_locale":"en_US","og_type":"article","og_title":"UAGA acompa\u00f1a al Gobierno Vasco en una visita a Rioja Alavesa constatando el buen desarrollo de la campa\u00f1a de vendimia 2020 a pesar de \u00a0la Covid-19 - UAGA","og_description":"Esta semana la consejera de Desarrollo Econ\u00f3mico, Sostenibilidad y Medio Ambiente del Gobierno Vasco, Arantxa Tapia, junto con el \u00a0viceconsejero de Agricultura, Pesca y Pol\u00edtica Alimentaria, Bittor Oroz, el alcalde de Villabuena, I\u00f1aki P\u00e9rez y \u00a0Javier Torre, presidente de UAGA, han realizado una visita a Rioja Alavesa para conocer de primera mano el desarrollo de [&hellip;]","og_url":"https:\/\/www.uaga.eus\/uaga-acompana-al-gobierno-vasco-en-una-visita-a-rioja-alavesa-constatando-el-buen-desarrollo-de-la-campana-de-vendimia-2020-a-pesar-de-la-covid-19\/","og_site_name":"UAGA","article_published_time":"2020-10-02T09:43:38+00:00","article_modified_time":"2020-10-02T09:44:36+00:00","og_image":[{"width":650,"height":366,"url":"https:\/\/www.uaga.eus\/wp-content\/uploads\/2020\/10\/tapia-oroz-torre.jpg","type":"image\/jpeg"}],"author":"Blanca S\u00e1nchez","twitter_card":"summary_large_image","twitter_misc":{"Written by":"Blanca S\u00e1nchez","Est. reading time":"2 minutua"},"schema":{"@context":"https:\/\/schema.org","@graph":[{"@type":"WebPage","@id":"https:\/\/www.uaga.eus\/uaga-acompana-al-gobierno-vasco-en-una-visita-a-rioja-alavesa-constatando-el-buen-desarrollo-de-la-campana-de-vendimia-2020-a-pesar-de-la-covid-19\/","url":"https:\/\/www.uaga.eus\/uaga-acompana-al-gobierno-vasco-en-una-visita-a-rioja-alavesa-constatando-el-buen-desarrollo-de-la-campana-de-vendimia-2020-a-pesar-de-la-covid-19\/","name":"UAGA acompa\u00f1a al Gobierno Vasco en una visita a Rioja Alavesa constatando el buen desarrollo de la campa\u00f1a de vendimia 2020 a pesar de \u00a0la Covid-19 - UAGA","isPartOf":{"@id":"https:\/\/www.uaga.eus\/#website"},"datePublished":"2020-10-02T09:43:38+00:00","dateModified":"2020-10-02T09:44:36+00:00","author":{"@id":"https:\/\/www.uaga.eus\/#\/schema\/person\/48c3cbf0f33d1b788226dbb6518689cf"},"breadcrumb":{"@id":"https:\/\/www.uaga.eus\/uaga-acompana-al-gobierno-vasco-en-una-visita-a-rioja-alavesa-constatando-el-buen-desarrollo-de-la-campana-de-vendimia-2020-a-pesar-de-la-covid-19\/#breadcrumb"},"inLanguage":"eu","potentialAction":[{"@type":"ReadAction","target":["https:\/\/www.uaga.eus\/uaga-acompana-al-gobierno-vasco-en-una-visita-a-rioja-alavesa-constatando-el-buen-desarrollo-de-la-campana-de-vendimia-2020-a-pesar-de-la-covid-19\/"]}]},{"@type":"BreadcrumbList","@id":"https:\/\/www.uaga.eus\/uaga-acompana-al-gobierno-vasco-en-una-visita-a-rioja-alavesa-constatando-el-buen-desarrollo-de-la-campana-de-vendimia-2020-a-pesar-de-la-covid-19\/#breadcrumb","itemListElement":[{"@type":"ListItem","position":1,"name":"Inicio","item":"https:\/\/www.uaga.eus\/"},{"@type":"ListItem","position":2,"name":"UAGA acompa\u00f1a al Gobierno Vasco en una visita a Rioja Alavesa constatando el buen desarrollo de la campa\u00f1a de vendimia 2020 a pesar de \u00a0la Covid-19"}]},{"@type":"WebSite","@id":"https:\/\/www.uaga.eus\/#website","url":"https:\/\/www.uaga.eus\/","name":"UAGA","description":"Uni\u00f3n Agroganadera de \u00c1lava - Araba Nekazarien Elkartea","potentialAction":[{"@type":"SearchAction","target":{"@type":"EntryPoint","urlTemplate":"https:\/\/www.uaga.eus\/?s={search_term_string}"},"query-input":"required name=search_term_string"}],"inLanguage":"eu"},{"@type":"Person","@id":"https:\/\/www.uaga.eus\/#\/schema\/person\/48c3cbf0f33d1b788226dbb6518689cf","name":"Blanca S\u00e1nchez","image":{"@type":"ImageObject","inLanguage":"eu","@id":"https:\/\/www.uaga.eus\/#\/schema\/person\/image\/","url":"https:\/\/secure.gravatar.com\/avatar\/0dc91c20648254b1ce84877283f6751b?s=96&d=mm&r=g","contentUrl":"https:\/\/secure.gravatar.com\/avatar\/0dc91c20648254b1ce84877283f6751b?s=96&d=mm&r=g","caption":"Blanca S\u00e1nchez"},"url":"https:\/\/www.uaga.eus\/eu\/author\/bsanchez\/"}]}},"_links":{"self":[{"href":"https:\/\/www.uaga.eus\/eu\/wp-json\/wp\/v2\/posts\/8031"}],"collection":[{"href":"https:\/\/www.uaga.eus\/eu\/wp-json\/wp\/v2\/posts"}],"about":[{"href":"https:\/\/www.uaga.eus\/eu\/wp-json\/wp\/v2\/types\/post"}],"author":[{"embeddable":true,"href":"https:\/\/www.uaga.eus\/eu\/wp-json\/wp\/v2\/users\/4"}],"replies":[{"embeddable":true,"href":"https:\/\/www.uaga.eus\/eu\/wp-json\/wp\/v2\/comments?post=8031"}],"version-history":[{"count":2,"href":"https:\/\/www.uaga.eus\/eu\/wp-json\/wp\/v2\/posts\/8031\/revisions"}],"predecessor-version":[{"id":8033,"href":"https:\/\/www.uaga.eus\/eu\/wp-json\/wp\/v2\/posts\/8031\/revisions\/8033"}],"wp:featuredmedia":[{"embeddable":true,"href":"https:\/\/www.uaga.eus\/eu\/wp-json\/wp\/v2\/media\/8013"}],"wp:attachment":[{"href":"https:\/\/www.uaga.eus\/eu\/wp-json\/wp\/v2\/media?parent=8031"}],"wp:term":[{"taxonomy":"category","embeddable":true,"href":"https:\/\/www.uaga.eus\/eu\/wp-json\/wp\/v2\/categories?post=8031"},{"taxonomy":"post_tag","embeddable":true,"href":"https:\/\/www.uaga.eus\/eu\/wp-json\/wp\/v2\/tags?post=8031"}],"curies":[{"name":"wp","href":"https:\/\/api.w.org\/{rel}","templated":true}]}}