{"id":8029,"date":"2020-10-02T09:31:02","date_gmt":"2020-10-02T09:31:02","guid":{"rendered":"https:\/\/www.uaga.eus\/?p=8029"},"modified":"2020-10-02T09:41:37","modified_gmt":"2020-10-02T09:41:37","slug":"uaga-sigue-gestionando-la-contratacion-de-personas-temporeras-para-la-campana-de-vendimia-que-esta-ya-muy-avanzada","status":"publish","type":"post","link":"https:\/\/www.uaga.eus\/eu\/uaga-sigue-gestionando-la-contratacion-de-personas-temporeras-para-la-campana-de-vendimia-que-esta-ya-muy-avanzada\/","title":{"rendered":"UAGA sigue gestionando la contrataci\u00f3n de personas temporeras para la campa\u00f1a de vendimia que est\u00e1 ya muy avanzada"},"content":{"rendered":"<p>UAGA sigue contratando personas temporeras en la \u00faltima fase de la vendimia, gestionando 70 cuadrillas de personas temporeras que contin\u00faan trabajando.<\/p>\n<p>Actualmente ya \u00a0se ha iniciado la recogida de las \u00faltimas fincas en Leza, Samaniego y Labastida.<\/p>\n<p>Los datos de producci\u00f3n muestran una campa\u00f1a muy irregular, reduci\u00e9ndose significativamente la producci\u00f3n en las zonas afectadas por mildiu.<\/p>\n<p>En cuanto a la finalizaci\u00f3n de vendimia, UAGA realizar\u00e1 un esfuerzo especial para cerrar la campa\u00f1a de manera ordenada y escalonada para seguir garantizando una vendimia segura hasta el final.<\/p>\n<p>Os recordamos que seguimos manteniendo varias cuadrillas de reserva para cubrir necesidades derivadas de la Covid-19.<\/p>\n<p>+ INFO GUSTAVO: 635 704 865<\/p>\n","protected":false},"excerpt":{"rendered":"<p>UAGA sigue contratando personas temporeras en la \u00faltima fase de la vendimia, gestionando 70 cuadrillas de personas temporeras que contin\u00faan trabajando. Actualmente ya \u00a0se ha iniciado la recogida de las \u00faltimas fincas en Leza, Samaniego y Labastida. Los datos de producci\u00f3n muestran una campa\u00f1a muy irregular, reduci\u00e9ndose significativamente la producci\u00f3n en las zonas afectadas por [&hellip;]<\/p>\n","protected":false},"author":4,"featured_media":8011,"comment_status":"closed","ping_status":"closed","sticky":false,"template":"","format":"standard","meta":{"footnotes":""},"categories":[7,111,9],"tags":[],"yoast_head":"<!-- This site is optimized with the Yoast SEO plugin v21.5 - https:\/\/yoast.com\/wordpress\/plugins\/seo\/ -->\n<title>UAGA sigue gestionando la contrataci\u00f3n de personas temporeras para la campa\u00f1a de vendimia que est\u00e1 ya muy avanzada - UAGA<\/title>\n<meta name=\"robots\" content=\"index, follow, max-snippet:-1, max-image-preview:large, max-video-preview:-1\" \/>\n<link rel=\"canonical\" href=\"https:\/\/www.uaga.eus\/uaga-sigue-gestionando-la-contratacion-de-personas-temporeras-para-la-campana-de-vendimia-que-esta-ya-muy-avanzada\/\" \/>\n<meta property=\"og:locale\" content=\"en_US\" \/>\n<meta property=\"og:type\" content=\"article\" \/>\n<meta property=\"og:title\" content=\"UAGA sigue gestionando la contrataci\u00f3n de personas temporeras para la campa\u00f1a de vendimia que est\u00e1 ya muy avanzada - UAGA\" \/>\n<meta property=\"og:description\" content=\"UAGA sigue contratando personas temporeras en la \u00faltima fase de la vendimia, gestionando 70 cuadrillas de personas temporeras que contin\u00faan trabajando. Actualmente ya \u00a0se ha iniciado la recogida de las \u00faltimas fincas en Leza, Samaniego y Labastida. Los datos de producci\u00f3n muestran una campa\u00f1a muy irregular, reduci\u00e9ndose significativamente la producci\u00f3n en las zonas afectadas por [&hellip;]\" \/>\n<meta property=\"og:url\" content=\"https:\/\/www.uaga.eus\/uaga-sigue-gestionando-la-contratacion-de-personas-temporeras-para-la-campana-de-vendimia-que-esta-ya-muy-avanzada\/\" \/>\n<meta property=\"og:site_name\" content=\"UAGA\" \/>\n<meta property=\"article:published_time\" content=\"2020-10-02T09:31:02+00:00\" \/>\n<meta property=\"article:modified_time\" content=\"2020-10-02T09:41:37+00:00\" \/>\n<meta property=\"og:image\" content=\"https:\/\/www.uaga.eus\/wp-content\/uploads\/2020\/10\/vendimia-2020.jpg\" \/>\n\t<meta property=\"og:image:width\" content=\"650\" \/>\n\t<meta property=\"og:image:height\" content=\"366\" \/>\n\t<meta property=\"og:image:type\" content=\"image\/jpeg\" \/>\n<meta name=\"author\" content=\"Blanca S\u00e1nchez\" \/>\n<meta name=\"twitter:card\" content=\"summary_large_image\" \/>\n<meta name=\"twitter:label1\" content=\"Written by\" \/>\n\t<meta name=\"twitter:data1\" content=\"Blanca S\u00e1nchez\" \/>\n\t<meta name=\"twitter:label2\" content=\"Est. reading time\" \/>\n\t<meta name=\"twitter:data2\" content=\"1 minutua\" \/>\n<script type=\"application\/ld+json\" class=\"yoast-schema-graph\">{\"@context\":\"https:\/\/schema.org\",\"@graph\":[{\"@type\":\"WebPage\",\"@id\":\"https:\/\/www.uaga.eus\/uaga-sigue-gestionando-la-contratacion-de-personas-temporeras-para-la-campana-de-vendimia-que-esta-ya-muy-avanzada\/\",\"url\":\"https:\/\/www.uaga.eus\/uaga-sigue-gestionando-la-contratacion-de-personas-temporeras-para-la-campana-de-vendimia-que-esta-ya-muy-avanzada\/\",\"name\":\"UAGA sigue gestionando la contrataci\u00f3n de personas temporeras para la campa\u00f1a de vendimia que est\u00e1 ya muy avanzada - UAGA\",\"isPartOf\":{\"@id\":\"https:\/\/www.uaga.eus\/#website\"},\"datePublished\":\"2020-10-02T09:31:02+00:00\",\"dateModified\":\"2020-10-02T09:41:37+00:00\",\"author\":{\"@id\":\"https:\/\/www.uaga.eus\/#\/schema\/person\/48c3cbf0f33d1b788226dbb6518689cf\"},\"breadcrumb\":{\"@id\":\"https:\/\/www.uaga.eus\/uaga-sigue-gestionando-la-contratacion-de-personas-temporeras-para-la-campana-de-vendimia-que-esta-ya-muy-avanzada\/#breadcrumb\"},\"inLanguage\":\"eu\",\"potentialAction\":[{\"@type\":\"ReadAction\",\"target\":[\"https:\/\/www.uaga.eus\/uaga-sigue-gestionando-la-contratacion-de-personas-temporeras-para-la-campana-de-vendimia-que-esta-ya-muy-avanzada\/\"]}]},{\"@type\":\"BreadcrumbList\",\"@id\":\"https:\/\/www.uaga.eus\/uaga-sigue-gestionando-la-contratacion-de-personas-temporeras-para-la-campana-de-vendimia-que-esta-ya-muy-avanzada\/#breadcrumb\",\"itemListElement\":[{\"@type\":\"ListItem\",\"position\":1,\"name\":\"Inicio\",\"item\":\"https:\/\/www.uaga.eus\/\"},{\"@type\":\"ListItem\",\"position\":2,\"name\":\"UAGA sigue gestionando la contrataci\u00f3n de personas temporeras para la campa\u00f1a de vendimia que est\u00e1 ya muy avanzada\"}]},{\"@type\":\"WebSite\",\"@id\":\"https:\/\/www.uaga.eus\/#website\",\"url\":\"https:\/\/www.uaga.eus\/\",\"name\":\"UAGA\",\"description\":\"Uni\u00f3n Agroganadera de \u00c1lava - Araba Nekazarien Elkartea\",\"potentialAction\":[{\"@type\":\"SearchAction\",\"target\":{\"@type\":\"EntryPoint\",\"urlTemplate\":\"https:\/\/www.uaga.eus\/?s={search_term_string}\"},\"query-input\":\"required name=search_term_string\"}],\"inLanguage\":\"eu\"},{\"@type\":\"Person\",\"@id\":\"https:\/\/www.uaga.eus\/#\/schema\/person\/48c3cbf0f33d1b788226dbb6518689cf\",\"name\":\"Blanca S\u00e1nchez\",\"image\":{\"@type\":\"ImageObject\",\"inLanguage\":\"eu\",\"@id\":\"https:\/\/www.uaga.eus\/#\/schema\/person\/image\/\",\"url\":\"https:\/\/secure.gravatar.com\/avatar\/0dc91c20648254b1ce84877283f6751b?s=96&d=mm&r=g\",\"contentUrl\":\"https:\/\/secure.gravatar.com\/avatar\/0dc91c20648254b1ce84877283f6751b?s=96&d=mm&r=g\",\"caption\":\"Blanca S\u00e1nchez\"},\"url\":\"https:\/\/www.uaga.eus\/eu\/author\/bsanchez\/\"}]}<\/script>\n<!-- \/ Yoast SEO plugin. -->","yoast_head_json":{"title":"UAGA sigue gestionando la contrataci\u00f3n de personas temporeras para la campa\u00f1a de vendimia que est\u00e1 ya muy avanzada - UAGA","robots":{"index":"index","follow":"follow","max-snippet":"max-snippet:-1","max-image-preview":"max-image-preview:large","max-video-preview":"max-video-preview:-1"},"canonical":"https:\/\/www.uaga.eus\/uaga-sigue-gestionando-la-contratacion-de-personas-temporeras-para-la-campana-de-vendimia-que-esta-ya-muy-avanzada\/","og_locale":"en_US","og_type":"article","og_title":"UAGA sigue gestionando la contrataci\u00f3n de personas temporeras para la campa\u00f1a de vendimia que est\u00e1 ya muy avanzada - UAGA","og_description":"UAGA sigue contratando personas temporeras en la \u00faltima fase de la vendimia, gestionando 70 cuadrillas de personas temporeras que contin\u00faan trabajando. Actualmente ya \u00a0se ha iniciado la recogida de las \u00faltimas fincas en Leza, Samaniego y Labastida. Los datos de producci\u00f3n muestran una campa\u00f1a muy irregular, reduci\u00e9ndose significativamente la producci\u00f3n en las zonas afectadas por [&hellip;]","og_url":"https:\/\/www.uaga.eus\/uaga-sigue-gestionando-la-contratacion-de-personas-temporeras-para-la-campana-de-vendimia-que-esta-ya-muy-avanzada\/","og_site_name":"UAGA","article_published_time":"2020-10-02T09:31:02+00:00","article_modified_time":"2020-10-02T09:41:37+00:00","og_image":[{"width":650,"height":366,"url":"https:\/\/www.uaga.eus\/wp-content\/uploads\/2020\/10\/vendimia-2020.jpg","type":"image\/jpeg"}],"author":"Blanca S\u00e1nchez","twitter_card":"summary_large_image","twitter_misc":{"Written by":"Blanca S\u00e1nchez","Est. reading time":"1 minutua"},"schema":{"@context":"https:\/\/schema.org","@graph":[{"@type":"WebPage","@id":"https:\/\/www.uaga.eus\/uaga-sigue-gestionando-la-contratacion-de-personas-temporeras-para-la-campana-de-vendimia-que-esta-ya-muy-avanzada\/","url":"https:\/\/www.uaga.eus\/uaga-sigue-gestionando-la-contratacion-de-personas-temporeras-para-la-campana-de-vendimia-que-esta-ya-muy-avanzada\/","name":"UAGA sigue gestionando la contrataci\u00f3n de personas temporeras para la campa\u00f1a de vendimia que est\u00e1 ya muy avanzada - UAGA","isPartOf":{"@id":"https:\/\/www.uaga.eus\/#website"},"datePublished":"2020-10-02T09:31:02+00:00","dateModified":"2020-10-02T09:41:37+00:00","author":{"@id":"https:\/\/www.uaga.eus\/#\/schema\/person\/48c3cbf0f33d1b788226dbb6518689cf"},"breadcrumb":{"@id":"https:\/\/www.uaga.eus\/uaga-sigue-gestionando-la-contratacion-de-personas-temporeras-para-la-campana-de-vendimia-que-esta-ya-muy-avanzada\/#breadcrumb"},"inLanguage":"eu","potentialAction":[{"@type":"ReadAction","target":["https:\/\/www.uaga.eus\/uaga-sigue-gestionando-la-contratacion-de-personas-temporeras-para-la-campana-de-vendimia-que-esta-ya-muy-avanzada\/"]}]},{"@type":"BreadcrumbList","@id":"https:\/\/www.uaga.eus\/uaga-sigue-gestionando-la-contratacion-de-personas-temporeras-para-la-campana-de-vendimia-que-esta-ya-muy-avanzada\/#breadcrumb","itemListElement":[{"@type":"ListItem","position":1,"name":"Inicio","item":"https:\/\/www.uaga.eus\/"},{"@type":"ListItem","position":2,"name":"UAGA sigue gestionando la contrataci\u00f3n de personas temporeras para la campa\u00f1a de vendimia que est\u00e1 ya muy avanzada"}]},{"@type":"WebSite","@id":"https:\/\/www.uaga.eus\/#website","url":"https:\/\/www.uaga.eus\/","name":"UAGA","description":"Uni\u00f3n Agroganadera de \u00c1lava - Araba Nekazarien Elkartea","potentialAction":[{"@type":"SearchAction","target":{"@type":"EntryPoint","urlTemplate":"https:\/\/www.uaga.eus\/?s={search_term_string}"},"query-input":"required name=search_term_string"}],"inLanguage":"eu"},{"@type":"Person","@id":"https:\/\/www.uaga.eus\/#\/schema\/person\/48c3cbf0f33d1b788226dbb6518689cf","name":"Blanca S\u00e1nchez","image":{"@type":"ImageObject","inLanguage":"eu","@id":"https:\/\/www.uaga.eus\/#\/schema\/person\/image\/","url":"https:\/\/secure.gravatar.com\/avatar\/0dc91c20648254b1ce84877283f6751b?s=96&d=mm&r=g","contentUrl":"https:\/\/secure.gravatar.com\/avatar\/0dc91c20648254b1ce84877283f6751b?s=96&d=mm&r=g","caption":"Blanca S\u00e1nchez"},"url":"https:\/\/www.uaga.eus\/eu\/author\/bsanchez\/"}]}},"_links":{"self":[{"href":"https:\/\/www.uaga.eus\/eu\/wp-json\/wp\/v2\/posts\/8029"}],"collection":[{"href":"https:\/\/www.uaga.eus\/eu\/wp-json\/wp\/v2\/posts"}],"about":[{"href":"https:\/\/www.uaga.eus\/eu\/wp-json\/wp\/v2\/types\/post"}],"author":[{"embeddable":true,"href":"https:\/\/www.uaga.eus\/eu\/wp-json\/wp\/v2\/users\/4"}],"replies":[{"embeddable":true,"href":"https:\/\/www.uaga.eus\/eu\/wp-json\/wp\/v2\/comments?post=8029"}],"version-history":[{"count":1,"href":"https:\/\/www.uaga.eus\/eu\/wp-json\/wp\/v2\/posts\/8029\/revisions"}],"predecessor-version":[{"id":8030,"href":"https:\/\/www.uaga.eus\/eu\/wp-json\/wp\/v2\/posts\/8029\/revisions\/8030"}],"wp:featuredmedia":[{"embeddable":true,"href":"https:\/\/www.uaga.eus\/eu\/wp-json\/wp\/v2\/media\/8011"}],"wp:attachment":[{"href":"https:\/\/www.uaga.eus\/eu\/wp-json\/wp\/v2\/media?parent=8029"}],"wp:term":[{"taxonomy":"category","embeddable":true,"href":"https:\/\/www.uaga.eus\/eu\/wp-json\/wp\/v2\/categories?post=8029"},{"taxonomy":"post_tag","embeddable":true,"href":"https:\/\/www.uaga.eus\/eu\/wp-json\/wp\/v2\/tags?post=8029"}],"curies":[{"name":"wp","href":"https:\/\/api.w.org\/{rel}","templated":true}]}}