{"id":8025,"date":"2020-10-02T09:25:55","date_gmt":"2020-10-02T09:25:55","guid":{"rendered":"https:\/\/www.uaga.eus\/?p=8025"},"modified":"2020-10-02T09:25:55","modified_gmt":"2020-10-02T09:25:55","slug":"uaga-informa-del-organigrama-del-nuevo-equipo-del-gobierno-vasco-para-la-legislatura-2020-2024-en-relacion-con-el-sector-agrario","status":"publish","type":"post","link":"https:\/\/www.uaga.eus\/eu\/uaga-informa-del-organigrama-del-nuevo-equipo-del-gobierno-vasco-para-la-legislatura-2020-2024-en-relacion-con-el-sector-agrario\/","title":{"rendered":"UAGA informa del organigrama del nuevo equipo del Gobierno Vasco para la legislatura 2020-2024 en relaci\u00f3n con el sector agrario"},"content":{"rendered":"<p>Este mes de septiembre ha comenzado la nueva legislatura tras las elecciones al Gobierno Vasco, con algunos cambios en la estructura de la administraci\u00f3n relacionada con el sector agrario.<\/p>\n<p>El Departamento de Desarrollo Econ\u00f3mico e Infraestructuras, del que depende la Viceconsejer\u00eda de Agricultura, Pesca y Pol\u00edtica Alimentaria pasa a denominarse\u00a0<strong>Departamento de Desarrollo Econ\u00f3mico, Sostenibilidad y Medio Ambiente<\/strong>, que incorpora el \u00e1rea medioambiental y que sigue liderado por <strong>Arantxa Tapia<\/strong>.<\/p>\n<p>Se mantienen los principales cargos de la Viceconsejer\u00eda de Agricultura, Bittor Oroz como Viceconsejero, Jorge Garbisu como Director de Agricultura, y Jone Miren Fern\u00e1ndez Landa como Directora de Desarrollo Rural.<\/p>\n<p>Al departamento se incorpora la nueva\u00a0<strong>Viceconsejer\u00eda de Medio Ambiente<\/strong>, a cargo de\u00a0<strong>Amaia Barredo Mart\u00edn<\/strong>, hasta ahora concejala de Movilidad y Espacio P\u00fablico en el Ayuntamiento de Vitoria-Gasteiz. Anteriormente ocup\u00f3 el cargo de\u00a0Directora de Medio Ambiente y Urbanismo en la Diputaci\u00f3n Foral de \u00c1lava y de\u00a0Directora de Medio Natural y Planificaci\u00f3n Ambiental en Gobierno Vasco.<\/p>\n<p>Se incorpora tambi\u00e9n\u00a0<strong>Javier Aguirre Orcajo<\/strong>\u00a0como\u00a0<strong>Director de Administraci\u00f3n Ambiental<\/strong>\u00a0y\u00a0<strong>Antonio Aiz Salazar<\/strong>\u00a0como\u00a0<strong>Director General de la Agencia Vasca del Agua<\/strong>, <strong>URA.<\/strong><\/p>\n","protected":false},"excerpt":{"rendered":"<p>Este mes de septiembre ha comenzado la nueva legislatura tras las elecciones al Gobierno Vasco, con algunos cambios en la estructura de la administraci\u00f3n relacionada con el sector agrario. El Departamento de Desarrollo Econ\u00f3mico e Infraestructuras, del que depende la Viceconsejer\u00eda de Agricultura, Pesca y Pol\u00edtica Alimentaria pasa a denominarse\u00a0Departamento de Desarrollo Econ\u00f3mico, Sostenibilidad y [&hellip;]<\/p>\n","protected":false},"author":4,"featured_media":6147,"comment_status":"closed","ping_status":"closed","sticky":false,"template":"","format":"standard","meta":{"footnotes":""},"categories":[4],"tags":[],"yoast_head":"<!-- This site is optimized with the Yoast SEO plugin v21.5 - https:\/\/yoast.com\/wordpress\/plugins\/seo\/ -->\n<title>UAGA informa del organigrama del nuevo equipo del Gobierno Vasco para la legislatura 2020-2024 en relaci\u00f3n con el sector agrario - UAGA<\/title>\n<meta name=\"robots\" content=\"index, follow, max-snippet:-1, max-image-preview:large, max-video-preview:-1\" \/>\n<link rel=\"canonical\" href=\"https:\/\/www.uaga.eus\/uaga-informa-del-organigrama-del-nuevo-equipo-del-gobierno-vasco-para-la-legislatura-2020-2024-en-relacion-con-el-sector-agrario\/\" \/>\n<meta property=\"og:locale\" content=\"en_US\" \/>\n<meta property=\"og:type\" content=\"article\" \/>\n<meta property=\"og:title\" content=\"UAGA informa del organigrama del nuevo equipo del Gobierno Vasco para la legislatura 2020-2024 en relaci\u00f3n con el sector agrario - UAGA\" \/>\n<meta property=\"og:description\" content=\"Este mes de septiembre ha comenzado la nueva legislatura tras las elecciones al Gobierno Vasco, con algunos cambios en la estructura de la administraci\u00f3n relacionada con el sector agrario. El Departamento de Desarrollo Econ\u00f3mico e Infraestructuras, del que depende la Viceconsejer\u00eda de Agricultura, Pesca y Pol\u00edtica Alimentaria pasa a denominarse\u00a0Departamento de Desarrollo Econ\u00f3mico, Sostenibilidad y [&hellip;]\" \/>\n<meta property=\"og:url\" content=\"https:\/\/www.uaga.eus\/uaga-informa-del-organigrama-del-nuevo-equipo-del-gobierno-vasco-para-la-legislatura-2020-2024-en-relacion-con-el-sector-agrario\/\" \/>\n<meta property=\"og:site_name\" content=\"UAGA\" \/>\n<meta property=\"article:published_time\" content=\"2020-10-02T09:25:55+00:00\" \/>\n<meta property=\"og:image\" content=\"https:\/\/www.uaga.eus\/wp-content\/uploads\/2019\/05\/gv-logo.png\" \/>\n\t<meta property=\"og:image:width\" content=\"417\" \/>\n\t<meta property=\"og:image:height\" content=\"121\" \/>\n\t<meta property=\"og:image:type\" content=\"image\/png\" \/>\n<meta name=\"author\" content=\"Blanca S\u00e1nchez\" \/>\n<meta name=\"twitter:card\" content=\"summary_large_image\" \/>\n<meta name=\"twitter:label1\" content=\"Written by\" \/>\n\t<meta name=\"twitter:data1\" content=\"Blanca S\u00e1nchez\" \/>\n\t<meta name=\"twitter:label2\" content=\"Est. reading time\" \/>\n\t<meta name=\"twitter:data2\" content=\"1 minutua\" \/>\n<script type=\"application\/ld+json\" class=\"yoast-schema-graph\">{\"@context\":\"https:\/\/schema.org\",\"@graph\":[{\"@type\":\"WebPage\",\"@id\":\"https:\/\/www.uaga.eus\/uaga-informa-del-organigrama-del-nuevo-equipo-del-gobierno-vasco-para-la-legislatura-2020-2024-en-relacion-con-el-sector-agrario\/\",\"url\":\"https:\/\/www.uaga.eus\/uaga-informa-del-organigrama-del-nuevo-equipo-del-gobierno-vasco-para-la-legislatura-2020-2024-en-relacion-con-el-sector-agrario\/\",\"name\":\"UAGA informa del organigrama del nuevo equipo del Gobierno Vasco para la legislatura 2020-2024 en relaci\u00f3n con el sector agrario - UAGA\",\"isPartOf\":{\"@id\":\"https:\/\/www.uaga.eus\/#website\"},\"datePublished\":\"2020-10-02T09:25:55+00:00\",\"dateModified\":\"2020-10-02T09:25:55+00:00\",\"author\":{\"@id\":\"https:\/\/www.uaga.eus\/#\/schema\/person\/48c3cbf0f33d1b788226dbb6518689cf\"},\"breadcrumb\":{\"@id\":\"https:\/\/www.uaga.eus\/uaga-informa-del-organigrama-del-nuevo-equipo-del-gobierno-vasco-para-la-legislatura-2020-2024-en-relacion-con-el-sector-agrario\/#breadcrumb\"},\"inLanguage\":\"eu\",\"potentialAction\":[{\"@type\":\"ReadAction\",\"target\":[\"https:\/\/www.uaga.eus\/uaga-informa-del-organigrama-del-nuevo-equipo-del-gobierno-vasco-para-la-legislatura-2020-2024-en-relacion-con-el-sector-agrario\/\"]}]},{\"@type\":\"BreadcrumbList\",\"@id\":\"https:\/\/www.uaga.eus\/uaga-informa-del-organigrama-del-nuevo-equipo-del-gobierno-vasco-para-la-legislatura-2020-2024-en-relacion-con-el-sector-agrario\/#breadcrumb\",\"itemListElement\":[{\"@type\":\"ListItem\",\"position\":1,\"name\":\"Inicio\",\"item\":\"https:\/\/www.uaga.eus\/\"},{\"@type\":\"ListItem\",\"position\":2,\"name\":\"UAGA informa del organigrama del nuevo equipo del Gobierno Vasco para la legislatura 2020-2024 en relaci\u00f3n con el sector agrario\"}]},{\"@type\":\"WebSite\",\"@id\":\"https:\/\/www.uaga.eus\/#website\",\"url\":\"https:\/\/www.uaga.eus\/\",\"name\":\"UAGA\",\"description\":\"Uni\u00f3n Agroganadera de \u00c1lava - Araba Nekazarien Elkartea\",\"potentialAction\":[{\"@type\":\"SearchAction\",\"target\":{\"@type\":\"EntryPoint\",\"urlTemplate\":\"https:\/\/www.uaga.eus\/?s={search_term_string}\"},\"query-input\":\"required name=search_term_string\"}],\"inLanguage\":\"eu\"},{\"@type\":\"Person\",\"@id\":\"https:\/\/www.uaga.eus\/#\/schema\/person\/48c3cbf0f33d1b788226dbb6518689cf\",\"name\":\"Blanca S\u00e1nchez\",\"image\":{\"@type\":\"ImageObject\",\"inLanguage\":\"eu\",\"@id\":\"https:\/\/www.uaga.eus\/#\/schema\/person\/image\/\",\"url\":\"https:\/\/secure.gravatar.com\/avatar\/0dc91c20648254b1ce84877283f6751b?s=96&d=mm&r=g\",\"contentUrl\":\"https:\/\/secure.gravatar.com\/avatar\/0dc91c20648254b1ce84877283f6751b?s=96&d=mm&r=g\",\"caption\":\"Blanca S\u00e1nchez\"},\"url\":\"https:\/\/www.uaga.eus\/eu\/author\/bsanchez\/\"}]}<\/script>\n<!-- \/ Yoast SEO plugin. -->","yoast_head_json":{"title":"UAGA informa del organigrama del nuevo equipo del Gobierno Vasco para la legislatura 2020-2024 en relaci\u00f3n con el sector agrario - UAGA","robots":{"index":"index","follow":"follow","max-snippet":"max-snippet:-1","max-image-preview":"max-image-preview:large","max-video-preview":"max-video-preview:-1"},"canonical":"https:\/\/www.uaga.eus\/uaga-informa-del-organigrama-del-nuevo-equipo-del-gobierno-vasco-para-la-legislatura-2020-2024-en-relacion-con-el-sector-agrario\/","og_locale":"en_US","og_type":"article","og_title":"UAGA informa del organigrama del nuevo equipo del Gobierno Vasco para la legislatura 2020-2024 en relaci\u00f3n con el sector agrario - UAGA","og_description":"Este mes de septiembre ha comenzado la nueva legislatura tras las elecciones al Gobierno Vasco, con algunos cambios en la estructura de la administraci\u00f3n relacionada con el sector agrario. El Departamento de Desarrollo Econ\u00f3mico e Infraestructuras, del que depende la Viceconsejer\u00eda de Agricultura, Pesca y Pol\u00edtica Alimentaria pasa a denominarse\u00a0Departamento de Desarrollo Econ\u00f3mico, Sostenibilidad y [&hellip;]","og_url":"https:\/\/www.uaga.eus\/uaga-informa-del-organigrama-del-nuevo-equipo-del-gobierno-vasco-para-la-legislatura-2020-2024-en-relacion-con-el-sector-agrario\/","og_site_name":"UAGA","article_published_time":"2020-10-02T09:25:55+00:00","og_image":[{"width":417,"height":121,"url":"https:\/\/www.uaga.eus\/wp-content\/uploads\/2019\/05\/gv-logo.png","type":"image\/png"}],"author":"Blanca S\u00e1nchez","twitter_card":"summary_large_image","twitter_misc":{"Written by":"Blanca S\u00e1nchez","Est. reading time":"1 minutua"},"schema":{"@context":"https:\/\/schema.org","@graph":[{"@type":"WebPage","@id":"https:\/\/www.uaga.eus\/uaga-informa-del-organigrama-del-nuevo-equipo-del-gobierno-vasco-para-la-legislatura-2020-2024-en-relacion-con-el-sector-agrario\/","url":"https:\/\/www.uaga.eus\/uaga-informa-del-organigrama-del-nuevo-equipo-del-gobierno-vasco-para-la-legislatura-2020-2024-en-relacion-con-el-sector-agrario\/","name":"UAGA informa del organigrama del nuevo equipo del Gobierno Vasco para la legislatura 2020-2024 en relaci\u00f3n con el sector agrario - UAGA","isPartOf":{"@id":"https:\/\/www.uaga.eus\/#website"},"datePublished":"2020-10-02T09:25:55+00:00","dateModified":"2020-10-02T09:25:55+00:00","author":{"@id":"https:\/\/www.uaga.eus\/#\/schema\/person\/48c3cbf0f33d1b788226dbb6518689cf"},"breadcrumb":{"@id":"https:\/\/www.uaga.eus\/uaga-informa-del-organigrama-del-nuevo-equipo-del-gobierno-vasco-para-la-legislatura-2020-2024-en-relacion-con-el-sector-agrario\/#breadcrumb"},"inLanguage":"eu","potentialAction":[{"@type":"ReadAction","target":["https:\/\/www.uaga.eus\/uaga-informa-del-organigrama-del-nuevo-equipo-del-gobierno-vasco-para-la-legislatura-2020-2024-en-relacion-con-el-sector-agrario\/"]}]},{"@type":"BreadcrumbList","@id":"https:\/\/www.uaga.eus\/uaga-informa-del-organigrama-del-nuevo-equipo-del-gobierno-vasco-para-la-legislatura-2020-2024-en-relacion-con-el-sector-agrario\/#breadcrumb","itemListElement":[{"@type":"ListItem","position":1,"name":"Inicio","item":"https:\/\/www.uaga.eus\/"},{"@type":"ListItem","position":2,"name":"UAGA informa del organigrama del nuevo equipo del Gobierno Vasco para la legislatura 2020-2024 en relaci\u00f3n con el sector agrario"}]},{"@type":"WebSite","@id":"https:\/\/www.uaga.eus\/#website","url":"https:\/\/www.uaga.eus\/","name":"UAGA","description":"Uni\u00f3n Agroganadera de \u00c1lava - Araba Nekazarien Elkartea","potentialAction":[{"@type":"SearchAction","target":{"@type":"EntryPoint","urlTemplate":"https:\/\/www.uaga.eus\/?s={search_term_string}"},"query-input":"required name=search_term_string"}],"inLanguage":"eu"},{"@type":"Person","@id":"https:\/\/www.uaga.eus\/#\/schema\/person\/48c3cbf0f33d1b788226dbb6518689cf","name":"Blanca S\u00e1nchez","image":{"@type":"ImageObject","inLanguage":"eu","@id":"https:\/\/www.uaga.eus\/#\/schema\/person\/image\/","url":"https:\/\/secure.gravatar.com\/avatar\/0dc91c20648254b1ce84877283f6751b?s=96&d=mm&r=g","contentUrl":"https:\/\/secure.gravatar.com\/avatar\/0dc91c20648254b1ce84877283f6751b?s=96&d=mm&r=g","caption":"Blanca S\u00e1nchez"},"url":"https:\/\/www.uaga.eus\/eu\/author\/bsanchez\/"}]}},"_links":{"self":[{"href":"https:\/\/www.uaga.eus\/eu\/wp-json\/wp\/v2\/posts\/8025"}],"collection":[{"href":"https:\/\/www.uaga.eus\/eu\/wp-json\/wp\/v2\/posts"}],"about":[{"href":"https:\/\/www.uaga.eus\/eu\/wp-json\/wp\/v2\/types\/post"}],"author":[{"embeddable":true,"href":"https:\/\/www.uaga.eus\/eu\/wp-json\/wp\/v2\/users\/4"}],"replies":[{"embeddable":true,"href":"https:\/\/www.uaga.eus\/eu\/wp-json\/wp\/v2\/comments?post=8025"}],"version-history":[{"count":1,"href":"https:\/\/www.uaga.eus\/eu\/wp-json\/wp\/v2\/posts\/8025\/revisions"}],"predecessor-version":[{"id":8026,"href":"https:\/\/www.uaga.eus\/eu\/wp-json\/wp\/v2\/posts\/8025\/revisions\/8026"}],"wp:featuredmedia":[{"embeddable":true,"href":"https:\/\/www.uaga.eus\/eu\/wp-json\/wp\/v2\/media\/6147"}],"wp:attachment":[{"href":"https:\/\/www.uaga.eus\/eu\/wp-json\/wp\/v2\/media?parent=8025"}],"wp:term":[{"taxonomy":"category","embeddable":true,"href":"https:\/\/www.uaga.eus\/eu\/wp-json\/wp\/v2\/categories?post=8025"},{"taxonomy":"post_tag","embeddable":true,"href":"https:\/\/www.uaga.eus\/eu\/wp-json\/wp\/v2\/tags?post=8025"}],"curies":[{"name":"wp","href":"https:\/\/api.w.org\/{rel}","templated":true}]}}