{"id":8023,"date":"2020-10-02T09:24:09","date_gmt":"2020-10-02T09:24:09","guid":{"rendered":"https:\/\/www.uaga.eus\/?p=8023"},"modified":"2020-10-02T09:24:34","modified_gmt":"2020-10-02T09:24:34","slug":"las-juntas-generales-de-alava-aprueban-una-mocion-de-apoyo-a-rioja-alavesa","status":"publish","type":"post","link":"https:\/\/www.uaga.eus\/eu\/las-juntas-generales-de-alava-aprueban-una-mocion-de-apoyo-a-rioja-alavesa\/","title":{"rendered":"Las Juntas Generales de \u00c1lava aprueban una moci\u00f3n de apoyo a Rioja Alavesa"},"content":{"rendered":"<p>Las Juntas Generales de \u00c1lava han aprobado una moci\u00f3n en defensa de los intereses socioecon\u00f3micos de Rioja Alavesa ante el CR DOCa Rioja. Instan a la Diputaci\u00f3n Foral de \u00c1lava y al Gobierno Vasco a que contin\u00faen colaborando de forma coordinada con los agentes sectoriales de Rioja Alavesa en la defensa de los intereses socioecon\u00f3micos de la comarca, con especial incidencia en la elaboraci\u00f3n de pr\u00f3ximo Plan Estrat\u00e9gico 2020-2030.<\/p>\n<p>Adem\u00e1s, solicitan la inclusi\u00f3n de la Comunidad Aut\u00f3noma del Pa\u00eds Vasco en la cobertura de da\u00f1os provocados por mildiu entre los riesgos contratados por Agroseguro en la l\u00ednea de uva de vinificaci\u00f3n.<\/p>\n<p>+ INFO SUGOI: 675 707 696<\/p>\n","protected":false},"excerpt":{"rendered":"<p>Las Juntas Generales de \u00c1lava han aprobado una moci\u00f3n en defensa de los intereses socioecon\u00f3micos de Rioja Alavesa ante el CR DOCa Rioja. Instan a la Diputaci\u00f3n Foral de \u00c1lava y al Gobierno Vasco a que contin\u00faen colaborando de forma coordinada con los agentes sectoriales de Rioja Alavesa en la defensa de los intereses socioecon\u00f3micos [&hellip;]<\/p>\n","protected":false},"author":4,"featured_media":4913,"comment_status":"closed","ping_status":"closed","sticky":false,"template":"","format":"standard","meta":{"footnotes":""},"categories":[7,4,6],"tags":[],"yoast_head":"<!-- This site is optimized with the Yoast SEO plugin v21.5 - https:\/\/yoast.com\/wordpress\/plugins\/seo\/ -->\n<title>Las Juntas Generales de \u00c1lava aprueban una moci\u00f3n de apoyo a Rioja Alavesa - UAGA<\/title>\n<meta name=\"robots\" content=\"index, follow, max-snippet:-1, max-image-preview:large, max-video-preview:-1\" \/>\n<link rel=\"canonical\" href=\"https:\/\/www.uaga.eus\/las-juntas-generales-de-alava-aprueban-una-mocion-de-apoyo-a-rioja-alavesa\/\" \/>\n<meta property=\"og:locale\" content=\"en_US\" \/>\n<meta property=\"og:type\" content=\"article\" \/>\n<meta property=\"og:title\" content=\"Las Juntas Generales de \u00c1lava aprueban una moci\u00f3n de apoyo a Rioja Alavesa - UAGA\" \/>\n<meta property=\"og:description\" content=\"Las Juntas Generales de \u00c1lava han aprobado una moci\u00f3n en defensa de los intereses socioecon\u00f3micos de Rioja Alavesa ante el CR DOCa Rioja. Instan a la Diputaci\u00f3n Foral de \u00c1lava y al Gobierno Vasco a que contin\u00faen colaborando de forma coordinada con los agentes sectoriales de Rioja Alavesa en la defensa de los intereses socioecon\u00f3micos [&hellip;]\" \/>\n<meta property=\"og:url\" content=\"https:\/\/www.uaga.eus\/las-juntas-generales-de-alava-aprueban-una-mocion-de-apoyo-a-rioja-alavesa\/\" \/>\n<meta property=\"og:site_name\" content=\"UAGA\" \/>\n<meta property=\"article:published_time\" content=\"2020-10-02T09:24:09+00:00\" \/>\n<meta property=\"article:modified_time\" content=\"2020-10-02T09:24:34+00:00\" \/>\n<meta property=\"og:image\" content=\"https:\/\/www.uaga.eus\/wp-content\/uploads\/2018\/11\/vi\u00f1a-en-oto\u00f1o.jpg\" \/>\n\t<meta property=\"og:image:width\" content=\"650\" \/>\n\t<meta property=\"og:image:height\" content=\"330\" \/>\n\t<meta property=\"og:image:type\" content=\"image\/jpeg\" \/>\n<meta name=\"author\" content=\"Blanca S\u00e1nchez\" \/>\n<meta name=\"twitter:card\" content=\"summary_large_image\" \/>\n<meta name=\"twitter:label1\" content=\"Written by\" \/>\n\t<meta name=\"twitter:data1\" content=\"Blanca S\u00e1nchez\" \/>\n\t<meta name=\"twitter:label2\" content=\"Est. reading time\" \/>\n\t<meta name=\"twitter:data2\" content=\"1 minutua\" \/>\n<script type=\"application\/ld+json\" class=\"yoast-schema-graph\">{\"@context\":\"https:\/\/schema.org\",\"@graph\":[{\"@type\":\"WebPage\",\"@id\":\"https:\/\/www.uaga.eus\/las-juntas-generales-de-alava-aprueban-una-mocion-de-apoyo-a-rioja-alavesa\/\",\"url\":\"https:\/\/www.uaga.eus\/las-juntas-generales-de-alava-aprueban-una-mocion-de-apoyo-a-rioja-alavesa\/\",\"name\":\"Las Juntas Generales de \u00c1lava aprueban una moci\u00f3n de apoyo a Rioja Alavesa - UAGA\",\"isPartOf\":{\"@id\":\"https:\/\/www.uaga.eus\/#website\"},\"datePublished\":\"2020-10-02T09:24:09+00:00\",\"dateModified\":\"2020-10-02T09:24:34+00:00\",\"author\":{\"@id\":\"https:\/\/www.uaga.eus\/#\/schema\/person\/48c3cbf0f33d1b788226dbb6518689cf\"},\"breadcrumb\":{\"@id\":\"https:\/\/www.uaga.eus\/las-juntas-generales-de-alava-aprueban-una-mocion-de-apoyo-a-rioja-alavesa\/#breadcrumb\"},\"inLanguage\":\"eu\",\"potentialAction\":[{\"@type\":\"ReadAction\",\"target\":[\"https:\/\/www.uaga.eus\/las-juntas-generales-de-alava-aprueban-una-mocion-de-apoyo-a-rioja-alavesa\/\"]}]},{\"@type\":\"BreadcrumbList\",\"@id\":\"https:\/\/www.uaga.eus\/las-juntas-generales-de-alava-aprueban-una-mocion-de-apoyo-a-rioja-alavesa\/#breadcrumb\",\"itemListElement\":[{\"@type\":\"ListItem\",\"position\":1,\"name\":\"Inicio\",\"item\":\"https:\/\/www.uaga.eus\/\"},{\"@type\":\"ListItem\",\"position\":2,\"name\":\"Las Juntas Generales de \u00c1lava aprueban una moci\u00f3n de apoyo a Rioja Alavesa\"}]},{\"@type\":\"WebSite\",\"@id\":\"https:\/\/www.uaga.eus\/#website\",\"url\":\"https:\/\/www.uaga.eus\/\",\"name\":\"UAGA\",\"description\":\"Uni\u00f3n Agroganadera de \u00c1lava - Araba Nekazarien Elkartea\",\"potentialAction\":[{\"@type\":\"SearchAction\",\"target\":{\"@type\":\"EntryPoint\",\"urlTemplate\":\"https:\/\/www.uaga.eus\/?s={search_term_string}\"},\"query-input\":\"required name=search_term_string\"}],\"inLanguage\":\"eu\"},{\"@type\":\"Person\",\"@id\":\"https:\/\/www.uaga.eus\/#\/schema\/person\/48c3cbf0f33d1b788226dbb6518689cf\",\"name\":\"Blanca S\u00e1nchez\",\"image\":{\"@type\":\"ImageObject\",\"inLanguage\":\"eu\",\"@id\":\"https:\/\/www.uaga.eus\/#\/schema\/person\/image\/\",\"url\":\"https:\/\/secure.gravatar.com\/avatar\/0dc91c20648254b1ce84877283f6751b?s=96&d=mm&r=g\",\"contentUrl\":\"https:\/\/secure.gravatar.com\/avatar\/0dc91c20648254b1ce84877283f6751b?s=96&d=mm&r=g\",\"caption\":\"Blanca S\u00e1nchez\"},\"url\":\"https:\/\/www.uaga.eus\/eu\/author\/bsanchez\/\"}]}<\/script>\n<!-- \/ Yoast SEO plugin. -->","yoast_head_json":{"title":"Las Juntas Generales de \u00c1lava aprueban una moci\u00f3n de apoyo a Rioja Alavesa - UAGA","robots":{"index":"index","follow":"follow","max-snippet":"max-snippet:-1","max-image-preview":"max-image-preview:large","max-video-preview":"max-video-preview:-1"},"canonical":"https:\/\/www.uaga.eus\/las-juntas-generales-de-alava-aprueban-una-mocion-de-apoyo-a-rioja-alavesa\/","og_locale":"en_US","og_type":"article","og_title":"Las Juntas Generales de \u00c1lava aprueban una moci\u00f3n de apoyo a Rioja Alavesa - UAGA","og_description":"Las Juntas Generales de \u00c1lava han aprobado una moci\u00f3n en defensa de los intereses socioecon\u00f3micos de Rioja Alavesa ante el CR DOCa Rioja. Instan a la Diputaci\u00f3n Foral de \u00c1lava y al Gobierno Vasco a que contin\u00faen colaborando de forma coordinada con los agentes sectoriales de Rioja Alavesa en la defensa de los intereses socioecon\u00f3micos [&hellip;]","og_url":"https:\/\/www.uaga.eus\/las-juntas-generales-de-alava-aprueban-una-mocion-de-apoyo-a-rioja-alavesa\/","og_site_name":"UAGA","article_published_time":"2020-10-02T09:24:09+00:00","article_modified_time":"2020-10-02T09:24:34+00:00","og_image":[{"width":650,"height":330,"url":"https:\/\/www.uaga.eus\/wp-content\/uploads\/2018\/11\/vi\u00f1a-en-oto\u00f1o.jpg","type":"image\/jpeg"}],"author":"Blanca S\u00e1nchez","twitter_card":"summary_large_image","twitter_misc":{"Written by":"Blanca S\u00e1nchez","Est. reading time":"1 minutua"},"schema":{"@context":"https:\/\/schema.org","@graph":[{"@type":"WebPage","@id":"https:\/\/www.uaga.eus\/las-juntas-generales-de-alava-aprueban-una-mocion-de-apoyo-a-rioja-alavesa\/","url":"https:\/\/www.uaga.eus\/las-juntas-generales-de-alava-aprueban-una-mocion-de-apoyo-a-rioja-alavesa\/","name":"Las Juntas Generales de \u00c1lava aprueban una moci\u00f3n de apoyo a Rioja Alavesa - UAGA","isPartOf":{"@id":"https:\/\/www.uaga.eus\/#website"},"datePublished":"2020-10-02T09:24:09+00:00","dateModified":"2020-10-02T09:24:34+00:00","author":{"@id":"https:\/\/www.uaga.eus\/#\/schema\/person\/48c3cbf0f33d1b788226dbb6518689cf"},"breadcrumb":{"@id":"https:\/\/www.uaga.eus\/las-juntas-generales-de-alava-aprueban-una-mocion-de-apoyo-a-rioja-alavesa\/#breadcrumb"},"inLanguage":"eu","potentialAction":[{"@type":"ReadAction","target":["https:\/\/www.uaga.eus\/las-juntas-generales-de-alava-aprueban-una-mocion-de-apoyo-a-rioja-alavesa\/"]}]},{"@type":"BreadcrumbList","@id":"https:\/\/www.uaga.eus\/las-juntas-generales-de-alava-aprueban-una-mocion-de-apoyo-a-rioja-alavesa\/#breadcrumb","itemListElement":[{"@type":"ListItem","position":1,"name":"Inicio","item":"https:\/\/www.uaga.eus\/"},{"@type":"ListItem","position":2,"name":"Las Juntas Generales de \u00c1lava aprueban una moci\u00f3n de apoyo a Rioja Alavesa"}]},{"@type":"WebSite","@id":"https:\/\/www.uaga.eus\/#website","url":"https:\/\/www.uaga.eus\/","name":"UAGA","description":"Uni\u00f3n Agroganadera de \u00c1lava - Araba Nekazarien Elkartea","potentialAction":[{"@type":"SearchAction","target":{"@type":"EntryPoint","urlTemplate":"https:\/\/www.uaga.eus\/?s={search_term_string}"},"query-input":"required name=search_term_string"}],"inLanguage":"eu"},{"@type":"Person","@id":"https:\/\/www.uaga.eus\/#\/schema\/person\/48c3cbf0f33d1b788226dbb6518689cf","name":"Blanca S\u00e1nchez","image":{"@type":"ImageObject","inLanguage":"eu","@id":"https:\/\/www.uaga.eus\/#\/schema\/person\/image\/","url":"https:\/\/secure.gravatar.com\/avatar\/0dc91c20648254b1ce84877283f6751b?s=96&d=mm&r=g","contentUrl":"https:\/\/secure.gravatar.com\/avatar\/0dc91c20648254b1ce84877283f6751b?s=96&d=mm&r=g","caption":"Blanca S\u00e1nchez"},"url":"https:\/\/www.uaga.eus\/eu\/author\/bsanchez\/"}]}},"_links":{"self":[{"href":"https:\/\/www.uaga.eus\/eu\/wp-json\/wp\/v2\/posts\/8023"}],"collection":[{"href":"https:\/\/www.uaga.eus\/eu\/wp-json\/wp\/v2\/posts"}],"about":[{"href":"https:\/\/www.uaga.eus\/eu\/wp-json\/wp\/v2\/types\/post"}],"author":[{"embeddable":true,"href":"https:\/\/www.uaga.eus\/eu\/wp-json\/wp\/v2\/users\/4"}],"replies":[{"embeddable":true,"href":"https:\/\/www.uaga.eus\/eu\/wp-json\/wp\/v2\/comments?post=8023"}],"version-history":[{"count":1,"href":"https:\/\/www.uaga.eus\/eu\/wp-json\/wp\/v2\/posts\/8023\/revisions"}],"predecessor-version":[{"id":8024,"href":"https:\/\/www.uaga.eus\/eu\/wp-json\/wp\/v2\/posts\/8023\/revisions\/8024"}],"wp:featuredmedia":[{"embeddable":true,"href":"https:\/\/www.uaga.eus\/eu\/wp-json\/wp\/v2\/media\/4913"}],"wp:attachment":[{"href":"https:\/\/www.uaga.eus\/eu\/wp-json\/wp\/v2\/media?parent=8023"}],"wp:term":[{"taxonomy":"category","embeddable":true,"href":"https:\/\/www.uaga.eus\/eu\/wp-json\/wp\/v2\/categories?post=8023"},{"taxonomy":"post_tag","embeddable":true,"href":"https:\/\/www.uaga.eus\/eu\/wp-json\/wp\/v2\/tags?post=8023"}],"curies":[{"name":"wp","href":"https:\/\/api.w.org\/{rel}","templated":true}]}}