{"id":8017,"date":"2020-10-02T09:18:50","date_gmt":"2020-10-02T09:18:50","guid":{"rendered":"https:\/\/www.uaga.eus\/?p=8017"},"modified":"2020-10-22T11:07:24","modified_gmt":"2020-10-22T11:07:24","slug":"coag-solicita-al-ministerio-de-agricultura-un-presupuesto-especifico-para-reforzar-las-medidas-preventivas-frente-a-la-peste-porcina","status":"publish","type":"post","link":"https:\/\/www.uaga.eus\/eu\/coag-solicita-al-ministerio-de-agricultura-un-presupuesto-especifico-para-reforzar-las-medidas-preventivas-frente-a-la-peste-porcina\/","title":{"rendered":"COAG solicita al Ministerio de Agricultura un presupuesto espec\u00edfico para reforzar las medidas preventivas frente a la peste porcina"},"content":{"rendered":"<p>COAG ha transmitido al Ministerio su preocupaci\u00f3n ante el avance de la peste porcina africana en Alemania, con m\u00e1s de 30 casos detectados en jabal\u00edes en menos de un mes.<\/p>\n<p>Por ello, propone extremar la vigilancia de los posibles corredores de entrada de jabal\u00ed a lo largo de toda la frontera con Francia, as\u00ed como ejercer un control sobre la poblaci\u00f3n de los mismos.<\/p>\n<p>Adem\u00e1s, considera necesario mejorar el control y seguimiento de las importaciones de lechones y extremar las medidas y requerimientos de bioseguridad en las explotaciones ganaderas, con criterios homog\u00e9neos en todas las CC.AA.<\/p>\n<p>Puedes leer\u00a0el comunicado completo\u00a0<a href=\"http:\/\/coag.chil.me\/post\/coag-pide-al-ministerio-de-agricultura-un-presupuesto-especifico-para-reforzar-l-319352\">aqu\u00ed<\/a>.<\/p>\n<p>+ INFO GUSTAVO: 635 704 865<\/p>\n","protected":false},"excerpt":{"rendered":"<p>COAG ha transmitido al Ministerio su preocupaci\u00f3n ante el avance de la peste porcina africana en Alemania, con m\u00e1s de 30 casos detectados en jabal\u00edes en menos de un mes. Por ello, propone extremar la vigilancia de los posibles corredores de entrada de jabal\u00ed a lo largo de toda la frontera con Francia, as\u00ed como [&hellip;]<\/p>\n","protected":false},"author":4,"featured_media":2869,"comment_status":"closed","ping_status":"closed","sticky":false,"template":"","format":"standard","meta":{"footnotes":""},"categories":[8],"tags":[],"yoast_head":"<!-- This site is optimized with the Yoast SEO plugin v21.5 - https:\/\/yoast.com\/wordpress\/plugins\/seo\/ -->\n<title>COAG solicita al Ministerio de Agricultura un presupuesto espec\u00edfico para reforzar las medidas preventivas frente a la peste porcina - UAGA<\/title>\n<meta name=\"robots\" content=\"index, follow, max-snippet:-1, max-image-preview:large, max-video-preview:-1\" \/>\n<link rel=\"canonical\" href=\"https:\/\/www.uaga.eus\/coag-solicita-al-ministerio-de-agricultura-un-presupuesto-especifico-para-reforzar-las-medidas-preventivas-frente-a-la-peste-porcina\/\" \/>\n<meta property=\"og:locale\" content=\"en_US\" \/>\n<meta property=\"og:type\" content=\"article\" \/>\n<meta property=\"og:title\" content=\"COAG solicita al Ministerio de Agricultura un presupuesto espec\u00edfico para reforzar las medidas preventivas frente a la peste porcina - UAGA\" \/>\n<meta property=\"og:description\" content=\"COAG ha transmitido al Ministerio su preocupaci\u00f3n ante el avance de la peste porcina africana en Alemania, con m\u00e1s de 30 casos detectados en jabal\u00edes en menos de un mes. Por ello, propone extremar la vigilancia de los posibles corredores de entrada de jabal\u00ed a lo largo de toda la frontera con Francia, as\u00ed como [&hellip;]\" \/>\n<meta property=\"og:url\" content=\"https:\/\/www.uaga.eus\/coag-solicita-al-ministerio-de-agricultura-un-presupuesto-especifico-para-reforzar-las-medidas-preventivas-frente-a-la-peste-porcina\/\" \/>\n<meta property=\"og:site_name\" content=\"UAGA\" \/>\n<meta property=\"article:published_time\" content=\"2020-10-02T09:18:50+00:00\" \/>\n<meta property=\"article:modified_time\" content=\"2020-10-22T11:07:24+00:00\" \/>\n<meta property=\"og:image\" content=\"https:\/\/www.uaga.eus\/wp-content\/uploads\/2018\/05\/jabali.jpg\" \/>\n\t<meta property=\"og:image:width\" content=\"700\" \/>\n\t<meta property=\"og:image:height\" content=\"467\" \/>\n\t<meta property=\"og:image:type\" content=\"image\/jpeg\" \/>\n<meta name=\"author\" content=\"Blanca S\u00e1nchez\" \/>\n<meta name=\"twitter:card\" content=\"summary_large_image\" \/>\n<meta name=\"twitter:label1\" content=\"Written by\" \/>\n\t<meta name=\"twitter:data1\" content=\"Blanca S\u00e1nchez\" \/>\n\t<meta name=\"twitter:label2\" content=\"Est. reading time\" \/>\n\t<meta name=\"twitter:data2\" content=\"1 minutua\" \/>\n<script type=\"application\/ld+json\" class=\"yoast-schema-graph\">{\"@context\":\"https:\/\/schema.org\",\"@graph\":[{\"@type\":\"WebPage\",\"@id\":\"https:\/\/www.uaga.eus\/coag-solicita-al-ministerio-de-agricultura-un-presupuesto-especifico-para-reforzar-las-medidas-preventivas-frente-a-la-peste-porcina\/\",\"url\":\"https:\/\/www.uaga.eus\/coag-solicita-al-ministerio-de-agricultura-un-presupuesto-especifico-para-reforzar-las-medidas-preventivas-frente-a-la-peste-porcina\/\",\"name\":\"COAG solicita al Ministerio de Agricultura un presupuesto espec\u00edfico para reforzar las medidas preventivas frente a la peste porcina - UAGA\",\"isPartOf\":{\"@id\":\"https:\/\/www.uaga.eus\/#website\"},\"datePublished\":\"2020-10-02T09:18:50+00:00\",\"dateModified\":\"2020-10-22T11:07:24+00:00\",\"author\":{\"@id\":\"https:\/\/www.uaga.eus\/#\/schema\/person\/48c3cbf0f33d1b788226dbb6518689cf\"},\"breadcrumb\":{\"@id\":\"https:\/\/www.uaga.eus\/coag-solicita-al-ministerio-de-agricultura-un-presupuesto-especifico-para-reforzar-las-medidas-preventivas-frente-a-la-peste-porcina\/#breadcrumb\"},\"inLanguage\":\"eu\",\"potentialAction\":[{\"@type\":\"ReadAction\",\"target\":[\"https:\/\/www.uaga.eus\/coag-solicita-al-ministerio-de-agricultura-un-presupuesto-especifico-para-reforzar-las-medidas-preventivas-frente-a-la-peste-porcina\/\"]}]},{\"@type\":\"BreadcrumbList\",\"@id\":\"https:\/\/www.uaga.eus\/coag-solicita-al-ministerio-de-agricultura-un-presupuesto-especifico-para-reforzar-las-medidas-preventivas-frente-a-la-peste-porcina\/#breadcrumb\",\"itemListElement\":[{\"@type\":\"ListItem\",\"position\":1,\"name\":\"Inicio\",\"item\":\"https:\/\/www.uaga.eus\/\"},{\"@type\":\"ListItem\",\"position\":2,\"name\":\"COAG solicita al Ministerio de Agricultura un presupuesto espec\u00edfico para reforzar las medidas preventivas frente a la peste porcina\"}]},{\"@type\":\"WebSite\",\"@id\":\"https:\/\/www.uaga.eus\/#website\",\"url\":\"https:\/\/www.uaga.eus\/\",\"name\":\"UAGA\",\"description\":\"Uni\u00f3n Agroganadera de \u00c1lava - Araba Nekazarien Elkartea\",\"potentialAction\":[{\"@type\":\"SearchAction\",\"target\":{\"@type\":\"EntryPoint\",\"urlTemplate\":\"https:\/\/www.uaga.eus\/?s={search_term_string}\"},\"query-input\":\"required name=search_term_string\"}],\"inLanguage\":\"eu\"},{\"@type\":\"Person\",\"@id\":\"https:\/\/www.uaga.eus\/#\/schema\/person\/48c3cbf0f33d1b788226dbb6518689cf\",\"name\":\"Blanca S\u00e1nchez\",\"image\":{\"@type\":\"ImageObject\",\"inLanguage\":\"eu\",\"@id\":\"https:\/\/www.uaga.eus\/#\/schema\/person\/image\/\",\"url\":\"https:\/\/secure.gravatar.com\/avatar\/0dc91c20648254b1ce84877283f6751b?s=96&d=mm&r=g\",\"contentUrl\":\"https:\/\/secure.gravatar.com\/avatar\/0dc91c20648254b1ce84877283f6751b?s=96&d=mm&r=g\",\"caption\":\"Blanca S\u00e1nchez\"},\"url\":\"https:\/\/www.uaga.eus\/eu\/author\/bsanchez\/\"}]}<\/script>\n<!-- \/ Yoast SEO plugin. -->","yoast_head_json":{"title":"COAG solicita al Ministerio de Agricultura un presupuesto espec\u00edfico para reforzar las medidas preventivas frente a la peste porcina - UAGA","robots":{"index":"index","follow":"follow","max-snippet":"max-snippet:-1","max-image-preview":"max-image-preview:large","max-video-preview":"max-video-preview:-1"},"canonical":"https:\/\/www.uaga.eus\/coag-solicita-al-ministerio-de-agricultura-un-presupuesto-especifico-para-reforzar-las-medidas-preventivas-frente-a-la-peste-porcina\/","og_locale":"en_US","og_type":"article","og_title":"COAG solicita al Ministerio de Agricultura un presupuesto espec\u00edfico para reforzar las medidas preventivas frente a la peste porcina - UAGA","og_description":"COAG ha transmitido al Ministerio su preocupaci\u00f3n ante el avance de la peste porcina africana en Alemania, con m\u00e1s de 30 casos detectados en jabal\u00edes en menos de un mes. Por ello, propone extremar la vigilancia de los posibles corredores de entrada de jabal\u00ed a lo largo de toda la frontera con Francia, as\u00ed como [&hellip;]","og_url":"https:\/\/www.uaga.eus\/coag-solicita-al-ministerio-de-agricultura-un-presupuesto-especifico-para-reforzar-las-medidas-preventivas-frente-a-la-peste-porcina\/","og_site_name":"UAGA","article_published_time":"2020-10-02T09:18:50+00:00","article_modified_time":"2020-10-22T11:07:24+00:00","og_image":[{"width":700,"height":467,"url":"https:\/\/www.uaga.eus\/wp-content\/uploads\/2018\/05\/jabali.jpg","type":"image\/jpeg"}],"author":"Blanca S\u00e1nchez","twitter_card":"summary_large_image","twitter_misc":{"Written by":"Blanca S\u00e1nchez","Est. reading time":"1 minutua"},"schema":{"@context":"https:\/\/schema.org","@graph":[{"@type":"WebPage","@id":"https:\/\/www.uaga.eus\/coag-solicita-al-ministerio-de-agricultura-un-presupuesto-especifico-para-reforzar-las-medidas-preventivas-frente-a-la-peste-porcina\/","url":"https:\/\/www.uaga.eus\/coag-solicita-al-ministerio-de-agricultura-un-presupuesto-especifico-para-reforzar-las-medidas-preventivas-frente-a-la-peste-porcina\/","name":"COAG solicita al Ministerio de Agricultura un presupuesto espec\u00edfico para reforzar las medidas preventivas frente a la peste porcina - UAGA","isPartOf":{"@id":"https:\/\/www.uaga.eus\/#website"},"datePublished":"2020-10-02T09:18:50+00:00","dateModified":"2020-10-22T11:07:24+00:00","author":{"@id":"https:\/\/www.uaga.eus\/#\/schema\/person\/48c3cbf0f33d1b788226dbb6518689cf"},"breadcrumb":{"@id":"https:\/\/www.uaga.eus\/coag-solicita-al-ministerio-de-agricultura-un-presupuesto-especifico-para-reforzar-las-medidas-preventivas-frente-a-la-peste-porcina\/#breadcrumb"},"inLanguage":"eu","potentialAction":[{"@type":"ReadAction","target":["https:\/\/www.uaga.eus\/coag-solicita-al-ministerio-de-agricultura-un-presupuesto-especifico-para-reforzar-las-medidas-preventivas-frente-a-la-peste-porcina\/"]}]},{"@type":"BreadcrumbList","@id":"https:\/\/www.uaga.eus\/coag-solicita-al-ministerio-de-agricultura-un-presupuesto-especifico-para-reforzar-las-medidas-preventivas-frente-a-la-peste-porcina\/#breadcrumb","itemListElement":[{"@type":"ListItem","position":1,"name":"Inicio","item":"https:\/\/www.uaga.eus\/"},{"@type":"ListItem","position":2,"name":"COAG solicita al Ministerio de Agricultura un presupuesto espec\u00edfico para reforzar las medidas preventivas frente a la peste porcina"}]},{"@type":"WebSite","@id":"https:\/\/www.uaga.eus\/#website","url":"https:\/\/www.uaga.eus\/","name":"UAGA","description":"Uni\u00f3n Agroganadera de \u00c1lava - Araba Nekazarien Elkartea","potentialAction":[{"@type":"SearchAction","target":{"@type":"EntryPoint","urlTemplate":"https:\/\/www.uaga.eus\/?s={search_term_string}"},"query-input":"required name=search_term_string"}],"inLanguage":"eu"},{"@type":"Person","@id":"https:\/\/www.uaga.eus\/#\/schema\/person\/48c3cbf0f33d1b788226dbb6518689cf","name":"Blanca S\u00e1nchez","image":{"@type":"ImageObject","inLanguage":"eu","@id":"https:\/\/www.uaga.eus\/#\/schema\/person\/image\/","url":"https:\/\/secure.gravatar.com\/avatar\/0dc91c20648254b1ce84877283f6751b?s=96&d=mm&r=g","contentUrl":"https:\/\/secure.gravatar.com\/avatar\/0dc91c20648254b1ce84877283f6751b?s=96&d=mm&r=g","caption":"Blanca S\u00e1nchez"},"url":"https:\/\/www.uaga.eus\/eu\/author\/bsanchez\/"}]}},"_links":{"self":[{"href":"https:\/\/www.uaga.eus\/eu\/wp-json\/wp\/v2\/posts\/8017"}],"collection":[{"href":"https:\/\/www.uaga.eus\/eu\/wp-json\/wp\/v2\/posts"}],"about":[{"href":"https:\/\/www.uaga.eus\/eu\/wp-json\/wp\/v2\/types\/post"}],"author":[{"embeddable":true,"href":"https:\/\/www.uaga.eus\/eu\/wp-json\/wp\/v2\/users\/4"}],"replies":[{"embeddable":true,"href":"https:\/\/www.uaga.eus\/eu\/wp-json\/wp\/v2\/comments?post=8017"}],"version-history":[{"count":4,"href":"https:\/\/www.uaga.eus\/eu\/wp-json\/wp\/v2\/posts\/8017\/revisions"}],"predecessor-version":[{"id":8101,"href":"https:\/\/www.uaga.eus\/eu\/wp-json\/wp\/v2\/posts\/8017\/revisions\/8101"}],"wp:featuredmedia":[{"embeddable":true,"href":"https:\/\/www.uaga.eus\/eu\/wp-json\/wp\/v2\/media\/2869"}],"wp:attachment":[{"href":"https:\/\/www.uaga.eus\/eu\/wp-json\/wp\/v2\/media?parent=8017"}],"wp:term":[{"taxonomy":"category","embeddable":true,"href":"https:\/\/www.uaga.eus\/eu\/wp-json\/wp\/v2\/categories?post=8017"},{"taxonomy":"post_tag","embeddable":true,"href":"https:\/\/www.uaga.eus\/eu\/wp-json\/wp\/v2\/tags?post=8017"}],"curies":[{"name":"wp","href":"https:\/\/api.w.org\/{rel}","templated":true}]}}