{"id":8010,"date":"2020-10-02T09:15:30","date_gmt":"2020-10-02T09:15:30","guid":{"rendered":"https:\/\/www.uaga.eus\/?p=8010"},"modified":"2020-10-02T09:15:48","modified_gmt":"2020-10-02T09:15:48","slug":"hazi-oferta-un-curso-de-ganaderia-ecologica-para-nuevas-incorporaciones-al-sector-que-comienza-el-5-de-octubre-en-onati","status":"publish","type":"post","link":"https:\/\/www.uaga.eus\/eu\/hazi-oferta-un-curso-de-ganaderia-ecologica-para-nuevas-incorporaciones-al-sector-que-comienza-el-5-de-octubre-en-onati\/","title":{"rendered":"Hazi oferta un curso de Ganader\u00eda Ecol\u00f3gica para nuevas incorporaciones al sector, que comienza el 5 de octubre en O\u00f1ati"},"content":{"rendered":"<p>Hazi ha preparado un curso de Ganader\u00eda Ecol\u00f3gica para personas desempleadas que quieran iniciarse en la ganader\u00eda.<\/p>\n<p>Esta formaci\u00f3n\u00a0tiene una duraci\u00f3n de 290 horas y se impartir\u00e1 en O\u00f1ati en horario de 8,30 a 14,30 horas. Consta de dos m\u00f3dulos diferenciados, uno sobre manejo racional de ganado en explotaciones ecol\u00f3gicas y otro sobre instalaciones, maquinaria y equipos de la explotaci\u00f3n ganadera.<\/p>\n<p>Puedes consultar toda la informaci\u00f3n del curso <a href=\"http:\/\/www.hazi.eus\/images\/documentos\/mailings\/formacion\/ganaderia_ecologica_curso.pdf\" target=\"_blank\" rel=\"noopener\" data-cke-saved-href=\"http:\/\/www.hazi.eus\/images\/documentos\/mailings\/formacion\/ganaderia_ecologica_curso.pdf\">aqu\u00ed<\/a>.<\/p>\n","protected":false},"excerpt":{"rendered":"<p>Hazi ha preparado un curso de Ganader\u00eda Ecol\u00f3gica para personas desempleadas que quieran iniciarse en la ganader\u00eda. Esta formaci\u00f3n\u00a0tiene una duraci\u00f3n de 290 horas y se impartir\u00e1 en O\u00f1ati en horario de 8,30 a 14,30 horas. Consta de dos m\u00f3dulos diferenciados, uno sobre manejo racional de ganado en explotaciones ecol\u00f3gicas y otro sobre instalaciones, maquinaria [&hellip;]<\/p>\n","protected":false},"author":4,"featured_media":8012,"comment_status":"closed","ping_status":"closed","sticky":false,"template":"","format":"standard","meta":{"footnotes":""},"categories":[10,66,8],"tags":[],"yoast_head":"<!-- This site is optimized with the Yoast SEO plugin v21.5 - https:\/\/yoast.com\/wordpress\/plugins\/seo\/ -->\n<title>Hazi oferta un curso de Ganader\u00eda Ecol\u00f3gica para nuevas incorporaciones al sector, que comienza el 5 de octubre en O\u00f1ati - UAGA<\/title>\n<meta name=\"robots\" content=\"index, follow, max-snippet:-1, max-image-preview:large, max-video-preview:-1\" \/>\n<link rel=\"canonical\" href=\"https:\/\/www.uaga.eus\/hazi-oferta-un-curso-de-ganaderia-ecologica-para-nuevas-incorporaciones-al-sector-que-comienza-el-5-de-octubre-en-onati\/\" \/>\n<meta property=\"og:locale\" content=\"en_US\" \/>\n<meta property=\"og:type\" content=\"article\" \/>\n<meta property=\"og:title\" content=\"Hazi oferta un curso de Ganader\u00eda Ecol\u00f3gica para nuevas incorporaciones al sector, que comienza el 5 de octubre en O\u00f1ati - UAGA\" \/>\n<meta property=\"og:description\" content=\"Hazi ha preparado un curso de Ganader\u00eda Ecol\u00f3gica para personas desempleadas que quieran iniciarse en la ganader\u00eda. Esta formaci\u00f3n\u00a0tiene una duraci\u00f3n de 290 horas y se impartir\u00e1 en O\u00f1ati en horario de 8,30 a 14,30 horas. Consta de dos m\u00f3dulos diferenciados, uno sobre manejo racional de ganado en explotaciones ecol\u00f3gicas y otro sobre instalaciones, maquinaria [&hellip;]\" \/>\n<meta property=\"og:url\" content=\"https:\/\/www.uaga.eus\/hazi-oferta-un-curso-de-ganaderia-ecologica-para-nuevas-incorporaciones-al-sector-que-comienza-el-5-de-octubre-en-onati\/\" \/>\n<meta property=\"og:site_name\" content=\"UAGA\" \/>\n<meta property=\"article:published_time\" content=\"2020-10-02T09:15:30+00:00\" \/>\n<meta property=\"article:modified_time\" content=\"2020-10-02T09:15:48+00:00\" \/>\n<meta property=\"og:image\" content=\"https:\/\/www.uaga.eus\/wp-content\/uploads\/2020\/10\/vacas-pastando.jpg\" \/>\n\t<meta property=\"og:image:width\" content=\"650\" \/>\n\t<meta property=\"og:image:height\" content=\"366\" \/>\n\t<meta property=\"og:image:type\" content=\"image\/jpeg\" \/>\n<meta name=\"author\" content=\"Blanca S\u00e1nchez\" \/>\n<meta name=\"twitter:card\" content=\"summary_large_image\" \/>\n<meta name=\"twitter:label1\" content=\"Written by\" \/>\n\t<meta name=\"twitter:data1\" content=\"Blanca S\u00e1nchez\" \/>\n<script type=\"application\/ld+json\" class=\"yoast-schema-graph\">{\"@context\":\"https:\/\/schema.org\",\"@graph\":[{\"@type\":\"WebPage\",\"@id\":\"https:\/\/www.uaga.eus\/hazi-oferta-un-curso-de-ganaderia-ecologica-para-nuevas-incorporaciones-al-sector-que-comienza-el-5-de-octubre-en-onati\/\",\"url\":\"https:\/\/www.uaga.eus\/hazi-oferta-un-curso-de-ganaderia-ecologica-para-nuevas-incorporaciones-al-sector-que-comienza-el-5-de-octubre-en-onati\/\",\"name\":\"Hazi oferta un curso de Ganader\u00eda Ecol\u00f3gica para nuevas incorporaciones al sector, que comienza el 5 de octubre en O\u00f1ati - UAGA\",\"isPartOf\":{\"@id\":\"https:\/\/www.uaga.eus\/#website\"},\"datePublished\":\"2020-10-02T09:15:30+00:00\",\"dateModified\":\"2020-10-02T09:15:48+00:00\",\"author\":{\"@id\":\"https:\/\/www.uaga.eus\/#\/schema\/person\/48c3cbf0f33d1b788226dbb6518689cf\"},\"breadcrumb\":{\"@id\":\"https:\/\/www.uaga.eus\/hazi-oferta-un-curso-de-ganaderia-ecologica-para-nuevas-incorporaciones-al-sector-que-comienza-el-5-de-octubre-en-onati\/#breadcrumb\"},\"inLanguage\":\"eu\",\"potentialAction\":[{\"@type\":\"ReadAction\",\"target\":[\"https:\/\/www.uaga.eus\/hazi-oferta-un-curso-de-ganaderia-ecologica-para-nuevas-incorporaciones-al-sector-que-comienza-el-5-de-octubre-en-onati\/\"]}]},{\"@type\":\"BreadcrumbList\",\"@id\":\"https:\/\/www.uaga.eus\/hazi-oferta-un-curso-de-ganaderia-ecologica-para-nuevas-incorporaciones-al-sector-que-comienza-el-5-de-octubre-en-onati\/#breadcrumb\",\"itemListElement\":[{\"@type\":\"ListItem\",\"position\":1,\"name\":\"Inicio\",\"item\":\"https:\/\/www.uaga.eus\/\"},{\"@type\":\"ListItem\",\"position\":2,\"name\":\"Hazi oferta un curso de Ganader\u00eda Ecol\u00f3gica para nuevas incorporaciones al sector, que comienza el 5 de octubre en O\u00f1ati\"}]},{\"@type\":\"WebSite\",\"@id\":\"https:\/\/www.uaga.eus\/#website\",\"url\":\"https:\/\/www.uaga.eus\/\",\"name\":\"UAGA\",\"description\":\"Uni\u00f3n Agroganadera de \u00c1lava - Araba Nekazarien Elkartea\",\"potentialAction\":[{\"@type\":\"SearchAction\",\"target\":{\"@type\":\"EntryPoint\",\"urlTemplate\":\"https:\/\/www.uaga.eus\/?s={search_term_string}\"},\"query-input\":\"required name=search_term_string\"}],\"inLanguage\":\"eu\"},{\"@type\":\"Person\",\"@id\":\"https:\/\/www.uaga.eus\/#\/schema\/person\/48c3cbf0f33d1b788226dbb6518689cf\",\"name\":\"Blanca S\u00e1nchez\",\"image\":{\"@type\":\"ImageObject\",\"inLanguage\":\"eu\",\"@id\":\"https:\/\/www.uaga.eus\/#\/schema\/person\/image\/\",\"url\":\"https:\/\/secure.gravatar.com\/avatar\/0dc91c20648254b1ce84877283f6751b?s=96&d=mm&r=g\",\"contentUrl\":\"https:\/\/secure.gravatar.com\/avatar\/0dc91c20648254b1ce84877283f6751b?s=96&d=mm&r=g\",\"caption\":\"Blanca S\u00e1nchez\"},\"url\":\"https:\/\/www.uaga.eus\/eu\/author\/bsanchez\/\"}]}<\/script>\n<!-- \/ Yoast SEO plugin. -->","yoast_head_json":{"title":"Hazi oferta un curso de Ganader\u00eda Ecol\u00f3gica para nuevas incorporaciones al sector, que comienza el 5 de octubre en O\u00f1ati - UAGA","robots":{"index":"index","follow":"follow","max-snippet":"max-snippet:-1","max-image-preview":"max-image-preview:large","max-video-preview":"max-video-preview:-1"},"canonical":"https:\/\/www.uaga.eus\/hazi-oferta-un-curso-de-ganaderia-ecologica-para-nuevas-incorporaciones-al-sector-que-comienza-el-5-de-octubre-en-onati\/","og_locale":"en_US","og_type":"article","og_title":"Hazi oferta un curso de Ganader\u00eda Ecol\u00f3gica para nuevas incorporaciones al sector, que comienza el 5 de octubre en O\u00f1ati - UAGA","og_description":"Hazi ha preparado un curso de Ganader\u00eda Ecol\u00f3gica para personas desempleadas que quieran iniciarse en la ganader\u00eda. Esta formaci\u00f3n\u00a0tiene una duraci\u00f3n de 290 horas y se impartir\u00e1 en O\u00f1ati en horario de 8,30 a 14,30 horas. Consta de dos m\u00f3dulos diferenciados, uno sobre manejo racional de ganado en explotaciones ecol\u00f3gicas y otro sobre instalaciones, maquinaria [&hellip;]","og_url":"https:\/\/www.uaga.eus\/hazi-oferta-un-curso-de-ganaderia-ecologica-para-nuevas-incorporaciones-al-sector-que-comienza-el-5-de-octubre-en-onati\/","og_site_name":"UAGA","article_published_time":"2020-10-02T09:15:30+00:00","article_modified_time":"2020-10-02T09:15:48+00:00","og_image":[{"width":650,"height":366,"url":"https:\/\/www.uaga.eus\/wp-content\/uploads\/2020\/10\/vacas-pastando.jpg","type":"image\/jpeg"}],"author":"Blanca S\u00e1nchez","twitter_card":"summary_large_image","twitter_misc":{"Written by":"Blanca S\u00e1nchez"},"schema":{"@context":"https:\/\/schema.org","@graph":[{"@type":"WebPage","@id":"https:\/\/www.uaga.eus\/hazi-oferta-un-curso-de-ganaderia-ecologica-para-nuevas-incorporaciones-al-sector-que-comienza-el-5-de-octubre-en-onati\/","url":"https:\/\/www.uaga.eus\/hazi-oferta-un-curso-de-ganaderia-ecologica-para-nuevas-incorporaciones-al-sector-que-comienza-el-5-de-octubre-en-onati\/","name":"Hazi oferta un curso de Ganader\u00eda Ecol\u00f3gica para nuevas incorporaciones al sector, que comienza el 5 de octubre en O\u00f1ati - UAGA","isPartOf":{"@id":"https:\/\/www.uaga.eus\/#website"},"datePublished":"2020-10-02T09:15:30+00:00","dateModified":"2020-10-02T09:15:48+00:00","author":{"@id":"https:\/\/www.uaga.eus\/#\/schema\/person\/48c3cbf0f33d1b788226dbb6518689cf"},"breadcrumb":{"@id":"https:\/\/www.uaga.eus\/hazi-oferta-un-curso-de-ganaderia-ecologica-para-nuevas-incorporaciones-al-sector-que-comienza-el-5-de-octubre-en-onati\/#breadcrumb"},"inLanguage":"eu","potentialAction":[{"@type":"ReadAction","target":["https:\/\/www.uaga.eus\/hazi-oferta-un-curso-de-ganaderia-ecologica-para-nuevas-incorporaciones-al-sector-que-comienza-el-5-de-octubre-en-onati\/"]}]},{"@type":"BreadcrumbList","@id":"https:\/\/www.uaga.eus\/hazi-oferta-un-curso-de-ganaderia-ecologica-para-nuevas-incorporaciones-al-sector-que-comienza-el-5-de-octubre-en-onati\/#breadcrumb","itemListElement":[{"@type":"ListItem","position":1,"name":"Inicio","item":"https:\/\/www.uaga.eus\/"},{"@type":"ListItem","position":2,"name":"Hazi oferta un curso de Ganader\u00eda Ecol\u00f3gica para nuevas incorporaciones al sector, que comienza el 5 de octubre en O\u00f1ati"}]},{"@type":"WebSite","@id":"https:\/\/www.uaga.eus\/#website","url":"https:\/\/www.uaga.eus\/","name":"UAGA","description":"Uni\u00f3n Agroganadera de \u00c1lava - Araba Nekazarien Elkartea","potentialAction":[{"@type":"SearchAction","target":{"@type":"EntryPoint","urlTemplate":"https:\/\/www.uaga.eus\/?s={search_term_string}"},"query-input":"required name=search_term_string"}],"inLanguage":"eu"},{"@type":"Person","@id":"https:\/\/www.uaga.eus\/#\/schema\/person\/48c3cbf0f33d1b788226dbb6518689cf","name":"Blanca S\u00e1nchez","image":{"@type":"ImageObject","inLanguage":"eu","@id":"https:\/\/www.uaga.eus\/#\/schema\/person\/image\/","url":"https:\/\/secure.gravatar.com\/avatar\/0dc91c20648254b1ce84877283f6751b?s=96&d=mm&r=g","contentUrl":"https:\/\/secure.gravatar.com\/avatar\/0dc91c20648254b1ce84877283f6751b?s=96&d=mm&r=g","caption":"Blanca S\u00e1nchez"},"url":"https:\/\/www.uaga.eus\/eu\/author\/bsanchez\/"}]}},"_links":{"self":[{"href":"https:\/\/www.uaga.eus\/eu\/wp-json\/wp\/v2\/posts\/8010"}],"collection":[{"href":"https:\/\/www.uaga.eus\/eu\/wp-json\/wp\/v2\/posts"}],"about":[{"href":"https:\/\/www.uaga.eus\/eu\/wp-json\/wp\/v2\/types\/post"}],"author":[{"embeddable":true,"href":"https:\/\/www.uaga.eus\/eu\/wp-json\/wp\/v2\/users\/4"}],"replies":[{"embeddable":true,"href":"https:\/\/www.uaga.eus\/eu\/wp-json\/wp\/v2\/comments?post=8010"}],"version-history":[{"count":1,"href":"https:\/\/www.uaga.eus\/eu\/wp-json\/wp\/v2\/posts\/8010\/revisions"}],"predecessor-version":[{"id":8014,"href":"https:\/\/www.uaga.eus\/eu\/wp-json\/wp\/v2\/posts\/8010\/revisions\/8014"}],"wp:featuredmedia":[{"embeddable":true,"href":"https:\/\/www.uaga.eus\/eu\/wp-json\/wp\/v2\/media\/8012"}],"wp:attachment":[{"href":"https:\/\/www.uaga.eus\/eu\/wp-json\/wp\/v2\/media?parent=8010"}],"wp:term":[{"taxonomy":"category","embeddable":true,"href":"https:\/\/www.uaga.eus\/eu\/wp-json\/wp\/v2\/categories?post=8010"},{"taxonomy":"post_tag","embeddable":true,"href":"https:\/\/www.uaga.eus\/eu\/wp-json\/wp\/v2\/tags?post=8010"}],"curies":[{"name":"wp","href":"https:\/\/api.w.org\/{rel}","templated":true}]}}