{"id":8002,"date":"2020-09-25T10:35:51","date_gmt":"2020-09-25T10:35:51","guid":{"rendered":"https:\/\/www.uaga.eus\/?p=8002"},"modified":"2020-09-25T10:45:55","modified_gmt":"2020-09-25T10:45:55","slug":"uaga-apoya-la-iniciativa-para-que-2026-sea-el-ano-internacional-de-los-pastos-y-el-pastoreo","status":"publish","type":"post","link":"https:\/\/www.uaga.eus\/eu\/uaga-apoya-la-iniciativa-para-que-2026-sea-el-ano-internacional-de-los-pastos-y-el-pastoreo\/","title":{"rendered":"UAGA apoya la iniciativa para que 2026 sea el A\u00f1o Internacional de los Pastos y el Pastoreo \u00a0\u00a0"},"content":{"rendered":"<p>El Comit\u00e9 de Agricultura de la FAO (Organizaci\u00f3n de las Naciones Unidas para la Alimentaci\u00f3n y la Agricultura) va a solicitar a Naciones Unidas potenciar su trabajo en relaci\u00f3n con los pastos, el pastoreo y los pastores y pastoras, para garantizar su inclusi\u00f3n en programas t\u00e9cnicos y de desarrollo que contribuyan a su sostenibilidad. Para ello, el Gobierno de Mongolia propone la celebraci\u00f3n del A\u00f1o Internacional de los pastos y el pastoreo en 2026.<\/p>\n<p>Desde UAGA\u00a0defendemos los sistemas ganaderos pastoralistas, los territorios pastoreados y apoyamos a las personas que los mantienen activos, sanos, sostenibles y productivos. Compartimos la importancia que la ganader\u00eda extensiva y el pastoreo tienen para la econom\u00eda, la cultura, el patrimonio y los paisajes de nuestro pa\u00eds. Por ello, apoyamos la propuesta para la celebraci\u00f3n del A\u00f1o Internacional de los pastos y el pastoreo (International Year or Rangelands and Pastoralists) en 2026.<\/p>\n<p>Puedes consultar toda la informaci\u00f3n en el siguiente <a href=\"https:\/\/iyrp.info\/\" target=\"_blank\" rel=\"noopener\" data-cke-saved-href=\"https:\/\/iyrp.info\/\">enlace<\/a>.<\/p>\n<p>+INFO SUGOI:\u00a0 675 707 696<\/p>\n","protected":false},"excerpt":{"rendered":"<p>El Comit\u00e9 de Agricultura de la FAO (Organizaci\u00f3n de las Naciones Unidas para la Alimentaci\u00f3n y la Agricultura) va a solicitar a Naciones Unidas potenciar su trabajo en relaci\u00f3n con los pastos, el pastoreo y los pastores y pastoras, para garantizar su inclusi\u00f3n en programas t\u00e9cnicos y de desarrollo que contribuyan a su sostenibilidad. Para [&hellip;]<\/p>\n","protected":false},"author":4,"featured_media":7994,"comment_status":"closed","ping_status":"closed","sticky":false,"template":"","format":"standard","meta":{"footnotes":""},"categories":[37,8],"tags":[],"yoast_head":"<!-- This site is optimized with the Yoast SEO plugin v21.5 - https:\/\/yoast.com\/wordpress\/plugins\/seo\/ -->\n<title>UAGA apoya la iniciativa para que 2026 sea el A\u00f1o Internacional de los Pastos y el Pastoreo \u00a0\u00a0 - UAGA<\/title>\n<meta name=\"robots\" content=\"index, follow, max-snippet:-1, max-image-preview:large, max-video-preview:-1\" \/>\n<link rel=\"canonical\" href=\"https:\/\/www.uaga.eus\/uaga-apoya-la-iniciativa-para-que-2026-sea-el-ano-internacional-de-los-pastos-y-el-pastoreo\/\" \/>\n<meta property=\"og:locale\" content=\"en_US\" \/>\n<meta property=\"og:type\" content=\"article\" \/>\n<meta property=\"og:title\" content=\"UAGA apoya la iniciativa para que 2026 sea el A\u00f1o Internacional de los Pastos y el Pastoreo \u00a0\u00a0 - UAGA\" \/>\n<meta property=\"og:description\" content=\"El Comit\u00e9 de Agricultura de la FAO (Organizaci\u00f3n de las Naciones Unidas para la Alimentaci\u00f3n y la Agricultura) va a solicitar a Naciones Unidas potenciar su trabajo en relaci\u00f3n con los pastos, el pastoreo y los pastores y pastoras, para garantizar su inclusi\u00f3n en programas t\u00e9cnicos y de desarrollo que contribuyan a su sostenibilidad. Para [&hellip;]\" \/>\n<meta property=\"og:url\" content=\"https:\/\/www.uaga.eus\/uaga-apoya-la-iniciativa-para-que-2026-sea-el-ano-internacional-de-los-pastos-y-el-pastoreo\/\" \/>\n<meta property=\"og:site_name\" content=\"UAGA\" \/>\n<meta property=\"article:published_time\" content=\"2020-09-25T10:35:51+00:00\" \/>\n<meta property=\"article:modified_time\" content=\"2020-09-25T10:45:55+00:00\" \/>\n<meta property=\"og:image\" content=\"https:\/\/www.uaga.eus\/wp-content\/uploads\/2020\/09\/logo.png\" \/>\n\t<meta property=\"og:image:width\" content=\"633\" \/>\n\t<meta property=\"og:image:height\" content=\"185\" \/>\n\t<meta property=\"og:image:type\" content=\"image\/png\" \/>\n<meta name=\"author\" content=\"Blanca S\u00e1nchez\" \/>\n<meta name=\"twitter:card\" content=\"summary_large_image\" \/>\n<meta name=\"twitter:label1\" content=\"Written by\" \/>\n\t<meta name=\"twitter:data1\" content=\"Blanca S\u00e1nchez\" \/>\n\t<meta name=\"twitter:label2\" content=\"Est. reading time\" \/>\n\t<meta name=\"twitter:data2\" content=\"1 minutua\" \/>\n<script type=\"application\/ld+json\" class=\"yoast-schema-graph\">{\"@context\":\"https:\/\/schema.org\",\"@graph\":[{\"@type\":\"WebPage\",\"@id\":\"https:\/\/www.uaga.eus\/uaga-apoya-la-iniciativa-para-que-2026-sea-el-ano-internacional-de-los-pastos-y-el-pastoreo\/\",\"url\":\"https:\/\/www.uaga.eus\/uaga-apoya-la-iniciativa-para-que-2026-sea-el-ano-internacional-de-los-pastos-y-el-pastoreo\/\",\"name\":\"UAGA apoya la iniciativa para que 2026 sea el A\u00f1o Internacional de los Pastos y el Pastoreo \u00a0\u00a0 - UAGA\",\"isPartOf\":{\"@id\":\"https:\/\/www.uaga.eus\/#website\"},\"datePublished\":\"2020-09-25T10:35:51+00:00\",\"dateModified\":\"2020-09-25T10:45:55+00:00\",\"author\":{\"@id\":\"https:\/\/www.uaga.eus\/#\/schema\/person\/48c3cbf0f33d1b788226dbb6518689cf\"},\"breadcrumb\":{\"@id\":\"https:\/\/www.uaga.eus\/uaga-apoya-la-iniciativa-para-que-2026-sea-el-ano-internacional-de-los-pastos-y-el-pastoreo\/#breadcrumb\"},\"inLanguage\":\"eu\",\"potentialAction\":[{\"@type\":\"ReadAction\",\"target\":[\"https:\/\/www.uaga.eus\/uaga-apoya-la-iniciativa-para-que-2026-sea-el-ano-internacional-de-los-pastos-y-el-pastoreo\/\"]}]},{\"@type\":\"BreadcrumbList\",\"@id\":\"https:\/\/www.uaga.eus\/uaga-apoya-la-iniciativa-para-que-2026-sea-el-ano-internacional-de-los-pastos-y-el-pastoreo\/#breadcrumb\",\"itemListElement\":[{\"@type\":\"ListItem\",\"position\":1,\"name\":\"Inicio\",\"item\":\"https:\/\/www.uaga.eus\/\"},{\"@type\":\"ListItem\",\"position\":2,\"name\":\"UAGA apoya la iniciativa para que 2026 sea el A\u00f1o Internacional de los Pastos y el Pastoreo \u00a0\u00a0\"}]},{\"@type\":\"WebSite\",\"@id\":\"https:\/\/www.uaga.eus\/#website\",\"url\":\"https:\/\/www.uaga.eus\/\",\"name\":\"UAGA\",\"description\":\"Uni\u00f3n Agroganadera de \u00c1lava - Araba Nekazarien Elkartea\",\"potentialAction\":[{\"@type\":\"SearchAction\",\"target\":{\"@type\":\"EntryPoint\",\"urlTemplate\":\"https:\/\/www.uaga.eus\/?s={search_term_string}\"},\"query-input\":\"required name=search_term_string\"}],\"inLanguage\":\"eu\"},{\"@type\":\"Person\",\"@id\":\"https:\/\/www.uaga.eus\/#\/schema\/person\/48c3cbf0f33d1b788226dbb6518689cf\",\"name\":\"Blanca S\u00e1nchez\",\"image\":{\"@type\":\"ImageObject\",\"inLanguage\":\"eu\",\"@id\":\"https:\/\/www.uaga.eus\/#\/schema\/person\/image\/\",\"url\":\"https:\/\/secure.gravatar.com\/avatar\/0dc91c20648254b1ce84877283f6751b?s=96&d=mm&r=g\",\"contentUrl\":\"https:\/\/secure.gravatar.com\/avatar\/0dc91c20648254b1ce84877283f6751b?s=96&d=mm&r=g\",\"caption\":\"Blanca S\u00e1nchez\"},\"url\":\"https:\/\/www.uaga.eus\/eu\/author\/bsanchez\/\"}]}<\/script>\n<!-- \/ Yoast SEO plugin. -->","yoast_head_json":{"title":"UAGA apoya la iniciativa para que 2026 sea el A\u00f1o Internacional de los Pastos y el Pastoreo \u00a0\u00a0 - UAGA","robots":{"index":"index","follow":"follow","max-snippet":"max-snippet:-1","max-image-preview":"max-image-preview:large","max-video-preview":"max-video-preview:-1"},"canonical":"https:\/\/www.uaga.eus\/uaga-apoya-la-iniciativa-para-que-2026-sea-el-ano-internacional-de-los-pastos-y-el-pastoreo\/","og_locale":"en_US","og_type":"article","og_title":"UAGA apoya la iniciativa para que 2026 sea el A\u00f1o Internacional de los Pastos y el Pastoreo \u00a0\u00a0 - UAGA","og_description":"El Comit\u00e9 de Agricultura de la FAO (Organizaci\u00f3n de las Naciones Unidas para la Alimentaci\u00f3n y la Agricultura) va a solicitar a Naciones Unidas potenciar su trabajo en relaci\u00f3n con los pastos, el pastoreo y los pastores y pastoras, para garantizar su inclusi\u00f3n en programas t\u00e9cnicos y de desarrollo que contribuyan a su sostenibilidad. Para [&hellip;]","og_url":"https:\/\/www.uaga.eus\/uaga-apoya-la-iniciativa-para-que-2026-sea-el-ano-internacional-de-los-pastos-y-el-pastoreo\/","og_site_name":"UAGA","article_published_time":"2020-09-25T10:35:51+00:00","article_modified_time":"2020-09-25T10:45:55+00:00","og_image":[{"width":633,"height":185,"url":"https:\/\/www.uaga.eus\/wp-content\/uploads\/2020\/09\/logo.png","type":"image\/png"}],"author":"Blanca S\u00e1nchez","twitter_card":"summary_large_image","twitter_misc":{"Written by":"Blanca S\u00e1nchez","Est. reading time":"1 minutua"},"schema":{"@context":"https:\/\/schema.org","@graph":[{"@type":"WebPage","@id":"https:\/\/www.uaga.eus\/uaga-apoya-la-iniciativa-para-que-2026-sea-el-ano-internacional-de-los-pastos-y-el-pastoreo\/","url":"https:\/\/www.uaga.eus\/uaga-apoya-la-iniciativa-para-que-2026-sea-el-ano-internacional-de-los-pastos-y-el-pastoreo\/","name":"UAGA apoya la iniciativa para que 2026 sea el A\u00f1o Internacional de los Pastos y el Pastoreo \u00a0\u00a0 - UAGA","isPartOf":{"@id":"https:\/\/www.uaga.eus\/#website"},"datePublished":"2020-09-25T10:35:51+00:00","dateModified":"2020-09-25T10:45:55+00:00","author":{"@id":"https:\/\/www.uaga.eus\/#\/schema\/person\/48c3cbf0f33d1b788226dbb6518689cf"},"breadcrumb":{"@id":"https:\/\/www.uaga.eus\/uaga-apoya-la-iniciativa-para-que-2026-sea-el-ano-internacional-de-los-pastos-y-el-pastoreo\/#breadcrumb"},"inLanguage":"eu","potentialAction":[{"@type":"ReadAction","target":["https:\/\/www.uaga.eus\/uaga-apoya-la-iniciativa-para-que-2026-sea-el-ano-internacional-de-los-pastos-y-el-pastoreo\/"]}]},{"@type":"BreadcrumbList","@id":"https:\/\/www.uaga.eus\/uaga-apoya-la-iniciativa-para-que-2026-sea-el-ano-internacional-de-los-pastos-y-el-pastoreo\/#breadcrumb","itemListElement":[{"@type":"ListItem","position":1,"name":"Inicio","item":"https:\/\/www.uaga.eus\/"},{"@type":"ListItem","position":2,"name":"UAGA apoya la iniciativa para que 2026 sea el A\u00f1o Internacional de los Pastos y el Pastoreo \u00a0\u00a0"}]},{"@type":"WebSite","@id":"https:\/\/www.uaga.eus\/#website","url":"https:\/\/www.uaga.eus\/","name":"UAGA","description":"Uni\u00f3n Agroganadera de \u00c1lava - Araba Nekazarien Elkartea","potentialAction":[{"@type":"SearchAction","target":{"@type":"EntryPoint","urlTemplate":"https:\/\/www.uaga.eus\/?s={search_term_string}"},"query-input":"required name=search_term_string"}],"inLanguage":"eu"},{"@type":"Person","@id":"https:\/\/www.uaga.eus\/#\/schema\/person\/48c3cbf0f33d1b788226dbb6518689cf","name":"Blanca S\u00e1nchez","image":{"@type":"ImageObject","inLanguage":"eu","@id":"https:\/\/www.uaga.eus\/#\/schema\/person\/image\/","url":"https:\/\/secure.gravatar.com\/avatar\/0dc91c20648254b1ce84877283f6751b?s=96&d=mm&r=g","contentUrl":"https:\/\/secure.gravatar.com\/avatar\/0dc91c20648254b1ce84877283f6751b?s=96&d=mm&r=g","caption":"Blanca S\u00e1nchez"},"url":"https:\/\/www.uaga.eus\/eu\/author\/bsanchez\/"}]}},"_links":{"self":[{"href":"https:\/\/www.uaga.eus\/eu\/wp-json\/wp\/v2\/posts\/8002"}],"collection":[{"href":"https:\/\/www.uaga.eus\/eu\/wp-json\/wp\/v2\/posts"}],"about":[{"href":"https:\/\/www.uaga.eus\/eu\/wp-json\/wp\/v2\/types\/post"}],"author":[{"embeddable":true,"href":"https:\/\/www.uaga.eus\/eu\/wp-json\/wp\/v2\/users\/4"}],"replies":[{"embeddable":true,"href":"https:\/\/www.uaga.eus\/eu\/wp-json\/wp\/v2\/comments?post=8002"}],"version-history":[{"count":2,"href":"https:\/\/www.uaga.eus\/eu\/wp-json\/wp\/v2\/posts\/8002\/revisions"}],"predecessor-version":[{"id":8004,"href":"https:\/\/www.uaga.eus\/eu\/wp-json\/wp\/v2\/posts\/8002\/revisions\/8004"}],"wp:featuredmedia":[{"embeddable":true,"href":"https:\/\/www.uaga.eus\/eu\/wp-json\/wp\/v2\/media\/7994"}],"wp:attachment":[{"href":"https:\/\/www.uaga.eus\/eu\/wp-json\/wp\/v2\/media?parent=8002"}],"wp:term":[{"taxonomy":"category","embeddable":true,"href":"https:\/\/www.uaga.eus\/eu\/wp-json\/wp\/v2\/categories?post=8002"},{"taxonomy":"post_tag","embeddable":true,"href":"https:\/\/www.uaga.eus\/eu\/wp-json\/wp\/v2\/tags?post=8002"}],"curies":[{"name":"wp","href":"https:\/\/api.w.org\/{rel}","templated":true}]}}