{"id":7999,"date":"2020-09-25T10:42:22","date_gmt":"2020-09-25T10:42:22","guid":{"rendered":"https:\/\/www.uaga.eus\/?p=7999"},"modified":"2020-09-25T10:42:22","modified_gmt":"2020-09-25T10:42:22","slug":"uaga-explica-en-juntas-generales-su-opinion-sobre-la-nueva-pac-e-informa-sobre-la-situacion-del-sector-ante-la-covid-19","status":"publish","type":"post","link":"https:\/\/www.uaga.eus\/eu\/uaga-explica-en-juntas-generales-su-opinion-sobre-la-nueva-pac-e-informa-sobre-la-situacion-del-sector-ante-la-covid-19\/","title":{"rendered":"UAGA explica en Juntas Generales su opini\u00f3n sobre la nueva PAC e informa sobre la situaci\u00f3n del sector ante la Covid-19\u00a0"},"content":{"rendered":"<p>UAGA ha asistido esta semana a una comparecencia en Juntas Generales para explicar las consecuencias de la pandemia Covid-19 en el sector agrario alav\u00e9s y de Trevi\u00f1o y para trasladar nuestras propuestas en relaci\u00f3n a la reforma de la nueva PAC.<\/p>\n<p><strong>Respecto a la reforma de la PAC, nos oponemos al recorte de fondos que contempla el Marco Financiero Plurianual (MFP) para la UE en el periodo 2021\/2027<\/strong>, acordado por los jefes de estado y de gobierno el pasado 21 de julio y que, en t\u00e9rminos reales, establece una reducci\u00f3n del presupuesto para la PAC estimado entre el 10-12%.<\/p>\n<p><strong>Es\u00a0inadmisible que a la vez que se reducen los apoyos p\u00fablicos se exija m\u00e1s compromisos a las personas agricultoras,<\/strong> con el consiguiente incremento del coste productivo, y sin que se afronte el gran desequilibrio en la cadena de valor agroalimentaria que est\u00e1 expulsando del sector a los profesionales del modelo social de agricultura que representamos.<\/p>\n<p>Existe un\u00a0<strong>desequilibrio debido al libre comercio\u00a0e importaciones descontroladas de productos<\/strong>, que no cumplen las exigencias de las normas productivas, ambientales y sociales de la Uni\u00f3n Europea, pero con los que se obliga a competir en precio.<\/p>\n<p>Por otra parte, UAGA considera clave una definici\u00f3n clara del <strong>agricultor genuino,<\/strong> priorizando a los verdaderos profesionales del sector,<strong> las\u00a0ayudas deben destinarse a las personas que trabajan la tierra y cultivan para producir alimentos.<\/strong><\/p>\n<p>Con respecto a los <strong>efectos de la Covid-19<\/strong>, ha incidido en las consecuencias que ha tenido en la situaci\u00f3n de los mercados, agravando una crisis en la que ya estaba inmerso el sector. En este sentido ha advertido de la necesidad de hacer efectivas cuanto antes las ayudas que se han ido habilitando al efecto.<\/p>\n<p>En cuanto a la gesti\u00f3n de la pandemia, ha recalcado <strong>la colaboraci\u00f3n entre UAGA y las distintas administraciones y agentes del sector para buscar soluciones conjuntas<\/strong> a los problemas coyunturales que han ido surgiendo, como est\u00e1 siendo la problem\u00e1tica de la contrataci\u00f3n de personas temporeras para las campa\u00f1as de vendimia y recogida de patata.<\/p>\n<p>Puedes ver la comparecencia en este <a href=\"http:\/\/mediateca.jjggalava.eus\/library\/items\/agricultura-2020-09-23\" target=\"_blank\" rel=\"noopener\" data-cke-saved-href=\"http:\/\/mediateca.jjggalava.eus\/library\/items\/agricultura-2020-09-23\">enlace<\/a>.<\/p>\n","protected":false},"excerpt":{"rendered":"<p>UAGA ha asistido esta semana a una comparecencia en Juntas Generales para explicar las consecuencias de la pandemia Covid-19 en el sector agrario alav\u00e9s y de Trevi\u00f1o y para trasladar nuestras propuestas en relaci\u00f3n a la reforma de la nueva PAC. Respecto a la reforma de la PAC, nos oponemos al recorte de fondos que [&hellip;]<\/p>\n","protected":false},"author":4,"featured_media":7996,"comment_status":"closed","ping_status":"closed","sticky":false,"template":"","format":"standard","meta":{"footnotes":""},"categories":[7,111,8,3,4],"tags":[],"yoast_head":"<!-- This site is optimized with the Yoast SEO plugin v21.5 - https:\/\/yoast.com\/wordpress\/plugins\/seo\/ -->\n<title>UAGA explica en Juntas Generales su opini\u00f3n sobre la nueva PAC e informa sobre la situaci\u00f3n del sector ante la Covid-19\u00a0 - UAGA<\/title>\n<meta name=\"robots\" content=\"index, follow, max-snippet:-1, max-image-preview:large, max-video-preview:-1\" \/>\n<link rel=\"canonical\" href=\"https:\/\/www.uaga.eus\/uaga-explica-en-juntas-generales-su-opinion-sobre-la-nueva-pac-e-informa-sobre-la-situacion-del-sector-ante-la-covid-19\/\" \/>\n<meta property=\"og:locale\" content=\"en_US\" \/>\n<meta property=\"og:type\" content=\"article\" \/>\n<meta property=\"og:title\" content=\"UAGA explica en Juntas Generales su opini\u00f3n sobre la nueva PAC e informa sobre la situaci\u00f3n del sector ante la Covid-19\u00a0 - UAGA\" \/>\n<meta property=\"og:description\" content=\"UAGA ha asistido esta semana a una comparecencia en Juntas Generales para explicar las consecuencias de la pandemia Covid-19 en el sector agrario alav\u00e9s y de Trevi\u00f1o y para trasladar nuestras propuestas en relaci\u00f3n a la reforma de la nueva PAC. Respecto a la reforma de la PAC, nos oponemos al recorte de fondos que [&hellip;]\" \/>\n<meta property=\"og:url\" content=\"https:\/\/www.uaga.eus\/uaga-explica-en-juntas-generales-su-opinion-sobre-la-nueva-pac-e-informa-sobre-la-situacion-del-sector-ante-la-covid-19\/\" \/>\n<meta property=\"og:site_name\" content=\"UAGA\" \/>\n<meta property=\"article:published_time\" content=\"2020-09-25T10:42:22+00:00\" \/>\n<meta property=\"og:image\" content=\"https:\/\/www.uaga.eus\/wp-content\/uploads\/2020\/09\/PANORAMICA-PATATA.jpg\" \/>\n\t<meta property=\"og:image:width\" content=\"650\" \/>\n\t<meta property=\"og:image:height\" content=\"366\" \/>\n\t<meta property=\"og:image:type\" content=\"image\/jpeg\" \/>\n<meta name=\"author\" content=\"Blanca S\u00e1nchez\" \/>\n<meta name=\"twitter:card\" content=\"summary_large_image\" \/>\n<meta name=\"twitter:label1\" content=\"Written by\" \/>\n\t<meta name=\"twitter:data1\" content=\"Blanca S\u00e1nchez\" \/>\n\t<meta name=\"twitter:label2\" content=\"Est. reading time\" \/>\n\t<meta name=\"twitter:data2\" content=\"2 minutua\" \/>\n<script type=\"application\/ld+json\" class=\"yoast-schema-graph\">{\"@context\":\"https:\/\/schema.org\",\"@graph\":[{\"@type\":\"WebPage\",\"@id\":\"https:\/\/www.uaga.eus\/uaga-explica-en-juntas-generales-su-opinion-sobre-la-nueva-pac-e-informa-sobre-la-situacion-del-sector-ante-la-covid-19\/\",\"url\":\"https:\/\/www.uaga.eus\/uaga-explica-en-juntas-generales-su-opinion-sobre-la-nueva-pac-e-informa-sobre-la-situacion-del-sector-ante-la-covid-19\/\",\"name\":\"UAGA explica en Juntas Generales su opini\u00f3n sobre la nueva PAC e informa sobre la situaci\u00f3n del sector ante la Covid-19\u00a0 - UAGA\",\"isPartOf\":{\"@id\":\"https:\/\/www.uaga.eus\/#website\"},\"datePublished\":\"2020-09-25T10:42:22+00:00\",\"dateModified\":\"2020-09-25T10:42:22+00:00\",\"author\":{\"@id\":\"https:\/\/www.uaga.eus\/#\/schema\/person\/48c3cbf0f33d1b788226dbb6518689cf\"},\"breadcrumb\":{\"@id\":\"https:\/\/www.uaga.eus\/uaga-explica-en-juntas-generales-su-opinion-sobre-la-nueva-pac-e-informa-sobre-la-situacion-del-sector-ante-la-covid-19\/#breadcrumb\"},\"inLanguage\":\"eu\",\"potentialAction\":[{\"@type\":\"ReadAction\",\"target\":[\"https:\/\/www.uaga.eus\/uaga-explica-en-juntas-generales-su-opinion-sobre-la-nueva-pac-e-informa-sobre-la-situacion-del-sector-ante-la-covid-19\/\"]}]},{\"@type\":\"BreadcrumbList\",\"@id\":\"https:\/\/www.uaga.eus\/uaga-explica-en-juntas-generales-su-opinion-sobre-la-nueva-pac-e-informa-sobre-la-situacion-del-sector-ante-la-covid-19\/#breadcrumb\",\"itemListElement\":[{\"@type\":\"ListItem\",\"position\":1,\"name\":\"Inicio\",\"item\":\"https:\/\/www.uaga.eus\/\"},{\"@type\":\"ListItem\",\"position\":2,\"name\":\"UAGA explica en Juntas Generales su opini\u00f3n sobre la nueva PAC e informa sobre la situaci\u00f3n del sector ante la Covid-19\u00a0\"}]},{\"@type\":\"WebSite\",\"@id\":\"https:\/\/www.uaga.eus\/#website\",\"url\":\"https:\/\/www.uaga.eus\/\",\"name\":\"UAGA\",\"description\":\"Uni\u00f3n Agroganadera de \u00c1lava - Araba Nekazarien Elkartea\",\"potentialAction\":[{\"@type\":\"SearchAction\",\"target\":{\"@type\":\"EntryPoint\",\"urlTemplate\":\"https:\/\/www.uaga.eus\/?s={search_term_string}\"},\"query-input\":\"required name=search_term_string\"}],\"inLanguage\":\"eu\"},{\"@type\":\"Person\",\"@id\":\"https:\/\/www.uaga.eus\/#\/schema\/person\/48c3cbf0f33d1b788226dbb6518689cf\",\"name\":\"Blanca S\u00e1nchez\",\"image\":{\"@type\":\"ImageObject\",\"inLanguage\":\"eu\",\"@id\":\"https:\/\/www.uaga.eus\/#\/schema\/person\/image\/\",\"url\":\"https:\/\/secure.gravatar.com\/avatar\/0dc91c20648254b1ce84877283f6751b?s=96&d=mm&r=g\",\"contentUrl\":\"https:\/\/secure.gravatar.com\/avatar\/0dc91c20648254b1ce84877283f6751b?s=96&d=mm&r=g\",\"caption\":\"Blanca S\u00e1nchez\"},\"url\":\"https:\/\/www.uaga.eus\/eu\/author\/bsanchez\/\"}]}<\/script>\n<!-- \/ Yoast SEO plugin. -->","yoast_head_json":{"title":"UAGA explica en Juntas Generales su opini\u00f3n sobre la nueva PAC e informa sobre la situaci\u00f3n del sector ante la Covid-19\u00a0 - UAGA","robots":{"index":"index","follow":"follow","max-snippet":"max-snippet:-1","max-image-preview":"max-image-preview:large","max-video-preview":"max-video-preview:-1"},"canonical":"https:\/\/www.uaga.eus\/uaga-explica-en-juntas-generales-su-opinion-sobre-la-nueva-pac-e-informa-sobre-la-situacion-del-sector-ante-la-covid-19\/","og_locale":"en_US","og_type":"article","og_title":"UAGA explica en Juntas Generales su opini\u00f3n sobre la nueva PAC e informa sobre la situaci\u00f3n del sector ante la Covid-19\u00a0 - UAGA","og_description":"UAGA ha asistido esta semana a una comparecencia en Juntas Generales para explicar las consecuencias de la pandemia Covid-19 en el sector agrario alav\u00e9s y de Trevi\u00f1o y para trasladar nuestras propuestas en relaci\u00f3n a la reforma de la nueva PAC. Respecto a la reforma de la PAC, nos oponemos al recorte de fondos que [&hellip;]","og_url":"https:\/\/www.uaga.eus\/uaga-explica-en-juntas-generales-su-opinion-sobre-la-nueva-pac-e-informa-sobre-la-situacion-del-sector-ante-la-covid-19\/","og_site_name":"UAGA","article_published_time":"2020-09-25T10:42:22+00:00","og_image":[{"width":650,"height":366,"url":"https:\/\/www.uaga.eus\/wp-content\/uploads\/2020\/09\/PANORAMICA-PATATA.jpg","type":"image\/jpeg"}],"author":"Blanca S\u00e1nchez","twitter_card":"summary_large_image","twitter_misc":{"Written by":"Blanca S\u00e1nchez","Est. reading time":"2 minutua"},"schema":{"@context":"https:\/\/schema.org","@graph":[{"@type":"WebPage","@id":"https:\/\/www.uaga.eus\/uaga-explica-en-juntas-generales-su-opinion-sobre-la-nueva-pac-e-informa-sobre-la-situacion-del-sector-ante-la-covid-19\/","url":"https:\/\/www.uaga.eus\/uaga-explica-en-juntas-generales-su-opinion-sobre-la-nueva-pac-e-informa-sobre-la-situacion-del-sector-ante-la-covid-19\/","name":"UAGA explica en Juntas Generales su opini\u00f3n sobre la nueva PAC e informa sobre la situaci\u00f3n del sector ante la Covid-19\u00a0 - UAGA","isPartOf":{"@id":"https:\/\/www.uaga.eus\/#website"},"datePublished":"2020-09-25T10:42:22+00:00","dateModified":"2020-09-25T10:42:22+00:00","author":{"@id":"https:\/\/www.uaga.eus\/#\/schema\/person\/48c3cbf0f33d1b788226dbb6518689cf"},"breadcrumb":{"@id":"https:\/\/www.uaga.eus\/uaga-explica-en-juntas-generales-su-opinion-sobre-la-nueva-pac-e-informa-sobre-la-situacion-del-sector-ante-la-covid-19\/#breadcrumb"},"inLanguage":"eu","potentialAction":[{"@type":"ReadAction","target":["https:\/\/www.uaga.eus\/uaga-explica-en-juntas-generales-su-opinion-sobre-la-nueva-pac-e-informa-sobre-la-situacion-del-sector-ante-la-covid-19\/"]}]},{"@type":"BreadcrumbList","@id":"https:\/\/www.uaga.eus\/uaga-explica-en-juntas-generales-su-opinion-sobre-la-nueva-pac-e-informa-sobre-la-situacion-del-sector-ante-la-covid-19\/#breadcrumb","itemListElement":[{"@type":"ListItem","position":1,"name":"Inicio","item":"https:\/\/www.uaga.eus\/"},{"@type":"ListItem","position":2,"name":"UAGA explica en Juntas Generales su opini\u00f3n sobre la nueva PAC e informa sobre la situaci\u00f3n del sector ante la Covid-19\u00a0"}]},{"@type":"WebSite","@id":"https:\/\/www.uaga.eus\/#website","url":"https:\/\/www.uaga.eus\/","name":"UAGA","description":"Uni\u00f3n Agroganadera de \u00c1lava - Araba Nekazarien Elkartea","potentialAction":[{"@type":"SearchAction","target":{"@type":"EntryPoint","urlTemplate":"https:\/\/www.uaga.eus\/?s={search_term_string}"},"query-input":"required name=search_term_string"}],"inLanguage":"eu"},{"@type":"Person","@id":"https:\/\/www.uaga.eus\/#\/schema\/person\/48c3cbf0f33d1b788226dbb6518689cf","name":"Blanca S\u00e1nchez","image":{"@type":"ImageObject","inLanguage":"eu","@id":"https:\/\/www.uaga.eus\/#\/schema\/person\/image\/","url":"https:\/\/secure.gravatar.com\/avatar\/0dc91c20648254b1ce84877283f6751b?s=96&d=mm&r=g","contentUrl":"https:\/\/secure.gravatar.com\/avatar\/0dc91c20648254b1ce84877283f6751b?s=96&d=mm&r=g","caption":"Blanca S\u00e1nchez"},"url":"https:\/\/www.uaga.eus\/eu\/author\/bsanchez\/"}]}},"_links":{"self":[{"href":"https:\/\/www.uaga.eus\/eu\/wp-json\/wp\/v2\/posts\/7999"}],"collection":[{"href":"https:\/\/www.uaga.eus\/eu\/wp-json\/wp\/v2\/posts"}],"about":[{"href":"https:\/\/www.uaga.eus\/eu\/wp-json\/wp\/v2\/types\/post"}],"author":[{"embeddable":true,"href":"https:\/\/www.uaga.eus\/eu\/wp-json\/wp\/v2\/users\/4"}],"replies":[{"embeddable":true,"href":"https:\/\/www.uaga.eus\/eu\/wp-json\/wp\/v2\/comments?post=7999"}],"version-history":[{"count":2,"href":"https:\/\/www.uaga.eus\/eu\/wp-json\/wp\/v2\/posts\/7999\/revisions"}],"predecessor-version":[{"id":8001,"href":"https:\/\/www.uaga.eus\/eu\/wp-json\/wp\/v2\/posts\/7999\/revisions\/8001"}],"wp:featuredmedia":[{"embeddable":true,"href":"https:\/\/www.uaga.eus\/eu\/wp-json\/wp\/v2\/media\/7996"}],"wp:attachment":[{"href":"https:\/\/www.uaga.eus\/eu\/wp-json\/wp\/v2\/media?parent=7999"}],"wp:term":[{"taxonomy":"category","embeddable":true,"href":"https:\/\/www.uaga.eus\/eu\/wp-json\/wp\/v2\/categories?post=7999"},{"taxonomy":"post_tag","embeddable":true,"href":"https:\/\/www.uaga.eus\/eu\/wp-json\/wp\/v2\/tags?post=7999"}],"curies":[{"name":"wp","href":"https:\/\/api.w.org\/{rel}","templated":true}]}}