{"id":7995,"date":"2020-09-25T10:40:37","date_gmt":"2020-09-25T10:40:37","guid":{"rendered":"https:\/\/www.uaga.eus\/?p=7995"},"modified":"2020-09-25T12:22:21","modified_gmt":"2020-09-25T12:22:21","slug":"el-programa-de-temporerismo-de-uaga-exige-el-cumplimiento-de-las-medidas-sanitarias-para-garantizar-una-vendimia-segura","status":"publish","type":"post","link":"https:\/\/www.uaga.eus\/eu\/el-programa-de-temporerismo-de-uaga-exige-el-cumplimiento-de-las-medidas-sanitarias-para-garantizar-una-vendimia-segura\/","title":{"rendered":"El Programa de Temporerismo de UAGA exige el cumplimiento de las medidas sanitarias para garantizar una vendimia segura\u00a0"},"content":{"rendered":"<p>Desde el inicio de la vendimia UAGA ha incorporado al Programa de Temporerismo el protocolo sanitario previsto por las administraciones p\u00fablicas para prevenir la Covid-19 que, entre otras cuestiones, establece la realizaci\u00f3n de pruebas PCR.<\/p>\n<p>La realizaci\u00f3n de las pruebas PCR se ha desarrollado de manera ordenada y segura gracias al buen dise\u00f1o organizativo previo, en cooperaci\u00f3n con todas las administraciones \u00a0y agentes del sector, entre \u00a0los que UAGA ha jugado un papel fundamental dada nuestra experiencia en la gesti\u00f3n de la contrataci\u00f3n de personas temporeras desde hace veinte a\u00f1os, periodo durante el que hemos ido ajustando el proceso a\u00f1o tras a\u00f1o, incorporando este a\u00f1o la variable sanitaria de vital importancia para evitar cualquier posible contagio.<\/p>\n<p>Durante las dos primeras semanas de vendimia, en Rioja Alavesa ya se han realizado m\u00e1s de 2.000 pruebas PCR tanto a agricultores como a personas temporeras.<\/p>\n<p>En el Programa de Temporerismo de UAGA el total de positivos detectados ha sido un 2,5% de las pruebas realizadas. Este dato aparentemente peque\u00f1o, sin embargo, ha tenido un efecto mayor en el desarrollo de la campa\u00f1a, ya que ha supuesto que 7 cuadrillas completas, un total de 58 personas, hayan tenido que guardar cuarentena, Estas personas han sido sustituidas por otros grupos de vendimiadores, con lo que no ha supuesto demasiado problema a efectos de la continuidad de la vendimia para los agricultores afectados.<\/p>\n<p>Actualmente est\u00e1n trabajando, a trav\u00e9s del programa de UAGA, 350 personas temporeras integradas en 73 cuadrillas, a las que se sumar\u00e1n las personas actualmente en cuarentena\u00a0a medida que vayan cumpliendo los plazos establecidos por las autoridades sanitarias.<\/p>\n<p>Puedes consultar <a href=\"https:\/\/www.osalan.euskadi.eus\/contenidos\/informacion\/info_temporerismo_2020_covid\/es_def\/adjuntos\/folleto_temporerismo_covid_2020_empresas.pdf\" target=\"_blank\" rel=\"noopener\" data-cke-saved-href=\"https:\/\/www.osalan.euskadi.eus\/contenidos\/informacion\/info_temporerismo_2020_covid\/es_def\/adjuntos\/folleto_temporerismo_covid_2020_empresas.pdf\">aqu\u00ed <\/a>el protocolo de prevenci\u00f3n de Osalan.<\/p>\n<p>+INFO GUSTAVO: 635 704 865<\/p>","protected":false},"excerpt":{"rendered":"<p>Desde el inicio de la vendimia UAGA ha incorporado al Programa de Temporerismo el protocolo sanitario previsto por las administraciones p\u00fablicas para prevenir la Covid-19 que, entre otras cuestiones, establece la realizaci\u00f3n de pruebas PCR. La realizaci\u00f3n de las pruebas PCR se ha desarrollado de manera ordenada y segura gracias al buen dise\u00f1o organizativo previo, [&hellip;]<\/p>\n","protected":false},"author":4,"featured_media":7997,"comment_status":"closed","ping_status":"closed","sticky":false,"template":"","format":"standard","meta":{"footnotes":""},"categories":[7,111,9],"tags":[],"yoast_head":"<!-- This site is optimized with the Yoast SEO plugin v21.5 - https:\/\/yoast.com\/wordpress\/plugins\/seo\/ -->\n<title>El Programa de Temporerismo de UAGA exige el cumplimiento de las medidas sanitarias para garantizar una vendimia segura\u00a0 - UAGA<\/title>\n<meta name=\"robots\" content=\"index, follow, max-snippet:-1, max-image-preview:large, max-video-preview:-1\" \/>\n<link rel=\"canonical\" href=\"https:\/\/www.uaga.eus\/el-programa-de-temporerismo-de-uaga-exige-el-cumplimiento-de-las-medidas-sanitarias-para-garantizar-una-vendimia-segura\/\" \/>\n<meta property=\"og:locale\" content=\"en_US\" \/>\n<meta property=\"og:type\" content=\"article\" \/>\n<meta property=\"og:title\" content=\"El Programa de Temporerismo de UAGA exige el cumplimiento de las medidas sanitarias para garantizar una vendimia segura\u00a0 - UAGA\" \/>\n<meta property=\"og:description\" content=\"Desde el inicio de la vendimia UAGA ha incorporado al Programa de Temporerismo el protocolo sanitario previsto por las administraciones p\u00fablicas para prevenir la Covid-19 que, entre otras cuestiones, establece la realizaci\u00f3n de pruebas PCR. La realizaci\u00f3n de las pruebas PCR se ha desarrollado de manera ordenada y segura gracias al buen dise\u00f1o organizativo previo, [&hellip;]\" \/>\n<meta property=\"og:url\" content=\"https:\/\/www.uaga.eus\/el-programa-de-temporerismo-de-uaga-exige-el-cumplimiento-de-las-medidas-sanitarias-para-garantizar-una-vendimia-segura\/\" \/>\n<meta property=\"og:site_name\" content=\"UAGA\" \/>\n<meta property=\"article:published_time\" content=\"2020-09-25T10:40:37+00:00\" \/>\n<meta property=\"article:modified_time\" content=\"2020-09-25T12:22:21+00:00\" \/>\n<meta property=\"og:image\" content=\"https:\/\/www.uaga.eus\/wp-content\/uploads\/2020\/09\/PANORAMICA-VENDIMIA1.jpeg\" \/>\n\t<meta property=\"og:image:width\" content=\"650\" \/>\n\t<meta property=\"og:image:height\" content=\"366\" \/>\n\t<meta property=\"og:image:type\" content=\"image\/jpeg\" \/>\n<meta name=\"author\" content=\"Blanca S\u00e1nchez\" \/>\n<meta name=\"twitter:card\" content=\"summary_large_image\" \/>\n<meta name=\"twitter:label1\" content=\"Written by\" \/>\n\t<meta name=\"twitter:data1\" content=\"Blanca S\u00e1nchez\" \/>\n\t<meta name=\"twitter:label2\" content=\"Est. reading time\" \/>\n\t<meta name=\"twitter:data2\" content=\"3 minutua\" \/>\n<script type=\"application\/ld+json\" class=\"yoast-schema-graph\">{\"@context\":\"https:\/\/schema.org\",\"@graph\":[{\"@type\":\"WebPage\",\"@id\":\"https:\/\/www.uaga.eus\/el-programa-de-temporerismo-de-uaga-exige-el-cumplimiento-de-las-medidas-sanitarias-para-garantizar-una-vendimia-segura\/\",\"url\":\"https:\/\/www.uaga.eus\/el-programa-de-temporerismo-de-uaga-exige-el-cumplimiento-de-las-medidas-sanitarias-para-garantizar-una-vendimia-segura\/\",\"name\":\"El Programa de Temporerismo de UAGA exige el cumplimiento de las medidas sanitarias para garantizar una vendimia segura\u00a0 - UAGA\",\"isPartOf\":{\"@id\":\"https:\/\/www.uaga.eus\/#website\"},\"datePublished\":\"2020-09-25T10:40:37+00:00\",\"dateModified\":\"2020-09-25T12:22:21+00:00\",\"author\":{\"@id\":\"https:\/\/www.uaga.eus\/#\/schema\/person\/48c3cbf0f33d1b788226dbb6518689cf\"},\"breadcrumb\":{\"@id\":\"https:\/\/www.uaga.eus\/el-programa-de-temporerismo-de-uaga-exige-el-cumplimiento-de-las-medidas-sanitarias-para-garantizar-una-vendimia-segura\/#breadcrumb\"},\"inLanguage\":\"eu\",\"potentialAction\":[{\"@type\":\"ReadAction\",\"target\":[\"https:\/\/www.uaga.eus\/el-programa-de-temporerismo-de-uaga-exige-el-cumplimiento-de-las-medidas-sanitarias-para-garantizar-una-vendimia-segura\/\"]}]},{\"@type\":\"BreadcrumbList\",\"@id\":\"https:\/\/www.uaga.eus\/el-programa-de-temporerismo-de-uaga-exige-el-cumplimiento-de-las-medidas-sanitarias-para-garantizar-una-vendimia-segura\/#breadcrumb\",\"itemListElement\":[{\"@type\":\"ListItem\",\"position\":1,\"name\":\"Inicio\",\"item\":\"https:\/\/www.uaga.eus\/\"},{\"@type\":\"ListItem\",\"position\":2,\"name\":\"El Programa de Temporerismo de UAGA exige el cumplimiento de las medidas sanitarias para garantizar una vendimia segura\u00a0\"}]},{\"@type\":\"WebSite\",\"@id\":\"https:\/\/www.uaga.eus\/#website\",\"url\":\"https:\/\/www.uaga.eus\/\",\"name\":\"UAGA\",\"description\":\"Uni\u00f3n Agroganadera de \u00c1lava - Araba Nekazarien Elkartea\",\"potentialAction\":[{\"@type\":\"SearchAction\",\"target\":{\"@type\":\"EntryPoint\",\"urlTemplate\":\"https:\/\/www.uaga.eus\/?s={search_term_string}\"},\"query-input\":\"required name=search_term_string\"}],\"inLanguage\":\"eu\"},{\"@type\":\"Person\",\"@id\":\"https:\/\/www.uaga.eus\/#\/schema\/person\/48c3cbf0f33d1b788226dbb6518689cf\",\"name\":\"Blanca S\u00e1nchez\",\"image\":{\"@type\":\"ImageObject\",\"inLanguage\":\"eu\",\"@id\":\"https:\/\/www.uaga.eus\/#\/schema\/person\/image\/\",\"url\":\"https:\/\/secure.gravatar.com\/avatar\/0dc91c20648254b1ce84877283f6751b?s=96&d=mm&r=g\",\"contentUrl\":\"https:\/\/secure.gravatar.com\/avatar\/0dc91c20648254b1ce84877283f6751b?s=96&d=mm&r=g\",\"caption\":\"Blanca S\u00e1nchez\"},\"url\":\"https:\/\/www.uaga.eus\/eu\/author\/bsanchez\/\"}]}<\/script>\n<!-- \/ Yoast SEO plugin. -->","yoast_head_json":{"title":"El Programa de Temporerismo de UAGA exige el cumplimiento de las medidas sanitarias para garantizar una vendimia segura\u00a0 - UAGA","robots":{"index":"index","follow":"follow","max-snippet":"max-snippet:-1","max-image-preview":"max-image-preview:large","max-video-preview":"max-video-preview:-1"},"canonical":"https:\/\/www.uaga.eus\/el-programa-de-temporerismo-de-uaga-exige-el-cumplimiento-de-las-medidas-sanitarias-para-garantizar-una-vendimia-segura\/","og_locale":"en_US","og_type":"article","og_title":"El Programa de Temporerismo de UAGA exige el cumplimiento de las medidas sanitarias para garantizar una vendimia segura\u00a0 - UAGA","og_description":"Desde el inicio de la vendimia UAGA ha incorporado al Programa de Temporerismo el protocolo sanitario previsto por las administraciones p\u00fablicas para prevenir la Covid-19 que, entre otras cuestiones, establece la realizaci\u00f3n de pruebas PCR. La realizaci\u00f3n de las pruebas PCR se ha desarrollado de manera ordenada y segura gracias al buen dise\u00f1o organizativo previo, [&hellip;]","og_url":"https:\/\/www.uaga.eus\/el-programa-de-temporerismo-de-uaga-exige-el-cumplimiento-de-las-medidas-sanitarias-para-garantizar-una-vendimia-segura\/","og_site_name":"UAGA","article_published_time":"2020-09-25T10:40:37+00:00","article_modified_time":"2020-09-25T12:22:21+00:00","og_image":[{"width":650,"height":366,"url":"https:\/\/www.uaga.eus\/wp-content\/uploads\/2020\/09\/PANORAMICA-VENDIMIA1.jpeg","type":"image\/jpeg"}],"author":"Blanca S\u00e1nchez","twitter_card":"summary_large_image","twitter_misc":{"Written by":"Blanca S\u00e1nchez","Est. reading time":"3 minutua"},"schema":{"@context":"https:\/\/schema.org","@graph":[{"@type":"WebPage","@id":"https:\/\/www.uaga.eus\/el-programa-de-temporerismo-de-uaga-exige-el-cumplimiento-de-las-medidas-sanitarias-para-garantizar-una-vendimia-segura\/","url":"https:\/\/www.uaga.eus\/el-programa-de-temporerismo-de-uaga-exige-el-cumplimiento-de-las-medidas-sanitarias-para-garantizar-una-vendimia-segura\/","name":"El Programa de Temporerismo de UAGA exige el cumplimiento de las medidas sanitarias para garantizar una vendimia segura\u00a0 - UAGA","isPartOf":{"@id":"https:\/\/www.uaga.eus\/#website"},"datePublished":"2020-09-25T10:40:37+00:00","dateModified":"2020-09-25T12:22:21+00:00","author":{"@id":"https:\/\/www.uaga.eus\/#\/schema\/person\/48c3cbf0f33d1b788226dbb6518689cf"},"breadcrumb":{"@id":"https:\/\/www.uaga.eus\/el-programa-de-temporerismo-de-uaga-exige-el-cumplimiento-de-las-medidas-sanitarias-para-garantizar-una-vendimia-segura\/#breadcrumb"},"inLanguage":"eu","potentialAction":[{"@type":"ReadAction","target":["https:\/\/www.uaga.eus\/el-programa-de-temporerismo-de-uaga-exige-el-cumplimiento-de-las-medidas-sanitarias-para-garantizar-una-vendimia-segura\/"]}]},{"@type":"BreadcrumbList","@id":"https:\/\/www.uaga.eus\/el-programa-de-temporerismo-de-uaga-exige-el-cumplimiento-de-las-medidas-sanitarias-para-garantizar-una-vendimia-segura\/#breadcrumb","itemListElement":[{"@type":"ListItem","position":1,"name":"Inicio","item":"https:\/\/www.uaga.eus\/"},{"@type":"ListItem","position":2,"name":"El Programa de Temporerismo de UAGA exige el cumplimiento de las medidas sanitarias para garantizar una vendimia segura\u00a0"}]},{"@type":"WebSite","@id":"https:\/\/www.uaga.eus\/#website","url":"https:\/\/www.uaga.eus\/","name":"UAGA","description":"Uni\u00f3n Agroganadera de \u00c1lava - Araba Nekazarien Elkartea","potentialAction":[{"@type":"SearchAction","target":{"@type":"EntryPoint","urlTemplate":"https:\/\/www.uaga.eus\/?s={search_term_string}"},"query-input":"required name=search_term_string"}],"inLanguage":"eu"},{"@type":"Person","@id":"https:\/\/www.uaga.eus\/#\/schema\/person\/48c3cbf0f33d1b788226dbb6518689cf","name":"Blanca S\u00e1nchez","image":{"@type":"ImageObject","inLanguage":"eu","@id":"https:\/\/www.uaga.eus\/#\/schema\/person\/image\/","url":"https:\/\/secure.gravatar.com\/avatar\/0dc91c20648254b1ce84877283f6751b?s=96&d=mm&r=g","contentUrl":"https:\/\/secure.gravatar.com\/avatar\/0dc91c20648254b1ce84877283f6751b?s=96&d=mm&r=g","caption":"Blanca S\u00e1nchez"},"url":"https:\/\/www.uaga.eus\/eu\/author\/bsanchez\/"}]}},"_links":{"self":[{"href":"https:\/\/www.uaga.eus\/eu\/wp-json\/wp\/v2\/posts\/7995"}],"collection":[{"href":"https:\/\/www.uaga.eus\/eu\/wp-json\/wp\/v2\/posts"}],"about":[{"href":"https:\/\/www.uaga.eus\/eu\/wp-json\/wp\/v2\/types\/post"}],"author":[{"embeddable":true,"href":"https:\/\/www.uaga.eus\/eu\/wp-json\/wp\/v2\/users\/4"}],"replies":[{"embeddable":true,"href":"https:\/\/www.uaga.eus\/eu\/wp-json\/wp\/v2\/comments?post=7995"}],"version-history":[{"count":2,"href":"https:\/\/www.uaga.eus\/eu\/wp-json\/wp\/v2\/posts\/7995\/revisions"}],"predecessor-version":[{"id":8006,"href":"https:\/\/www.uaga.eus\/eu\/wp-json\/wp\/v2\/posts\/7995\/revisions\/8006"}],"wp:featuredmedia":[{"embeddable":true,"href":"https:\/\/www.uaga.eus\/eu\/wp-json\/wp\/v2\/media\/7997"}],"wp:attachment":[{"href":"https:\/\/www.uaga.eus\/eu\/wp-json\/wp\/v2\/media?parent=7995"}],"wp:term":[{"taxonomy":"category","embeddable":true,"href":"https:\/\/www.uaga.eus\/eu\/wp-json\/wp\/v2\/categories?post=7995"},{"taxonomy":"post_tag","embeddable":true,"href":"https:\/\/www.uaga.eus\/eu\/wp-json\/wp\/v2\/tags?post=7995"}],"curies":[{"name":"wp","href":"https:\/\/api.w.org\/{rel}","templated":true}]}}