{"id":7991,"date":"2020-09-25T10:34:16","date_gmt":"2020-09-25T10:34:16","guid":{"rendered":"https:\/\/www.uaga.eus\/?p=7991"},"modified":"2020-09-25T10:34:16","modified_gmt":"2020-09-25T10:34:16","slug":"la-comision-de-mercados-y-competencia-publica-un-informe-que-analiza-el-anteproyecto-de-la-ley-de-la-cadena-agroalimentaria","status":"publish","type":"post","link":"https:\/\/www.uaga.eus\/eu\/la-comision-de-mercados-y-competencia-publica-un-informe-que-analiza-el-anteproyecto-de-la-ley-de-la-cadena-agroalimentaria\/","title":{"rendered":"La Comisi\u00f3n de Mercados y Competencia publica un informe que analiza el Anteproyecto de la Ley de la Cadena Agroalimentaria\u00a0\u00a0"},"content":{"rendered":"<p>La Comisi\u00f3n Nacional de los Mercados y la Competencia (CNMC) ha publicado el informe solicitado por el Ministerio de Agricultura, Pesca y Alimentaci\u00f3n, en el que analiza el Anteproyecto de Ley de la Cadena Agroalimentaria por el que se modifica la Ley 12\/2013, de 2 de agosto, de medidas para mejorar el funcionamiento de la cadena alimentaria.<\/p>\n<p>Por una parte, dicha modificaci\u00f3n responde a la adaptaci\u00f3n de la Ley a una Directiva Europea relativa a las pr\u00e1cticas comerciales desleales en las relaciones entre empresas en la cadena de suministro agr\u00edcola y alimentario.<\/p>\n<p>Adem\u00e1s, esta Ley se ha reformado recientemente mediante el Real Decreto-ley 5\/2020, de 25 de febrero, cuando se introdujo, entre otras, la <strong>obligaci\u00f3n de que los precios de los contratos alimentarios cubran los costes de producci\u00f3n<\/strong>.<\/p>\n<p>Tanto esta reforma como la del anteproyecto incorporan una serie de pr\u00e1cticas que se consideran abusivas, con el objetivo de<strong> desincentivar las pr\u00e1cticas comerciales desleales.<\/strong><\/p>\n<p>En este informe se hace hincapi\u00e9 en\u00a0que una de las formas m\u00e1s efectivas de luchar contra estos comportamientos es <strong>incidir en los<\/strong> <strong>factores que favorecen la existencia de desequilibrios en el poder de negociaci\u00f3n entre las partes<\/strong>.<\/p>\n<p>En el informe se realizan una serie de recomendaciones que puedes leer <a href=\"https:\/\/mcusercontent.com\/498b950ccfc4b8d0e600d7e48\/files\/552b0f84-5a79-4fce-96e6-c02d7ada498c\/3127002_3.pdf\" target=\"_blank\" rel=\"noopener\" data-cke-saved-href=\"https:\/\/mcusercontent.com\/498b950ccfc4b8d0e600d7e48\/files\/552b0f84-5a79-4fce-96e6-c02d7ada498c\/3127002_3.pdf\">aqu\u00ed<\/a>.<\/p>\n<p>+INFO YOLANDA:\u00a0 615 779 584<\/p>\n","protected":false},"excerpt":{"rendered":"<p>La Comisi\u00f3n Nacional de los Mercados y la Competencia (CNMC) ha publicado el informe solicitado por el Ministerio de Agricultura, Pesca y Alimentaci\u00f3n, en el que analiza el Anteproyecto de Ley de la Cadena Agroalimentaria por el que se modifica la Ley 12\/2013, de 2 de agosto, de medidas para mejorar el funcionamiento de la [&hellip;]<\/p>\n","protected":false},"author":4,"featured_media":6900,"comment_status":"closed","ping_status":"closed","sticky":false,"template":"","format":"standard","meta":{"footnotes":""},"categories":[12],"tags":[],"yoast_head":"<!-- This site is optimized with the Yoast SEO plugin v21.5 - https:\/\/yoast.com\/wordpress\/plugins\/seo\/ -->\n<title>La Comisi\u00f3n de Mercados y Competencia publica un informe que analiza el Anteproyecto de la Ley de la Cadena Agroalimentaria\u00a0\u00a0 - UAGA<\/title>\n<meta name=\"robots\" content=\"index, follow, max-snippet:-1, max-image-preview:large, max-video-preview:-1\" \/>\n<link rel=\"canonical\" href=\"https:\/\/www.uaga.eus\/eu\/la-comision-de-mercados-y-competencia-publica-un-informe-que-analiza-el-anteproyecto-de-la-ley-de-la-cadena-agroalimentaria\/\" \/>\n<meta property=\"og:locale\" content=\"en_US\" \/>\n<meta property=\"og:type\" content=\"article\" \/>\n<meta property=\"og:title\" content=\"La Comisi\u00f3n de Mercados y Competencia publica un informe que analiza el Anteproyecto de la Ley de la Cadena Agroalimentaria\u00a0\u00a0 - UAGA\" \/>\n<meta property=\"og:description\" content=\"La Comisi\u00f3n Nacional de los Mercados y la Competencia (CNMC) ha publicado el informe solicitado por el Ministerio de Agricultura, Pesca y Alimentaci\u00f3n, en el que analiza el Anteproyecto de Ley de la Cadena Agroalimentaria por el que se modifica la Ley 12\/2013, de 2 de agosto, de medidas para mejorar el funcionamiento de la [&hellip;]\" \/>\n<meta property=\"og:url\" content=\"https:\/\/www.uaga.eus\/eu\/la-comision-de-mercados-y-competencia-publica-un-informe-que-analiza-el-anteproyecto-de-la-ley-de-la-cadena-agroalimentaria\/\" \/>\n<meta property=\"og:site_name\" content=\"UAGA\" \/>\n<meta property=\"article:published_time\" content=\"2020-09-25T10:34:16+00:00\" \/>\n<meta property=\"og:image\" content=\"https:\/\/www.uaga.eus\/wp-content\/uploads\/2020\/02\/supermercado-e1582893090142.jpg\" \/>\n\t<meta property=\"og:image:width\" content=\"700\" \/>\n\t<meta property=\"og:image:height\" content=\"397\" \/>\n\t<meta property=\"og:image:type\" content=\"image\/jpeg\" \/>\n<meta name=\"author\" content=\"Blanca S\u00e1nchez\" \/>\n<meta name=\"twitter:card\" content=\"summary_large_image\" \/>\n<meta name=\"twitter:label1\" content=\"Written by\" \/>\n\t<meta name=\"twitter:data1\" content=\"Blanca S\u00e1nchez\" \/>\n\t<meta name=\"twitter:label2\" content=\"Est. reading time\" \/>\n\t<meta name=\"twitter:data2\" content=\"1 minutua\" \/>\n<script type=\"application\/ld+json\" class=\"yoast-schema-graph\">{\"@context\":\"https:\/\/schema.org\",\"@graph\":[{\"@type\":\"WebPage\",\"@id\":\"https:\/\/www.uaga.eus\/eu\/la-comision-de-mercados-y-competencia-publica-un-informe-que-analiza-el-anteproyecto-de-la-ley-de-la-cadena-agroalimentaria\/\",\"url\":\"https:\/\/www.uaga.eus\/eu\/la-comision-de-mercados-y-competencia-publica-un-informe-que-analiza-el-anteproyecto-de-la-ley-de-la-cadena-agroalimentaria\/\",\"name\":\"La Comisi\u00f3n de Mercados y Competencia publica un informe que analiza el Anteproyecto de la Ley de la Cadena Agroalimentaria\u00a0\u00a0 - UAGA\",\"isPartOf\":{\"@id\":\"https:\/\/www.uaga.eus\/#website\"},\"datePublished\":\"2020-09-25T10:34:16+00:00\",\"dateModified\":\"2020-09-25T10:34:16+00:00\",\"author\":{\"@id\":\"https:\/\/www.uaga.eus\/#\/schema\/person\/48c3cbf0f33d1b788226dbb6518689cf\"},\"breadcrumb\":{\"@id\":\"https:\/\/www.uaga.eus\/eu\/la-comision-de-mercados-y-competencia-publica-un-informe-que-analiza-el-anteproyecto-de-la-ley-de-la-cadena-agroalimentaria\/#breadcrumb\"},\"inLanguage\":\"eu\",\"potentialAction\":[{\"@type\":\"ReadAction\",\"target\":[\"https:\/\/www.uaga.eus\/eu\/la-comision-de-mercados-y-competencia-publica-un-informe-que-analiza-el-anteproyecto-de-la-ley-de-la-cadena-agroalimentaria\/\"]}]},{\"@type\":\"BreadcrumbList\",\"@id\":\"https:\/\/www.uaga.eus\/eu\/la-comision-de-mercados-y-competencia-publica-un-informe-que-analiza-el-anteproyecto-de-la-ley-de-la-cadena-agroalimentaria\/#breadcrumb\",\"itemListElement\":[{\"@type\":\"ListItem\",\"position\":1,\"name\":\"Inicio\",\"item\":\"https:\/\/www.uaga.eus\/\"},{\"@type\":\"ListItem\",\"position\":2,\"name\":\"La Comisi\u00f3n de Mercados y Competencia publica un informe que analiza el Anteproyecto de la Ley de la Cadena Agroalimentaria\u00a0\u00a0\"}]},{\"@type\":\"WebSite\",\"@id\":\"https:\/\/www.uaga.eus\/#website\",\"url\":\"https:\/\/www.uaga.eus\/\",\"name\":\"UAGA\",\"description\":\"Uni\u00f3n Agroganadera de \u00c1lava - Araba Nekazarien Elkartea\",\"potentialAction\":[{\"@type\":\"SearchAction\",\"target\":{\"@type\":\"EntryPoint\",\"urlTemplate\":\"https:\/\/www.uaga.eus\/?s={search_term_string}\"},\"query-input\":\"required name=search_term_string\"}],\"inLanguage\":\"eu\"},{\"@type\":\"Person\",\"@id\":\"https:\/\/www.uaga.eus\/#\/schema\/person\/48c3cbf0f33d1b788226dbb6518689cf\",\"name\":\"Blanca S\u00e1nchez\",\"image\":{\"@type\":\"ImageObject\",\"inLanguage\":\"eu\",\"@id\":\"https:\/\/www.uaga.eus\/#\/schema\/person\/image\/\",\"url\":\"https:\/\/secure.gravatar.com\/avatar\/0dc91c20648254b1ce84877283f6751b?s=96&d=mm&r=g\",\"contentUrl\":\"https:\/\/secure.gravatar.com\/avatar\/0dc91c20648254b1ce84877283f6751b?s=96&d=mm&r=g\",\"caption\":\"Blanca S\u00e1nchez\"},\"url\":\"https:\/\/www.uaga.eus\/eu\/author\/bsanchez\/\"}]}<\/script>\n<!-- \/ Yoast SEO plugin. -->","yoast_head_json":{"title":"La Comisi\u00f3n de Mercados y Competencia publica un informe que analiza el Anteproyecto de la Ley de la Cadena Agroalimentaria\u00a0\u00a0 - UAGA","robots":{"index":"index","follow":"follow","max-snippet":"max-snippet:-1","max-image-preview":"max-image-preview:large","max-video-preview":"max-video-preview:-1"},"canonical":"https:\/\/www.uaga.eus\/eu\/la-comision-de-mercados-y-competencia-publica-un-informe-que-analiza-el-anteproyecto-de-la-ley-de-la-cadena-agroalimentaria\/","og_locale":"en_US","og_type":"article","og_title":"La Comisi\u00f3n de Mercados y Competencia publica un informe que analiza el Anteproyecto de la Ley de la Cadena Agroalimentaria\u00a0\u00a0 - UAGA","og_description":"La Comisi\u00f3n Nacional de los Mercados y la Competencia (CNMC) ha publicado el informe solicitado por el Ministerio de Agricultura, Pesca y Alimentaci\u00f3n, en el que analiza el Anteproyecto de Ley de la Cadena Agroalimentaria por el que se modifica la Ley 12\/2013, de 2 de agosto, de medidas para mejorar el funcionamiento de la [&hellip;]","og_url":"https:\/\/www.uaga.eus\/eu\/la-comision-de-mercados-y-competencia-publica-un-informe-que-analiza-el-anteproyecto-de-la-ley-de-la-cadena-agroalimentaria\/","og_site_name":"UAGA","article_published_time":"2020-09-25T10:34:16+00:00","og_image":[{"width":700,"height":397,"url":"https:\/\/www.uaga.eus\/wp-content\/uploads\/2020\/02\/supermercado-e1582893090142.jpg","type":"image\/jpeg"}],"author":"Blanca S\u00e1nchez","twitter_card":"summary_large_image","twitter_misc":{"Written by":"Blanca S\u00e1nchez","Est. reading time":"1 minutua"},"schema":{"@context":"https:\/\/schema.org","@graph":[{"@type":"WebPage","@id":"https:\/\/www.uaga.eus\/eu\/la-comision-de-mercados-y-competencia-publica-un-informe-que-analiza-el-anteproyecto-de-la-ley-de-la-cadena-agroalimentaria\/","url":"https:\/\/www.uaga.eus\/eu\/la-comision-de-mercados-y-competencia-publica-un-informe-que-analiza-el-anteproyecto-de-la-ley-de-la-cadena-agroalimentaria\/","name":"La Comisi\u00f3n de Mercados y Competencia publica un informe que analiza el Anteproyecto de la Ley de la Cadena Agroalimentaria\u00a0\u00a0 - UAGA","isPartOf":{"@id":"https:\/\/www.uaga.eus\/#website"},"datePublished":"2020-09-25T10:34:16+00:00","dateModified":"2020-09-25T10:34:16+00:00","author":{"@id":"https:\/\/www.uaga.eus\/#\/schema\/person\/48c3cbf0f33d1b788226dbb6518689cf"},"breadcrumb":{"@id":"https:\/\/www.uaga.eus\/eu\/la-comision-de-mercados-y-competencia-publica-un-informe-que-analiza-el-anteproyecto-de-la-ley-de-la-cadena-agroalimentaria\/#breadcrumb"},"inLanguage":"eu","potentialAction":[{"@type":"ReadAction","target":["https:\/\/www.uaga.eus\/eu\/la-comision-de-mercados-y-competencia-publica-un-informe-que-analiza-el-anteproyecto-de-la-ley-de-la-cadena-agroalimentaria\/"]}]},{"@type":"BreadcrumbList","@id":"https:\/\/www.uaga.eus\/eu\/la-comision-de-mercados-y-competencia-publica-un-informe-que-analiza-el-anteproyecto-de-la-ley-de-la-cadena-agroalimentaria\/#breadcrumb","itemListElement":[{"@type":"ListItem","position":1,"name":"Inicio","item":"https:\/\/www.uaga.eus\/"},{"@type":"ListItem","position":2,"name":"La Comisi\u00f3n de Mercados y Competencia publica un informe que analiza el Anteproyecto de la Ley de la Cadena Agroalimentaria\u00a0\u00a0"}]},{"@type":"WebSite","@id":"https:\/\/www.uaga.eus\/#website","url":"https:\/\/www.uaga.eus\/","name":"UAGA","description":"Uni\u00f3n Agroganadera de \u00c1lava - Araba Nekazarien Elkartea","potentialAction":[{"@type":"SearchAction","target":{"@type":"EntryPoint","urlTemplate":"https:\/\/www.uaga.eus\/?s={search_term_string}"},"query-input":"required name=search_term_string"}],"inLanguage":"eu"},{"@type":"Person","@id":"https:\/\/www.uaga.eus\/#\/schema\/person\/48c3cbf0f33d1b788226dbb6518689cf","name":"Blanca S\u00e1nchez","image":{"@type":"ImageObject","inLanguage":"eu","@id":"https:\/\/www.uaga.eus\/#\/schema\/person\/image\/","url":"https:\/\/secure.gravatar.com\/avatar\/0dc91c20648254b1ce84877283f6751b?s=96&d=mm&r=g","contentUrl":"https:\/\/secure.gravatar.com\/avatar\/0dc91c20648254b1ce84877283f6751b?s=96&d=mm&r=g","caption":"Blanca S\u00e1nchez"},"url":"https:\/\/www.uaga.eus\/eu\/author\/bsanchez\/"}]}},"_links":{"self":[{"href":"https:\/\/www.uaga.eus\/eu\/wp-json\/wp\/v2\/posts\/7991"}],"collection":[{"href":"https:\/\/www.uaga.eus\/eu\/wp-json\/wp\/v2\/posts"}],"about":[{"href":"https:\/\/www.uaga.eus\/eu\/wp-json\/wp\/v2\/types\/post"}],"author":[{"embeddable":true,"href":"https:\/\/www.uaga.eus\/eu\/wp-json\/wp\/v2\/users\/4"}],"replies":[{"embeddable":true,"href":"https:\/\/www.uaga.eus\/eu\/wp-json\/wp\/v2\/comments?post=7991"}],"version-history":[{"count":1,"href":"https:\/\/www.uaga.eus\/eu\/wp-json\/wp\/v2\/posts\/7991\/revisions"}],"predecessor-version":[{"id":7992,"href":"https:\/\/www.uaga.eus\/eu\/wp-json\/wp\/v2\/posts\/7991\/revisions\/7992"}],"wp:featuredmedia":[{"embeddable":true,"href":"https:\/\/www.uaga.eus\/eu\/wp-json\/wp\/v2\/media\/6900"}],"wp:attachment":[{"href":"https:\/\/www.uaga.eus\/eu\/wp-json\/wp\/v2\/media?parent=7991"}],"wp:term":[{"taxonomy":"category","embeddable":true,"href":"https:\/\/www.uaga.eus\/eu\/wp-json\/wp\/v2\/categories?post=7991"},{"taxonomy":"post_tag","embeddable":true,"href":"https:\/\/www.uaga.eus\/eu\/wp-json\/wp\/v2\/tags?post=7991"}],"curies":[{"name":"wp","href":"https:\/\/api.w.org\/{rel}","templated":true}]}}