{"id":7989,"date":"2020-09-25T10:33:14","date_gmt":"2020-09-25T10:33:14","guid":{"rendered":"https:\/\/www.uaga.eus\/?p=7989"},"modified":"2020-09-25T10:33:14","modified_gmt":"2020-09-25T10:33:14","slug":"el-observatorio-agroalimentario-del-gobierno-vasco-behatokia-publica-un-analisis-del-sector-vacuno-de-carne-de-la-capv-en-los-ultimos-anos","status":"publish","type":"post","link":"https:\/\/www.uaga.eus\/eu\/el-observatorio-agroalimentario-del-gobierno-vasco-behatokia-publica-un-analisis-del-sector-vacuno-de-carne-de-la-capv-en-los-ultimos-anos\/","title":{"rendered":"El Observatorio Agroalimentario del Gobierno Vasco, Behatokia, publica un an\u00e1lisis del sector vacuno de carne de la CAPV en los \u00faltimos\u00a0a\u00f1os"},"content":{"rendered":"<p>Seg\u00fan el informe publicado en Behatokia, en los \u00faltimos cinco a\u00f1os, 2015-2019, se ha reducido el n\u00famero de explotaciones de vacuno de carne en la CAPV, aunque se ha incrementado el volumen de cabezas de ganado. Las explotaciones con m\u00e1s de 20 vacas representan s\u00f3lo el 16% del total, aunque concentran el 62% de los animales.<\/p>\n<p>Adem\u00e1s, el observatorio analiza todos los dem\u00e1s sectores agrarios e informa de la pr\u00f3xima celebraci\u00f3n del D\u00eda de la Mujer Rural, que este a\u00f1o se realizar\u00e1 de forma telem\u00e1tica.<\/p>\n<p>Puedes consultar el informe completo <a href=\"http:\/\/www.nasdap.net\/estadisticas\/preciosorigendestino\/boletinagoralimentarioypesquero\/Historicos_Agroalimentario\/Behatoki_agroalimentario_23_09_2020.pdf#page=15\" target=\"_blank\" rel=\"noopener\" data-cke-saved-href=\"http:\/\/www.nasdap.net\/estadisticas\/preciosorigendestino\/boletinagoralimentarioypesquero\/Historicos_Agroalimentario\/Behatoki_agroalimentario_23_09_2020.pdf#page=15\">aqu\u00ed<\/a>.<\/p>\n","protected":false},"excerpt":{"rendered":"<p>Seg\u00fan el informe publicado en Behatokia, en los \u00faltimos cinco a\u00f1os, 2015-2019, se ha reducido el n\u00famero de explotaciones de vacuno de carne en la CAPV, aunque se ha incrementado el volumen de cabezas de ganado. Las explotaciones con m\u00e1s de 20 vacas representan s\u00f3lo el 16% del total, aunque concentran el 62% de los [&hellip;]<\/p>\n","protected":false},"author":4,"featured_media":6060,"comment_status":"closed","ping_status":"closed","sticky":false,"template":"","format":"standard","meta":{"footnotes":""},"categories":[7,8],"tags":[],"yoast_head":"<!-- This site is optimized with the Yoast SEO plugin v21.5 - https:\/\/yoast.com\/wordpress\/plugins\/seo\/ -->\n<title>El Observatorio Agroalimentario del Gobierno Vasco, Behatokia, publica un an\u00e1lisis del sector vacuno de carne de la CAPV en los \u00faltimos\u00a0a\u00f1os - UAGA<\/title>\n<meta name=\"robots\" content=\"index, follow, max-snippet:-1, max-image-preview:large, max-video-preview:-1\" \/>\n<link rel=\"canonical\" href=\"https:\/\/www.uaga.eus\/el-observatorio-agroalimentario-del-gobierno-vasco-behatokia-publica-un-analisis-del-sector-vacuno-de-carne-de-la-capv-en-los-ultimos-anos\/\" \/>\n<meta property=\"og:locale\" content=\"en_US\" \/>\n<meta property=\"og:type\" content=\"article\" \/>\n<meta property=\"og:title\" content=\"El Observatorio Agroalimentario del Gobierno Vasco, Behatokia, publica un an\u00e1lisis del sector vacuno de carne de la CAPV en los \u00faltimos\u00a0a\u00f1os - UAGA\" \/>\n<meta property=\"og:description\" content=\"Seg\u00fan el informe publicado en Behatokia, en los \u00faltimos cinco a\u00f1os, 2015-2019, se ha reducido el n\u00famero de explotaciones de vacuno de carne en la CAPV, aunque se ha incrementado el volumen de cabezas de ganado. Las explotaciones con m\u00e1s de 20 vacas representan s\u00f3lo el 16% del total, aunque concentran el 62% de los [&hellip;]\" \/>\n<meta property=\"og:url\" content=\"https:\/\/www.uaga.eus\/el-observatorio-agroalimentario-del-gobierno-vasco-behatokia-publica-un-analisis-del-sector-vacuno-de-carne-de-la-capv-en-los-ultimos-anos\/\" \/>\n<meta property=\"og:site_name\" content=\"UAGA\" \/>\n<meta property=\"article:published_time\" content=\"2020-09-25T10:33:14+00:00\" \/>\n<meta property=\"og:image\" content=\"https:\/\/www.uaga.eus\/wp-content\/uploads\/2019\/05\/behatoki-logo.jpg\" \/>\n\t<meta property=\"og:image:width\" content=\"787\" \/>\n\t<meta property=\"og:image:height\" content=\"165\" \/>\n\t<meta property=\"og:image:type\" content=\"image\/jpeg\" \/>\n<meta name=\"author\" content=\"Blanca S\u00e1nchez\" \/>\n<meta name=\"twitter:card\" content=\"summary_large_image\" \/>\n<meta name=\"twitter:label1\" content=\"Written by\" \/>\n\t<meta name=\"twitter:data1\" content=\"Blanca S\u00e1nchez\" \/>\n\t<meta name=\"twitter:label2\" content=\"Est. reading time\" \/>\n\t<meta name=\"twitter:data2\" content=\"1 minutua\" \/>\n<script type=\"application\/ld+json\" class=\"yoast-schema-graph\">{\"@context\":\"https:\/\/schema.org\",\"@graph\":[{\"@type\":\"WebPage\",\"@id\":\"https:\/\/www.uaga.eus\/el-observatorio-agroalimentario-del-gobierno-vasco-behatokia-publica-un-analisis-del-sector-vacuno-de-carne-de-la-capv-en-los-ultimos-anos\/\",\"url\":\"https:\/\/www.uaga.eus\/el-observatorio-agroalimentario-del-gobierno-vasco-behatokia-publica-un-analisis-del-sector-vacuno-de-carne-de-la-capv-en-los-ultimos-anos\/\",\"name\":\"El Observatorio Agroalimentario del Gobierno Vasco, Behatokia, publica un an\u00e1lisis del sector vacuno de carne de la CAPV en los \u00faltimos\u00a0a\u00f1os - UAGA\",\"isPartOf\":{\"@id\":\"https:\/\/www.uaga.eus\/#website\"},\"datePublished\":\"2020-09-25T10:33:14+00:00\",\"dateModified\":\"2020-09-25T10:33:14+00:00\",\"author\":{\"@id\":\"https:\/\/www.uaga.eus\/#\/schema\/person\/48c3cbf0f33d1b788226dbb6518689cf\"},\"breadcrumb\":{\"@id\":\"https:\/\/www.uaga.eus\/el-observatorio-agroalimentario-del-gobierno-vasco-behatokia-publica-un-analisis-del-sector-vacuno-de-carne-de-la-capv-en-los-ultimos-anos\/#breadcrumb\"},\"inLanguage\":\"eu\",\"potentialAction\":[{\"@type\":\"ReadAction\",\"target\":[\"https:\/\/www.uaga.eus\/el-observatorio-agroalimentario-del-gobierno-vasco-behatokia-publica-un-analisis-del-sector-vacuno-de-carne-de-la-capv-en-los-ultimos-anos\/\"]}]},{\"@type\":\"BreadcrumbList\",\"@id\":\"https:\/\/www.uaga.eus\/el-observatorio-agroalimentario-del-gobierno-vasco-behatokia-publica-un-analisis-del-sector-vacuno-de-carne-de-la-capv-en-los-ultimos-anos\/#breadcrumb\",\"itemListElement\":[{\"@type\":\"ListItem\",\"position\":1,\"name\":\"Inicio\",\"item\":\"https:\/\/www.uaga.eus\/\"},{\"@type\":\"ListItem\",\"position\":2,\"name\":\"El Observatorio Agroalimentario del Gobierno Vasco, Behatokia, publica un an\u00e1lisis del sector vacuno de carne de la CAPV en los \u00faltimos\u00a0a\u00f1os\"}]},{\"@type\":\"WebSite\",\"@id\":\"https:\/\/www.uaga.eus\/#website\",\"url\":\"https:\/\/www.uaga.eus\/\",\"name\":\"UAGA\",\"description\":\"Uni\u00f3n Agroganadera de \u00c1lava - Araba Nekazarien Elkartea\",\"potentialAction\":[{\"@type\":\"SearchAction\",\"target\":{\"@type\":\"EntryPoint\",\"urlTemplate\":\"https:\/\/www.uaga.eus\/?s={search_term_string}\"},\"query-input\":\"required name=search_term_string\"}],\"inLanguage\":\"eu\"},{\"@type\":\"Person\",\"@id\":\"https:\/\/www.uaga.eus\/#\/schema\/person\/48c3cbf0f33d1b788226dbb6518689cf\",\"name\":\"Blanca S\u00e1nchez\",\"image\":{\"@type\":\"ImageObject\",\"inLanguage\":\"eu\",\"@id\":\"https:\/\/www.uaga.eus\/#\/schema\/person\/image\/\",\"url\":\"https:\/\/secure.gravatar.com\/avatar\/0dc91c20648254b1ce84877283f6751b?s=96&d=mm&r=g\",\"contentUrl\":\"https:\/\/secure.gravatar.com\/avatar\/0dc91c20648254b1ce84877283f6751b?s=96&d=mm&r=g\",\"caption\":\"Blanca S\u00e1nchez\"},\"url\":\"https:\/\/www.uaga.eus\/eu\/author\/bsanchez\/\"}]}<\/script>\n<!-- \/ Yoast SEO plugin. -->","yoast_head_json":{"title":"El Observatorio Agroalimentario del Gobierno Vasco, Behatokia, publica un an\u00e1lisis del sector vacuno de carne de la CAPV en los \u00faltimos\u00a0a\u00f1os - UAGA","robots":{"index":"index","follow":"follow","max-snippet":"max-snippet:-1","max-image-preview":"max-image-preview:large","max-video-preview":"max-video-preview:-1"},"canonical":"https:\/\/www.uaga.eus\/el-observatorio-agroalimentario-del-gobierno-vasco-behatokia-publica-un-analisis-del-sector-vacuno-de-carne-de-la-capv-en-los-ultimos-anos\/","og_locale":"en_US","og_type":"article","og_title":"El Observatorio Agroalimentario del Gobierno Vasco, Behatokia, publica un an\u00e1lisis del sector vacuno de carne de la CAPV en los \u00faltimos\u00a0a\u00f1os - UAGA","og_description":"Seg\u00fan el informe publicado en Behatokia, en los \u00faltimos cinco a\u00f1os, 2015-2019, se ha reducido el n\u00famero de explotaciones de vacuno de carne en la CAPV, aunque se ha incrementado el volumen de cabezas de ganado. Las explotaciones con m\u00e1s de 20 vacas representan s\u00f3lo el 16% del total, aunque concentran el 62% de los [&hellip;]","og_url":"https:\/\/www.uaga.eus\/el-observatorio-agroalimentario-del-gobierno-vasco-behatokia-publica-un-analisis-del-sector-vacuno-de-carne-de-la-capv-en-los-ultimos-anos\/","og_site_name":"UAGA","article_published_time":"2020-09-25T10:33:14+00:00","og_image":[{"width":787,"height":165,"url":"https:\/\/www.uaga.eus\/wp-content\/uploads\/2019\/05\/behatoki-logo.jpg","type":"image\/jpeg"}],"author":"Blanca S\u00e1nchez","twitter_card":"summary_large_image","twitter_misc":{"Written by":"Blanca S\u00e1nchez","Est. reading time":"1 minutua"},"schema":{"@context":"https:\/\/schema.org","@graph":[{"@type":"WebPage","@id":"https:\/\/www.uaga.eus\/el-observatorio-agroalimentario-del-gobierno-vasco-behatokia-publica-un-analisis-del-sector-vacuno-de-carne-de-la-capv-en-los-ultimos-anos\/","url":"https:\/\/www.uaga.eus\/el-observatorio-agroalimentario-del-gobierno-vasco-behatokia-publica-un-analisis-del-sector-vacuno-de-carne-de-la-capv-en-los-ultimos-anos\/","name":"El Observatorio Agroalimentario del Gobierno Vasco, Behatokia, publica un an\u00e1lisis del sector vacuno de carne de la CAPV en los \u00faltimos\u00a0a\u00f1os - UAGA","isPartOf":{"@id":"https:\/\/www.uaga.eus\/#website"},"datePublished":"2020-09-25T10:33:14+00:00","dateModified":"2020-09-25T10:33:14+00:00","author":{"@id":"https:\/\/www.uaga.eus\/#\/schema\/person\/48c3cbf0f33d1b788226dbb6518689cf"},"breadcrumb":{"@id":"https:\/\/www.uaga.eus\/el-observatorio-agroalimentario-del-gobierno-vasco-behatokia-publica-un-analisis-del-sector-vacuno-de-carne-de-la-capv-en-los-ultimos-anos\/#breadcrumb"},"inLanguage":"eu","potentialAction":[{"@type":"ReadAction","target":["https:\/\/www.uaga.eus\/el-observatorio-agroalimentario-del-gobierno-vasco-behatokia-publica-un-analisis-del-sector-vacuno-de-carne-de-la-capv-en-los-ultimos-anos\/"]}]},{"@type":"BreadcrumbList","@id":"https:\/\/www.uaga.eus\/el-observatorio-agroalimentario-del-gobierno-vasco-behatokia-publica-un-analisis-del-sector-vacuno-de-carne-de-la-capv-en-los-ultimos-anos\/#breadcrumb","itemListElement":[{"@type":"ListItem","position":1,"name":"Inicio","item":"https:\/\/www.uaga.eus\/"},{"@type":"ListItem","position":2,"name":"El Observatorio Agroalimentario del Gobierno Vasco, Behatokia, publica un an\u00e1lisis del sector vacuno de carne de la CAPV en los \u00faltimos\u00a0a\u00f1os"}]},{"@type":"WebSite","@id":"https:\/\/www.uaga.eus\/#website","url":"https:\/\/www.uaga.eus\/","name":"UAGA","description":"Uni\u00f3n Agroganadera de \u00c1lava - Araba Nekazarien Elkartea","potentialAction":[{"@type":"SearchAction","target":{"@type":"EntryPoint","urlTemplate":"https:\/\/www.uaga.eus\/?s={search_term_string}"},"query-input":"required name=search_term_string"}],"inLanguage":"eu"},{"@type":"Person","@id":"https:\/\/www.uaga.eus\/#\/schema\/person\/48c3cbf0f33d1b788226dbb6518689cf","name":"Blanca S\u00e1nchez","image":{"@type":"ImageObject","inLanguage":"eu","@id":"https:\/\/www.uaga.eus\/#\/schema\/person\/image\/","url":"https:\/\/secure.gravatar.com\/avatar\/0dc91c20648254b1ce84877283f6751b?s=96&d=mm&r=g","contentUrl":"https:\/\/secure.gravatar.com\/avatar\/0dc91c20648254b1ce84877283f6751b?s=96&d=mm&r=g","caption":"Blanca S\u00e1nchez"},"url":"https:\/\/www.uaga.eus\/eu\/author\/bsanchez\/"}]}},"_links":{"self":[{"href":"https:\/\/www.uaga.eus\/eu\/wp-json\/wp\/v2\/posts\/7989"}],"collection":[{"href":"https:\/\/www.uaga.eus\/eu\/wp-json\/wp\/v2\/posts"}],"about":[{"href":"https:\/\/www.uaga.eus\/eu\/wp-json\/wp\/v2\/types\/post"}],"author":[{"embeddable":true,"href":"https:\/\/www.uaga.eus\/eu\/wp-json\/wp\/v2\/users\/4"}],"replies":[{"embeddable":true,"href":"https:\/\/www.uaga.eus\/eu\/wp-json\/wp\/v2\/comments?post=7989"}],"version-history":[{"count":1,"href":"https:\/\/www.uaga.eus\/eu\/wp-json\/wp\/v2\/posts\/7989\/revisions"}],"predecessor-version":[{"id":7990,"href":"https:\/\/www.uaga.eus\/eu\/wp-json\/wp\/v2\/posts\/7989\/revisions\/7990"}],"wp:featuredmedia":[{"embeddable":true,"href":"https:\/\/www.uaga.eus\/eu\/wp-json\/wp\/v2\/media\/6060"}],"wp:attachment":[{"href":"https:\/\/www.uaga.eus\/eu\/wp-json\/wp\/v2\/media?parent=7989"}],"wp:term":[{"taxonomy":"category","embeddable":true,"href":"https:\/\/www.uaga.eus\/eu\/wp-json\/wp\/v2\/categories?post=7989"},{"taxonomy":"post_tag","embeddable":true,"href":"https:\/\/www.uaga.eus\/eu\/wp-json\/wp\/v2\/tags?post=7989"}],"curies":[{"name":"wp","href":"https:\/\/api.w.org\/{rel}","templated":true}]}}