{"id":7979,"date":"2020-09-18T08:55:38","date_gmt":"2020-09-18T08:55:38","guid":{"rendered":"https:\/\/www.uaga.eus\/?p=7979"},"modified":"2020-09-18T08:55:38","modified_gmt":"2020-09-18T08:55:38","slug":"uaga-refuerza-la-informacion-y-sensibilizacion-en-cuanto-a-los-alojamientos-para-personas-temporeras-para-conseguir-una-vendimia-segura-frente-a-la-covid-19","status":"publish","type":"post","link":"https:\/\/www.uaga.eus\/eu\/uaga-refuerza-la-informacion-y-sensibilizacion-en-cuanto-a-los-alojamientos-para-personas-temporeras-para-conseguir-una-vendimia-segura-frente-a-la-covid-19\/","title":{"rendered":"UAGA refuerza la informaci\u00f3n y sensibilizaci\u00f3n en cuanto a los alojamientos para personas temporeras para conseguir una vendimia segura frente a la Covid-19"},"content":{"rendered":"<p>Desde el inicio del Programa de Temporerismo de UAGA en 2020, que pone a disposici\u00f3n de las explotaciones agrarias\u00a0personas temporeras profesionales para las distintas campa\u00f1as, uno de nuestros principales objetivos ha sido ofrecer a estas personas un alojamiento adecuado.<\/p>\n<p>Entre las actuaciones concretas de los \u00faltimos a\u00f1os, en 2019 visitamos todos los alojamientos incorporados al Programa de UAGA, asesorando a sus propietarios sobre los requisitos de dichos alojamientos para cumplir con la normativa vigente del Gobierno Vasco, adem\u00e1s de informar sobre las ayudas p\u00fablicas que cada a\u00f1o se pueden solicitar para mejorar dichos alojamientos.<\/p>\n<p>En 2020 hemos realizado una nueva revisi\u00f3n y tambi\u00e9n hemos colaborado en asegurar que el resto de alojamientos inscritos en el Registro de Alojamientos del Gobierno Vasco tambi\u00e9n cumplan la normativa, haciendo este a\u00f1o hincapi\u00e9 en su adaptaci\u00f3n a los nuevos requerimientos a consecuencia de la pandemia de la Covid-19.<\/p>\n<p>Asimismo hemos informado del <strong>protocolo sanitario elaborado por OSALAN,<\/strong> Instituto Vasco de Seguridad y Salud Laboral, que incorpora este a\u00f1o los aspectos relacionados con la Covid-19.<\/p>\n<p>El protocolo establece que la empresa responsable del alojamiento\u00a0mantendr\u00e1 un registro de la relaci\u00f3n de personas que integran cada grupo de personas temporeras que lo habitan, procurando separar los n\u00facleos familiares o las cuadrillas en distintos alojamientos para evitar lo m\u00e1ximo posible su interrelaci\u00f3n. Esta separaci\u00f3n debe continuar durante el periodo de trabajo en la vendimia.<\/p>\n<p>Antes de la ocupaci\u00f3n del alojamiento, el propietario se encargar\u00e1 de su limpieza y desinfecci\u00f3n con medios adecuados, garantizando la dotaci\u00f3n de geles hidroalcoh\u00f3licos y productos de limpieza y desinfecci\u00f3n.<\/p>\n<p>Adem\u00e1s, informar\u00e1 a los ocupantes sobre las medidas de higiene y ventilaci\u00f3n, tres veces al d\u00eda durante al menos, diez minutos, sobre el uso no compartido de enseres y sobre los h\u00e1bitos de higiene personal recomendados (lavado de manos, ducha, limpieza ropa, m\u00f3viles y gafas).<\/p>\n<p>La salida a los lugares de trabajo se realizar\u00e1 de forma ordenada y escalonada para evitar las aglomeraciones, respetando la estructuraci\u00f3n de los posibles subgrupos.<\/p>\n<p><strong>Si una persona alojada tuviera s\u00edntomas compatibles con la enfermedad Covid-19, se contactar\u00e1 de inmediato con el tel\u00e9fono 900 20 30 50 puesto a disposici\u00f3n por el Gobierno Vasco para atender estas incidencias.<\/strong><\/p>\n<p>En tal caso, se seguir\u00e1n las instrucciones de las autoridades sanitarias en cuanto al aislamiento, as\u00ed como la correspondiente investigaci\u00f3n e identificaci\u00f3n de contactos estrechos.<\/p>\n<p>En caso de detectar un positivo, se proceder\u00e1 a una limpieza y desinfecci\u00f3n espec\u00edfica de los lugares, superficies, herramientas, etc. donde la persona haya podido estar en contacto.<\/p>\n<p>Puedes consultar aqu\u00ed el resumen del <a href=\"https:\/\/www.osalan.euskadi.eus\/contenidos\/informacion\/info_temporerismo_2020_covid\/es_def\/adjuntos\/folleto_temporerismo_covid_2020_empresas.pdf\" target=\"_blank\" rel=\"noopener\" data-cke-saved-href=\"https:\/\/www.osalan.euskadi.eus\/contenidos\/informacion\/info_temporerismo_2020_covid\/es_def\/adjuntos\/folleto_temporerismo_covid_2020_empresas.pdf\">protocolo<\/a> sanitario de OSALAN. En el apartado 6 se\u00a0detallan los aspectos preventivos relativos a los alojamientos.<\/p>\n<p>+info GUSTAVO:\u00a0 635 704 865<\/p>\n","protected":false},"excerpt":{"rendered":"<p>Desde el inicio del Programa de Temporerismo de UAGA en 2020, que pone a disposici\u00f3n de las explotaciones agrarias\u00a0personas temporeras profesionales para las distintas campa\u00f1as, uno de nuestros principales objetivos ha sido ofrecer a estas personas un alojamiento adecuado. Entre las actuaciones concretas de los \u00faltimos a\u00f1os, en 2019 visitamos todos los alojamientos incorporados al [&hellip;]<\/p>\n","protected":false},"author":4,"featured_media":7974,"comment_status":"closed","ping_status":"closed","sticky":false,"template":"","format":"standard","meta":{"footnotes":""},"categories":[7,111,9],"tags":[],"yoast_head":"<!-- This site is optimized with the Yoast SEO plugin v21.5 - https:\/\/yoast.com\/wordpress\/plugins\/seo\/ -->\n<title>UAGA refuerza la informaci\u00f3n y sensibilizaci\u00f3n en cuanto a los alojamientos para personas temporeras para conseguir una vendimia segura frente a la Covid-19 - UAGA<\/title>\n<meta name=\"robots\" content=\"index, follow, max-snippet:-1, max-image-preview:large, max-video-preview:-1\" \/>\n<link rel=\"canonical\" href=\"https:\/\/www.uaga.eus\/uaga-refuerza-la-informacion-y-sensibilizacion-en-cuanto-a-los-alojamientos-para-personas-temporeras-para-conseguir-una-vendimia-segura-frente-a-la-covid-19\/\" \/>\n<meta property=\"og:locale\" content=\"en_US\" \/>\n<meta property=\"og:type\" content=\"article\" \/>\n<meta property=\"og:title\" content=\"UAGA refuerza la informaci\u00f3n y sensibilizaci\u00f3n en cuanto a los alojamientos para personas temporeras para conseguir una vendimia segura frente a la Covid-19 - UAGA\" \/>\n<meta property=\"og:description\" content=\"Desde el inicio del Programa de Temporerismo de UAGA en 2020, que pone a disposici\u00f3n de las explotaciones agrarias\u00a0personas temporeras profesionales para las distintas campa\u00f1as, uno de nuestros principales objetivos ha sido ofrecer a estas personas un alojamiento adecuado. Entre las actuaciones concretas de los \u00faltimos a\u00f1os, en 2019 visitamos todos los alojamientos incorporados al [&hellip;]\" \/>\n<meta property=\"og:url\" content=\"https:\/\/www.uaga.eus\/uaga-refuerza-la-informacion-y-sensibilizacion-en-cuanto-a-los-alojamientos-para-personas-temporeras-para-conseguir-una-vendimia-segura-frente-a-la-covid-19\/\" \/>\n<meta property=\"og:site_name\" content=\"UAGA\" \/>\n<meta property=\"article:published_time\" content=\"2020-09-18T08:55:38+00:00\" \/>\n<meta property=\"og:image\" content=\"https:\/\/www.uaga.eus\/wp-content\/uploads\/2020\/09\/cocina-de-un-alojamiento.jpg\" \/>\n\t<meta property=\"og:image:width\" content=\"650\" \/>\n\t<meta property=\"og:image:height\" content=\"412\" \/>\n\t<meta property=\"og:image:type\" content=\"image\/jpeg\" \/>\n<meta name=\"author\" content=\"Blanca S\u00e1nchez\" \/>\n<meta name=\"twitter:card\" content=\"summary_large_image\" \/>\n<meta name=\"twitter:label1\" content=\"Written by\" \/>\n\t<meta name=\"twitter:data1\" content=\"Blanca S\u00e1nchez\" \/>\n\t<meta name=\"twitter:label2\" content=\"Est. reading time\" \/>\n\t<meta name=\"twitter:data2\" content=\"2 minutua\" \/>\n<script type=\"application\/ld+json\" class=\"yoast-schema-graph\">{\"@context\":\"https:\/\/schema.org\",\"@graph\":[{\"@type\":\"WebPage\",\"@id\":\"https:\/\/www.uaga.eus\/uaga-refuerza-la-informacion-y-sensibilizacion-en-cuanto-a-los-alojamientos-para-personas-temporeras-para-conseguir-una-vendimia-segura-frente-a-la-covid-19\/\",\"url\":\"https:\/\/www.uaga.eus\/uaga-refuerza-la-informacion-y-sensibilizacion-en-cuanto-a-los-alojamientos-para-personas-temporeras-para-conseguir-una-vendimia-segura-frente-a-la-covid-19\/\",\"name\":\"UAGA refuerza la informaci\u00f3n y sensibilizaci\u00f3n en cuanto a los alojamientos para personas temporeras para conseguir una vendimia segura frente a la Covid-19 - UAGA\",\"isPartOf\":{\"@id\":\"https:\/\/www.uaga.eus\/#website\"},\"datePublished\":\"2020-09-18T08:55:38+00:00\",\"dateModified\":\"2020-09-18T08:55:38+00:00\",\"author\":{\"@id\":\"https:\/\/www.uaga.eus\/#\/schema\/person\/48c3cbf0f33d1b788226dbb6518689cf\"},\"breadcrumb\":{\"@id\":\"https:\/\/www.uaga.eus\/uaga-refuerza-la-informacion-y-sensibilizacion-en-cuanto-a-los-alojamientos-para-personas-temporeras-para-conseguir-una-vendimia-segura-frente-a-la-covid-19\/#breadcrumb\"},\"inLanguage\":\"eu\",\"potentialAction\":[{\"@type\":\"ReadAction\",\"target\":[\"https:\/\/www.uaga.eus\/uaga-refuerza-la-informacion-y-sensibilizacion-en-cuanto-a-los-alojamientos-para-personas-temporeras-para-conseguir-una-vendimia-segura-frente-a-la-covid-19\/\"]}]},{\"@type\":\"BreadcrumbList\",\"@id\":\"https:\/\/www.uaga.eus\/uaga-refuerza-la-informacion-y-sensibilizacion-en-cuanto-a-los-alojamientos-para-personas-temporeras-para-conseguir-una-vendimia-segura-frente-a-la-covid-19\/#breadcrumb\",\"itemListElement\":[{\"@type\":\"ListItem\",\"position\":1,\"name\":\"Inicio\",\"item\":\"https:\/\/www.uaga.eus\/\"},{\"@type\":\"ListItem\",\"position\":2,\"name\":\"UAGA refuerza la informaci\u00f3n y sensibilizaci\u00f3n en cuanto a los alojamientos para personas temporeras para conseguir una vendimia segura frente a la Covid-19\"}]},{\"@type\":\"WebSite\",\"@id\":\"https:\/\/www.uaga.eus\/#website\",\"url\":\"https:\/\/www.uaga.eus\/\",\"name\":\"UAGA\",\"description\":\"Uni\u00f3n Agroganadera de \u00c1lava - Araba Nekazarien Elkartea\",\"potentialAction\":[{\"@type\":\"SearchAction\",\"target\":{\"@type\":\"EntryPoint\",\"urlTemplate\":\"https:\/\/www.uaga.eus\/?s={search_term_string}\"},\"query-input\":\"required name=search_term_string\"}],\"inLanguage\":\"eu\"},{\"@type\":\"Person\",\"@id\":\"https:\/\/www.uaga.eus\/#\/schema\/person\/48c3cbf0f33d1b788226dbb6518689cf\",\"name\":\"Blanca S\u00e1nchez\",\"image\":{\"@type\":\"ImageObject\",\"inLanguage\":\"eu\",\"@id\":\"https:\/\/www.uaga.eus\/#\/schema\/person\/image\/\",\"url\":\"https:\/\/secure.gravatar.com\/avatar\/0dc91c20648254b1ce84877283f6751b?s=96&d=mm&r=g\",\"contentUrl\":\"https:\/\/secure.gravatar.com\/avatar\/0dc91c20648254b1ce84877283f6751b?s=96&d=mm&r=g\",\"caption\":\"Blanca S\u00e1nchez\"},\"url\":\"https:\/\/www.uaga.eus\/eu\/author\/bsanchez\/\"}]}<\/script>\n<!-- \/ Yoast SEO plugin. -->","yoast_head_json":{"title":"UAGA refuerza la informaci\u00f3n y sensibilizaci\u00f3n en cuanto a los alojamientos para personas temporeras para conseguir una vendimia segura frente a la Covid-19 - UAGA","robots":{"index":"index","follow":"follow","max-snippet":"max-snippet:-1","max-image-preview":"max-image-preview:large","max-video-preview":"max-video-preview:-1"},"canonical":"https:\/\/www.uaga.eus\/uaga-refuerza-la-informacion-y-sensibilizacion-en-cuanto-a-los-alojamientos-para-personas-temporeras-para-conseguir-una-vendimia-segura-frente-a-la-covid-19\/","og_locale":"en_US","og_type":"article","og_title":"UAGA refuerza la informaci\u00f3n y sensibilizaci\u00f3n en cuanto a los alojamientos para personas temporeras para conseguir una vendimia segura frente a la Covid-19 - UAGA","og_description":"Desde el inicio del Programa de Temporerismo de UAGA en 2020, que pone a disposici\u00f3n de las explotaciones agrarias\u00a0personas temporeras profesionales para las distintas campa\u00f1as, uno de nuestros principales objetivos ha sido ofrecer a estas personas un alojamiento adecuado. Entre las actuaciones concretas de los \u00faltimos a\u00f1os, en 2019 visitamos todos los alojamientos incorporados al [&hellip;]","og_url":"https:\/\/www.uaga.eus\/uaga-refuerza-la-informacion-y-sensibilizacion-en-cuanto-a-los-alojamientos-para-personas-temporeras-para-conseguir-una-vendimia-segura-frente-a-la-covid-19\/","og_site_name":"UAGA","article_published_time":"2020-09-18T08:55:38+00:00","og_image":[{"width":650,"height":412,"url":"https:\/\/www.uaga.eus\/wp-content\/uploads\/2020\/09\/cocina-de-un-alojamiento.jpg","type":"image\/jpeg"}],"author":"Blanca S\u00e1nchez","twitter_card":"summary_large_image","twitter_misc":{"Written by":"Blanca S\u00e1nchez","Est. reading time":"2 minutua"},"schema":{"@context":"https:\/\/schema.org","@graph":[{"@type":"WebPage","@id":"https:\/\/www.uaga.eus\/uaga-refuerza-la-informacion-y-sensibilizacion-en-cuanto-a-los-alojamientos-para-personas-temporeras-para-conseguir-una-vendimia-segura-frente-a-la-covid-19\/","url":"https:\/\/www.uaga.eus\/uaga-refuerza-la-informacion-y-sensibilizacion-en-cuanto-a-los-alojamientos-para-personas-temporeras-para-conseguir-una-vendimia-segura-frente-a-la-covid-19\/","name":"UAGA refuerza la informaci\u00f3n y sensibilizaci\u00f3n en cuanto a los alojamientos para personas temporeras para conseguir una vendimia segura frente a la Covid-19 - UAGA","isPartOf":{"@id":"https:\/\/www.uaga.eus\/#website"},"datePublished":"2020-09-18T08:55:38+00:00","dateModified":"2020-09-18T08:55:38+00:00","author":{"@id":"https:\/\/www.uaga.eus\/#\/schema\/person\/48c3cbf0f33d1b788226dbb6518689cf"},"breadcrumb":{"@id":"https:\/\/www.uaga.eus\/uaga-refuerza-la-informacion-y-sensibilizacion-en-cuanto-a-los-alojamientos-para-personas-temporeras-para-conseguir-una-vendimia-segura-frente-a-la-covid-19\/#breadcrumb"},"inLanguage":"eu","potentialAction":[{"@type":"ReadAction","target":["https:\/\/www.uaga.eus\/uaga-refuerza-la-informacion-y-sensibilizacion-en-cuanto-a-los-alojamientos-para-personas-temporeras-para-conseguir-una-vendimia-segura-frente-a-la-covid-19\/"]}]},{"@type":"BreadcrumbList","@id":"https:\/\/www.uaga.eus\/uaga-refuerza-la-informacion-y-sensibilizacion-en-cuanto-a-los-alojamientos-para-personas-temporeras-para-conseguir-una-vendimia-segura-frente-a-la-covid-19\/#breadcrumb","itemListElement":[{"@type":"ListItem","position":1,"name":"Inicio","item":"https:\/\/www.uaga.eus\/"},{"@type":"ListItem","position":2,"name":"UAGA refuerza la informaci\u00f3n y sensibilizaci\u00f3n en cuanto a los alojamientos para personas temporeras para conseguir una vendimia segura frente a la Covid-19"}]},{"@type":"WebSite","@id":"https:\/\/www.uaga.eus\/#website","url":"https:\/\/www.uaga.eus\/","name":"UAGA","description":"Uni\u00f3n Agroganadera de \u00c1lava - Araba Nekazarien Elkartea","potentialAction":[{"@type":"SearchAction","target":{"@type":"EntryPoint","urlTemplate":"https:\/\/www.uaga.eus\/?s={search_term_string}"},"query-input":"required name=search_term_string"}],"inLanguage":"eu"},{"@type":"Person","@id":"https:\/\/www.uaga.eus\/#\/schema\/person\/48c3cbf0f33d1b788226dbb6518689cf","name":"Blanca S\u00e1nchez","image":{"@type":"ImageObject","inLanguage":"eu","@id":"https:\/\/www.uaga.eus\/#\/schema\/person\/image\/","url":"https:\/\/secure.gravatar.com\/avatar\/0dc91c20648254b1ce84877283f6751b?s=96&d=mm&r=g","contentUrl":"https:\/\/secure.gravatar.com\/avatar\/0dc91c20648254b1ce84877283f6751b?s=96&d=mm&r=g","caption":"Blanca S\u00e1nchez"},"url":"https:\/\/www.uaga.eus\/eu\/author\/bsanchez\/"}]}},"_links":{"self":[{"href":"https:\/\/www.uaga.eus\/eu\/wp-json\/wp\/v2\/posts\/7979"}],"collection":[{"href":"https:\/\/www.uaga.eus\/eu\/wp-json\/wp\/v2\/posts"}],"about":[{"href":"https:\/\/www.uaga.eus\/eu\/wp-json\/wp\/v2\/types\/post"}],"author":[{"embeddable":true,"href":"https:\/\/www.uaga.eus\/eu\/wp-json\/wp\/v2\/users\/4"}],"replies":[{"embeddable":true,"href":"https:\/\/www.uaga.eus\/eu\/wp-json\/wp\/v2\/comments?post=7979"}],"version-history":[{"count":1,"href":"https:\/\/www.uaga.eus\/eu\/wp-json\/wp\/v2\/posts\/7979\/revisions"}],"predecessor-version":[{"id":7980,"href":"https:\/\/www.uaga.eus\/eu\/wp-json\/wp\/v2\/posts\/7979\/revisions\/7980"}],"wp:featuredmedia":[{"embeddable":true,"href":"https:\/\/www.uaga.eus\/eu\/wp-json\/wp\/v2\/media\/7974"}],"wp:attachment":[{"href":"https:\/\/www.uaga.eus\/eu\/wp-json\/wp\/v2\/media?parent=7979"}],"wp:term":[{"taxonomy":"category","embeddable":true,"href":"https:\/\/www.uaga.eus\/eu\/wp-json\/wp\/v2\/categories?post=7979"},{"taxonomy":"post_tag","embeddable":true,"href":"https:\/\/www.uaga.eus\/eu\/wp-json\/wp\/v2\/tags?post=7979"}],"curies":[{"name":"wp","href":"https:\/\/api.w.org\/{rel}","templated":true}]}}