{"id":7976,"date":"2020-09-18T08:54:01","date_gmt":"2020-09-18T08:54:01","guid":{"rendered":"https:\/\/www.uaga.eus\/?p=7976"},"modified":"2020-09-18T08:54:01","modified_gmt":"2020-09-18T08:54:01","slug":"osalan-aprueba-el-protocolo-de-prevencion-ante-la-covid-19-en-temporerismo-en-cuyo-diseno-ha-participado-uaga","status":"publish","type":"post","link":"https:\/\/www.uaga.eus\/eu\/osalan-aprueba-el-protocolo-de-prevencion-ante-la-covid-19-en-temporerismo-en-cuyo-diseno-ha-participado-uaga\/","title":{"rendered":"OSALAN aprueba el Protocolo de Prevenci\u00f3n ante la Covid-19 en Temporerismo, en cuyo dise\u00f1o ha participado UAGA"},"content":{"rendered":"<p>El Programa de Temporerismo de UAGA es reconocido por su contribuci\u00f3n a prevenir los problemas sociales, econ\u00f3micos y cuturales asociados a la actividad de Temporerismo.<\/p>\n<p>Con motivo de la pandemia Covid-19 de este a\u00f1o, desde UAGA hemos participado activamente y desde el inicio, en la elaboraci\u00f3n de la <strong>estrategia de seguridad y salud laboral del Gobierno Vasco<\/strong>, en el proceso liderado por la\u00a0Viceconsejer\u00eda de Agricultura, definiendo las actuaciones dirigidas a prevenir los posibles efectos negativos de la pandemia en el desarrollo de las campa\u00f1as de vendimia y patata.<\/p>\n<p>Resultado de este proceso el Instituto Vasco de Seguridad y Salud Laboral del Gobierno Vasco, OSALAN, ha elaborado el <strong>Protocolo de Actuaci\u00f3n para la contenci\u00f3n de la Covid-19 en la actividad de Temporerismo<\/strong>, protocolo que se integra en la Estrategia de Seguridad y Salud Laboral para la cadena de valor alimentaria y de la madera, y hace referencia\u00a0a los procesos de bodega, campo, desplazamientos y alojamientos.<\/p>\n<p>Los aspectos m\u00e1s importantes de este protocolo, que afectan fundamentalmente a la empresa agraria contratante de personas temporeras, son los que comentamos a continuaci\u00f3n:<\/p>\n<p><strong>La empresa agraria es la responsable de informar a las personas contratadas en materia de prevenci\u00f3n y protecci\u00f3n en seguridad y salud laboral<\/strong>.<\/p>\n<p>Tambi\u00e9n deber\u00e1 organizar el trabajo para garantizar en lo posible el distanciamiento, dotando al personal de mascarillas y gel hidroalcoh\u00f3lico.<\/p>\n<p>Por otra parte, efectuar\u00e1 una asignaci\u00f3n personal de herramientas, cestos, m\u00e1quinas port\u00e1tiles y equipos, garantizando la utilizaci\u00f3n exclusiva siempre por la misma persona temporera.<\/p>\n<p>Tambi\u00e9n se evitar\u00e1 la realizaci\u00f3n de actividades entre cuadrillas de manera conjunta e intercambios de personas trabajadoras entre grupos. En cada grupo de trabajo se asignar\u00e1 a una persona responsable encargada de velar por el cumplimiento de las medidas preventivas previstas.<\/p>\n<p>Despu\u00e9s de cada uso de maquinaria o equipos, que pueden ser utilizados por turnos, es preciso limpiar y aplicar productos desinfectantes en las zonas de contacto con las manos y distintas superficies.<\/p>\n<p>Por otra parte, se deben tomar las medidas necesarias para evitar el contacto entre los procesos de trabajo en campo y los de bodega.<\/p>\n<p>El transporte en veh\u00edculos particulares s\u00f3lo podr\u00e1 ser compartido por los integrantes del grupo de trabajo, utilizando la mascarilla.<\/p>\n<p>En todos los casos, si una persona trabajadora empezara a tener s\u00edntomas compatibles con la enfermedad, se contactar\u00e1 de inmediato con el tel\u00e9fono<strong>\u00a0900 20 30 50<\/strong>.<\/p>\n<p>En estos casos, la persona trabajadora no acudir\u00e1 o deber\u00e1 abandonar su actividad profesional hasta que su situaci\u00f3n m\u00e9dica sea valorada por un profesional sanitario, y\/o se proceda a una prueba de control Covid-19.<\/p>\n<p>En caso de detectar un positivo se proceder\u00e1 a una limpieza y desinfecci\u00f3n espec\u00edfica Covid-19 de los lugares, superficies, herramientas, etc. con las que la persona haya podido estar en contacto.<\/p>\n<p>Para una mayor informaci\u00f3n, OSALAN ha desarrollado varios materiales divulgativos dirigidos a agricultores y personas temporeras.<\/p>\n<p>Puedes consultar aqu\u00ed\u00a0el <a href=\"https:\/\/www.osalan.euskadi.eus\/contenidos\/informacion\/info_temporerismo_2020_covid\/es_def\/adjuntos\/folleto_temporerismo_covid_2020_empresas.pdf\" target=\"_blank\" rel=\"noopener\" data-cke-saved-href=\"https:\/\/www.osalan.euskadi.eus\/contenidos\/informacion\/info_temporerismo_2020_covid\/es_def\/adjuntos\/folleto_temporerismo_covid_2020_empresas.pdf\">protocolo sanitario<\/a> y el\u00a0 <a href=\"https:\/\/youtu.be\/ofEM-LZcuz4\" target=\"_blank\" rel=\"noopener\" data-cke-saved-href=\"https:\/\/youtu.be\/ofEM-LZcuz4\">v\u00eddeo informativo<\/a>.<\/p>\n<p>+info GUSTAVO:\u00a0 635 704 865<\/p>\n","protected":false},"excerpt":{"rendered":"<p>El Programa de Temporerismo de UAGA es reconocido por su contribuci\u00f3n a prevenir los problemas sociales, econ\u00f3micos y cuturales asociados a la actividad de Temporerismo. Con motivo de la pandemia Covid-19 de este a\u00f1o, desde UAGA hemos participado activamente y desde el inicio, en la elaboraci\u00f3n de la estrategia de seguridad y salud laboral del [&hellip;]<\/p>\n","protected":false},"author":4,"featured_media":7977,"comment_status":"closed","ping_status":"closed","sticky":false,"template":"","format":"standard","meta":{"footnotes":""},"categories":[7,111,9],"tags":[],"yoast_head":"<!-- This site is optimized with the Yoast SEO plugin v21.5 - https:\/\/yoast.com\/wordpress\/plugins\/seo\/ -->\n<title>OSALAN aprueba el Protocolo de Prevenci\u00f3n ante la Covid-19 en Temporerismo, en cuyo dise\u00f1o ha participado UAGA - UAGA<\/title>\n<meta name=\"robots\" content=\"index, follow, max-snippet:-1, max-image-preview:large, max-video-preview:-1\" \/>\n<link rel=\"canonical\" href=\"https:\/\/www.uaga.eus\/osalan-aprueba-el-protocolo-de-prevencion-ante-la-covid-19-en-temporerismo-en-cuyo-diseno-ha-participado-uaga\/\" \/>\n<meta property=\"og:locale\" content=\"en_US\" \/>\n<meta property=\"og:type\" content=\"article\" \/>\n<meta property=\"og:title\" content=\"OSALAN aprueba el Protocolo de Prevenci\u00f3n ante la Covid-19 en Temporerismo, en cuyo dise\u00f1o ha participado UAGA - UAGA\" \/>\n<meta property=\"og:description\" content=\"El Programa de Temporerismo de UAGA es reconocido por su contribuci\u00f3n a prevenir los problemas sociales, econ\u00f3micos y cuturales asociados a la actividad de Temporerismo. Con motivo de la pandemia Covid-19 de este a\u00f1o, desde UAGA hemos participado activamente y desde el inicio, en la elaboraci\u00f3n de la estrategia de seguridad y salud laboral del [&hellip;]\" \/>\n<meta property=\"og:url\" content=\"https:\/\/www.uaga.eus\/osalan-aprueba-el-protocolo-de-prevencion-ante-la-covid-19-en-temporerismo-en-cuyo-diseno-ha-participado-uaga\/\" \/>\n<meta property=\"og:site_name\" content=\"UAGA\" \/>\n<meta property=\"article:published_time\" content=\"2020-09-18T08:54:01+00:00\" \/>\n<meta property=\"og:image\" content=\"https:\/\/www.uaga.eus\/wp-content\/uploads\/2020\/09\/temporero-cortando-uva.jpg\" \/>\n\t<meta property=\"og:image:width\" content=\"650\" \/>\n\t<meta property=\"og:image:height\" content=\"366\" \/>\n\t<meta property=\"og:image:type\" content=\"image\/jpeg\" \/>\n<meta name=\"author\" content=\"Blanca S\u00e1nchez\" \/>\n<meta name=\"twitter:card\" content=\"summary_large_image\" \/>\n<meta name=\"twitter:label1\" content=\"Written by\" \/>\n\t<meta name=\"twitter:data1\" content=\"Blanca S\u00e1nchez\" \/>\n\t<meta name=\"twitter:label2\" content=\"Est. reading time\" \/>\n\t<meta name=\"twitter:data2\" content=\"3 minutua\" \/>\n<script type=\"application\/ld+json\" class=\"yoast-schema-graph\">{\"@context\":\"https:\/\/schema.org\",\"@graph\":[{\"@type\":\"WebPage\",\"@id\":\"https:\/\/www.uaga.eus\/osalan-aprueba-el-protocolo-de-prevencion-ante-la-covid-19-en-temporerismo-en-cuyo-diseno-ha-participado-uaga\/\",\"url\":\"https:\/\/www.uaga.eus\/osalan-aprueba-el-protocolo-de-prevencion-ante-la-covid-19-en-temporerismo-en-cuyo-diseno-ha-participado-uaga\/\",\"name\":\"OSALAN aprueba el Protocolo de Prevenci\u00f3n ante la Covid-19 en Temporerismo, en cuyo dise\u00f1o ha participado UAGA - UAGA\",\"isPartOf\":{\"@id\":\"https:\/\/www.uaga.eus\/#website\"},\"datePublished\":\"2020-09-18T08:54:01+00:00\",\"dateModified\":\"2020-09-18T08:54:01+00:00\",\"author\":{\"@id\":\"https:\/\/www.uaga.eus\/#\/schema\/person\/48c3cbf0f33d1b788226dbb6518689cf\"},\"breadcrumb\":{\"@id\":\"https:\/\/www.uaga.eus\/osalan-aprueba-el-protocolo-de-prevencion-ante-la-covid-19-en-temporerismo-en-cuyo-diseno-ha-participado-uaga\/#breadcrumb\"},\"inLanguage\":\"eu\",\"potentialAction\":[{\"@type\":\"ReadAction\",\"target\":[\"https:\/\/www.uaga.eus\/osalan-aprueba-el-protocolo-de-prevencion-ante-la-covid-19-en-temporerismo-en-cuyo-diseno-ha-participado-uaga\/\"]}]},{\"@type\":\"BreadcrumbList\",\"@id\":\"https:\/\/www.uaga.eus\/osalan-aprueba-el-protocolo-de-prevencion-ante-la-covid-19-en-temporerismo-en-cuyo-diseno-ha-participado-uaga\/#breadcrumb\",\"itemListElement\":[{\"@type\":\"ListItem\",\"position\":1,\"name\":\"Inicio\",\"item\":\"https:\/\/www.uaga.eus\/\"},{\"@type\":\"ListItem\",\"position\":2,\"name\":\"OSALAN aprueba el Protocolo de Prevenci\u00f3n ante la Covid-19 en Temporerismo, en cuyo dise\u00f1o ha participado UAGA\"}]},{\"@type\":\"WebSite\",\"@id\":\"https:\/\/www.uaga.eus\/#website\",\"url\":\"https:\/\/www.uaga.eus\/\",\"name\":\"UAGA\",\"description\":\"Uni\u00f3n Agroganadera de \u00c1lava - Araba Nekazarien Elkartea\",\"potentialAction\":[{\"@type\":\"SearchAction\",\"target\":{\"@type\":\"EntryPoint\",\"urlTemplate\":\"https:\/\/www.uaga.eus\/?s={search_term_string}\"},\"query-input\":\"required name=search_term_string\"}],\"inLanguage\":\"eu\"},{\"@type\":\"Person\",\"@id\":\"https:\/\/www.uaga.eus\/#\/schema\/person\/48c3cbf0f33d1b788226dbb6518689cf\",\"name\":\"Blanca S\u00e1nchez\",\"image\":{\"@type\":\"ImageObject\",\"inLanguage\":\"eu\",\"@id\":\"https:\/\/www.uaga.eus\/#\/schema\/person\/image\/\",\"url\":\"https:\/\/secure.gravatar.com\/avatar\/0dc91c20648254b1ce84877283f6751b?s=96&d=mm&r=g\",\"contentUrl\":\"https:\/\/secure.gravatar.com\/avatar\/0dc91c20648254b1ce84877283f6751b?s=96&d=mm&r=g\",\"caption\":\"Blanca S\u00e1nchez\"},\"url\":\"https:\/\/www.uaga.eus\/eu\/author\/bsanchez\/\"}]}<\/script>\n<!-- \/ Yoast SEO plugin. -->","yoast_head_json":{"title":"OSALAN aprueba el Protocolo de Prevenci\u00f3n ante la Covid-19 en Temporerismo, en cuyo dise\u00f1o ha participado UAGA - UAGA","robots":{"index":"index","follow":"follow","max-snippet":"max-snippet:-1","max-image-preview":"max-image-preview:large","max-video-preview":"max-video-preview:-1"},"canonical":"https:\/\/www.uaga.eus\/osalan-aprueba-el-protocolo-de-prevencion-ante-la-covid-19-en-temporerismo-en-cuyo-diseno-ha-participado-uaga\/","og_locale":"en_US","og_type":"article","og_title":"OSALAN aprueba el Protocolo de Prevenci\u00f3n ante la Covid-19 en Temporerismo, en cuyo dise\u00f1o ha participado UAGA - UAGA","og_description":"El Programa de Temporerismo de UAGA es reconocido por su contribuci\u00f3n a prevenir los problemas sociales, econ\u00f3micos y cuturales asociados a la actividad de Temporerismo. Con motivo de la pandemia Covid-19 de este a\u00f1o, desde UAGA hemos participado activamente y desde el inicio, en la elaboraci\u00f3n de la estrategia de seguridad y salud laboral del [&hellip;]","og_url":"https:\/\/www.uaga.eus\/osalan-aprueba-el-protocolo-de-prevencion-ante-la-covid-19-en-temporerismo-en-cuyo-diseno-ha-participado-uaga\/","og_site_name":"UAGA","article_published_time":"2020-09-18T08:54:01+00:00","og_image":[{"width":650,"height":366,"url":"https:\/\/www.uaga.eus\/wp-content\/uploads\/2020\/09\/temporero-cortando-uva.jpg","type":"image\/jpeg"}],"author":"Blanca S\u00e1nchez","twitter_card":"summary_large_image","twitter_misc":{"Written by":"Blanca S\u00e1nchez","Est. reading time":"3 minutua"},"schema":{"@context":"https:\/\/schema.org","@graph":[{"@type":"WebPage","@id":"https:\/\/www.uaga.eus\/osalan-aprueba-el-protocolo-de-prevencion-ante-la-covid-19-en-temporerismo-en-cuyo-diseno-ha-participado-uaga\/","url":"https:\/\/www.uaga.eus\/osalan-aprueba-el-protocolo-de-prevencion-ante-la-covid-19-en-temporerismo-en-cuyo-diseno-ha-participado-uaga\/","name":"OSALAN aprueba el Protocolo de Prevenci\u00f3n ante la Covid-19 en Temporerismo, en cuyo dise\u00f1o ha participado UAGA - UAGA","isPartOf":{"@id":"https:\/\/www.uaga.eus\/#website"},"datePublished":"2020-09-18T08:54:01+00:00","dateModified":"2020-09-18T08:54:01+00:00","author":{"@id":"https:\/\/www.uaga.eus\/#\/schema\/person\/48c3cbf0f33d1b788226dbb6518689cf"},"breadcrumb":{"@id":"https:\/\/www.uaga.eus\/osalan-aprueba-el-protocolo-de-prevencion-ante-la-covid-19-en-temporerismo-en-cuyo-diseno-ha-participado-uaga\/#breadcrumb"},"inLanguage":"eu","potentialAction":[{"@type":"ReadAction","target":["https:\/\/www.uaga.eus\/osalan-aprueba-el-protocolo-de-prevencion-ante-la-covid-19-en-temporerismo-en-cuyo-diseno-ha-participado-uaga\/"]}]},{"@type":"BreadcrumbList","@id":"https:\/\/www.uaga.eus\/osalan-aprueba-el-protocolo-de-prevencion-ante-la-covid-19-en-temporerismo-en-cuyo-diseno-ha-participado-uaga\/#breadcrumb","itemListElement":[{"@type":"ListItem","position":1,"name":"Inicio","item":"https:\/\/www.uaga.eus\/"},{"@type":"ListItem","position":2,"name":"OSALAN aprueba el Protocolo de Prevenci\u00f3n ante la Covid-19 en Temporerismo, en cuyo dise\u00f1o ha participado UAGA"}]},{"@type":"WebSite","@id":"https:\/\/www.uaga.eus\/#website","url":"https:\/\/www.uaga.eus\/","name":"UAGA","description":"Uni\u00f3n Agroganadera de \u00c1lava - Araba Nekazarien Elkartea","potentialAction":[{"@type":"SearchAction","target":{"@type":"EntryPoint","urlTemplate":"https:\/\/www.uaga.eus\/?s={search_term_string}"},"query-input":"required name=search_term_string"}],"inLanguage":"eu"},{"@type":"Person","@id":"https:\/\/www.uaga.eus\/#\/schema\/person\/48c3cbf0f33d1b788226dbb6518689cf","name":"Blanca S\u00e1nchez","image":{"@type":"ImageObject","inLanguage":"eu","@id":"https:\/\/www.uaga.eus\/#\/schema\/person\/image\/","url":"https:\/\/secure.gravatar.com\/avatar\/0dc91c20648254b1ce84877283f6751b?s=96&d=mm&r=g","contentUrl":"https:\/\/secure.gravatar.com\/avatar\/0dc91c20648254b1ce84877283f6751b?s=96&d=mm&r=g","caption":"Blanca S\u00e1nchez"},"url":"https:\/\/www.uaga.eus\/eu\/author\/bsanchez\/"}]}},"_links":{"self":[{"href":"https:\/\/www.uaga.eus\/eu\/wp-json\/wp\/v2\/posts\/7976"}],"collection":[{"href":"https:\/\/www.uaga.eus\/eu\/wp-json\/wp\/v2\/posts"}],"about":[{"href":"https:\/\/www.uaga.eus\/eu\/wp-json\/wp\/v2\/types\/post"}],"author":[{"embeddable":true,"href":"https:\/\/www.uaga.eus\/eu\/wp-json\/wp\/v2\/users\/4"}],"replies":[{"embeddable":true,"href":"https:\/\/www.uaga.eus\/eu\/wp-json\/wp\/v2\/comments?post=7976"}],"version-history":[{"count":1,"href":"https:\/\/www.uaga.eus\/eu\/wp-json\/wp\/v2\/posts\/7976\/revisions"}],"predecessor-version":[{"id":7978,"href":"https:\/\/www.uaga.eus\/eu\/wp-json\/wp\/v2\/posts\/7976\/revisions\/7978"}],"wp:featuredmedia":[{"embeddable":true,"href":"https:\/\/www.uaga.eus\/eu\/wp-json\/wp\/v2\/media\/7977"}],"wp:attachment":[{"href":"https:\/\/www.uaga.eus\/eu\/wp-json\/wp\/v2\/media?parent=7976"}],"wp:term":[{"taxonomy":"category","embeddable":true,"href":"https:\/\/www.uaga.eus\/eu\/wp-json\/wp\/v2\/categories?post=7976"},{"taxonomy":"post_tag","embeddable":true,"href":"https:\/\/www.uaga.eus\/eu\/wp-json\/wp\/v2\/tags?post=7976"}],"curies":[{"name":"wp","href":"https:\/\/api.w.org\/{rel}","templated":true}]}}