{"id":7969,"date":"2020-09-18T08:48:58","date_gmt":"2020-09-18T08:48:58","guid":{"rendered":"https:\/\/www.uaga.eus\/?p=7969"},"modified":"2020-09-18T08:58:58","modified_gmt":"2020-09-18T08:58:58","slug":"el-copa-cogeca-actualiza-su-informe-sobre-el-impacto-del-covid-19-en-el-sector-agroalimentario","status":"publish","type":"post","link":"https:\/\/www.uaga.eus\/eu\/el-copa-cogeca-actualiza-su-informe-sobre-el-impacto-del-covid-19-en-el-sector-agroalimentario\/","title":{"rendered":"El COPA-COGECA actualiza su informe sobre el impacto del Covid-19 en el\u00a0sector agroalimentario"},"content":{"rendered":"<p>COPA-COGECA, organizaci\u00f3n representante del sector a nivel europeo y del que forma parte UAGA, a trav\u00e9s de COAG, contin\u00faa realizando informes para dar a conocer el impacto del Covid-19 en el sector agroalimentario.<\/p>\n<p>En el \u00faltimo advierte que, a pesar de la reanudaci\u00f3n parcial de algunas actividades econ\u00f3micas en toda la Uni\u00f3n Europea, la situaci\u00f3n\u00a0del mercado no ha mejorado de forma sustancial y sigue siendo muy fr\u00e1gil en la mayor\u00eda de los\u00a0sectores, incluida la carne de vacuno, la carne de ovino, la carne de aves, la carne de porcino, los l\u00e1cteos, las frutas y hortalizas (acceso a trabajadores temporeros cualificados), el vino (adem\u00e1s de las restricciones\u00a0comerciales), las patatas o el az\u00facar, entre otros.\u00a0Por ello, insta a que la UE conceda\u00a0un nivel de ayudas adecuado, independiente del presupuesto de\u00a0la PAC.<\/p>\n<p>Puedes consultar el informe completo <a href=\"https:\/\/mcusercontent.com\/498b950ccfc4b8d0e600d7e48\/files\/a4657009-835d-4cb5-b5bd-96a2c6c237ff\/COV_20_6315_ES.pdf\" target=\"_blank\" rel=\"noopener\" data-cke-saved-href=\"https:\/\/mcusercontent.com\/498b950ccfc4b8d0e600d7e48\/files\/a4657009-835d-4cb5-b5bd-96a2c6c237ff\/COV_20_6315_ES.pdf\">aqu\u00ed<\/a>.<\/p>\n","protected":false},"excerpt":{"rendered":"<p>COPA-COGECA, organizaci\u00f3n representante del sector a nivel europeo y del que forma parte UAGA, a trav\u00e9s de COAG, contin\u00faa realizando informes para dar a conocer el impacto del Covid-19 en el sector agroalimentario. En el \u00faltimo advierte que, a pesar de la reanudaci\u00f3n parcial de algunas actividades econ\u00f3micas en toda la Uni\u00f3n Europea, la situaci\u00f3n\u00a0del [&hellip;]<\/p>\n","protected":false},"author":4,"featured_media":7201,"comment_status":"closed","ping_status":"closed","sticky":false,"template":"","format":"standard","meta":{"footnotes":""},"categories":[7,111,8,4],"tags":[],"yoast_head":"<!-- This site is optimized with the Yoast SEO plugin v21.5 - https:\/\/yoast.com\/wordpress\/plugins\/seo\/ -->\n<title>El COPA-COGECA actualiza su informe sobre el impacto del Covid-19 en el\u00a0sector agroalimentario - UAGA<\/title>\n<meta name=\"robots\" content=\"index, follow, max-snippet:-1, max-image-preview:large, max-video-preview:-1\" \/>\n<link rel=\"canonical\" href=\"https:\/\/www.uaga.eus\/el-copa-cogeca-actualiza-su-informe-sobre-el-impacto-del-covid-19-en-el-sector-agroalimentario\/\" \/>\n<meta property=\"og:locale\" content=\"en_US\" \/>\n<meta property=\"og:type\" content=\"article\" \/>\n<meta property=\"og:title\" content=\"El COPA-COGECA actualiza su informe sobre el impacto del Covid-19 en el\u00a0sector agroalimentario - UAGA\" \/>\n<meta property=\"og:description\" content=\"COPA-COGECA, organizaci\u00f3n representante del sector a nivel europeo y del que forma parte UAGA, a trav\u00e9s de COAG, contin\u00faa realizando informes para dar a conocer el impacto del Covid-19 en el sector agroalimentario. En el \u00faltimo advierte que, a pesar de la reanudaci\u00f3n parcial de algunas actividades econ\u00f3micas en toda la Uni\u00f3n Europea, la situaci\u00f3n\u00a0del [&hellip;]\" \/>\n<meta property=\"og:url\" content=\"https:\/\/www.uaga.eus\/el-copa-cogeca-actualiza-su-informe-sobre-el-impacto-del-covid-19-en-el-sector-agroalimentario\/\" \/>\n<meta property=\"og:site_name\" content=\"UAGA\" \/>\n<meta property=\"article:published_time\" content=\"2020-09-18T08:48:58+00:00\" \/>\n<meta property=\"article:modified_time\" content=\"2020-09-18T08:58:58+00:00\" \/>\n<meta property=\"og:image\" content=\"https:\/\/www.uaga.eus\/wp-content\/uploads\/2020\/04\/vacas-leche-1.jpg\" \/>\n\t<meta property=\"og:image:width\" content=\"650\" \/>\n\t<meta property=\"og:image:height\" content=\"366\" \/>\n\t<meta property=\"og:image:type\" content=\"image\/jpeg\" \/>\n<meta name=\"author\" content=\"Blanca S\u00e1nchez\" \/>\n<meta name=\"twitter:card\" content=\"summary_large_image\" \/>\n<meta name=\"twitter:label1\" content=\"Written by\" \/>\n\t<meta name=\"twitter:data1\" content=\"Blanca S\u00e1nchez\" \/>\n\t<meta name=\"twitter:label2\" content=\"Est. reading time\" \/>\n\t<meta name=\"twitter:data2\" content=\"1 minutua\" \/>\n<script type=\"application\/ld+json\" class=\"yoast-schema-graph\">{\"@context\":\"https:\/\/schema.org\",\"@graph\":[{\"@type\":\"WebPage\",\"@id\":\"https:\/\/www.uaga.eus\/el-copa-cogeca-actualiza-su-informe-sobre-el-impacto-del-covid-19-en-el-sector-agroalimentario\/\",\"url\":\"https:\/\/www.uaga.eus\/el-copa-cogeca-actualiza-su-informe-sobre-el-impacto-del-covid-19-en-el-sector-agroalimentario\/\",\"name\":\"El COPA-COGECA actualiza su informe sobre el impacto del Covid-19 en el\u00a0sector agroalimentario - UAGA\",\"isPartOf\":{\"@id\":\"https:\/\/www.uaga.eus\/#website\"},\"datePublished\":\"2020-09-18T08:48:58+00:00\",\"dateModified\":\"2020-09-18T08:58:58+00:00\",\"author\":{\"@id\":\"https:\/\/www.uaga.eus\/#\/schema\/person\/48c3cbf0f33d1b788226dbb6518689cf\"},\"breadcrumb\":{\"@id\":\"https:\/\/www.uaga.eus\/el-copa-cogeca-actualiza-su-informe-sobre-el-impacto-del-covid-19-en-el-sector-agroalimentario\/#breadcrumb\"},\"inLanguage\":\"eu\",\"potentialAction\":[{\"@type\":\"ReadAction\",\"target\":[\"https:\/\/www.uaga.eus\/el-copa-cogeca-actualiza-su-informe-sobre-el-impacto-del-covid-19-en-el-sector-agroalimentario\/\"]}]},{\"@type\":\"BreadcrumbList\",\"@id\":\"https:\/\/www.uaga.eus\/el-copa-cogeca-actualiza-su-informe-sobre-el-impacto-del-covid-19-en-el-sector-agroalimentario\/#breadcrumb\",\"itemListElement\":[{\"@type\":\"ListItem\",\"position\":1,\"name\":\"Inicio\",\"item\":\"https:\/\/www.uaga.eus\/\"},{\"@type\":\"ListItem\",\"position\":2,\"name\":\"El COPA-COGECA actualiza su informe sobre el impacto del Covid-19 en el\u00a0sector agroalimentario\"}]},{\"@type\":\"WebSite\",\"@id\":\"https:\/\/www.uaga.eus\/#website\",\"url\":\"https:\/\/www.uaga.eus\/\",\"name\":\"UAGA\",\"description\":\"Uni\u00f3n Agroganadera de \u00c1lava - Araba Nekazarien Elkartea\",\"potentialAction\":[{\"@type\":\"SearchAction\",\"target\":{\"@type\":\"EntryPoint\",\"urlTemplate\":\"https:\/\/www.uaga.eus\/?s={search_term_string}\"},\"query-input\":\"required name=search_term_string\"}],\"inLanguage\":\"eu\"},{\"@type\":\"Person\",\"@id\":\"https:\/\/www.uaga.eus\/#\/schema\/person\/48c3cbf0f33d1b788226dbb6518689cf\",\"name\":\"Blanca S\u00e1nchez\",\"image\":{\"@type\":\"ImageObject\",\"inLanguage\":\"eu\",\"@id\":\"https:\/\/www.uaga.eus\/#\/schema\/person\/image\/\",\"url\":\"https:\/\/secure.gravatar.com\/avatar\/0dc91c20648254b1ce84877283f6751b?s=96&d=mm&r=g\",\"contentUrl\":\"https:\/\/secure.gravatar.com\/avatar\/0dc91c20648254b1ce84877283f6751b?s=96&d=mm&r=g\",\"caption\":\"Blanca S\u00e1nchez\"},\"url\":\"https:\/\/www.uaga.eus\/eu\/author\/bsanchez\/\"}]}<\/script>\n<!-- \/ Yoast SEO plugin. -->","yoast_head_json":{"title":"El COPA-COGECA actualiza su informe sobre el impacto del Covid-19 en el\u00a0sector agroalimentario - UAGA","robots":{"index":"index","follow":"follow","max-snippet":"max-snippet:-1","max-image-preview":"max-image-preview:large","max-video-preview":"max-video-preview:-1"},"canonical":"https:\/\/www.uaga.eus\/el-copa-cogeca-actualiza-su-informe-sobre-el-impacto-del-covid-19-en-el-sector-agroalimentario\/","og_locale":"en_US","og_type":"article","og_title":"El COPA-COGECA actualiza su informe sobre el impacto del Covid-19 en el\u00a0sector agroalimentario - UAGA","og_description":"COPA-COGECA, organizaci\u00f3n representante del sector a nivel europeo y del que forma parte UAGA, a trav\u00e9s de COAG, contin\u00faa realizando informes para dar a conocer el impacto del Covid-19 en el sector agroalimentario. En el \u00faltimo advierte que, a pesar de la reanudaci\u00f3n parcial de algunas actividades econ\u00f3micas en toda la Uni\u00f3n Europea, la situaci\u00f3n\u00a0del [&hellip;]","og_url":"https:\/\/www.uaga.eus\/el-copa-cogeca-actualiza-su-informe-sobre-el-impacto-del-covid-19-en-el-sector-agroalimentario\/","og_site_name":"UAGA","article_published_time":"2020-09-18T08:48:58+00:00","article_modified_time":"2020-09-18T08:58:58+00:00","og_image":[{"width":650,"height":366,"url":"https:\/\/www.uaga.eus\/wp-content\/uploads\/2020\/04\/vacas-leche-1.jpg","type":"image\/jpeg"}],"author":"Blanca S\u00e1nchez","twitter_card":"summary_large_image","twitter_misc":{"Written by":"Blanca S\u00e1nchez","Est. reading time":"1 minutua"},"schema":{"@context":"https:\/\/schema.org","@graph":[{"@type":"WebPage","@id":"https:\/\/www.uaga.eus\/el-copa-cogeca-actualiza-su-informe-sobre-el-impacto-del-covid-19-en-el-sector-agroalimentario\/","url":"https:\/\/www.uaga.eus\/el-copa-cogeca-actualiza-su-informe-sobre-el-impacto-del-covid-19-en-el-sector-agroalimentario\/","name":"El COPA-COGECA actualiza su informe sobre el impacto del Covid-19 en el\u00a0sector agroalimentario - UAGA","isPartOf":{"@id":"https:\/\/www.uaga.eus\/#website"},"datePublished":"2020-09-18T08:48:58+00:00","dateModified":"2020-09-18T08:58:58+00:00","author":{"@id":"https:\/\/www.uaga.eus\/#\/schema\/person\/48c3cbf0f33d1b788226dbb6518689cf"},"breadcrumb":{"@id":"https:\/\/www.uaga.eus\/el-copa-cogeca-actualiza-su-informe-sobre-el-impacto-del-covid-19-en-el-sector-agroalimentario\/#breadcrumb"},"inLanguage":"eu","potentialAction":[{"@type":"ReadAction","target":["https:\/\/www.uaga.eus\/el-copa-cogeca-actualiza-su-informe-sobre-el-impacto-del-covid-19-en-el-sector-agroalimentario\/"]}]},{"@type":"BreadcrumbList","@id":"https:\/\/www.uaga.eus\/el-copa-cogeca-actualiza-su-informe-sobre-el-impacto-del-covid-19-en-el-sector-agroalimentario\/#breadcrumb","itemListElement":[{"@type":"ListItem","position":1,"name":"Inicio","item":"https:\/\/www.uaga.eus\/"},{"@type":"ListItem","position":2,"name":"El COPA-COGECA actualiza su informe sobre el impacto del Covid-19 en el\u00a0sector agroalimentario"}]},{"@type":"WebSite","@id":"https:\/\/www.uaga.eus\/#website","url":"https:\/\/www.uaga.eus\/","name":"UAGA","description":"Uni\u00f3n Agroganadera de \u00c1lava - Araba Nekazarien Elkartea","potentialAction":[{"@type":"SearchAction","target":{"@type":"EntryPoint","urlTemplate":"https:\/\/www.uaga.eus\/?s={search_term_string}"},"query-input":"required name=search_term_string"}],"inLanguage":"eu"},{"@type":"Person","@id":"https:\/\/www.uaga.eus\/#\/schema\/person\/48c3cbf0f33d1b788226dbb6518689cf","name":"Blanca S\u00e1nchez","image":{"@type":"ImageObject","inLanguage":"eu","@id":"https:\/\/www.uaga.eus\/#\/schema\/person\/image\/","url":"https:\/\/secure.gravatar.com\/avatar\/0dc91c20648254b1ce84877283f6751b?s=96&d=mm&r=g","contentUrl":"https:\/\/secure.gravatar.com\/avatar\/0dc91c20648254b1ce84877283f6751b?s=96&d=mm&r=g","caption":"Blanca S\u00e1nchez"},"url":"https:\/\/www.uaga.eus\/eu\/author\/bsanchez\/"}]}},"_links":{"self":[{"href":"https:\/\/www.uaga.eus\/eu\/wp-json\/wp\/v2\/posts\/7969"}],"collection":[{"href":"https:\/\/www.uaga.eus\/eu\/wp-json\/wp\/v2\/posts"}],"about":[{"href":"https:\/\/www.uaga.eus\/eu\/wp-json\/wp\/v2\/types\/post"}],"author":[{"embeddable":true,"href":"https:\/\/www.uaga.eus\/eu\/wp-json\/wp\/v2\/users\/4"}],"replies":[{"embeddable":true,"href":"https:\/\/www.uaga.eus\/eu\/wp-json\/wp\/v2\/comments?post=7969"}],"version-history":[{"count":3,"href":"https:\/\/www.uaga.eus\/eu\/wp-json\/wp\/v2\/posts\/7969\/revisions"}],"predecessor-version":[{"id":7985,"href":"https:\/\/www.uaga.eus\/eu\/wp-json\/wp\/v2\/posts\/7969\/revisions\/7985"}],"wp:featuredmedia":[{"embeddable":true,"href":"https:\/\/www.uaga.eus\/eu\/wp-json\/wp\/v2\/media\/7201"}],"wp:attachment":[{"href":"https:\/\/www.uaga.eus\/eu\/wp-json\/wp\/v2\/media?parent=7969"}],"wp:term":[{"taxonomy":"category","embeddable":true,"href":"https:\/\/www.uaga.eus\/eu\/wp-json\/wp\/v2\/categories?post=7969"},{"taxonomy":"post_tag","embeddable":true,"href":"https:\/\/www.uaga.eus\/eu\/wp-json\/wp\/v2\/tags?post=7969"}],"curies":[{"name":"wp","href":"https:\/\/api.w.org\/{rel}","templated":true}]}}