{"id":7956,"date":"2020-09-11T13:31:31","date_gmt":"2020-09-11T13:31:31","guid":{"rendered":"https:\/\/www.uaga.eus\/?p=7956"},"modified":"2020-09-11T13:31:31","modified_gmt":"2020-09-11T13:31:31","slug":"uaga-inicia-la-campana-de-temporerismo-en-vendimia-velando-por-la-seguridad-de-agricultores-y-personas-temporeras","status":"publish","type":"post","link":"https:\/\/www.uaga.eus\/eu\/uaga-inicia-la-campana-de-temporerismo-en-vendimia-velando-por-la-seguridad-de-agricultores-y-personas-temporeras\/","title":{"rendered":"UAGA inicia la campa\u00f1a de temporerismo en vendimia velando por la seguridad de agricultores y personas temporeras"},"content":{"rendered":"<p>En UAGA hemos comenzado esta semana la gesti\u00f3n de la contrataci\u00f3n de personas temporeras para la \u00a0campa\u00f1a de vendimia, abordando la actual complicada situaci\u00f3n sanitaria generada por el Covid19.<\/p>\n<p>Garantizamos el cumplimiento de todos los protocolos sanitarios exigidos por el Gobierno Vasco, incorpor\u00e1ndolos en nuestros procedimientos de actuaci\u00f3n, tanto en la atenci\u00f3n al colectivo de agricultores como al de personas temporeras, as\u00ed como en el desarrollo de las labores de recolecci\u00f3n.<\/p>\n<p>Para ello, priorizamos la atenci\u00f3n telef\u00f3nica y, en el caso de atenci\u00f3n presencial, garantizando las distancias de seguridad, as\u00ed como el uso de mascarillas y gel hidroalcoholico.<\/p>\n<p>As\u00ed mismo, se incidir\u00e1 especialmente en la formaci\u00f3n impartida al colectivo de personas temporeras y a los agricultores, sobre los protocolos de seguridad en el campo y los alojamientos en relaci\u00f3n al Covid-19.<\/p>\n<p>El <strong>horario de atenci\u00f3n de UAGA en Laguardia<\/strong> ser\u00e1 de lunes a s\u00e1bado, de 8 h. a 14 h., de manera presencial y telef\u00f3nica.<\/p>\n<p><strong>Por las tardes, y \u00fanicamente con cita previa<\/strong>, se atender\u00e1 de 14:30 h. \u00a0a 19 h. de lunes a viernes.<\/p>\n<p><strong>Los tel\u00e9fonos de atenci\u00f3n de UAGA para el servicio de temporerismo son los siguientes: 945 600 509,\u00a0\u00a0635 704 866 y 635 704 867.\u00a0<\/strong><\/p>\n<p>Por otro lado, el Gobierno Vasco\u00a0ha activado el tel\u00e9fono gratuito\u00a0<strong>900 101 400<\/strong>, \u00a0para atender todas las cuestiones relativas a temporerismo y la prevenci\u00f3n de la Covid-19 durante la campa\u00f1a de vendimia.<\/p>\n<p>Por otra parte, el Gobierno Vasco facilita la realizaci\u00f3n de <strong>pruebas PCR gratuitas a personas temporeras, agricultores y personal de bodega, de manera previa al inicio de la vendimia y siempre con CITA PREVIA<\/strong> llamando al tel\u00e9fono 900 101 400 \u00f3 a trav\u00e9s de <a href=\"https:\/\/bit.ly\/2FmYZR0\" target=\"_blank\" rel=\"noopener\" data-cke-saved-href=\"https:\/\/bit.ly\/2FmYZR0\">este cuestionario<\/a>.<\/p>\n<p>Adem\u00e1s, el Gobierno Vasco, junto con UAGA, pone a disposici\u00f3n de los agricultores una <strong>bolsa de personas temporeras para los casos en los que los trabajadores iniciales se hayan contagiado por Covid-19<\/strong>.<\/p>\n<p>+info GUSTAVO:\u00a0 635 704 865<\/p>\n","protected":false},"excerpt":{"rendered":"<p>En UAGA hemos comenzado esta semana la gesti\u00f3n de la contrataci\u00f3n de personas temporeras para la \u00a0campa\u00f1a de vendimia, abordando la actual complicada situaci\u00f3n sanitaria generada por el Covid19. Garantizamos el cumplimiento de todos los protocolos sanitarios exigidos por el Gobierno Vasco, incorpor\u00e1ndolos en nuestros procedimientos de actuaci\u00f3n, tanto en la atenci\u00f3n al colectivo de [&hellip;]<\/p>\n","protected":false},"author":4,"featured_media":7955,"comment_status":"closed","ping_status":"closed","sticky":false,"template":"","format":"standard","meta":{"footnotes":""},"categories":[7,111,9],"tags":[],"yoast_head":"<!-- This site is optimized with the Yoast SEO plugin v21.5 - https:\/\/yoast.com\/wordpress\/plugins\/seo\/ -->\n<title>UAGA inicia la campa\u00f1a de temporerismo en vendimia velando por la seguridad de agricultores y personas temporeras - UAGA<\/title>\n<meta name=\"robots\" content=\"index, follow, max-snippet:-1, max-image-preview:large, max-video-preview:-1\" \/>\n<link rel=\"canonical\" href=\"https:\/\/www.uaga.eus\/uaga-inicia-la-campana-de-temporerismo-en-vendimia-velando-por-la-seguridad-de-agricultores-y-personas-temporeras\/\" \/>\n<meta property=\"og:locale\" content=\"en_US\" \/>\n<meta property=\"og:type\" content=\"article\" \/>\n<meta property=\"og:title\" content=\"UAGA inicia la campa\u00f1a de temporerismo en vendimia velando por la seguridad de agricultores y personas temporeras - UAGA\" \/>\n<meta property=\"og:description\" content=\"En UAGA hemos comenzado esta semana la gesti\u00f3n de la contrataci\u00f3n de personas temporeras para la \u00a0campa\u00f1a de vendimia, abordando la actual complicada situaci\u00f3n sanitaria generada por el Covid19. Garantizamos el cumplimiento de todos los protocolos sanitarios exigidos por el Gobierno Vasco, incorpor\u00e1ndolos en nuestros procedimientos de actuaci\u00f3n, tanto en la atenci\u00f3n al colectivo de [&hellip;]\" \/>\n<meta property=\"og:url\" content=\"https:\/\/www.uaga.eus\/uaga-inicia-la-campana-de-temporerismo-en-vendimia-velando-por-la-seguridad-de-agricultores-y-personas-temporeras\/\" \/>\n<meta property=\"og:site_name\" content=\"UAGA\" \/>\n<meta property=\"article:published_time\" content=\"2020-09-11T13:31:31+00:00\" \/>\n<meta property=\"og:image\" content=\"https:\/\/www.uaga.eus\/wp-content\/uploads\/2020\/09\/Telefono-atencion-vendimia.jpg\" \/>\n\t<meta property=\"og:image:width\" content=\"650\" \/>\n\t<meta property=\"og:image:height\" content=\"243\" \/>\n\t<meta property=\"og:image:type\" content=\"image\/jpeg\" \/>\n<meta name=\"author\" content=\"Blanca S\u00e1nchez\" \/>\n<meta name=\"twitter:card\" content=\"summary_large_image\" \/>\n<meta name=\"twitter:label1\" content=\"Written by\" \/>\n\t<meta name=\"twitter:data1\" content=\"Blanca S\u00e1nchez\" \/>\n\t<meta name=\"twitter:label2\" content=\"Est. reading time\" \/>\n\t<meta name=\"twitter:data2\" content=\"2 minutua\" \/>\n<script type=\"application\/ld+json\" class=\"yoast-schema-graph\">{\"@context\":\"https:\/\/schema.org\",\"@graph\":[{\"@type\":\"WebPage\",\"@id\":\"https:\/\/www.uaga.eus\/uaga-inicia-la-campana-de-temporerismo-en-vendimia-velando-por-la-seguridad-de-agricultores-y-personas-temporeras\/\",\"url\":\"https:\/\/www.uaga.eus\/uaga-inicia-la-campana-de-temporerismo-en-vendimia-velando-por-la-seguridad-de-agricultores-y-personas-temporeras\/\",\"name\":\"UAGA inicia la campa\u00f1a de temporerismo en vendimia velando por la seguridad de agricultores y personas temporeras - UAGA\",\"isPartOf\":{\"@id\":\"https:\/\/www.uaga.eus\/#website\"},\"datePublished\":\"2020-09-11T13:31:31+00:00\",\"dateModified\":\"2020-09-11T13:31:31+00:00\",\"author\":{\"@id\":\"https:\/\/www.uaga.eus\/#\/schema\/person\/48c3cbf0f33d1b788226dbb6518689cf\"},\"breadcrumb\":{\"@id\":\"https:\/\/www.uaga.eus\/uaga-inicia-la-campana-de-temporerismo-en-vendimia-velando-por-la-seguridad-de-agricultores-y-personas-temporeras\/#breadcrumb\"},\"inLanguage\":\"eu\",\"potentialAction\":[{\"@type\":\"ReadAction\",\"target\":[\"https:\/\/www.uaga.eus\/uaga-inicia-la-campana-de-temporerismo-en-vendimia-velando-por-la-seguridad-de-agricultores-y-personas-temporeras\/\"]}]},{\"@type\":\"BreadcrumbList\",\"@id\":\"https:\/\/www.uaga.eus\/uaga-inicia-la-campana-de-temporerismo-en-vendimia-velando-por-la-seguridad-de-agricultores-y-personas-temporeras\/#breadcrumb\",\"itemListElement\":[{\"@type\":\"ListItem\",\"position\":1,\"name\":\"Inicio\",\"item\":\"https:\/\/www.uaga.eus\/\"},{\"@type\":\"ListItem\",\"position\":2,\"name\":\"UAGA inicia la campa\u00f1a de temporerismo en vendimia velando por la seguridad de agricultores y personas temporeras\"}]},{\"@type\":\"WebSite\",\"@id\":\"https:\/\/www.uaga.eus\/#website\",\"url\":\"https:\/\/www.uaga.eus\/\",\"name\":\"UAGA\",\"description\":\"Uni\u00f3n Agroganadera de \u00c1lava - Araba Nekazarien Elkartea\",\"potentialAction\":[{\"@type\":\"SearchAction\",\"target\":{\"@type\":\"EntryPoint\",\"urlTemplate\":\"https:\/\/www.uaga.eus\/?s={search_term_string}\"},\"query-input\":\"required name=search_term_string\"}],\"inLanguage\":\"eu\"},{\"@type\":\"Person\",\"@id\":\"https:\/\/www.uaga.eus\/#\/schema\/person\/48c3cbf0f33d1b788226dbb6518689cf\",\"name\":\"Blanca S\u00e1nchez\",\"image\":{\"@type\":\"ImageObject\",\"inLanguage\":\"eu\",\"@id\":\"https:\/\/www.uaga.eus\/#\/schema\/person\/image\/\",\"url\":\"https:\/\/secure.gravatar.com\/avatar\/0dc91c20648254b1ce84877283f6751b?s=96&d=mm&r=g\",\"contentUrl\":\"https:\/\/secure.gravatar.com\/avatar\/0dc91c20648254b1ce84877283f6751b?s=96&d=mm&r=g\",\"caption\":\"Blanca S\u00e1nchez\"},\"url\":\"https:\/\/www.uaga.eus\/eu\/author\/bsanchez\/\"}]}<\/script>\n<!-- \/ Yoast SEO plugin. -->","yoast_head_json":{"title":"UAGA inicia la campa\u00f1a de temporerismo en vendimia velando por la seguridad de agricultores y personas temporeras - UAGA","robots":{"index":"index","follow":"follow","max-snippet":"max-snippet:-1","max-image-preview":"max-image-preview:large","max-video-preview":"max-video-preview:-1"},"canonical":"https:\/\/www.uaga.eus\/uaga-inicia-la-campana-de-temporerismo-en-vendimia-velando-por-la-seguridad-de-agricultores-y-personas-temporeras\/","og_locale":"en_US","og_type":"article","og_title":"UAGA inicia la campa\u00f1a de temporerismo en vendimia velando por la seguridad de agricultores y personas temporeras - UAGA","og_description":"En UAGA hemos comenzado esta semana la gesti\u00f3n de la contrataci\u00f3n de personas temporeras para la \u00a0campa\u00f1a de vendimia, abordando la actual complicada situaci\u00f3n sanitaria generada por el Covid19. Garantizamos el cumplimiento de todos los protocolos sanitarios exigidos por el Gobierno Vasco, incorpor\u00e1ndolos en nuestros procedimientos de actuaci\u00f3n, tanto en la atenci\u00f3n al colectivo de [&hellip;]","og_url":"https:\/\/www.uaga.eus\/uaga-inicia-la-campana-de-temporerismo-en-vendimia-velando-por-la-seguridad-de-agricultores-y-personas-temporeras\/","og_site_name":"UAGA","article_published_time":"2020-09-11T13:31:31+00:00","og_image":[{"width":650,"height":243,"url":"https:\/\/www.uaga.eus\/wp-content\/uploads\/2020\/09\/Telefono-atencion-vendimia.jpg","type":"image\/jpeg"}],"author":"Blanca S\u00e1nchez","twitter_card":"summary_large_image","twitter_misc":{"Written by":"Blanca S\u00e1nchez","Est. reading time":"2 minutua"},"schema":{"@context":"https:\/\/schema.org","@graph":[{"@type":"WebPage","@id":"https:\/\/www.uaga.eus\/uaga-inicia-la-campana-de-temporerismo-en-vendimia-velando-por-la-seguridad-de-agricultores-y-personas-temporeras\/","url":"https:\/\/www.uaga.eus\/uaga-inicia-la-campana-de-temporerismo-en-vendimia-velando-por-la-seguridad-de-agricultores-y-personas-temporeras\/","name":"UAGA inicia la campa\u00f1a de temporerismo en vendimia velando por la seguridad de agricultores y personas temporeras - UAGA","isPartOf":{"@id":"https:\/\/www.uaga.eus\/#website"},"datePublished":"2020-09-11T13:31:31+00:00","dateModified":"2020-09-11T13:31:31+00:00","author":{"@id":"https:\/\/www.uaga.eus\/#\/schema\/person\/48c3cbf0f33d1b788226dbb6518689cf"},"breadcrumb":{"@id":"https:\/\/www.uaga.eus\/uaga-inicia-la-campana-de-temporerismo-en-vendimia-velando-por-la-seguridad-de-agricultores-y-personas-temporeras\/#breadcrumb"},"inLanguage":"eu","potentialAction":[{"@type":"ReadAction","target":["https:\/\/www.uaga.eus\/uaga-inicia-la-campana-de-temporerismo-en-vendimia-velando-por-la-seguridad-de-agricultores-y-personas-temporeras\/"]}]},{"@type":"BreadcrumbList","@id":"https:\/\/www.uaga.eus\/uaga-inicia-la-campana-de-temporerismo-en-vendimia-velando-por-la-seguridad-de-agricultores-y-personas-temporeras\/#breadcrumb","itemListElement":[{"@type":"ListItem","position":1,"name":"Inicio","item":"https:\/\/www.uaga.eus\/"},{"@type":"ListItem","position":2,"name":"UAGA inicia la campa\u00f1a de temporerismo en vendimia velando por la seguridad de agricultores y personas temporeras"}]},{"@type":"WebSite","@id":"https:\/\/www.uaga.eus\/#website","url":"https:\/\/www.uaga.eus\/","name":"UAGA","description":"Uni\u00f3n Agroganadera de \u00c1lava - Araba Nekazarien Elkartea","potentialAction":[{"@type":"SearchAction","target":{"@type":"EntryPoint","urlTemplate":"https:\/\/www.uaga.eus\/?s={search_term_string}"},"query-input":"required name=search_term_string"}],"inLanguage":"eu"},{"@type":"Person","@id":"https:\/\/www.uaga.eus\/#\/schema\/person\/48c3cbf0f33d1b788226dbb6518689cf","name":"Blanca S\u00e1nchez","image":{"@type":"ImageObject","inLanguage":"eu","@id":"https:\/\/www.uaga.eus\/#\/schema\/person\/image\/","url":"https:\/\/secure.gravatar.com\/avatar\/0dc91c20648254b1ce84877283f6751b?s=96&d=mm&r=g","contentUrl":"https:\/\/secure.gravatar.com\/avatar\/0dc91c20648254b1ce84877283f6751b?s=96&d=mm&r=g","caption":"Blanca S\u00e1nchez"},"url":"https:\/\/www.uaga.eus\/eu\/author\/bsanchez\/"}]}},"_links":{"self":[{"href":"https:\/\/www.uaga.eus\/eu\/wp-json\/wp\/v2\/posts\/7956"}],"collection":[{"href":"https:\/\/www.uaga.eus\/eu\/wp-json\/wp\/v2\/posts"}],"about":[{"href":"https:\/\/www.uaga.eus\/eu\/wp-json\/wp\/v2\/types\/post"}],"author":[{"embeddable":true,"href":"https:\/\/www.uaga.eus\/eu\/wp-json\/wp\/v2\/users\/4"}],"replies":[{"embeddable":true,"href":"https:\/\/www.uaga.eus\/eu\/wp-json\/wp\/v2\/comments?post=7956"}],"version-history":[{"count":2,"href":"https:\/\/www.uaga.eus\/eu\/wp-json\/wp\/v2\/posts\/7956\/revisions"}],"predecessor-version":[{"id":7958,"href":"https:\/\/www.uaga.eus\/eu\/wp-json\/wp\/v2\/posts\/7956\/revisions\/7958"}],"wp:featuredmedia":[{"embeddable":true,"href":"https:\/\/www.uaga.eus\/eu\/wp-json\/wp\/v2\/media\/7955"}],"wp:attachment":[{"href":"https:\/\/www.uaga.eus\/eu\/wp-json\/wp\/v2\/media?parent=7956"}],"wp:term":[{"taxonomy":"category","embeddable":true,"href":"https:\/\/www.uaga.eus\/eu\/wp-json\/wp\/v2\/categories?post=7956"},{"taxonomy":"post_tag","embeddable":true,"href":"https:\/\/www.uaga.eus\/eu\/wp-json\/wp\/v2\/tags?post=7956"}],"curies":[{"name":"wp","href":"https:\/\/api.w.org\/{rel}","templated":true}]}}