{"id":7945,"date":"2020-09-11T10:35:37","date_gmt":"2020-09-11T10:35:37","guid":{"rendered":"https:\/\/www.uaga.eus\/?p=7945"},"modified":"2020-09-11T12:00:09","modified_gmt":"2020-09-11T12:00:09","slug":"la-junta-del-sector-de-remolacha-de-uaga-se-reune-para-preparar-la-campana","status":"publish","type":"post","link":"https:\/\/www.uaga.eus\/eu\/la-junta-del-sector-de-remolacha-de-uaga-se-reune-para-preparar-la-campana\/","title":{"rendered":"La Junta del Sector de Remolacha de UAGA se re\u00fane para preparar la campa\u00f1a"},"content":{"rendered":"<p>La Junta del Sector de Remolacha de UAGA se ha reunido esta semana para preparar la campa\u00f1a que comienza este oto\u00f1o y avanzar otras cuestiones de cara al futuro del sector.<\/p>\n<p>En primer lugar, se va a solicitar una reuni\u00f3n al Gobierno Vasco para que informe de c\u00f3mo se van a implementar para esta campa\u00f1a las ayudas agroambientales: duraci\u00f3n de la pr\u00f3rroga (para una o dos campa\u00f1as), condiciones y cuant\u00eda econ\u00f3mica de las mismas.<br \/>\nTambi\u00e9n, se acord\u00f3 solicitar al Ministerio de Agricultura la ampliaci\u00f3n para una campa\u00f1a m\u00e1s del empleo de neonicotinoides en semilla. Si bien la autorizaci\u00f3n excepcional habilitada para la campa\u00f1a actual era la \u00faltima, la situaci\u00f3n del cultivo en Francia, con grandes p\u00e9rdidas de producci\u00f3n, ha hecho que el pa\u00eds vecino revise esta prohibici\u00f3n y se plantee una nueva autorizaci\u00f3n. Por ello, y para evitar que en nuestro territorio se produzcan esas p\u00e9rdidas de producci\u00f3n, desde UAGA, a trav\u00e9s de COAG, se va a solicitar una nueva autorizaci\u00f3n del uso de insecticidas neonicotinoides en semilla de remolacha.<\/p>\n<p>Respecto de la demanda de arbitraje por el incumplimiento del AMI, en el mes de julio tuvo lugar la audiencia en la que las partes (COAG-UPA y Azucarera) presentaron ante la \u00e1rbitro sus argumentos. Finalizado este tr\u00e1mite, parece ser que para el mes de noviembre se podr\u00e1 dictar el laudo con la resoluci\u00f3n que deber\u00e1n acatar ambas partes.<\/p>\n<p>Por \u00faltimo, la Junta de Remolacha de UAGA ha desarrollado los asuntos a tratar en la Asamblea Ordinaria del sector que tendr\u00eda lugar en el mes de octubre. Dadas las actuales circunstancias sanitarias que estamos viviendo, que no hacen posible celebrar la asamblea de manera presencial, enviaremos un dossier con la informaci\u00f3n completa a las explotaciones.<\/p>\n<p>+info YOLANDA:\u00a0 615 779 584<\/p>\n<hr \/>\n<p>&nbsp;<\/p>\n","protected":false},"excerpt":{"rendered":"<p>La Junta del Sector de Remolacha de UAGA se ha reunido esta semana para preparar la campa\u00f1a que comienza este oto\u00f1o y avanzar otras cuestiones de cara al futuro del sector. En primer lugar, se va a solicitar una reuni\u00f3n al Gobierno Vasco para que informe de c\u00f3mo se van a implementar para esta campa\u00f1a [&hellip;]<\/p>\n","protected":false},"author":4,"featured_media":2674,"comment_status":"closed","ping_status":"closed","sticky":false,"template":"","format":"standard","meta":{"footnotes":""},"categories":[7,3],"tags":[],"yoast_head":"<!-- This site is optimized with the Yoast SEO plugin v21.5 - https:\/\/yoast.com\/wordpress\/plugins\/seo\/ -->\n<title>La Junta del Sector de Remolacha de UAGA se re\u00fane para preparar la campa\u00f1a - UAGA<\/title>\n<meta name=\"robots\" content=\"index, follow, max-snippet:-1, max-image-preview:large, max-video-preview:-1\" \/>\n<link rel=\"canonical\" href=\"https:\/\/www.uaga.eus\/la-junta-del-sector-de-remolacha-de-uaga-se-reune-para-preparar-la-campana\/\" \/>\n<meta property=\"og:locale\" content=\"en_US\" \/>\n<meta property=\"og:type\" content=\"article\" \/>\n<meta property=\"og:title\" content=\"La Junta del Sector de Remolacha de UAGA se re\u00fane para preparar la campa\u00f1a - UAGA\" \/>\n<meta property=\"og:description\" content=\"La Junta del Sector de Remolacha de UAGA se ha reunido esta semana para preparar la campa\u00f1a que comienza este oto\u00f1o y avanzar otras cuestiones de cara al futuro del sector. En primer lugar, se va a solicitar una reuni\u00f3n al Gobierno Vasco para que informe de c\u00f3mo se van a implementar para esta campa\u00f1a [&hellip;]\" \/>\n<meta property=\"og:url\" content=\"https:\/\/www.uaga.eus\/la-junta-del-sector-de-remolacha-de-uaga-se-reune-para-preparar-la-campana\/\" \/>\n<meta property=\"og:site_name\" content=\"UAGA\" \/>\n<meta property=\"article:published_time\" content=\"2020-09-11T10:35:37+00:00\" \/>\n<meta property=\"article:modified_time\" content=\"2020-09-11T12:00:09+00:00\" \/>\n<meta property=\"og:image\" content=\"https:\/\/www.uaga.eus\/wp-content\/uploads\/2018\/04\/maquina-arrancando-remolacha.jpg\" \/>\n\t<meta property=\"og:image:width\" content=\"700\" \/>\n\t<meta property=\"og:image:height\" content=\"355\" \/>\n\t<meta property=\"og:image:type\" content=\"image\/jpeg\" \/>\n<meta name=\"author\" content=\"Blanca S\u00e1nchez\" \/>\n<meta name=\"twitter:card\" content=\"summary_large_image\" \/>\n<meta name=\"twitter:label1\" content=\"Written by\" \/>\n\t<meta name=\"twitter:data1\" content=\"Blanca S\u00e1nchez\" \/>\n\t<meta name=\"twitter:label2\" content=\"Est. reading time\" \/>\n\t<meta name=\"twitter:data2\" content=\"2 minutua\" \/>\n<script type=\"application\/ld+json\" class=\"yoast-schema-graph\">{\"@context\":\"https:\/\/schema.org\",\"@graph\":[{\"@type\":\"WebPage\",\"@id\":\"https:\/\/www.uaga.eus\/la-junta-del-sector-de-remolacha-de-uaga-se-reune-para-preparar-la-campana\/\",\"url\":\"https:\/\/www.uaga.eus\/la-junta-del-sector-de-remolacha-de-uaga-se-reune-para-preparar-la-campana\/\",\"name\":\"La Junta del Sector de Remolacha de UAGA se re\u00fane para preparar la campa\u00f1a - UAGA\",\"isPartOf\":{\"@id\":\"https:\/\/www.uaga.eus\/#website\"},\"datePublished\":\"2020-09-11T10:35:37+00:00\",\"dateModified\":\"2020-09-11T12:00:09+00:00\",\"author\":{\"@id\":\"https:\/\/www.uaga.eus\/#\/schema\/person\/48c3cbf0f33d1b788226dbb6518689cf\"},\"breadcrumb\":{\"@id\":\"https:\/\/www.uaga.eus\/la-junta-del-sector-de-remolacha-de-uaga-se-reune-para-preparar-la-campana\/#breadcrumb\"},\"inLanguage\":\"eu\",\"potentialAction\":[{\"@type\":\"ReadAction\",\"target\":[\"https:\/\/www.uaga.eus\/la-junta-del-sector-de-remolacha-de-uaga-se-reune-para-preparar-la-campana\/\"]}]},{\"@type\":\"BreadcrumbList\",\"@id\":\"https:\/\/www.uaga.eus\/la-junta-del-sector-de-remolacha-de-uaga-se-reune-para-preparar-la-campana\/#breadcrumb\",\"itemListElement\":[{\"@type\":\"ListItem\",\"position\":1,\"name\":\"Inicio\",\"item\":\"https:\/\/www.uaga.eus\/\"},{\"@type\":\"ListItem\",\"position\":2,\"name\":\"La Junta del Sector de Remolacha de UAGA se re\u00fane para preparar la campa\u00f1a\"}]},{\"@type\":\"WebSite\",\"@id\":\"https:\/\/www.uaga.eus\/#website\",\"url\":\"https:\/\/www.uaga.eus\/\",\"name\":\"UAGA\",\"description\":\"Uni\u00f3n Agroganadera de \u00c1lava - Araba Nekazarien Elkartea\",\"potentialAction\":[{\"@type\":\"SearchAction\",\"target\":{\"@type\":\"EntryPoint\",\"urlTemplate\":\"https:\/\/www.uaga.eus\/?s={search_term_string}\"},\"query-input\":\"required name=search_term_string\"}],\"inLanguage\":\"eu\"},{\"@type\":\"Person\",\"@id\":\"https:\/\/www.uaga.eus\/#\/schema\/person\/48c3cbf0f33d1b788226dbb6518689cf\",\"name\":\"Blanca S\u00e1nchez\",\"image\":{\"@type\":\"ImageObject\",\"inLanguage\":\"eu\",\"@id\":\"https:\/\/www.uaga.eus\/#\/schema\/person\/image\/\",\"url\":\"https:\/\/secure.gravatar.com\/avatar\/0dc91c20648254b1ce84877283f6751b?s=96&d=mm&r=g\",\"contentUrl\":\"https:\/\/secure.gravatar.com\/avatar\/0dc91c20648254b1ce84877283f6751b?s=96&d=mm&r=g\",\"caption\":\"Blanca S\u00e1nchez\"},\"url\":\"https:\/\/www.uaga.eus\/eu\/author\/bsanchez\/\"}]}<\/script>\n<!-- \/ Yoast SEO plugin. -->","yoast_head_json":{"title":"La Junta del Sector de Remolacha de UAGA se re\u00fane para preparar la campa\u00f1a - UAGA","robots":{"index":"index","follow":"follow","max-snippet":"max-snippet:-1","max-image-preview":"max-image-preview:large","max-video-preview":"max-video-preview:-1"},"canonical":"https:\/\/www.uaga.eus\/la-junta-del-sector-de-remolacha-de-uaga-se-reune-para-preparar-la-campana\/","og_locale":"en_US","og_type":"article","og_title":"La Junta del Sector de Remolacha de UAGA se re\u00fane para preparar la campa\u00f1a - UAGA","og_description":"La Junta del Sector de Remolacha de UAGA se ha reunido esta semana para preparar la campa\u00f1a que comienza este oto\u00f1o y avanzar otras cuestiones de cara al futuro del sector. En primer lugar, se va a solicitar una reuni\u00f3n al Gobierno Vasco para que informe de c\u00f3mo se van a implementar para esta campa\u00f1a [&hellip;]","og_url":"https:\/\/www.uaga.eus\/la-junta-del-sector-de-remolacha-de-uaga-se-reune-para-preparar-la-campana\/","og_site_name":"UAGA","article_published_time":"2020-09-11T10:35:37+00:00","article_modified_time":"2020-09-11T12:00:09+00:00","og_image":[{"width":700,"height":355,"url":"https:\/\/www.uaga.eus\/wp-content\/uploads\/2018\/04\/maquina-arrancando-remolacha.jpg","type":"image\/jpeg"}],"author":"Blanca S\u00e1nchez","twitter_card":"summary_large_image","twitter_misc":{"Written by":"Blanca S\u00e1nchez","Est. reading time":"2 minutua"},"schema":{"@context":"https:\/\/schema.org","@graph":[{"@type":"WebPage","@id":"https:\/\/www.uaga.eus\/la-junta-del-sector-de-remolacha-de-uaga-se-reune-para-preparar-la-campana\/","url":"https:\/\/www.uaga.eus\/la-junta-del-sector-de-remolacha-de-uaga-se-reune-para-preparar-la-campana\/","name":"La Junta del Sector de Remolacha de UAGA se re\u00fane para preparar la campa\u00f1a - UAGA","isPartOf":{"@id":"https:\/\/www.uaga.eus\/#website"},"datePublished":"2020-09-11T10:35:37+00:00","dateModified":"2020-09-11T12:00:09+00:00","author":{"@id":"https:\/\/www.uaga.eus\/#\/schema\/person\/48c3cbf0f33d1b788226dbb6518689cf"},"breadcrumb":{"@id":"https:\/\/www.uaga.eus\/la-junta-del-sector-de-remolacha-de-uaga-se-reune-para-preparar-la-campana\/#breadcrumb"},"inLanguage":"eu","potentialAction":[{"@type":"ReadAction","target":["https:\/\/www.uaga.eus\/la-junta-del-sector-de-remolacha-de-uaga-se-reune-para-preparar-la-campana\/"]}]},{"@type":"BreadcrumbList","@id":"https:\/\/www.uaga.eus\/la-junta-del-sector-de-remolacha-de-uaga-se-reune-para-preparar-la-campana\/#breadcrumb","itemListElement":[{"@type":"ListItem","position":1,"name":"Inicio","item":"https:\/\/www.uaga.eus\/"},{"@type":"ListItem","position":2,"name":"La Junta del Sector de Remolacha de UAGA se re\u00fane para preparar la campa\u00f1a"}]},{"@type":"WebSite","@id":"https:\/\/www.uaga.eus\/#website","url":"https:\/\/www.uaga.eus\/","name":"UAGA","description":"Uni\u00f3n Agroganadera de \u00c1lava - Araba Nekazarien Elkartea","potentialAction":[{"@type":"SearchAction","target":{"@type":"EntryPoint","urlTemplate":"https:\/\/www.uaga.eus\/?s={search_term_string}"},"query-input":"required name=search_term_string"}],"inLanguage":"eu"},{"@type":"Person","@id":"https:\/\/www.uaga.eus\/#\/schema\/person\/48c3cbf0f33d1b788226dbb6518689cf","name":"Blanca S\u00e1nchez","image":{"@type":"ImageObject","inLanguage":"eu","@id":"https:\/\/www.uaga.eus\/#\/schema\/person\/image\/","url":"https:\/\/secure.gravatar.com\/avatar\/0dc91c20648254b1ce84877283f6751b?s=96&d=mm&r=g","contentUrl":"https:\/\/secure.gravatar.com\/avatar\/0dc91c20648254b1ce84877283f6751b?s=96&d=mm&r=g","caption":"Blanca S\u00e1nchez"},"url":"https:\/\/www.uaga.eus\/eu\/author\/bsanchez\/"}]}},"_links":{"self":[{"href":"https:\/\/www.uaga.eus\/eu\/wp-json\/wp\/v2\/posts\/7945"}],"collection":[{"href":"https:\/\/www.uaga.eus\/eu\/wp-json\/wp\/v2\/posts"}],"about":[{"href":"https:\/\/www.uaga.eus\/eu\/wp-json\/wp\/v2\/types\/post"}],"author":[{"embeddable":true,"href":"https:\/\/www.uaga.eus\/eu\/wp-json\/wp\/v2\/users\/4"}],"replies":[{"embeddable":true,"href":"https:\/\/www.uaga.eus\/eu\/wp-json\/wp\/v2\/comments?post=7945"}],"version-history":[{"count":2,"href":"https:\/\/www.uaga.eus\/eu\/wp-json\/wp\/v2\/posts\/7945\/revisions"}],"predecessor-version":[{"id":7952,"href":"https:\/\/www.uaga.eus\/eu\/wp-json\/wp\/v2\/posts\/7945\/revisions\/7952"}],"wp:featuredmedia":[{"embeddable":true,"href":"https:\/\/www.uaga.eus\/eu\/wp-json\/wp\/v2\/media\/2674"}],"wp:attachment":[{"href":"https:\/\/www.uaga.eus\/eu\/wp-json\/wp\/v2\/media?parent=7945"}],"wp:term":[{"taxonomy":"category","embeddable":true,"href":"https:\/\/www.uaga.eus\/eu\/wp-json\/wp\/v2\/categories?post=7945"},{"taxonomy":"post_tag","embeddable":true,"href":"https:\/\/www.uaga.eus\/eu\/wp-json\/wp\/v2\/tags?post=7945"}],"curies":[{"name":"wp","href":"https:\/\/api.w.org\/{rel}","templated":true}]}}