{"id":7919,"date":"2020-09-04T13:07:24","date_gmt":"2020-09-04T13:07:24","guid":{"rendered":"https:\/\/www.uaga.eus\/?p=7919"},"modified":"2020-09-04T13:07:24","modified_gmt":"2020-09-04T13:07:24","slug":"gobierno-vasco-declara-dos-nuevas-zonas-vulnerables-a-la-contaminacion-de-las-aguas-por-nitratos-en-las-areas-de-zambrana-y-lezinana","status":"publish","type":"post","link":"https:\/\/www.uaga.eus\/eu\/gobierno-vasco-declara-dos-nuevas-zonas-vulnerables-a-la-contaminacion-de-las-aguas-por-nitratos-en-las-areas-de-zambrana-y-lezinana\/","title":{"rendered":"Gobierno Vasco declara dos nuevas zonas vulnerables a la contaminaci\u00f3n de las aguas por nitratos en las \u00e1reas de Zambrana y Lezi\u00f1ana"},"content":{"rendered":"<p>El Gobierno Vasco ha publicado la Orden por la que se declaran dos\u00a0nuevas \u00e1reas como zonas vulnerables para la protecci\u00f3n de las aguas contra la contaminaci\u00f3n producida por nitratos procedente de fuentes agrarias. Se trata de las \u00e1reas denominadas: sector Zambrana, de la masa de agua subterr\u00e1nea Aluvial de Miranda, y el sector Lezi\u00f1ana de la masa de agua subterr\u00e1nea Sinclinal de Trevi\u00f1o (se puede consultar la delimitaci\u00f3n cartogr\u00e1fica de ambos sectores <a href=\"https:\/\/www.geo.euskadi.eus\/zonas-vulnerables\/s69-geobopv\/es\/\" target=\"_blank\" rel=\"noopener\" data-cke-saved-href=\"https:\/\/www.geo.euskadi.eus\/zonas-vulnerables\/s69-geobopv\/es\/\">aqu\u00ed<\/a>)<\/p>\n<p>La declaraci\u00f3n de zona vulnerable conlleva el cumplimiento de una serie de restricciones a la hora del abonado en cada cultivo teniendo en cuenta adem\u00e1s el cultivo en la campa\u00f1a anterior en dicha parcela. Dichas condiciones se definen en el Plan de Actuaci\u00f3n de zonas vulnerables, recogido en la <a href=\"https:\/\/www.euskadi.eus\/y22-bopv\/es\/bopv2\/datos\/2008\/12\/0806748a.pdf\" target=\"_blank\" rel=\"noopener\" data-cke-saved-href=\"https:\/\/www.euskadi.eus\/y22-bopv\/es\/bopv2\/datos\/2008\/12\/0806748a.pdf\">Orden de 15 de octubre de 2008<\/a>, modificada por la <a href=\"https:\/\/www.euskadi.eus\/bopv2\/datos\/2009\/11\/0906146a.pdf\" target=\"_blank\" rel=\"noopener\" data-cke-saved-href=\"https:\/\/www.euskadi.eus\/bopv2\/datos\/2009\/11\/0906146a.pdf\">Orden de 2 de noviembre de 2009<\/a>.<\/p>\n<p>Por tanto, para la pr\u00f3xima campa\u00f1a de siembras y cultivos ser\u00e1 de aplicaci\u00f3n en ambas \u00e1reas el Plan de Actuaci\u00f3n de zonas vulnerables.<\/p>\n<p>La orden tambi\u00e9n amplia la zona vulnerable Sector Occidental-Foronda I y II de la Unidad Hidrogeol\u00f3gica Vitoria-Gasteiz, que pasa a denominarse Sector Occidental de la masa de agua subterr\u00e1nea Aluvial de Vitoria.<\/p>\n<p>Adem\u00e1s, mediante esta orden se procede asimismo a revisar los nombres de las zonas vulnerables declaradas con el fin de adecuarlos a la denominaci\u00f3n de las masas de agua contenida en el Plan Hidrol\u00f3gico de la parte espa\u00f1ola de la Demarcaci\u00f3n Hidrogr\u00e1fica del Ebro 2015-2021.<\/p>\n<p>+info\u00a0YOLANDA: 615 779 584<\/p>\n<hr \/>\n<p><br data-cke-eol=\"1\" \/><\/p>","protected":false},"excerpt":{"rendered":"<p>El Gobierno Vasco ha publicado la Orden por la que se declaran dos\u00a0nuevas \u00e1reas como zonas vulnerables para la protecci\u00f3n de las aguas contra la contaminaci\u00f3n producida por nitratos procedente de fuentes agrarias. Se trata de las \u00e1reas denominadas: sector Zambrana, de la masa de agua subterr\u00e1nea Aluvial de Miranda, y el sector Lezi\u00f1ana de [&hellip;]<\/p>\n","protected":false},"author":4,"featured_media":7920,"comment_status":"closed","ping_status":"closed","sticky":false,"template":"","format":"standard","meta":{"footnotes":""},"categories":[7,11],"tags":[],"yoast_head":"<!-- This site is optimized with the Yoast SEO plugin v21.5 - https:\/\/yoast.com\/wordpress\/plugins\/seo\/ -->\n<title>Gobierno Vasco declara dos nuevas zonas vulnerables a la contaminaci\u00f3n de las aguas por nitratos en las \u00e1reas de Zambrana y Lezi\u00f1ana - UAGA<\/title>\n<meta name=\"robots\" content=\"index, follow, max-snippet:-1, max-image-preview:large, max-video-preview:-1\" \/>\n<link rel=\"canonical\" href=\"https:\/\/www.uaga.eus\/gobierno-vasco-declara-dos-nuevas-zonas-vulnerables-a-la-contaminacion-de-las-aguas-por-nitratos-en-las-areas-de-zambrana-y-lezinana\/\" \/>\n<meta property=\"og:locale\" content=\"en_US\" \/>\n<meta property=\"og:type\" content=\"article\" \/>\n<meta property=\"og:title\" content=\"Gobierno Vasco declara dos nuevas zonas vulnerables a la contaminaci\u00f3n de las aguas por nitratos en las \u00e1reas de Zambrana y Lezi\u00f1ana - UAGA\" \/>\n<meta property=\"og:description\" content=\"El Gobierno Vasco ha publicado la Orden por la que se declaran dos\u00a0nuevas \u00e1reas como zonas vulnerables para la protecci\u00f3n de las aguas contra la contaminaci\u00f3n producida por nitratos procedente de fuentes agrarias. Se trata de las \u00e1reas denominadas: sector Zambrana, de la masa de agua subterr\u00e1nea Aluvial de Miranda, y el sector Lezi\u00f1ana de [&hellip;]\" \/>\n<meta property=\"og:url\" content=\"https:\/\/www.uaga.eus\/gobierno-vasco-declara-dos-nuevas-zonas-vulnerables-a-la-contaminacion-de-las-aguas-por-nitratos-en-las-areas-de-zambrana-y-lezinana\/\" \/>\n<meta property=\"og:site_name\" content=\"UAGA\" \/>\n<meta property=\"article:published_time\" content=\"2020-09-04T13:07:24+00:00\" \/>\n<meta property=\"og:image\" content=\"https:\/\/www.uaga.eus\/wp-content\/uploads\/2020\/09\/REMOLACHA-REGANDO-e1599224823728.jpg\" \/>\n\t<meta property=\"og:image:width\" content=\"700\" \/>\n\t<meta property=\"og:image:height\" content=\"399\" \/>\n\t<meta property=\"og:image:type\" content=\"image\/jpeg\" \/>\n<meta name=\"author\" content=\"Blanca S\u00e1nchez\" \/>\n<meta name=\"twitter:card\" content=\"summary_large_image\" \/>\n<meta name=\"twitter:label1\" content=\"Written by\" \/>\n\t<meta name=\"twitter:data1\" content=\"Blanca S\u00e1nchez\" \/>\n\t<meta name=\"twitter:label2\" content=\"Est. reading time\" \/>\n\t<meta name=\"twitter:data2\" content=\"3 minutua\" \/>\n<script type=\"application\/ld+json\" class=\"yoast-schema-graph\">{\"@context\":\"https:\/\/schema.org\",\"@graph\":[{\"@type\":\"WebPage\",\"@id\":\"https:\/\/www.uaga.eus\/gobierno-vasco-declara-dos-nuevas-zonas-vulnerables-a-la-contaminacion-de-las-aguas-por-nitratos-en-las-areas-de-zambrana-y-lezinana\/\",\"url\":\"https:\/\/www.uaga.eus\/gobierno-vasco-declara-dos-nuevas-zonas-vulnerables-a-la-contaminacion-de-las-aguas-por-nitratos-en-las-areas-de-zambrana-y-lezinana\/\",\"name\":\"Gobierno Vasco declara dos nuevas zonas vulnerables a la contaminaci\u00f3n de las aguas por nitratos en las \u00e1reas de Zambrana y Lezi\u00f1ana - UAGA\",\"isPartOf\":{\"@id\":\"https:\/\/www.uaga.eus\/#website\"},\"datePublished\":\"2020-09-04T13:07:24+00:00\",\"dateModified\":\"2020-09-04T13:07:24+00:00\",\"author\":{\"@id\":\"https:\/\/www.uaga.eus\/#\/schema\/person\/48c3cbf0f33d1b788226dbb6518689cf\"},\"breadcrumb\":{\"@id\":\"https:\/\/www.uaga.eus\/gobierno-vasco-declara-dos-nuevas-zonas-vulnerables-a-la-contaminacion-de-las-aguas-por-nitratos-en-las-areas-de-zambrana-y-lezinana\/#breadcrumb\"},\"inLanguage\":\"eu\",\"potentialAction\":[{\"@type\":\"ReadAction\",\"target\":[\"https:\/\/www.uaga.eus\/gobierno-vasco-declara-dos-nuevas-zonas-vulnerables-a-la-contaminacion-de-las-aguas-por-nitratos-en-las-areas-de-zambrana-y-lezinana\/\"]}]},{\"@type\":\"BreadcrumbList\",\"@id\":\"https:\/\/www.uaga.eus\/gobierno-vasco-declara-dos-nuevas-zonas-vulnerables-a-la-contaminacion-de-las-aguas-por-nitratos-en-las-areas-de-zambrana-y-lezinana\/#breadcrumb\",\"itemListElement\":[{\"@type\":\"ListItem\",\"position\":1,\"name\":\"Inicio\",\"item\":\"https:\/\/www.uaga.eus\/\"},{\"@type\":\"ListItem\",\"position\":2,\"name\":\"Gobierno Vasco declara dos nuevas zonas vulnerables a la contaminaci\u00f3n de las aguas por nitratos en las \u00e1reas de Zambrana y Lezi\u00f1ana\"}]},{\"@type\":\"WebSite\",\"@id\":\"https:\/\/www.uaga.eus\/#website\",\"url\":\"https:\/\/www.uaga.eus\/\",\"name\":\"UAGA\",\"description\":\"Uni\u00f3n Agroganadera de \u00c1lava - Araba Nekazarien Elkartea\",\"potentialAction\":[{\"@type\":\"SearchAction\",\"target\":{\"@type\":\"EntryPoint\",\"urlTemplate\":\"https:\/\/www.uaga.eus\/?s={search_term_string}\"},\"query-input\":\"required name=search_term_string\"}],\"inLanguage\":\"eu\"},{\"@type\":\"Person\",\"@id\":\"https:\/\/www.uaga.eus\/#\/schema\/person\/48c3cbf0f33d1b788226dbb6518689cf\",\"name\":\"Blanca S\u00e1nchez\",\"image\":{\"@type\":\"ImageObject\",\"inLanguage\":\"eu\",\"@id\":\"https:\/\/www.uaga.eus\/#\/schema\/person\/image\/\",\"url\":\"https:\/\/secure.gravatar.com\/avatar\/0dc91c20648254b1ce84877283f6751b?s=96&d=mm&r=g\",\"contentUrl\":\"https:\/\/secure.gravatar.com\/avatar\/0dc91c20648254b1ce84877283f6751b?s=96&d=mm&r=g\",\"caption\":\"Blanca S\u00e1nchez\"},\"url\":\"https:\/\/www.uaga.eus\/eu\/author\/bsanchez\/\"}]}<\/script>\n<!-- \/ Yoast SEO plugin. -->","yoast_head_json":{"title":"Gobierno Vasco declara dos nuevas zonas vulnerables a la contaminaci\u00f3n de las aguas por nitratos en las \u00e1reas de Zambrana y Lezi\u00f1ana - UAGA","robots":{"index":"index","follow":"follow","max-snippet":"max-snippet:-1","max-image-preview":"max-image-preview:large","max-video-preview":"max-video-preview:-1"},"canonical":"https:\/\/www.uaga.eus\/gobierno-vasco-declara-dos-nuevas-zonas-vulnerables-a-la-contaminacion-de-las-aguas-por-nitratos-en-las-areas-de-zambrana-y-lezinana\/","og_locale":"en_US","og_type":"article","og_title":"Gobierno Vasco declara dos nuevas zonas vulnerables a la contaminaci\u00f3n de las aguas por nitratos en las \u00e1reas de Zambrana y Lezi\u00f1ana - UAGA","og_description":"El Gobierno Vasco ha publicado la Orden por la que se declaran dos\u00a0nuevas \u00e1reas como zonas vulnerables para la protecci\u00f3n de las aguas contra la contaminaci\u00f3n producida por nitratos procedente de fuentes agrarias. Se trata de las \u00e1reas denominadas: sector Zambrana, de la masa de agua subterr\u00e1nea Aluvial de Miranda, y el sector Lezi\u00f1ana de [&hellip;]","og_url":"https:\/\/www.uaga.eus\/gobierno-vasco-declara-dos-nuevas-zonas-vulnerables-a-la-contaminacion-de-las-aguas-por-nitratos-en-las-areas-de-zambrana-y-lezinana\/","og_site_name":"UAGA","article_published_time":"2020-09-04T13:07:24+00:00","og_image":[{"width":700,"height":399,"url":"https:\/\/www.uaga.eus\/wp-content\/uploads\/2020\/09\/REMOLACHA-REGANDO-e1599224823728.jpg","type":"image\/jpeg"}],"author":"Blanca S\u00e1nchez","twitter_card":"summary_large_image","twitter_misc":{"Written by":"Blanca S\u00e1nchez","Est. reading time":"3 minutua"},"schema":{"@context":"https:\/\/schema.org","@graph":[{"@type":"WebPage","@id":"https:\/\/www.uaga.eus\/gobierno-vasco-declara-dos-nuevas-zonas-vulnerables-a-la-contaminacion-de-las-aguas-por-nitratos-en-las-areas-de-zambrana-y-lezinana\/","url":"https:\/\/www.uaga.eus\/gobierno-vasco-declara-dos-nuevas-zonas-vulnerables-a-la-contaminacion-de-las-aguas-por-nitratos-en-las-areas-de-zambrana-y-lezinana\/","name":"Gobierno Vasco declara dos nuevas zonas vulnerables a la contaminaci\u00f3n de las aguas por nitratos en las \u00e1reas de Zambrana y Lezi\u00f1ana - UAGA","isPartOf":{"@id":"https:\/\/www.uaga.eus\/#website"},"datePublished":"2020-09-04T13:07:24+00:00","dateModified":"2020-09-04T13:07:24+00:00","author":{"@id":"https:\/\/www.uaga.eus\/#\/schema\/person\/48c3cbf0f33d1b788226dbb6518689cf"},"breadcrumb":{"@id":"https:\/\/www.uaga.eus\/gobierno-vasco-declara-dos-nuevas-zonas-vulnerables-a-la-contaminacion-de-las-aguas-por-nitratos-en-las-areas-de-zambrana-y-lezinana\/#breadcrumb"},"inLanguage":"eu","potentialAction":[{"@type":"ReadAction","target":["https:\/\/www.uaga.eus\/gobierno-vasco-declara-dos-nuevas-zonas-vulnerables-a-la-contaminacion-de-las-aguas-por-nitratos-en-las-areas-de-zambrana-y-lezinana\/"]}]},{"@type":"BreadcrumbList","@id":"https:\/\/www.uaga.eus\/gobierno-vasco-declara-dos-nuevas-zonas-vulnerables-a-la-contaminacion-de-las-aguas-por-nitratos-en-las-areas-de-zambrana-y-lezinana\/#breadcrumb","itemListElement":[{"@type":"ListItem","position":1,"name":"Inicio","item":"https:\/\/www.uaga.eus\/"},{"@type":"ListItem","position":2,"name":"Gobierno Vasco declara dos nuevas zonas vulnerables a la contaminaci\u00f3n de las aguas por nitratos en las \u00e1reas de Zambrana y Lezi\u00f1ana"}]},{"@type":"WebSite","@id":"https:\/\/www.uaga.eus\/#website","url":"https:\/\/www.uaga.eus\/","name":"UAGA","description":"Uni\u00f3n Agroganadera de \u00c1lava - Araba Nekazarien Elkartea","potentialAction":[{"@type":"SearchAction","target":{"@type":"EntryPoint","urlTemplate":"https:\/\/www.uaga.eus\/?s={search_term_string}"},"query-input":"required name=search_term_string"}],"inLanguage":"eu"},{"@type":"Person","@id":"https:\/\/www.uaga.eus\/#\/schema\/person\/48c3cbf0f33d1b788226dbb6518689cf","name":"Blanca S\u00e1nchez","image":{"@type":"ImageObject","inLanguage":"eu","@id":"https:\/\/www.uaga.eus\/#\/schema\/person\/image\/","url":"https:\/\/secure.gravatar.com\/avatar\/0dc91c20648254b1ce84877283f6751b?s=96&d=mm&r=g","contentUrl":"https:\/\/secure.gravatar.com\/avatar\/0dc91c20648254b1ce84877283f6751b?s=96&d=mm&r=g","caption":"Blanca S\u00e1nchez"},"url":"https:\/\/www.uaga.eus\/eu\/author\/bsanchez\/"}]}},"_links":{"self":[{"href":"https:\/\/www.uaga.eus\/eu\/wp-json\/wp\/v2\/posts\/7919"}],"collection":[{"href":"https:\/\/www.uaga.eus\/eu\/wp-json\/wp\/v2\/posts"}],"about":[{"href":"https:\/\/www.uaga.eus\/eu\/wp-json\/wp\/v2\/types\/post"}],"author":[{"embeddable":true,"href":"https:\/\/www.uaga.eus\/eu\/wp-json\/wp\/v2\/users\/4"}],"replies":[{"embeddable":true,"href":"https:\/\/www.uaga.eus\/eu\/wp-json\/wp\/v2\/comments?post=7919"}],"version-history":[{"count":1,"href":"https:\/\/www.uaga.eus\/eu\/wp-json\/wp\/v2\/posts\/7919\/revisions"}],"predecessor-version":[{"id":7921,"href":"https:\/\/www.uaga.eus\/eu\/wp-json\/wp\/v2\/posts\/7919\/revisions\/7921"}],"wp:featuredmedia":[{"embeddable":true,"href":"https:\/\/www.uaga.eus\/eu\/wp-json\/wp\/v2\/media\/7920"}],"wp:attachment":[{"href":"https:\/\/www.uaga.eus\/eu\/wp-json\/wp\/v2\/media?parent=7919"}],"wp:term":[{"taxonomy":"category","embeddable":true,"href":"https:\/\/www.uaga.eus\/eu\/wp-json\/wp\/v2\/categories?post=7919"},{"taxonomy":"post_tag","embeddable":true,"href":"https:\/\/www.uaga.eus\/eu\/wp-json\/wp\/v2\/tags?post=7919"}],"curies":[{"name":"wp","href":"https:\/\/api.w.org\/{rel}","templated":true}]}}