{"id":7907,"date":"2020-09-04T12:56:22","date_gmt":"2020-09-04T12:56:22","guid":{"rendered":"https:\/\/www.uaga.eus\/?p=7907"},"modified":"2020-09-04T12:56:22","modified_gmt":"2020-09-04T12:56:22","slug":"uaga-recuerda-los-horarios-de-atencion-preferentemente-telefonica-y-de-la-necesidad-de-concertar-cita-previa-para-otros-asuntos","status":"publish","type":"post","link":"https:\/\/www.uaga.eus\/eu\/uaga-recuerda-los-horarios-de-atencion-preferentemente-telefonica-y-de-la-necesidad-de-concertar-cita-previa-para-otros-asuntos\/","title":{"rendered":"UAGA recuerda los horarios de atenci\u00f3n, preferentemente telef\u00f3nica,  y de la necesidad de concertar cita previa para otros asuntos"},"content":{"rendered":"<p>Debido a la situaci\u00f3n sanitaria que estamos viviendo y con el fin de preservar la salud de todos, en UAGA continuamos\u00a0<strong>priorizando la atenci\u00f3n telef\u00f3nica y la atenci\u00f3n presencial ser\u00e1 mediante CITA PREVIA<\/strong>.<\/p>\n<p><strong>El horario de atenci\u00f3n telef\u00f3nica ser\u00e1 de 9 h. a 14 h., de lunes a viernes.<\/strong><\/p>\n<p>Para cualquier asunto, puedes contactar por tel\u00e9fono con las siguientes personas, T\u00e9cnicos de UAGA, seg\u00fan el \u00e1rea o sector a que se refiera tu consulta:<\/p>\n<p>\u2022\u00a0\u00a0 \u00a0GANADER\u00cdA:\u00a0 \u00a0 \u00a0 \u00a0 \u00a0 \u00a0 \u00a0 \u00a0Sugoi \u00a0 \u00a0 \u00a0 \u00a0 \u00a0 \u00a0 \u00a0 (675 707 696)<br \/>\n\u2022\u00a0\u00a0 \u00a0MAIZ:\u00a0 \u00a0 \u00a0 \u00a0 \u00a0 \u00a0 \u00a0 \u00a0 \u00a0 \u00a0 \u00a0 \u00a0 \u00a0 \u00a0 Sugoi \u00a0 \u00a0 \u00a0 \u00a0 \u00a0 \u00a0 \u00a0 (675 707 696)<br \/>\n\u2022\u00a0\u00a0 \u00a0REMOLACHA:\u00a0 \u00a0 \u00a0 \u00a0 \u00a0 \u00a0 \u00a0 Yolanda \u00a0 \u00a0 \u00a0 \u00a0 \u00a0 (615 779 584)<br \/>\n\u2022\u00a0\u00a0 \u00a0VITIVIN\u00cdCOLA:\u00a0 \u00a0 \u00a0 \u00a0 \u00a0 \u00a0 \u00a0 Nuria \u00a0 \u00a0 \u00a0 \u00a0 \u00a0 \u00a0 \u00a0 \u00a0(661 595 811)<br \/>\n\u2022\u00a0\u00a0 \u00a0TEMPORERISMO:\u00a0 \u00a0 \u00a0 \u00a0 Nuria \u00a0 \u00a0 \u00a0 \u00a0 \u00a0 \u00a0 \u00a0 \u00a0(661 595 811) \u00a0\/ \u00a0Soiartze (635 704 867)<br \/>\n\u2022\u00a0\u00a0 \u00a0OTROS:\u00a0 \u00a0 \u00a0 \u00a0 \u00a0 \u00a0 \u00a0 \u00a0 \u00a0 \u00a0 \u00a0 \u00a0 Blanca \u00a0 \u00a0 \u00a0 \u00a0 \u00a0 \u00a0 \u00a0(628 412 202)<\/p>\n","protected":false},"excerpt":{"rendered":"<p>Debido a la situaci\u00f3n sanitaria que estamos viviendo y con el fin de preservar la salud de todos, en UAGA continuamos\u00a0priorizando la atenci\u00f3n telef\u00f3nica y la atenci\u00f3n presencial ser\u00e1 mediante CITA PREVIA. El horario de atenci\u00f3n telef\u00f3nica ser\u00e1 de 9 h. a 14 h., de lunes a viernes. Para cualquier asunto, puedes contactar por tel\u00e9fono [&hellip;]<\/p>\n","protected":false},"author":4,"featured_media":4226,"comment_status":"closed","ping_status":"closed","sticky":false,"template":"","format":"standard","meta":{"footnotes":""},"categories":[3],"tags":[],"yoast_head":"<!-- This site is optimized with the Yoast SEO plugin v21.5 - https:\/\/yoast.com\/wordpress\/plugins\/seo\/ -->\n<title>UAGA recuerda los horarios de atenci\u00f3n, preferentemente telef\u00f3nica, y de la necesidad de concertar cita previa para otros asuntos - UAGA<\/title>\n<meta name=\"robots\" content=\"index, follow, max-snippet:-1, max-image-preview:large, max-video-preview:-1\" \/>\n<link rel=\"canonical\" href=\"https:\/\/www.uaga.eus\/uaga-recuerda-los-horarios-de-atencion-preferentemente-telefonica-y-de-la-necesidad-de-concertar-cita-previa-para-otros-asuntos\/\" \/>\n<meta property=\"og:locale\" content=\"en_US\" \/>\n<meta property=\"og:type\" content=\"article\" \/>\n<meta property=\"og:title\" content=\"UAGA recuerda los horarios de atenci\u00f3n, preferentemente telef\u00f3nica, y de la necesidad de concertar cita previa para otros asuntos - UAGA\" \/>\n<meta property=\"og:description\" content=\"Debido a la situaci\u00f3n sanitaria que estamos viviendo y con el fin de preservar la salud de todos, en UAGA continuamos\u00a0priorizando la atenci\u00f3n telef\u00f3nica y la atenci\u00f3n presencial ser\u00e1 mediante CITA PREVIA. El horario de atenci\u00f3n telef\u00f3nica ser\u00e1 de 9 h. a 14 h., de lunes a viernes. Para cualquier asunto, puedes contactar por tel\u00e9fono [&hellip;]\" \/>\n<meta property=\"og:url\" content=\"https:\/\/www.uaga.eus\/uaga-recuerda-los-horarios-de-atencion-preferentemente-telefonica-y-de-la-necesidad-de-concertar-cita-previa-para-otros-asuntos\/\" \/>\n<meta property=\"og:site_name\" content=\"UAGA\" \/>\n<meta property=\"article:published_time\" content=\"2020-09-04T12:56:22+00:00\" \/>\n<meta property=\"og:image\" content=\"https:\/\/www.uaga.eus\/wp-content\/uploads\/2018\/09\/etiq-clara-AR-e1536315461651.jpg\" \/>\n\t<meta property=\"og:image:width\" content=\"350\" \/>\n\t<meta property=\"og:image:height\" content=\"258\" \/>\n\t<meta property=\"og:image:type\" content=\"image\/jpeg\" \/>\n<meta name=\"author\" content=\"Blanca S\u00e1nchez\" \/>\n<meta name=\"twitter:card\" content=\"summary_large_image\" \/>\n<meta name=\"twitter:label1\" content=\"Written by\" \/>\n\t<meta name=\"twitter:data1\" content=\"Blanca S\u00e1nchez\" \/>\n<script type=\"application\/ld+json\" class=\"yoast-schema-graph\">{\"@context\":\"https:\/\/schema.org\",\"@graph\":[{\"@type\":\"WebPage\",\"@id\":\"https:\/\/www.uaga.eus\/uaga-recuerda-los-horarios-de-atencion-preferentemente-telefonica-y-de-la-necesidad-de-concertar-cita-previa-para-otros-asuntos\/\",\"url\":\"https:\/\/www.uaga.eus\/uaga-recuerda-los-horarios-de-atencion-preferentemente-telefonica-y-de-la-necesidad-de-concertar-cita-previa-para-otros-asuntos\/\",\"name\":\"UAGA recuerda los horarios de atenci\u00f3n, preferentemente telef\u00f3nica, y de la necesidad de concertar cita previa para otros asuntos - UAGA\",\"isPartOf\":{\"@id\":\"https:\/\/www.uaga.eus\/#website\"},\"datePublished\":\"2020-09-04T12:56:22+00:00\",\"dateModified\":\"2020-09-04T12:56:22+00:00\",\"author\":{\"@id\":\"https:\/\/www.uaga.eus\/#\/schema\/person\/48c3cbf0f33d1b788226dbb6518689cf\"},\"breadcrumb\":{\"@id\":\"https:\/\/www.uaga.eus\/uaga-recuerda-los-horarios-de-atencion-preferentemente-telefonica-y-de-la-necesidad-de-concertar-cita-previa-para-otros-asuntos\/#breadcrumb\"},\"inLanguage\":\"eu\",\"potentialAction\":[{\"@type\":\"ReadAction\",\"target\":[\"https:\/\/www.uaga.eus\/uaga-recuerda-los-horarios-de-atencion-preferentemente-telefonica-y-de-la-necesidad-de-concertar-cita-previa-para-otros-asuntos\/\"]}]},{\"@type\":\"BreadcrumbList\",\"@id\":\"https:\/\/www.uaga.eus\/uaga-recuerda-los-horarios-de-atencion-preferentemente-telefonica-y-de-la-necesidad-de-concertar-cita-previa-para-otros-asuntos\/#breadcrumb\",\"itemListElement\":[{\"@type\":\"ListItem\",\"position\":1,\"name\":\"Inicio\",\"item\":\"https:\/\/www.uaga.eus\/\"},{\"@type\":\"ListItem\",\"position\":2,\"name\":\"UAGA recuerda los horarios de atenci\u00f3n, preferentemente telef\u00f3nica, y de la necesidad de concertar cita previa para otros asuntos\"}]},{\"@type\":\"WebSite\",\"@id\":\"https:\/\/www.uaga.eus\/#website\",\"url\":\"https:\/\/www.uaga.eus\/\",\"name\":\"UAGA\",\"description\":\"Uni\u00f3n Agroganadera de \u00c1lava - Araba Nekazarien Elkartea\",\"potentialAction\":[{\"@type\":\"SearchAction\",\"target\":{\"@type\":\"EntryPoint\",\"urlTemplate\":\"https:\/\/www.uaga.eus\/?s={search_term_string}\"},\"query-input\":\"required name=search_term_string\"}],\"inLanguage\":\"eu\"},{\"@type\":\"Person\",\"@id\":\"https:\/\/www.uaga.eus\/#\/schema\/person\/48c3cbf0f33d1b788226dbb6518689cf\",\"name\":\"Blanca S\u00e1nchez\",\"image\":{\"@type\":\"ImageObject\",\"inLanguage\":\"eu\",\"@id\":\"https:\/\/www.uaga.eus\/#\/schema\/person\/image\/\",\"url\":\"https:\/\/secure.gravatar.com\/avatar\/0dc91c20648254b1ce84877283f6751b?s=96&d=mm&r=g\",\"contentUrl\":\"https:\/\/secure.gravatar.com\/avatar\/0dc91c20648254b1ce84877283f6751b?s=96&d=mm&r=g\",\"caption\":\"Blanca S\u00e1nchez\"},\"url\":\"https:\/\/www.uaga.eus\/eu\/author\/bsanchez\/\"}]}<\/script>\n<!-- \/ Yoast SEO plugin. -->","yoast_head_json":{"title":"UAGA recuerda los horarios de atenci\u00f3n, preferentemente telef\u00f3nica, y de la necesidad de concertar cita previa para otros asuntos - UAGA","robots":{"index":"index","follow":"follow","max-snippet":"max-snippet:-1","max-image-preview":"max-image-preview:large","max-video-preview":"max-video-preview:-1"},"canonical":"https:\/\/www.uaga.eus\/uaga-recuerda-los-horarios-de-atencion-preferentemente-telefonica-y-de-la-necesidad-de-concertar-cita-previa-para-otros-asuntos\/","og_locale":"en_US","og_type":"article","og_title":"UAGA recuerda los horarios de atenci\u00f3n, preferentemente telef\u00f3nica, y de la necesidad de concertar cita previa para otros asuntos - UAGA","og_description":"Debido a la situaci\u00f3n sanitaria que estamos viviendo y con el fin de preservar la salud de todos, en UAGA continuamos\u00a0priorizando la atenci\u00f3n telef\u00f3nica y la atenci\u00f3n presencial ser\u00e1 mediante CITA PREVIA. El horario de atenci\u00f3n telef\u00f3nica ser\u00e1 de 9 h. a 14 h., de lunes a viernes. Para cualquier asunto, puedes contactar por tel\u00e9fono [&hellip;]","og_url":"https:\/\/www.uaga.eus\/uaga-recuerda-los-horarios-de-atencion-preferentemente-telefonica-y-de-la-necesidad-de-concertar-cita-previa-para-otros-asuntos\/","og_site_name":"UAGA","article_published_time":"2020-09-04T12:56:22+00:00","og_image":[{"width":350,"height":258,"url":"https:\/\/www.uaga.eus\/wp-content\/uploads\/2018\/09\/etiq-clara-AR-e1536315461651.jpg","type":"image\/jpeg"}],"author":"Blanca S\u00e1nchez","twitter_card":"summary_large_image","twitter_misc":{"Written by":"Blanca S\u00e1nchez"},"schema":{"@context":"https:\/\/schema.org","@graph":[{"@type":"WebPage","@id":"https:\/\/www.uaga.eus\/uaga-recuerda-los-horarios-de-atencion-preferentemente-telefonica-y-de-la-necesidad-de-concertar-cita-previa-para-otros-asuntos\/","url":"https:\/\/www.uaga.eus\/uaga-recuerda-los-horarios-de-atencion-preferentemente-telefonica-y-de-la-necesidad-de-concertar-cita-previa-para-otros-asuntos\/","name":"UAGA recuerda los horarios de atenci\u00f3n, preferentemente telef\u00f3nica, y de la necesidad de concertar cita previa para otros asuntos - UAGA","isPartOf":{"@id":"https:\/\/www.uaga.eus\/#website"},"datePublished":"2020-09-04T12:56:22+00:00","dateModified":"2020-09-04T12:56:22+00:00","author":{"@id":"https:\/\/www.uaga.eus\/#\/schema\/person\/48c3cbf0f33d1b788226dbb6518689cf"},"breadcrumb":{"@id":"https:\/\/www.uaga.eus\/uaga-recuerda-los-horarios-de-atencion-preferentemente-telefonica-y-de-la-necesidad-de-concertar-cita-previa-para-otros-asuntos\/#breadcrumb"},"inLanguage":"eu","potentialAction":[{"@type":"ReadAction","target":["https:\/\/www.uaga.eus\/uaga-recuerda-los-horarios-de-atencion-preferentemente-telefonica-y-de-la-necesidad-de-concertar-cita-previa-para-otros-asuntos\/"]}]},{"@type":"BreadcrumbList","@id":"https:\/\/www.uaga.eus\/uaga-recuerda-los-horarios-de-atencion-preferentemente-telefonica-y-de-la-necesidad-de-concertar-cita-previa-para-otros-asuntos\/#breadcrumb","itemListElement":[{"@type":"ListItem","position":1,"name":"Inicio","item":"https:\/\/www.uaga.eus\/"},{"@type":"ListItem","position":2,"name":"UAGA recuerda los horarios de atenci\u00f3n, preferentemente telef\u00f3nica, y de la necesidad de concertar cita previa para otros asuntos"}]},{"@type":"WebSite","@id":"https:\/\/www.uaga.eus\/#website","url":"https:\/\/www.uaga.eus\/","name":"UAGA","description":"Uni\u00f3n Agroganadera de \u00c1lava - Araba Nekazarien Elkartea","potentialAction":[{"@type":"SearchAction","target":{"@type":"EntryPoint","urlTemplate":"https:\/\/www.uaga.eus\/?s={search_term_string}"},"query-input":"required name=search_term_string"}],"inLanguage":"eu"},{"@type":"Person","@id":"https:\/\/www.uaga.eus\/#\/schema\/person\/48c3cbf0f33d1b788226dbb6518689cf","name":"Blanca S\u00e1nchez","image":{"@type":"ImageObject","inLanguage":"eu","@id":"https:\/\/www.uaga.eus\/#\/schema\/person\/image\/","url":"https:\/\/secure.gravatar.com\/avatar\/0dc91c20648254b1ce84877283f6751b?s=96&d=mm&r=g","contentUrl":"https:\/\/secure.gravatar.com\/avatar\/0dc91c20648254b1ce84877283f6751b?s=96&d=mm&r=g","caption":"Blanca S\u00e1nchez"},"url":"https:\/\/www.uaga.eus\/eu\/author\/bsanchez\/"}]}},"_links":{"self":[{"href":"https:\/\/www.uaga.eus\/eu\/wp-json\/wp\/v2\/posts\/7907"}],"collection":[{"href":"https:\/\/www.uaga.eus\/eu\/wp-json\/wp\/v2\/posts"}],"about":[{"href":"https:\/\/www.uaga.eus\/eu\/wp-json\/wp\/v2\/types\/post"}],"author":[{"embeddable":true,"href":"https:\/\/www.uaga.eus\/eu\/wp-json\/wp\/v2\/users\/4"}],"replies":[{"embeddable":true,"href":"https:\/\/www.uaga.eus\/eu\/wp-json\/wp\/v2\/comments?post=7907"}],"version-history":[{"count":1,"href":"https:\/\/www.uaga.eus\/eu\/wp-json\/wp\/v2\/posts\/7907\/revisions"}],"predecessor-version":[{"id":7908,"href":"https:\/\/www.uaga.eus\/eu\/wp-json\/wp\/v2\/posts\/7907\/revisions\/7908"}],"wp:featuredmedia":[{"embeddable":true,"href":"https:\/\/www.uaga.eus\/eu\/wp-json\/wp\/v2\/media\/4226"}],"wp:attachment":[{"href":"https:\/\/www.uaga.eus\/eu\/wp-json\/wp\/v2\/media?parent=7907"}],"wp:term":[{"taxonomy":"category","embeddable":true,"href":"https:\/\/www.uaga.eus\/eu\/wp-json\/wp\/v2\/categories?post=7907"},{"taxonomy":"post_tag","embeddable":true,"href":"https:\/\/www.uaga.eus\/eu\/wp-json\/wp\/v2\/tags?post=7907"}],"curies":[{"name":"wp","href":"https:\/\/api.w.org\/{rel}","templated":true}]}}