{"id":7893,"date":"2020-07-30T10:53:10","date_gmt":"2020-07-30T10:53:10","guid":{"rendered":"https:\/\/www.uaga.eus\/?p=7893"},"modified":"2020-07-30T10:54:02","modified_gmt":"2020-07-30T10:54:02","slug":"uaga-se-coordina-y-colabora-con-las-administraciones-y-otros-agentes-del-sector-para-conseguir-una-vendimia-segura-frente-a-la-covid-19","status":"publish","type":"post","link":"https:\/\/www.uaga.eus\/eu\/uaga-se-coordina-y-colabora-con-las-administraciones-y-otros-agentes-del-sector-para-conseguir-una-vendimia-segura-frente-a-la-covid-19\/","title":{"rendered":"UAGA se coordina y colabora con las Administraciones y otros agentes del sector para conseguir una vendimia segura frente a la Covid-19"},"content":{"rendered":"<p>Con la vendimia y la recolecci\u00f3n de patata ya cerca, y con la a\u00fan muy delicada situaci\u00f3n de salud sanitaria producida por la Covid-19, <strong>UAGA est\u00e1 manteniendo numerosos contactos y reuniones con distintas administraciones y agentes del sector<\/strong>, la Viceconsejer\u00eda de Agricultura, que preside la Mesa Interinstitucional de Temporerismo, el Departamento de Trabajo del Gobierno Vasco, as\u00ed como las Diputaciones de \u00c1lava, Bizkaia y Gipuzkoa, el Gobierno Central, a trav\u00e9s de la Subdelegaci\u00f3n de Gobierno de \u00c1lava, y otros agentes implicados, OSALAN (Instituto Vasco de Seguridad y Salud Laborales), ABRA, ARAEX, Grupo Rioja y DO Txakoli de \u00c1lava.<\/p>\n<p>Estamos intentando <strong>consensuar un protocolo de actuaci\u00f3n<\/strong> para la minimizaci\u00f3n de los problemas que se prev\u00e9n surjan tanto en la organizaci\u00f3n del trabajo de las personas temporeras como en el alojamiento de ellas, manteniendo todas las garant\u00edas sanitarias necesarias.<\/p>\n<p>El objetivo \u00faltimo es <strong>velar por la seguridad de todas las personas<\/strong>, las personas temporeras, los profesionales del sector agr\u00edcola y la sociedad en general.<\/p>\n<p>+INFO GUSTAVO: 635 704 865<\/p>\n","protected":false},"excerpt":{"rendered":"<p>Con la vendimia y la recolecci\u00f3n de patata ya cerca, y con la a\u00fan muy delicada situaci\u00f3n de salud sanitaria producida por la Covid-19, UAGA est\u00e1 manteniendo numerosos contactos y reuniones con distintas administraciones y agentes del sector, la Viceconsejer\u00eda de Agricultura, que preside la Mesa Interinstitucional de Temporerismo, el Departamento de Trabajo del Gobierno [&hellip;]<\/p>\n","protected":false},"author":4,"featured_media":7895,"comment_status":"closed","ping_status":"closed","sticky":false,"template":"","format":"standard","meta":{"footnotes":""},"categories":[7,111,9],"tags":[],"yoast_head":"<!-- This site is optimized with the Yoast SEO plugin v21.5 - https:\/\/yoast.com\/wordpress\/plugins\/seo\/ -->\n<title>UAGA se coordina y colabora con las Administraciones y otros agentes del sector para conseguir una vendimia segura frente a la Covid-19 - UAGA<\/title>\n<meta name=\"robots\" content=\"index, follow, max-snippet:-1, max-image-preview:large, max-video-preview:-1\" \/>\n<link rel=\"canonical\" href=\"https:\/\/www.uaga.eus\/uaga-se-coordina-y-colabora-con-las-administraciones-y-otros-agentes-del-sector-para-conseguir-una-vendimia-segura-frente-a-la-covid-19\/\" \/>\n<meta property=\"og:locale\" content=\"en_US\" \/>\n<meta property=\"og:type\" content=\"article\" \/>\n<meta property=\"og:title\" content=\"UAGA se coordina y colabora con las Administraciones y otros agentes del sector para conseguir una vendimia segura frente a la Covid-19 - UAGA\" \/>\n<meta property=\"og:description\" content=\"Con la vendimia y la recolecci\u00f3n de patata ya cerca, y con la a\u00fan muy delicada situaci\u00f3n de salud sanitaria producida por la Covid-19, UAGA est\u00e1 manteniendo numerosos contactos y reuniones con distintas administraciones y agentes del sector, la Viceconsejer\u00eda de Agricultura, que preside la Mesa Interinstitucional de Temporerismo, el Departamento de Trabajo del Gobierno [&hellip;]\" \/>\n<meta property=\"og:url\" content=\"https:\/\/www.uaga.eus\/uaga-se-coordina-y-colabora-con-las-administraciones-y-otros-agentes-del-sector-para-conseguir-una-vendimia-segura-frente-a-la-covid-19\/\" \/>\n<meta property=\"og:site_name\" content=\"UAGA\" \/>\n<meta property=\"article:published_time\" content=\"2020-07-30T10:53:10+00:00\" \/>\n<meta property=\"article:modified_time\" content=\"2020-07-30T10:54:02+00:00\" \/>\n<meta property=\"og:image\" content=\"https:\/\/www.uaga.eus\/wp-content\/uploads\/2020\/07\/temporeros-vendimiando.jpg\" \/>\n\t<meta property=\"og:image:width\" content=\"650\" \/>\n\t<meta property=\"og:image:height\" content=\"366\" \/>\n\t<meta property=\"og:image:type\" content=\"image\/jpeg\" \/>\n<meta name=\"author\" content=\"Blanca S\u00e1nchez\" \/>\n<meta name=\"twitter:card\" content=\"summary_large_image\" \/>\n<meta name=\"twitter:label1\" content=\"Written by\" \/>\n\t<meta name=\"twitter:data1\" content=\"Blanca S\u00e1nchez\" \/>\n\t<meta name=\"twitter:label2\" content=\"Est. reading time\" \/>\n\t<meta name=\"twitter:data2\" content=\"1 minutua\" \/>\n<script type=\"application\/ld+json\" class=\"yoast-schema-graph\">{\"@context\":\"https:\/\/schema.org\",\"@graph\":[{\"@type\":\"WebPage\",\"@id\":\"https:\/\/www.uaga.eus\/uaga-se-coordina-y-colabora-con-las-administraciones-y-otros-agentes-del-sector-para-conseguir-una-vendimia-segura-frente-a-la-covid-19\/\",\"url\":\"https:\/\/www.uaga.eus\/uaga-se-coordina-y-colabora-con-las-administraciones-y-otros-agentes-del-sector-para-conseguir-una-vendimia-segura-frente-a-la-covid-19\/\",\"name\":\"UAGA se coordina y colabora con las Administraciones y otros agentes del sector para conseguir una vendimia segura frente a la Covid-19 - UAGA\",\"isPartOf\":{\"@id\":\"https:\/\/www.uaga.eus\/#website\"},\"datePublished\":\"2020-07-30T10:53:10+00:00\",\"dateModified\":\"2020-07-30T10:54:02+00:00\",\"author\":{\"@id\":\"https:\/\/www.uaga.eus\/#\/schema\/person\/48c3cbf0f33d1b788226dbb6518689cf\"},\"breadcrumb\":{\"@id\":\"https:\/\/www.uaga.eus\/uaga-se-coordina-y-colabora-con-las-administraciones-y-otros-agentes-del-sector-para-conseguir-una-vendimia-segura-frente-a-la-covid-19\/#breadcrumb\"},\"inLanguage\":\"eu\",\"potentialAction\":[{\"@type\":\"ReadAction\",\"target\":[\"https:\/\/www.uaga.eus\/uaga-se-coordina-y-colabora-con-las-administraciones-y-otros-agentes-del-sector-para-conseguir-una-vendimia-segura-frente-a-la-covid-19\/\"]}]},{\"@type\":\"BreadcrumbList\",\"@id\":\"https:\/\/www.uaga.eus\/uaga-se-coordina-y-colabora-con-las-administraciones-y-otros-agentes-del-sector-para-conseguir-una-vendimia-segura-frente-a-la-covid-19\/#breadcrumb\",\"itemListElement\":[{\"@type\":\"ListItem\",\"position\":1,\"name\":\"Inicio\",\"item\":\"https:\/\/www.uaga.eus\/\"},{\"@type\":\"ListItem\",\"position\":2,\"name\":\"UAGA se coordina y colabora con las Administraciones y otros agentes del sector para conseguir una vendimia segura frente a la Covid-19\"}]},{\"@type\":\"WebSite\",\"@id\":\"https:\/\/www.uaga.eus\/#website\",\"url\":\"https:\/\/www.uaga.eus\/\",\"name\":\"UAGA\",\"description\":\"Uni\u00f3n Agroganadera de \u00c1lava - Araba Nekazarien Elkartea\",\"potentialAction\":[{\"@type\":\"SearchAction\",\"target\":{\"@type\":\"EntryPoint\",\"urlTemplate\":\"https:\/\/www.uaga.eus\/?s={search_term_string}\"},\"query-input\":\"required name=search_term_string\"}],\"inLanguage\":\"eu\"},{\"@type\":\"Person\",\"@id\":\"https:\/\/www.uaga.eus\/#\/schema\/person\/48c3cbf0f33d1b788226dbb6518689cf\",\"name\":\"Blanca S\u00e1nchez\",\"image\":{\"@type\":\"ImageObject\",\"inLanguage\":\"eu\",\"@id\":\"https:\/\/www.uaga.eus\/#\/schema\/person\/image\/\",\"url\":\"https:\/\/secure.gravatar.com\/avatar\/0dc91c20648254b1ce84877283f6751b?s=96&d=mm&r=g\",\"contentUrl\":\"https:\/\/secure.gravatar.com\/avatar\/0dc91c20648254b1ce84877283f6751b?s=96&d=mm&r=g\",\"caption\":\"Blanca S\u00e1nchez\"},\"url\":\"https:\/\/www.uaga.eus\/eu\/author\/bsanchez\/\"}]}<\/script>\n<!-- \/ Yoast SEO plugin. -->","yoast_head_json":{"title":"UAGA se coordina y colabora con las Administraciones y otros agentes del sector para conseguir una vendimia segura frente a la Covid-19 - UAGA","robots":{"index":"index","follow":"follow","max-snippet":"max-snippet:-1","max-image-preview":"max-image-preview:large","max-video-preview":"max-video-preview:-1"},"canonical":"https:\/\/www.uaga.eus\/uaga-se-coordina-y-colabora-con-las-administraciones-y-otros-agentes-del-sector-para-conseguir-una-vendimia-segura-frente-a-la-covid-19\/","og_locale":"en_US","og_type":"article","og_title":"UAGA se coordina y colabora con las Administraciones y otros agentes del sector para conseguir una vendimia segura frente a la Covid-19 - UAGA","og_description":"Con la vendimia y la recolecci\u00f3n de patata ya cerca, y con la a\u00fan muy delicada situaci\u00f3n de salud sanitaria producida por la Covid-19, UAGA est\u00e1 manteniendo numerosos contactos y reuniones con distintas administraciones y agentes del sector, la Viceconsejer\u00eda de Agricultura, que preside la Mesa Interinstitucional de Temporerismo, el Departamento de Trabajo del Gobierno [&hellip;]","og_url":"https:\/\/www.uaga.eus\/uaga-se-coordina-y-colabora-con-las-administraciones-y-otros-agentes-del-sector-para-conseguir-una-vendimia-segura-frente-a-la-covid-19\/","og_site_name":"UAGA","article_published_time":"2020-07-30T10:53:10+00:00","article_modified_time":"2020-07-30T10:54:02+00:00","og_image":[{"width":650,"height":366,"url":"https:\/\/www.uaga.eus\/wp-content\/uploads\/2020\/07\/temporeros-vendimiando.jpg","type":"image\/jpeg"}],"author":"Blanca S\u00e1nchez","twitter_card":"summary_large_image","twitter_misc":{"Written by":"Blanca S\u00e1nchez","Est. reading time":"1 minutua"},"schema":{"@context":"https:\/\/schema.org","@graph":[{"@type":"WebPage","@id":"https:\/\/www.uaga.eus\/uaga-se-coordina-y-colabora-con-las-administraciones-y-otros-agentes-del-sector-para-conseguir-una-vendimia-segura-frente-a-la-covid-19\/","url":"https:\/\/www.uaga.eus\/uaga-se-coordina-y-colabora-con-las-administraciones-y-otros-agentes-del-sector-para-conseguir-una-vendimia-segura-frente-a-la-covid-19\/","name":"UAGA se coordina y colabora con las Administraciones y otros agentes del sector para conseguir una vendimia segura frente a la Covid-19 - UAGA","isPartOf":{"@id":"https:\/\/www.uaga.eus\/#website"},"datePublished":"2020-07-30T10:53:10+00:00","dateModified":"2020-07-30T10:54:02+00:00","author":{"@id":"https:\/\/www.uaga.eus\/#\/schema\/person\/48c3cbf0f33d1b788226dbb6518689cf"},"breadcrumb":{"@id":"https:\/\/www.uaga.eus\/uaga-se-coordina-y-colabora-con-las-administraciones-y-otros-agentes-del-sector-para-conseguir-una-vendimia-segura-frente-a-la-covid-19\/#breadcrumb"},"inLanguage":"eu","potentialAction":[{"@type":"ReadAction","target":["https:\/\/www.uaga.eus\/uaga-se-coordina-y-colabora-con-las-administraciones-y-otros-agentes-del-sector-para-conseguir-una-vendimia-segura-frente-a-la-covid-19\/"]}]},{"@type":"BreadcrumbList","@id":"https:\/\/www.uaga.eus\/uaga-se-coordina-y-colabora-con-las-administraciones-y-otros-agentes-del-sector-para-conseguir-una-vendimia-segura-frente-a-la-covid-19\/#breadcrumb","itemListElement":[{"@type":"ListItem","position":1,"name":"Inicio","item":"https:\/\/www.uaga.eus\/"},{"@type":"ListItem","position":2,"name":"UAGA se coordina y colabora con las Administraciones y otros agentes del sector para conseguir una vendimia segura frente a la Covid-19"}]},{"@type":"WebSite","@id":"https:\/\/www.uaga.eus\/#website","url":"https:\/\/www.uaga.eus\/","name":"UAGA","description":"Uni\u00f3n Agroganadera de \u00c1lava - Araba Nekazarien Elkartea","potentialAction":[{"@type":"SearchAction","target":{"@type":"EntryPoint","urlTemplate":"https:\/\/www.uaga.eus\/?s={search_term_string}"},"query-input":"required name=search_term_string"}],"inLanguage":"eu"},{"@type":"Person","@id":"https:\/\/www.uaga.eus\/#\/schema\/person\/48c3cbf0f33d1b788226dbb6518689cf","name":"Blanca S\u00e1nchez","image":{"@type":"ImageObject","inLanguage":"eu","@id":"https:\/\/www.uaga.eus\/#\/schema\/person\/image\/","url":"https:\/\/secure.gravatar.com\/avatar\/0dc91c20648254b1ce84877283f6751b?s=96&d=mm&r=g","contentUrl":"https:\/\/secure.gravatar.com\/avatar\/0dc91c20648254b1ce84877283f6751b?s=96&d=mm&r=g","caption":"Blanca S\u00e1nchez"},"url":"https:\/\/www.uaga.eus\/eu\/author\/bsanchez\/"}]}},"_links":{"self":[{"href":"https:\/\/www.uaga.eus\/eu\/wp-json\/wp\/v2\/posts\/7893"}],"collection":[{"href":"https:\/\/www.uaga.eus\/eu\/wp-json\/wp\/v2\/posts"}],"about":[{"href":"https:\/\/www.uaga.eus\/eu\/wp-json\/wp\/v2\/types\/post"}],"author":[{"embeddable":true,"href":"https:\/\/www.uaga.eus\/eu\/wp-json\/wp\/v2\/users\/4"}],"replies":[{"embeddable":true,"href":"https:\/\/www.uaga.eus\/eu\/wp-json\/wp\/v2\/comments?post=7893"}],"version-history":[{"count":1,"href":"https:\/\/www.uaga.eus\/eu\/wp-json\/wp\/v2\/posts\/7893\/revisions"}],"predecessor-version":[{"id":7894,"href":"https:\/\/www.uaga.eus\/eu\/wp-json\/wp\/v2\/posts\/7893\/revisions\/7894"}],"wp:featuredmedia":[{"embeddable":true,"href":"https:\/\/www.uaga.eus\/eu\/wp-json\/wp\/v2\/media\/7895"}],"wp:attachment":[{"href":"https:\/\/www.uaga.eus\/eu\/wp-json\/wp\/v2\/media?parent=7893"}],"wp:term":[{"taxonomy":"category","embeddable":true,"href":"https:\/\/www.uaga.eus\/eu\/wp-json\/wp\/v2\/categories?post=7893"},{"taxonomy":"post_tag","embeddable":true,"href":"https:\/\/www.uaga.eus\/eu\/wp-json\/wp\/v2\/tags?post=7893"}],"curies":[{"name":"wp","href":"https:\/\/api.w.org\/{rel}","templated":true}]}}