{"id":7887,"date":"2020-07-30T10:48:33","date_gmt":"2020-07-30T10:48:33","guid":{"rendered":"https:\/\/www.uaga.eus\/?p=7887"},"modified":"2020-07-30T10:48:33","modified_gmt":"2020-07-30T10:48:33","slug":"se-amplia-hasta-el-1-de-diciembre-el-plazo-de-solicitud-de-las-lineas-de-financiacion-del-ico-para-las-necesidades-de-liquidez-y-nuevas-inversiones-de-pymes-y-autonomos","status":"publish","type":"post","link":"https:\/\/www.uaga.eus\/eu\/se-amplia-hasta-el-1-de-diciembre-el-plazo-de-solicitud-de-las-lineas-de-financiacion-del-ico-para-las-necesidades-de-liquidez-y-nuevas-inversiones-de-pymes-y-autonomos\/","title":{"rendered":"Se ampl\u00eda hasta el 1 de diciembre el plazo de solicitud de las l\u00edneas de financiaci\u00f3n del ICO para las necesidades de liquidez y nuevas inversiones de pymes y aut\u00f3nomos"},"content":{"rendered":"<p>Para apoyar la reactivaci\u00f3n econ\u00f3mica y el empleo, el Consejo de Ministros ha aprobado, mediante Resoluci\u00f3n de 28 de julio de 2020, las condiciones del <strong>primer tramo de la l\u00ednea de avales a financiaci\u00f3n concedida a empresas y aut\u00f3nomos con la finalidad principal de financiar inversiones y se autorizan l\u00edmites para adquirir compromisos de gasto con cargo a ejercicios futuros.<\/strong><\/p>\n<p>El Ministerio de Asuntos Econo\u0301micos y Transformacio\u0301n Digital, a trav\u00e9s del ICO, avalara\u0301 la financiacio\u0301n concedida por las entidades financieras supervisadas consideradas elegibles.<\/p>\n<p>Par las nuevas\u00a0l\u00edneas de financiaci\u00f3n <strong>se amplia el plazo de solicitud hasta el 1 de diciembre 2020. <\/strong><\/p>\n<p>Van dirigidas a empresas pymes y aut\u00f3nomos para atender sus necesidades de liquidez y en particular, las derivadas de la realizacio\u0301n de nuevas inversiones.<\/p>\n<p><strong>Para atender las necesidades por inversi\u00f3n, se ampl\u00eda el plazo de los pr\u00e9stamos a un m\u00e1ximo de 8 a\u00f1os,<\/strong> frente a los 5 que se vienen estableciendo para el circulante.<\/p>\n<p>Puedes consultar <a href=\"https:\/\/mcusercontent.com\/498b950ccfc4b8d0e600d7e48\/files\/1ac18839-c5aa-44de-b950-ba2bb9a5f496\/RESOLUCION_ACUERDO_CONSEJO_MINISTROS_AVALES.pdf\" target=\"_blank\" rel=\"noopener\" data-cke-saved-href=\"https:\/\/mcusercontent.com\/498b950ccfc4b8d0e600d7e48\/files\/1ac18839-c5aa-44de-b950-ba2bb9a5f496\/RESOLUCION_ACUERDO_CONSEJO_MINISTROS_AVALES.pdf\">aqu\u00ed<\/a> la Resoluci\u00f3n.<\/p>\n<p>+info YOLANDA: 615 779 584<\/p>\n","protected":false},"excerpt":{"rendered":"<p>Para apoyar la reactivaci\u00f3n econ\u00f3mica y el empleo, el Consejo de Ministros ha aprobado, mediante Resoluci\u00f3n de 28 de julio de 2020, las condiciones del primer tramo de la l\u00ednea de avales a financiaci\u00f3n concedida a empresas y aut\u00f3nomos con la finalidad principal de financiar inversiones y se autorizan l\u00edmites para adquirir compromisos de gasto [&hellip;]<\/p>\n","protected":false},"author":4,"featured_media":7884,"comment_status":"closed","ping_status":"closed","sticky":false,"template":"","format":"standard","meta":{"footnotes":""},"categories":[38],"tags":[],"yoast_head":"<!-- This site is optimized with the Yoast SEO plugin v21.5 - https:\/\/yoast.com\/wordpress\/plugins\/seo\/ -->\n<title>Se ampl\u00eda hasta el 1 de diciembre el plazo de solicitud de las l\u00edneas de financiaci\u00f3n del ICO para las necesidades de liquidez y nuevas inversiones de pymes y aut\u00f3nomos - UAGA<\/title>\n<meta name=\"robots\" content=\"index, follow, max-snippet:-1, max-image-preview:large, max-video-preview:-1\" \/>\n<link rel=\"canonical\" href=\"https:\/\/www.uaga.eus\/se-amplia-hasta-el-1-de-diciembre-el-plazo-de-solicitud-de-las-lineas-de-financiacion-del-ico-para-las-necesidades-de-liquidez-y-nuevas-inversiones-de-pymes-y-autonomos\/\" \/>\n<meta property=\"og:locale\" content=\"en_US\" \/>\n<meta property=\"og:type\" content=\"article\" \/>\n<meta property=\"og:title\" content=\"Se ampl\u00eda hasta el 1 de diciembre el plazo de solicitud de las l\u00edneas de financiaci\u00f3n del ICO para las necesidades de liquidez y nuevas inversiones de pymes y aut\u00f3nomos - UAGA\" \/>\n<meta property=\"og:description\" content=\"Para apoyar la reactivaci\u00f3n econ\u00f3mica y el empleo, el Consejo de Ministros ha aprobado, mediante Resoluci\u00f3n de 28 de julio de 2020, las condiciones del primer tramo de la l\u00ednea de avales a financiaci\u00f3n concedida a empresas y aut\u00f3nomos con la finalidad principal de financiar inversiones y se autorizan l\u00edmites para adquirir compromisos de gasto [&hellip;]\" \/>\n<meta property=\"og:url\" content=\"https:\/\/www.uaga.eus\/se-amplia-hasta-el-1-de-diciembre-el-plazo-de-solicitud-de-las-lineas-de-financiacion-del-ico-para-las-necesidades-de-liquidez-y-nuevas-inversiones-de-pymes-y-autonomos\/\" \/>\n<meta property=\"og:site_name\" content=\"UAGA\" \/>\n<meta property=\"article:published_time\" content=\"2020-07-30T10:48:33+00:00\" \/>\n<meta property=\"og:image\" content=\"https:\/\/www.uaga.eus\/wp-content\/uploads\/2020\/07\/CALCULADORA.jpg\" \/>\n\t<meta property=\"og:image:width\" content=\"626\" \/>\n\t<meta property=\"og:image:height\" content=\"417\" \/>\n\t<meta property=\"og:image:type\" content=\"image\/jpeg\" \/>\n<meta name=\"author\" content=\"Blanca S\u00e1nchez\" \/>\n<meta name=\"twitter:card\" content=\"summary_large_image\" \/>\n<meta name=\"twitter:label1\" content=\"Written by\" \/>\n\t<meta name=\"twitter:data1\" content=\"Blanca S\u00e1nchez\" \/>\n\t<meta name=\"twitter:label2\" content=\"Est. reading time\" \/>\n\t<meta name=\"twitter:data2\" content=\"1 minutua\" \/>\n<script type=\"application\/ld+json\" class=\"yoast-schema-graph\">{\"@context\":\"https:\/\/schema.org\",\"@graph\":[{\"@type\":\"WebPage\",\"@id\":\"https:\/\/www.uaga.eus\/se-amplia-hasta-el-1-de-diciembre-el-plazo-de-solicitud-de-las-lineas-de-financiacion-del-ico-para-las-necesidades-de-liquidez-y-nuevas-inversiones-de-pymes-y-autonomos\/\",\"url\":\"https:\/\/www.uaga.eus\/se-amplia-hasta-el-1-de-diciembre-el-plazo-de-solicitud-de-las-lineas-de-financiacion-del-ico-para-las-necesidades-de-liquidez-y-nuevas-inversiones-de-pymes-y-autonomos\/\",\"name\":\"Se ampl\u00eda hasta el 1 de diciembre el plazo de solicitud de las l\u00edneas de financiaci\u00f3n del ICO para las necesidades de liquidez y nuevas inversiones de pymes y aut\u00f3nomos - UAGA\",\"isPartOf\":{\"@id\":\"https:\/\/www.uaga.eus\/#website\"},\"datePublished\":\"2020-07-30T10:48:33+00:00\",\"dateModified\":\"2020-07-30T10:48:33+00:00\",\"author\":{\"@id\":\"https:\/\/www.uaga.eus\/#\/schema\/person\/48c3cbf0f33d1b788226dbb6518689cf\"},\"breadcrumb\":{\"@id\":\"https:\/\/www.uaga.eus\/se-amplia-hasta-el-1-de-diciembre-el-plazo-de-solicitud-de-las-lineas-de-financiacion-del-ico-para-las-necesidades-de-liquidez-y-nuevas-inversiones-de-pymes-y-autonomos\/#breadcrumb\"},\"inLanguage\":\"eu\",\"potentialAction\":[{\"@type\":\"ReadAction\",\"target\":[\"https:\/\/www.uaga.eus\/se-amplia-hasta-el-1-de-diciembre-el-plazo-de-solicitud-de-las-lineas-de-financiacion-del-ico-para-las-necesidades-de-liquidez-y-nuevas-inversiones-de-pymes-y-autonomos\/\"]}]},{\"@type\":\"BreadcrumbList\",\"@id\":\"https:\/\/www.uaga.eus\/se-amplia-hasta-el-1-de-diciembre-el-plazo-de-solicitud-de-las-lineas-de-financiacion-del-ico-para-las-necesidades-de-liquidez-y-nuevas-inversiones-de-pymes-y-autonomos\/#breadcrumb\",\"itemListElement\":[{\"@type\":\"ListItem\",\"position\":1,\"name\":\"Inicio\",\"item\":\"https:\/\/www.uaga.eus\/\"},{\"@type\":\"ListItem\",\"position\":2,\"name\":\"Se ampl\u00eda hasta el 1 de diciembre el plazo de solicitud de las l\u00edneas de financiaci\u00f3n del ICO para las necesidades de liquidez y nuevas inversiones de pymes y aut\u00f3nomos\"}]},{\"@type\":\"WebSite\",\"@id\":\"https:\/\/www.uaga.eus\/#website\",\"url\":\"https:\/\/www.uaga.eus\/\",\"name\":\"UAGA\",\"description\":\"Uni\u00f3n Agroganadera de \u00c1lava - Araba Nekazarien Elkartea\",\"potentialAction\":[{\"@type\":\"SearchAction\",\"target\":{\"@type\":\"EntryPoint\",\"urlTemplate\":\"https:\/\/www.uaga.eus\/?s={search_term_string}\"},\"query-input\":\"required name=search_term_string\"}],\"inLanguage\":\"eu\"},{\"@type\":\"Person\",\"@id\":\"https:\/\/www.uaga.eus\/#\/schema\/person\/48c3cbf0f33d1b788226dbb6518689cf\",\"name\":\"Blanca S\u00e1nchez\",\"image\":{\"@type\":\"ImageObject\",\"inLanguage\":\"eu\",\"@id\":\"https:\/\/www.uaga.eus\/#\/schema\/person\/image\/\",\"url\":\"https:\/\/secure.gravatar.com\/avatar\/0dc91c20648254b1ce84877283f6751b?s=96&d=mm&r=g\",\"contentUrl\":\"https:\/\/secure.gravatar.com\/avatar\/0dc91c20648254b1ce84877283f6751b?s=96&d=mm&r=g\",\"caption\":\"Blanca S\u00e1nchez\"},\"url\":\"https:\/\/www.uaga.eus\/eu\/author\/bsanchez\/\"}]}<\/script>\n<!-- \/ Yoast SEO plugin. -->","yoast_head_json":{"title":"Se ampl\u00eda hasta el 1 de diciembre el plazo de solicitud de las l\u00edneas de financiaci\u00f3n del ICO para las necesidades de liquidez y nuevas inversiones de pymes y aut\u00f3nomos - UAGA","robots":{"index":"index","follow":"follow","max-snippet":"max-snippet:-1","max-image-preview":"max-image-preview:large","max-video-preview":"max-video-preview:-1"},"canonical":"https:\/\/www.uaga.eus\/se-amplia-hasta-el-1-de-diciembre-el-plazo-de-solicitud-de-las-lineas-de-financiacion-del-ico-para-las-necesidades-de-liquidez-y-nuevas-inversiones-de-pymes-y-autonomos\/","og_locale":"en_US","og_type":"article","og_title":"Se ampl\u00eda hasta el 1 de diciembre el plazo de solicitud de las l\u00edneas de financiaci\u00f3n del ICO para las necesidades de liquidez y nuevas inversiones de pymes y aut\u00f3nomos - UAGA","og_description":"Para apoyar la reactivaci\u00f3n econ\u00f3mica y el empleo, el Consejo de Ministros ha aprobado, mediante Resoluci\u00f3n de 28 de julio de 2020, las condiciones del primer tramo de la l\u00ednea de avales a financiaci\u00f3n concedida a empresas y aut\u00f3nomos con la finalidad principal de financiar inversiones y se autorizan l\u00edmites para adquirir compromisos de gasto [&hellip;]","og_url":"https:\/\/www.uaga.eus\/se-amplia-hasta-el-1-de-diciembre-el-plazo-de-solicitud-de-las-lineas-de-financiacion-del-ico-para-las-necesidades-de-liquidez-y-nuevas-inversiones-de-pymes-y-autonomos\/","og_site_name":"UAGA","article_published_time":"2020-07-30T10:48:33+00:00","og_image":[{"width":626,"height":417,"url":"https:\/\/www.uaga.eus\/wp-content\/uploads\/2020\/07\/CALCULADORA.jpg","type":"image\/jpeg"}],"author":"Blanca S\u00e1nchez","twitter_card":"summary_large_image","twitter_misc":{"Written by":"Blanca S\u00e1nchez","Est. reading time":"1 minutua"},"schema":{"@context":"https:\/\/schema.org","@graph":[{"@type":"WebPage","@id":"https:\/\/www.uaga.eus\/se-amplia-hasta-el-1-de-diciembre-el-plazo-de-solicitud-de-las-lineas-de-financiacion-del-ico-para-las-necesidades-de-liquidez-y-nuevas-inversiones-de-pymes-y-autonomos\/","url":"https:\/\/www.uaga.eus\/se-amplia-hasta-el-1-de-diciembre-el-plazo-de-solicitud-de-las-lineas-de-financiacion-del-ico-para-las-necesidades-de-liquidez-y-nuevas-inversiones-de-pymes-y-autonomos\/","name":"Se ampl\u00eda hasta el 1 de diciembre el plazo de solicitud de las l\u00edneas de financiaci\u00f3n del ICO para las necesidades de liquidez y nuevas inversiones de pymes y aut\u00f3nomos - UAGA","isPartOf":{"@id":"https:\/\/www.uaga.eus\/#website"},"datePublished":"2020-07-30T10:48:33+00:00","dateModified":"2020-07-30T10:48:33+00:00","author":{"@id":"https:\/\/www.uaga.eus\/#\/schema\/person\/48c3cbf0f33d1b788226dbb6518689cf"},"breadcrumb":{"@id":"https:\/\/www.uaga.eus\/se-amplia-hasta-el-1-de-diciembre-el-plazo-de-solicitud-de-las-lineas-de-financiacion-del-ico-para-las-necesidades-de-liquidez-y-nuevas-inversiones-de-pymes-y-autonomos\/#breadcrumb"},"inLanguage":"eu","potentialAction":[{"@type":"ReadAction","target":["https:\/\/www.uaga.eus\/se-amplia-hasta-el-1-de-diciembre-el-plazo-de-solicitud-de-las-lineas-de-financiacion-del-ico-para-las-necesidades-de-liquidez-y-nuevas-inversiones-de-pymes-y-autonomos\/"]}]},{"@type":"BreadcrumbList","@id":"https:\/\/www.uaga.eus\/se-amplia-hasta-el-1-de-diciembre-el-plazo-de-solicitud-de-las-lineas-de-financiacion-del-ico-para-las-necesidades-de-liquidez-y-nuevas-inversiones-de-pymes-y-autonomos\/#breadcrumb","itemListElement":[{"@type":"ListItem","position":1,"name":"Inicio","item":"https:\/\/www.uaga.eus\/"},{"@type":"ListItem","position":2,"name":"Se ampl\u00eda hasta el 1 de diciembre el plazo de solicitud de las l\u00edneas de financiaci\u00f3n del ICO para las necesidades de liquidez y nuevas inversiones de pymes y aut\u00f3nomos"}]},{"@type":"WebSite","@id":"https:\/\/www.uaga.eus\/#website","url":"https:\/\/www.uaga.eus\/","name":"UAGA","description":"Uni\u00f3n Agroganadera de \u00c1lava - Araba Nekazarien Elkartea","potentialAction":[{"@type":"SearchAction","target":{"@type":"EntryPoint","urlTemplate":"https:\/\/www.uaga.eus\/?s={search_term_string}"},"query-input":"required name=search_term_string"}],"inLanguage":"eu"},{"@type":"Person","@id":"https:\/\/www.uaga.eus\/#\/schema\/person\/48c3cbf0f33d1b788226dbb6518689cf","name":"Blanca S\u00e1nchez","image":{"@type":"ImageObject","inLanguage":"eu","@id":"https:\/\/www.uaga.eus\/#\/schema\/person\/image\/","url":"https:\/\/secure.gravatar.com\/avatar\/0dc91c20648254b1ce84877283f6751b?s=96&d=mm&r=g","contentUrl":"https:\/\/secure.gravatar.com\/avatar\/0dc91c20648254b1ce84877283f6751b?s=96&d=mm&r=g","caption":"Blanca S\u00e1nchez"},"url":"https:\/\/www.uaga.eus\/eu\/author\/bsanchez\/"}]}},"_links":{"self":[{"href":"https:\/\/www.uaga.eus\/eu\/wp-json\/wp\/v2\/posts\/7887"}],"collection":[{"href":"https:\/\/www.uaga.eus\/eu\/wp-json\/wp\/v2\/posts"}],"about":[{"href":"https:\/\/www.uaga.eus\/eu\/wp-json\/wp\/v2\/types\/post"}],"author":[{"embeddable":true,"href":"https:\/\/www.uaga.eus\/eu\/wp-json\/wp\/v2\/users\/4"}],"replies":[{"embeddable":true,"href":"https:\/\/www.uaga.eus\/eu\/wp-json\/wp\/v2\/comments?post=7887"}],"version-history":[{"count":1,"href":"https:\/\/www.uaga.eus\/eu\/wp-json\/wp\/v2\/posts\/7887\/revisions"}],"predecessor-version":[{"id":7888,"href":"https:\/\/www.uaga.eus\/eu\/wp-json\/wp\/v2\/posts\/7887\/revisions\/7888"}],"wp:featuredmedia":[{"embeddable":true,"href":"https:\/\/www.uaga.eus\/eu\/wp-json\/wp\/v2\/media\/7884"}],"wp:attachment":[{"href":"https:\/\/www.uaga.eus\/eu\/wp-json\/wp\/v2\/media?parent=7887"}],"wp:term":[{"taxonomy":"category","embeddable":true,"href":"https:\/\/www.uaga.eus\/eu\/wp-json\/wp\/v2\/categories?post=7887"},{"taxonomy":"post_tag","embeddable":true,"href":"https:\/\/www.uaga.eus\/eu\/wp-json\/wp\/v2\/tags?post=7887"}],"curies":[{"name":"wp","href":"https:\/\/api.w.org\/{rel}","templated":true}]}}